{"id":2320,"date":"2023-02-26T18:57:23","date_gmt":"2023-02-26T17:57:23","guid":{"rendered":"http:\/\/www.cope.es\/blogs\/a-tumba-abierta\/?p=2320"},"modified":"2023-02-26T18:57:23","modified_gmt":"2023-02-26T17:57:23","slug":"el-ciclista-belga-remco-evenepoel-conquista-el-uae-tour","status":"publish","type":"post","link":"https:\/\/www.cope.es\/blogs\/a-tumba-abierta\/2023\/02\/26\/el-ciclista-belga-remco-evenepoel-conquista-el-uae-tour\/","title":{"rendered":"El belga Remco Evenepoel conquista el UAE Tour"},"content":{"rendered":"<p>El ciclista belga <strong>Remco Evenepoel<\/strong> (Soudal-Quick Step) se ha proclamado este domingo vencedor del <strong>UAE Tour<\/strong> tras la disputa de la s\u00e9ptima y \u00faltima etapa. El brit\u00e1nico <strong>Adam Yates<\/strong> se ha llevado el \u00faltimo triunfo parcial en <strong>Jebel Hafeet<\/strong> tras 153 kil\u00f3metros de recorrido.<\/p>\n<p><strong>Evenepoel retuvo el maillot rojo de l\u00edder<\/strong>, que se enfund\u00f3 en la tercera etapa, en una jornada en la que, a seis kil\u00f3metros para la l\u00ednea de meta, los grandes favoritos neutralizaron la escapada del d\u00eda.<\/p>\n<p>Fue en las rampas de <strong>Jebel Hafeet<\/strong> donde <strong>Yates<\/strong> lanz\u00f3 un ataque al que solamente respondi\u00f3 el belga, consciente de que podr\u00eda escap\u00e1rsele la victoria en la general. El brit\u00e1nico entr\u00f3 en meta diez segundos por delante de <strong>Evenepoel<\/strong> y 42 por delante del franc\u00e9s <strong>Geoffrey Bouchard<\/strong>.\u00a0Con ello, <strong>Yates<\/strong> se col\u00f3 en el podio final de la carrera, a un minuto del belga y tercero tras el australiano <a href=\"https:\/\/www.cope.es\/blogs\/a-tumba-abierta\/2023\/02\/21\/el-australiano-luke-plapp-nuevo-lider-del-uae-tour\/\" target=\"_blank\"><strong>Luke Plapp<\/strong><\/a>.<\/p>\n<p>La victoria de <strong>Remco<\/strong> <strong>Evenopoel<\/strong> en la clasificaci\u00f3n general del <strong>UAE Tour<\/strong> es el principal asunto que te contamos este domingo, 26 de febrero, en <a href=\"https:\/\/www.cope.es\/blogs\/a-tumba-abierta\/\" target=\"_blank\">\u2018A Tumba Abierta\u2019<\/a>. No te pierdas las principales noticias de uno de los deportes m\u00e1s bellos del mundo en el <strong>blog<\/strong> de ciclismo de la <strong>Cadena COPE<\/strong> dirigido por <strong>Crist\u00f3bal Cabezas<\/strong>.<\/p>\n","protected":false},"excerpt":{"rendered":"<p>El ciclista belga Remco Evenepoel (Soudal-Quick Step) se ha proclamado este domingo vencedor del UAE Tour tras la disputa de la s\u00e9ptima y \u00faltima etapa. El brit\u00e1nico Adam Yates se ha llevado el \u00faltimo triunfo parcial en Jebel Hafeet tras 153 kil\u00f3metros de recorrido. Evenepoel retuvo el maillot rojo de l\u00edder, que se enfund\u00f3 en [&hellip;]<\/p>\n","protected":false},"author":24,"featured_media":2321,"comment_status":"open","ping_status":"open","sticky":false,"template":"","format":"standard","meta":{"footnotes":""},"categories":[140],"tags":[101,596,642],"class_list":["post-2320","post","type-post","status-publish","format-standard","has-post-thumbnail","hentry","category-actualidad","tag-evenepoel","tag-soudal-quick-step","tag-uae-tour"],"yoast_head":"<!-- This site is optimized with the Yoast SEO plugin v27.4 - https:\/\/yoast.com\/product\/yoast-seo-wordpress\/ -->\n<title>El ciclista belga Remco Evenepoel conquista el UAE Tour<\/title>\n<meta name=\"description\" content=\"El ciclista belga Remco Evenepoel (Soudal-Quick Step) se ha proclamado este domingo vencedor del UAE Tour tras la disputa de la s\u00e9ptima y \u00faltima etapa.\" \/>\n<meta name=\"robots\" content=\"index, follow, max-snippet:-1, max-image-preview:large, max-video-preview:-1\" \/>\n<link rel=\"canonical\" href=\"https:\/\/www.cope.es\/blogs\/a-tumba-abierta\/2023\/02\/26\/el-ciclista-belga-remco-evenepoel-conquista-el-uae-tour\/\" \/>\n<meta property=\"og:locale\" content=\"es_ES\" \/>\n<meta property=\"og:type\" content=\"article\" \/>\n<meta property=\"og:title\" content=\"El ciclista belga Remco Evenepoel conquista el UAE Tour\" \/>\n<meta property=\"og:description\" content=\"El ciclista belga Remco Evenepoel (Soudal-Quick Step) se ha proclamado este domingo vencedor del UAE Tour tras la disputa de la s\u00e9ptima y \u00faltima etapa.\" \/>\n<meta property=\"og:url\" content=\"https:\/\/www.cope.es\/blogs\/a-tumba-abierta\/2023\/02\/26\/el-ciclista-belga-remco-evenepoel-conquista-el-uae-tour\/\" \/>\n<meta property=\"og:site_name\" content=\"A Tumba Abierta\" \/>\n<meta property=\"article:publisher\" content=\"https:\/\/www.facebook.com\/cope\/\" \/>\n<meta property=\"article:author\" content=\"https:\/\/es-es.facebook.com\/cristobal.cabezasmartin\" \/>\n<meta property=\"article:published_time\" content=\"2023-02-26T17:57:23+00:00\" \/>\n<meta property=\"og:image\" content=\"https:\/\/www.cope.es\/blogs\/a-tumba-abierta\/wp-content\/uploads\/sites\/23\/2023\/02\/OK.jpg\" \/>\n\t<meta property=\"og:image:width\" content=\"1077\" \/>\n\t<meta property=\"og:image:height\" content=\"699\" \/>\n\t<meta property=\"og:image:type\" content=\"image\/jpeg\" \/>\n<meta name=\"author\" content=\"Crist\u00f3bal Cabezas\" \/>\n<meta name=\"twitter:card\" content=\"summary_large_image\" \/>\n<meta name=\"twitter:creator\" content=\"@cristoblcabezas\" \/>\n<meta name=\"twitter:site\" content=\"@cope_es\" \/>\n<meta name=\"twitter:label1\" content=\"Escrito por\" \/>\n\t<meta name=\"twitter:data1\" content=\"Crist\u00f3bal Cabezas\" \/>\n\t<meta name=\"twitter:label2\" content=\"Tiempo de lectura\" \/>\n\t<meta name=\"twitter:data2\" content=\"1 minuto\" \/>\n<script type=\"application\/ld+json\" class=\"yoast-schema-graph\">{\"@context\":\"https:\\\/\\\/schema.org\",\"@graph\":[{\"@type\":\"Article\",\"@id\":\"https:\\\/\\\/www.cope.es\\\/blogs\\\/a-tumba-abierta\\\/2023\\\/02\\\/26\\\/el-ciclista-belga-remco-evenepoel-conquista-el-uae-tour\\\/#article\",\"isPartOf\":{\"@id\":\"https:\\\/\\\/www.cope.es\\\/blogs\\\/a-tumba-abierta\\\/2023\\\/02\\\/26\\\/el-ciclista-belga-remco-evenepoel-conquista-el-uae-tour\\\/\"},\"author\":{\"name\":\"Crist\u00f3bal Cabezas\",\"@id\":\"https:\\\/\\\/www.cope.es\\\/blogs\\\/a-tumba-abierta\\\/#\\\/schema\\\/person\\\/413f6566db421693223476f6b63a643b\"},\"headline\":\"El belga Remco Evenepoel conquista el UAE Tour\",\"datePublished\":\"2023-02-26T17:57:23+00:00\",\"mainEntityOfPage\":{\"@id\":\"https:\\\/\\\/www.cope.es\\\/blogs\\\/a-tumba-abierta\\\/2023\\\/02\\\/26\\\/el-ciclista-belga-remco-evenepoel-conquista-el-uae-tour\\\/\"},\"wordCount\":226,\"commentCount\":0,\"image\":{\"@id\":\"https:\\\/\\\/www.cope.es\\\/blogs\\\/a-tumba-abierta\\\/2023\\\/02\\\/26\\\/el-ciclista-belga-remco-evenepoel-conquista-el-uae-tour\\\/#primaryimage\"},\"thumbnailUrl\":\"https:\\\/\\\/www.cope.es\\\/blogs\\\/a-tumba-abierta\\\/wp-content\\\/uploads\\\/sites\\\/23\\\/2023\\\/02\\\/OK.jpg\",\"keywords\":[\"Evenepoel\",\"Soudal Quick-Step\",\"UAE Tour\"],\"articleSection\":[\"Actualidad\"],\"inLanguage\":\"es\",\"potentialAction\":[{\"@type\":\"CommentAction\",\"name\":\"Comment\",\"target\":[\"https:\\\/\\\/www.cope.es\\\/blogs\\\/a-tumba-abierta\\\/2023\\\/02\\\/26\\\/el-ciclista-belga-remco-evenepoel-conquista-el-uae-tour\\\/#respond\"]}]},{\"@type\":\"WebPage\",\"@id\":\"https:\\\/\\\/www.cope.es\\\/blogs\\\/a-tumba-abierta\\\/2023\\\/02\\\/26\\\/el-ciclista-belga-remco-evenepoel-conquista-el-uae-tour\\\/\",\"url\":\"https:\\\/\\\/www.cope.es\\\/blogs\\\/a-tumba-abierta\\\/2023\\\/02\\\/26\\\/el-ciclista-belga-remco-evenepoel-conquista-el-uae-tour\\\/\",\"name\":\"El ciclista belga Remco Evenepoel conquista el UAE Tour\",\"isPartOf\":{\"@id\":\"https:\\\/\\\/www.cope.es\\\/blogs\\\/a-tumba-abierta\\\/#website\"},\"primaryImageOfPage\":{\"@id\":\"https:\\\/\\\/www.cope.es\\\/blogs\\\/a-tumba-abierta\\\/2023\\\/02\\\/26\\\/el-ciclista-belga-remco-evenepoel-conquista-el-uae-tour\\\/#primaryimage\"},\"image\":{\"@id\":\"https:\\\/\\\/www.cope.es\\\/blogs\\\/a-tumba-abierta\\\/2023\\\/02\\\/26\\\/el-ciclista-belga-remco-evenepoel-conquista-el-uae-tour\\\/#primaryimage\"},\"thumbnailUrl\":\"https:\\\/\\\/www.cope.es\\\/blogs\\\/a-tumba-abierta\\\/wp-content\\\/uploads\\\/sites\\\/23\\\/2023\\\/02\\\/OK.jpg\",\"datePublished\":\"2023-02-26T17:57:23+00:00\",\"author\":{\"@id\":\"https:\\\/\\\/www.cope.es\\\/blogs\\\/a-tumba-abierta\\\/#\\\/schema\\\/person\\\/413f6566db421693223476f6b63a643b\"},\"description\":\"El ciclista belga Remco Evenepoel (Soudal-Quick Step) se ha proclamado este domingo vencedor del UAE Tour tras la disputa de la s\u00e9ptima y \u00faltima etapa.\",\"breadcrumb\":{\"@id\":\"https:\\\/\\\/www.cope.es\\\/blogs\\\/a-tumba-abierta\\\/2023\\\/02\\\/26\\\/el-ciclista-belga-remco-evenepoel-conquista-el-uae-tour\\\/#breadcrumb\"},\"inLanguage\":\"es\",\"potentialAction\":[{\"@type\":\"ReadAction\",\"target\":[\"https:\\\/\\\/www.cope.es\\\/blogs\\\/a-tumba-abierta\\\/2023\\\/02\\\/26\\\/el-ciclista-belga-remco-evenepoel-conquista-el-uae-tour\\\/\"]}]},{\"@type\":\"ImageObject\",\"inLanguage\":\"es\",\"@id\":\"https:\\\/\\\/www.cope.es\\\/blogs\\\/a-tumba-abierta\\\/2023\\\/02\\\/26\\\/el-ciclista-belga-remco-evenepoel-conquista-el-uae-tour\\\/#primaryimage\",\"url\":\"https:\\\/\\\/www.cope.es\\\/blogs\\\/a-tumba-abierta\\\/wp-content\\\/uploads\\\/sites\\\/23\\\/2023\\\/02\\\/OK.jpg\",\"contentUrl\":\"https:\\\/\\\/www.cope.es\\\/blogs\\\/a-tumba-abierta\\\/wp-content\\\/uploads\\\/sites\\\/23\\\/2023\\\/02\\\/OK.jpg\",\"width\":1077,\"height\":699,\"caption\":\"El ciclista belga Remco Evenepoel (Soudal-Quick Step) se ha proclamado este domingo vencedor del UAE Tour tras la disputa de la s\u00e9ptima y \u00faltima etapa.\"},{\"@type\":\"BreadcrumbList\",\"@id\":\"https:\\\/\\\/www.cope.es\\\/blogs\\\/a-tumba-abierta\\\/2023\\\/02\\\/26\\\/el-ciclista-belga-remco-evenepoel-conquista-el-uae-tour\\\/#breadcrumb\",\"itemListElement\":[{\"@type\":\"ListItem\",\"position\":1,\"name\":\"Portada\",\"item\":\"https:\\\/\\\/www.cope.es\\\/blogs\\\/a-tumba-abierta\\\/\"},{\"@type\":\"ListItem\",\"position\":2,\"name\":\"El belga Remco Evenepoel conquista el UAE Tour\"}]},{\"@type\":\"WebSite\",\"@id\":\"https:\\\/\\\/www.cope.es\\\/blogs\\\/a-tumba-abierta\\\/#website\",\"url\":\"https:\\\/\\\/www.cope.es\\\/blogs\\\/a-tumba-abierta\\\/\",\"name\":\"A Tumba Abierta\",\"description\":\"Blog de ciclismo en COPE\",\"potentialAction\":[{\"@type\":\"SearchAction\",\"target\":{\"@type\":\"EntryPoint\",\"urlTemplate\":\"https:\\\/\\\/www.cope.es\\\/blogs\\\/a-tumba-abierta\\\/?s={search_term_string}\"},\"query-input\":{\"@type\":\"PropertyValueSpecification\",\"valueRequired\":true,\"valueName\":\"search_term_string\"}}],\"inLanguage\":\"es\"},{\"@type\":\"Person\",\"@id\":\"https:\\\/\\\/www.cope.es\\\/blogs\\\/a-tumba-abierta\\\/#\\\/schema\\\/person\\\/413f6566db421693223476f6b63a643b\",\"name\":\"Crist\u00f3bal Cabezas\",\"image\":{\"@type\":\"ImageObject\",\"inLanguage\":\"es\",\"@id\":\"https:\\\/\\\/secure.gravatar.com\\\/avatar\\\/361550a2a3cac91688caa1b00f2a1fa4e89a6c4361562ca29a361ce0041974c2?s=96&d=mm&r=g\",\"url\":\"https:\\\/\\\/secure.gravatar.com\\\/avatar\\\/361550a2a3cac91688caa1b00f2a1fa4e89a6c4361562ca29a361ce0041974c2?s=96&d=mm&r=g\",\"contentUrl\":\"https:\\\/\\\/secure.gravatar.com\\\/avatar\\\/361550a2a3cac91688caa1b00f2a1fa4e89a6c4361562ca29a361ce0041974c2?s=96&d=mm&r=g\",\"caption\":\"Crist\u00f3bal Cabezas\"},\"description\":\"Crist\u00f3bal Cabezas es Licenciado en Periodismo por la Universidad Complutense de Madrid y T\u00edtulo en T\u00e9cnico en Comunicaci\u00f3n Integral por la Universidad Francisco de Vitoria. Tras desempe\u00f1ar tareas informativas en diferentes medios, recal\u00f3 en la Cadena COPE en el a\u00f1o 2005. Desde entonces, ha trabajado en las emisoras de Madrid, Granada, Jaca (Huesca) y Toledo, en donde se incorpor\u00f3 en 2013 como Jefe de Informativos de la Cadena COPE en Castilla-La Mancha. Siempre tuvo claro que quer\u00eda ser periodista y, a esa afici\u00f3n, se uni\u00f3 la del ciclismo, deporte con el que ha disfrutado mucho, tanto a trav\u00e9s de los medios de comunicaci\u00f3n como asistiendo en directo a diferentes carreras ciclistas. El inter\u00e9s que siempre mostr\u00f3 con todo lo relacionado con Internet y las redes sociales, fue reconocido con el Premio \u201cD\u00eda de Internet\u201d en la categor\u00eda de \u201cMejor Periodista Digital\u201d por sus trabajos en la Cadena COPE. Precisamente, esa pasi\u00f3n por las nuevas tecnolog\u00edas, espera que sea el \u201cveh\u00edculo\u201d para poder contar \u201cA Tumba Abierta\u201d las mejores historias del deporte de las dos ruedas.\",\"sameAs\":[\"http:\\\/\\\/www.cope.es\",\"https:\\\/\\\/es-es.facebook.com\\\/cristobal.cabezasmartin\",\"https:\\\/\\\/x.com\\\/cristoblcabezas\"],\"url\":\"https:\\\/\\\/www.cope.es\\\/blogs\\\/a-tumba-abierta\\\/author\\\/ccabezas\\\/\"}]}<\/script>\n<!-- \/ Yoast SEO plugin. -->","yoast_head_json":{"title":"El ciclista belga Remco Evenepoel conquista el UAE Tour","description":"El ciclista belga Remco Evenepoel (Soudal-Quick Step) se ha proclamado este domingo vencedor del UAE Tour tras la disputa de la s\u00e9ptima y \u00faltima etapa.","robots":{"index":"index","follow":"follow","max-snippet":"max-snippet:-1","max-image-preview":"max-image-preview:large","max-video-preview":"max-video-preview:-1"},"canonical":"https:\/\/www.cope.es\/blogs\/a-tumba-abierta\/2023\/02\/26\/el-ciclista-belga-remco-evenepoel-conquista-el-uae-tour\/","og_locale":"es_ES","og_type":"article","og_title":"El ciclista belga Remco Evenepoel conquista el UAE Tour","og_description":"El ciclista belga Remco Evenepoel (Soudal-Quick Step) se ha proclamado este domingo vencedor del UAE Tour tras la disputa de la s\u00e9ptima y \u00faltima etapa.","og_url":"https:\/\/www.cope.es\/blogs\/a-tumba-abierta\/2023\/02\/26\/el-ciclista-belga-remco-evenepoel-conquista-el-uae-tour\/","og_site_name":"A Tumba Abierta","article_publisher":"https:\/\/www.facebook.com\/cope\/","article_author":"https:\/\/es-es.facebook.com\/cristobal.cabezasmartin","article_published_time":"2023-02-26T17:57:23+00:00","og_image":[{"width":1077,"height":699,"url":"https:\/\/www.cope.es\/blogs\/a-tumba-abierta\/wp-content\/uploads\/sites\/23\/2023\/02\/OK.jpg","type":"image\/jpeg"}],"author":"Crist\u00f3bal Cabezas","twitter_card":"summary_large_image","twitter_creator":"@cristoblcabezas","twitter_site":"@cope_es","twitter_misc":{"Escrito por":"Crist\u00f3bal Cabezas","Tiempo de lectura":"1 minuto"},"schema":{"@context":"https:\/\/schema.org","@graph":[{"@type":"Article","@id":"https:\/\/www.cope.es\/blogs\/a-tumba-abierta\/2023\/02\/26\/el-ciclista-belga-remco-evenepoel-conquista-el-uae-tour\/#article","isPartOf":{"@id":"https:\/\/www.cope.es\/blogs\/a-tumba-abierta\/2023\/02\/26\/el-ciclista-belga-remco-evenepoel-conquista-el-uae-tour\/"},"author":{"name":"Crist\u00f3bal Cabezas","@id":"https:\/\/www.cope.es\/blogs\/a-tumba-abierta\/#\/schema\/person\/413f6566db421693223476f6b63a643b"},"headline":"El belga Remco Evenepoel conquista el UAE Tour","datePublished":"2023-02-26T17:57:23+00:00","mainEntityOfPage":{"@id":"https:\/\/www.cope.es\/blogs\/a-tumba-abierta\/2023\/02\/26\/el-ciclista-belga-remco-evenepoel-conquista-el-uae-tour\/"},"wordCount":226,"commentCount":0,"image":{"@id":"https:\/\/www.cope.es\/blogs\/a-tumba-abierta\/2023\/02\/26\/el-ciclista-belga-remco-evenepoel-conquista-el-uae-tour\/#primaryimage"},"thumbnailUrl":"https:\/\/www.cope.es\/blogs\/a-tumba-abierta\/wp-content\/uploads\/sites\/23\/2023\/02\/OK.jpg","keywords":["Evenepoel","Soudal Quick-Step","UAE Tour"],"articleSection":["Actualidad"],"inLanguage":"es","potentialAction":[{"@type":"CommentAction","name":"Comment","target":["https:\/\/www.cope.es\/blogs\/a-tumba-abierta\/2023\/02\/26\/el-ciclista-belga-remco-evenepoel-conquista-el-uae-tour\/#respond"]}]},{"@type":"WebPage","@id":"https:\/\/www.cope.es\/blogs\/a-tumba-abierta\/2023\/02\/26\/el-ciclista-belga-remco-evenepoel-conquista-el-uae-tour\/","url":"https:\/\/www.cope.es\/blogs\/a-tumba-abierta\/2023\/02\/26\/el-ciclista-belga-remco-evenepoel-conquista-el-uae-tour\/","name":"El ciclista belga Remco Evenepoel conquista el UAE Tour","isPartOf":{"@id":"https:\/\/www.cope.es\/blogs\/a-tumba-abierta\/#website"},"primaryImageOfPage":{"@id":"https:\/\/www.cope.es\/blogs\/a-tumba-abierta\/2023\/02\/26\/el-ciclista-belga-remco-evenepoel-conquista-el-uae-tour\/#primaryimage"},"image":{"@id":"https:\/\/www.cope.es\/blogs\/a-tumba-abierta\/2023\/02\/26\/el-ciclista-belga-remco-evenepoel-conquista-el-uae-tour\/#primaryimage"},"thumbnailUrl":"https:\/\/www.cope.es\/blogs\/a-tumba-abierta\/wp-content\/uploads\/sites\/23\/2023\/02\/OK.jpg","datePublished":"2023-02-26T17:57:23+00:00","author":{"@id":"https:\/\/www.cope.es\/blogs\/a-tumba-abierta\/#\/schema\/person\/413f6566db421693223476f6b63a643b"},"description":"El ciclista belga Remco Evenepoel (Soudal-Quick Step) se ha proclamado este domingo vencedor del UAE Tour tras la disputa de la s\u00e9ptima y \u00faltima etapa.","breadcrumb":{"@id":"https:\/\/www.cope.es\/blogs\/a-tumba-abierta\/2023\/02\/26\/el-ciclista-belga-remco-evenepoel-conquista-el-uae-tour\/#breadcrumb"},"inLanguage":"es","potentialAction":[{"@type":"ReadAction","target":["https:\/\/www.cope.es\/blogs\/a-tumba-abierta\/2023\/02\/26\/el-ciclista-belga-remco-evenepoel-conquista-el-uae-tour\/"]}]},{"@type":"ImageObject","inLanguage":"es","@id":"https:\/\/www.cope.es\/blogs\/a-tumba-abierta\/2023\/02\/26\/el-ciclista-belga-remco-evenepoel-conquista-el-uae-tour\/#primaryimage","url":"https:\/\/www.cope.es\/blogs\/a-tumba-abierta\/wp-content\/uploads\/sites\/23\/2023\/02\/OK.jpg","contentUrl":"https:\/\/www.cope.es\/blogs\/a-tumba-abierta\/wp-content\/uploads\/sites\/23\/2023\/02\/OK.jpg","width":1077,"height":699,"caption":"El ciclista belga Remco Evenepoel (Soudal-Quick Step) se ha proclamado este domingo vencedor del UAE Tour tras la disputa de la s\u00e9ptima y \u00faltima etapa."},{"@type":"BreadcrumbList","@id":"https:\/\/www.cope.es\/blogs\/a-tumba-abierta\/2023\/02\/26\/el-ciclista-belga-remco-evenepoel-conquista-el-uae-tour\/#breadcrumb","itemListElement":[{"@type":"ListItem","position":1,"name":"Portada","item":"https:\/\/www.cope.es\/blogs\/a-tumba-abierta\/"},{"@type":"ListItem","position":2,"name":"El belga Remco Evenepoel conquista el UAE Tour"}]},{"@type":"WebSite","@id":"https:\/\/www.cope.es\/blogs\/a-tumba-abierta\/#website","url":"https:\/\/www.cope.es\/blogs\/a-tumba-abierta\/","name":"A Tumba Abierta","description":"Blog de ciclismo en COPE","potentialAction":[{"@type":"SearchAction","target":{"@type":"EntryPoint","urlTemplate":"https:\/\/www.cope.es\/blogs\/a-tumba-abierta\/?s={search_term_string}"},"query-input":{"@type":"PropertyValueSpecification","valueRequired":true,"valueName":"search_term_string"}}],"inLanguage":"es"},{"@type":"Person","@id":"https:\/\/www.cope.es\/blogs\/a-tumba-abierta\/#\/schema\/person\/413f6566db421693223476f6b63a643b","name":"Crist\u00f3bal Cabezas","image":{"@type":"ImageObject","inLanguage":"es","@id":"https:\/\/secure.gravatar.com\/avatar\/361550a2a3cac91688caa1b00f2a1fa4e89a6c4361562ca29a361ce0041974c2?s=96&d=mm&r=g","url":"https:\/\/secure.gravatar.com\/avatar\/361550a2a3cac91688caa1b00f2a1fa4e89a6c4361562ca29a361ce0041974c2?s=96&d=mm&r=g","contentUrl":"https:\/\/secure.gravatar.com\/avatar\/361550a2a3cac91688caa1b00f2a1fa4e89a6c4361562ca29a361ce0041974c2?s=96&d=mm&r=g","caption":"Crist\u00f3bal Cabezas"},"description":"Crist\u00f3bal Cabezas es Licenciado en Periodismo por la Universidad Complutense de Madrid y T\u00edtulo en T\u00e9cnico en Comunicaci\u00f3n Integral por la Universidad Francisco de Vitoria. Tras desempe\u00f1ar tareas informativas en diferentes medios, recal\u00f3 en la Cadena COPE en el a\u00f1o 2005. Desde entonces, ha trabajado en las emisoras de Madrid, Granada, Jaca (Huesca) y Toledo, en donde se incorpor\u00f3 en 2013 como Jefe de Informativos de la Cadena COPE en Castilla-La Mancha. Siempre tuvo claro que quer\u00eda ser periodista y, a esa afici\u00f3n, se uni\u00f3 la del ciclismo, deporte con el que ha disfrutado mucho, tanto a trav\u00e9s de los medios de comunicaci\u00f3n como asistiendo en directo a diferentes carreras ciclistas. El inter\u00e9s que siempre mostr\u00f3 con todo lo relacionado con Internet y las redes sociales, fue reconocido con el Premio \u201cD\u00eda de Internet\u201d en la categor\u00eda de \u201cMejor Periodista Digital\u201d por sus trabajos en la Cadena COPE. Precisamente, esa pasi\u00f3n por las nuevas tecnolog\u00edas, espera que sea el \u201cveh\u00edculo\u201d para poder contar \u201cA Tumba Abierta\u201d las mejores historias del deporte de las dos ruedas.","sameAs":["http:\/\/www.cope.es","https:\/\/es-es.facebook.com\/cristobal.cabezasmartin","https:\/\/x.com\/cristoblcabezas"],"url":"https:\/\/www.cope.es\/blogs\/a-tumba-abierta\/author\/ccabezas\/"}]}},"amp_enabled":true,"_links":{"self":[{"href":"https:\/\/www.cope.es\/blogs\/a-tumba-abierta\/wp-json\/wp\/v2\/posts\/2320","targetHints":{"allow":["GET"]}}],"collection":[{"href":"https:\/\/www.cope.es\/blogs\/a-tumba-abierta\/wp-json\/wp\/v2\/posts"}],"about":[{"href":"https:\/\/www.cope.es\/blogs\/a-tumba-abierta\/wp-json\/wp\/v2\/types\/post"}],"author":[{"embeddable":true,"href":"https:\/\/www.cope.es\/blogs\/a-tumba-abierta\/wp-json\/wp\/v2\/users\/24"}],"replies":[{"embeddable":true,"href":"https:\/\/www.cope.es\/blogs\/a-tumba-abierta\/wp-json\/wp\/v2\/comments?post=2320"}],"version-history":[{"count":2,"href":"https:\/\/www.cope.es\/blogs\/a-tumba-abierta\/wp-json\/wp\/v2\/posts\/2320\/revisions"}],"predecessor-version":[{"id":2325,"href":"https:\/\/www.cope.es\/blogs\/a-tumba-abierta\/wp-json\/wp\/v2\/posts\/2320\/revisions\/2325"}],"wp:featuredmedia":[{"embeddable":true,"href":"https:\/\/www.cope.es\/blogs\/a-tumba-abierta\/wp-json\/wp\/v2\/media\/2321"}],"wp:attachment":[{"href":"https:\/\/www.cope.es\/blogs\/a-tumba-abierta\/wp-json\/wp\/v2\/media?parent=2320"}],"wp:term":[{"taxonomy":"category","embeddable":true,"href":"https:\/\/www.cope.es\/blogs\/a-tumba-abierta\/wp-json\/wp\/v2\/categories?post=2320"},{"taxonomy":"post_tag","embeddable":true,"href":"https:\/\/www.cope.es\/blogs\/a-tumba-abierta\/wp-json\/wp\/v2\/tags?post=2320"}],"curies":[{"name":"wp","href":"https:\/\/api.w.org\/{rel}","templated":true}]}}