{"id":2313,"date":"2023-02-25T13:13:12","date_gmt":"2023-02-25T12:13:12","guid":{"rendered":"http:\/\/www.cope.es\/blogs\/a-tumba-abierta\/?p=2313"},"modified":"2023-02-25T13:13:12","modified_gmt":"2023-02-25T12:13:12","slug":"dylan-groenewegen-gana-la-quinta-etapa-del-uae-tour","status":"publish","type":"post","link":"https:\/\/www.cope.es\/blogs\/a-tumba-abierta\/2023\/02\/25\/dylan-groenewegen-gana-la-quinta-etapa-del-uae-tour\/","title":{"rendered":"Groenewegen gana la quinta etapa del UAE Tour"},"content":{"rendered":"<p>El corredor <strong>Dylan Groenewegen<\/strong> (Team Jayco AlUla) gan\u00f3 este viernes la quinta etapa del <strong>UAE Tour<\/strong>, disputada entre Al Marjan Island y\u00a0Umm al-Qaywayn sobre 170 kil\u00f3metros. El ciclista neerland\u00e9s venci\u00f3 en un esprint limpio en el que se impuso a <strong>Fernando Gaviria<\/strong> (Movistar Team) y <strong>Sam Bennett<\/strong> (BORA-hansgrohe). <strong>Remco Evenepoel<\/strong> (Soudal-Quick Step) contin\u00faa l\u00edder de la clasificaci\u00f3n general.<\/p>\n<p><strong>Groenewegen<\/strong>, cuando est\u00e1 bien, es imparable. Y, pese a las malas sensaciones de la cuarta etapa, cuando fue cuarto en un esprint similar, esta vez se abri\u00f3 paso para coger el lado izquierdo de la calzada y no tuvo rival. Solamente pudo seguir su ritmo <strong>Gaviria<\/strong>, sin margen por la izquierda para pasar &#8211;por las vallas&#8211; ni fuerzas para abrirse. Se tuvo que conformar con el segundo puesto.<\/p>\n<p>La sexta etapa de este quinto <strong>UAE Tour<\/strong> partir\u00e1 este s\u00e1bado del parque Warner Bros de <strong>Abu Dhabi<\/strong> y llegar\u00e1 al &#8216;Breakwater&#8217; de la capital emirat\u00ed. El recorrido ser\u00e1n 166 kil\u00f3metros llanos, con presumible esprint masivo final.<\/p>\n<p>La victoria de <strong>Groenewegen<\/strong> en la quinta etapa del <strong>UAE Tour<\/strong> es el principal asunto que te contamos en <a href=\"https:\/\/www.cope.es\/blogs\/a-tumba-abierta\/\" target=\"_blank\">\u2018A Tumba Abierta\u2019<\/a>. No te pierdas las principales noticias del mundo del ciclismo en este <strong>blog<\/strong> de la <strong>Cadena COPE<\/strong> dirigido por <strong>Crist\u00f3bal Cabezas<\/strong>.<\/p>\n","protected":false},"excerpt":{"rendered":"<p>El corredor Dylan Groenewegen (Team Jayco AlUla) gan\u00f3 este viernes la quinta etapa del UAE Tour, disputada entre Al Marjan Island y\u00a0Umm al-Qaywayn sobre 170 kil\u00f3metros. El ciclista neerland\u00e9s venci\u00f3 en un esprint limpio en el que se impuso a Fernando Gaviria (Movistar Team) y Sam Bennett (BORA-hansgrohe). Remco Evenepoel (Soudal-Quick Step) contin\u00faa l\u00edder de [&hellip;]<\/p>\n","protected":false},"author":24,"featured_media":2314,"comment_status":"open","ping_status":"open","sticky":false,"template":"","format":"standard","meta":{"footnotes":""},"categories":[140],"tags":[646,647,642],"class_list":["post-2313","post","type-post","status-publish","format-standard","has-post-thumbnail","hentry","category-actualidad","tag-groenewegen","tag-team-jayco-alula","tag-uae-tour"],"yoast_head":"<!-- This site is optimized with the Yoast SEO plugin v27.4 - https:\/\/yoast.com\/product\/yoast-seo-wordpress\/ -->\n<title>Dylan Groenewegen gana la quinta etapa del UAE Tour<\/title>\n<meta name=\"description\" content=\"El corredor Dylan Groenewegen gan\u00f3 este viernes la quinta etapa del UAE Tour, disputada entre Al Marjan Island y\u00a0Umm al-Qaywayn sobre 170 kil\u00f3metros.\" \/>\n<meta name=\"robots\" content=\"index, follow, max-snippet:-1, max-image-preview:large, max-video-preview:-1\" \/>\n<link rel=\"canonical\" href=\"https:\/\/www.cope.es\/blogs\/a-tumba-abierta\/2023\/02\/25\/dylan-groenewegen-gana-la-quinta-etapa-del-uae-tour\/\" \/>\n<meta property=\"og:locale\" content=\"es_ES\" \/>\n<meta property=\"og:type\" content=\"article\" \/>\n<meta property=\"og:title\" content=\"Dylan Groenewegen gana la quinta etapa del UAE Tour\" \/>\n<meta property=\"og:description\" content=\"El corredor Dylan Groenewegen gan\u00f3 este viernes la quinta etapa del UAE Tour, disputada entre Al Marjan Island y\u00a0Umm al-Qaywayn sobre 170 kil\u00f3metros.\" \/>\n<meta property=\"og:url\" content=\"https:\/\/www.cope.es\/blogs\/a-tumba-abierta\/2023\/02\/25\/dylan-groenewegen-gana-la-quinta-etapa-del-uae-tour\/\" \/>\n<meta property=\"og:site_name\" content=\"A Tumba Abierta\" \/>\n<meta property=\"article:publisher\" content=\"https:\/\/www.facebook.com\/cope\/\" \/>\n<meta property=\"article:author\" content=\"https:\/\/es-es.facebook.com\/cristobal.cabezasmartin\" \/>\n<meta property=\"article:published_time\" content=\"2023-02-25T12:13:12+00:00\" \/>\n<meta property=\"og:image\" content=\"https:\/\/www.cope.es\/blogs\/a-tumba-abierta\/wp-content\/uploads\/sites\/23\/2023\/02\/def-13.jpg\" \/>\n\t<meta property=\"og:image:width\" content=\"1757\" \/>\n\t<meta property=\"og:image:height\" content=\"757\" \/>\n\t<meta property=\"og:image:type\" content=\"image\/jpeg\" \/>\n<meta name=\"author\" content=\"Crist\u00f3bal Cabezas\" \/>\n<meta name=\"twitter:card\" content=\"summary_large_image\" \/>\n<meta name=\"twitter:creator\" content=\"@cristoblcabezas\" \/>\n<meta name=\"twitter:site\" content=\"@cope_es\" \/>\n<meta name=\"twitter:label1\" content=\"Escrito por\" \/>\n\t<meta name=\"twitter:data1\" content=\"Crist\u00f3bal Cabezas\" \/>\n\t<meta name=\"twitter:label2\" content=\"Tiempo de lectura\" \/>\n\t<meta name=\"twitter:data2\" content=\"1 minuto\" \/>\n<script type=\"application\/ld+json\" class=\"yoast-schema-graph\">{\"@context\":\"https:\\\/\\\/schema.org\",\"@graph\":[{\"@type\":\"Article\",\"@id\":\"https:\\\/\\\/www.cope.es\\\/blogs\\\/a-tumba-abierta\\\/2023\\\/02\\\/25\\\/dylan-groenewegen-gana-la-quinta-etapa-del-uae-tour\\\/#article\",\"isPartOf\":{\"@id\":\"https:\\\/\\\/www.cope.es\\\/blogs\\\/a-tumba-abierta\\\/2023\\\/02\\\/25\\\/dylan-groenewegen-gana-la-quinta-etapa-del-uae-tour\\\/\"},\"author\":{\"name\":\"Crist\u00f3bal Cabezas\",\"@id\":\"https:\\\/\\\/www.cope.es\\\/blogs\\\/a-tumba-abierta\\\/#\\\/schema\\\/person\\\/413f6566db421693223476f6b63a643b\"},\"headline\":\"Groenewegen gana la quinta etapa del UAE Tour\",\"datePublished\":\"2023-02-25T12:13:12+00:00\",\"mainEntityOfPage\":{\"@id\":\"https:\\\/\\\/www.cope.es\\\/blogs\\\/a-tumba-abierta\\\/2023\\\/02\\\/25\\\/dylan-groenewegen-gana-la-quinta-etapa-del-uae-tour\\\/\"},\"wordCount\":222,\"commentCount\":0,\"image\":{\"@id\":\"https:\\\/\\\/www.cope.es\\\/blogs\\\/a-tumba-abierta\\\/2023\\\/02\\\/25\\\/dylan-groenewegen-gana-la-quinta-etapa-del-uae-tour\\\/#primaryimage\"},\"thumbnailUrl\":\"https:\\\/\\\/www.cope.es\\\/blogs\\\/a-tumba-abierta\\\/wp-content\\\/uploads\\\/sites\\\/23\\\/2023\\\/02\\\/def-13.jpg\",\"keywords\":[\"Groenewegen\",\"Team Jayco AlUla\",\"UAE Tour\"],\"articleSection\":[\"Actualidad\"],\"inLanguage\":\"es\",\"potentialAction\":[{\"@type\":\"CommentAction\",\"name\":\"Comment\",\"target\":[\"https:\\\/\\\/www.cope.es\\\/blogs\\\/a-tumba-abierta\\\/2023\\\/02\\\/25\\\/dylan-groenewegen-gana-la-quinta-etapa-del-uae-tour\\\/#respond\"]}]},{\"@type\":\"WebPage\",\"@id\":\"https:\\\/\\\/www.cope.es\\\/blogs\\\/a-tumba-abierta\\\/2023\\\/02\\\/25\\\/dylan-groenewegen-gana-la-quinta-etapa-del-uae-tour\\\/\",\"url\":\"https:\\\/\\\/www.cope.es\\\/blogs\\\/a-tumba-abierta\\\/2023\\\/02\\\/25\\\/dylan-groenewegen-gana-la-quinta-etapa-del-uae-tour\\\/\",\"name\":\"Dylan Groenewegen gana la quinta etapa del UAE Tour\",\"isPartOf\":{\"@id\":\"https:\\\/\\\/www.cope.es\\\/blogs\\\/a-tumba-abierta\\\/#website\"},\"primaryImageOfPage\":{\"@id\":\"https:\\\/\\\/www.cope.es\\\/blogs\\\/a-tumba-abierta\\\/2023\\\/02\\\/25\\\/dylan-groenewegen-gana-la-quinta-etapa-del-uae-tour\\\/#primaryimage\"},\"image\":{\"@id\":\"https:\\\/\\\/www.cope.es\\\/blogs\\\/a-tumba-abierta\\\/2023\\\/02\\\/25\\\/dylan-groenewegen-gana-la-quinta-etapa-del-uae-tour\\\/#primaryimage\"},\"thumbnailUrl\":\"https:\\\/\\\/www.cope.es\\\/blogs\\\/a-tumba-abierta\\\/wp-content\\\/uploads\\\/sites\\\/23\\\/2023\\\/02\\\/def-13.jpg\",\"datePublished\":\"2023-02-25T12:13:12+00:00\",\"author\":{\"@id\":\"https:\\\/\\\/www.cope.es\\\/blogs\\\/a-tumba-abierta\\\/#\\\/schema\\\/person\\\/413f6566db421693223476f6b63a643b\"},\"description\":\"El corredor Dylan Groenewegen gan\u00f3 este viernes la quinta etapa del UAE Tour, disputada entre Al Marjan Island y\u00a0Umm al-Qaywayn sobre 170 kil\u00f3metros.\",\"breadcrumb\":{\"@id\":\"https:\\\/\\\/www.cope.es\\\/blogs\\\/a-tumba-abierta\\\/2023\\\/02\\\/25\\\/dylan-groenewegen-gana-la-quinta-etapa-del-uae-tour\\\/#breadcrumb\"},\"inLanguage\":\"es\",\"potentialAction\":[{\"@type\":\"ReadAction\",\"target\":[\"https:\\\/\\\/www.cope.es\\\/blogs\\\/a-tumba-abierta\\\/2023\\\/02\\\/25\\\/dylan-groenewegen-gana-la-quinta-etapa-del-uae-tour\\\/\"]}]},{\"@type\":\"ImageObject\",\"inLanguage\":\"es\",\"@id\":\"https:\\\/\\\/www.cope.es\\\/blogs\\\/a-tumba-abierta\\\/2023\\\/02\\\/25\\\/dylan-groenewegen-gana-la-quinta-etapa-del-uae-tour\\\/#primaryimage\",\"url\":\"https:\\\/\\\/www.cope.es\\\/blogs\\\/a-tumba-abierta\\\/wp-content\\\/uploads\\\/sites\\\/23\\\/2023\\\/02\\\/def-13.jpg\",\"contentUrl\":\"https:\\\/\\\/www.cope.es\\\/blogs\\\/a-tumba-abierta\\\/wp-content\\\/uploads\\\/sites\\\/23\\\/2023\\\/02\\\/def-13.jpg\",\"width\":1757,\"height\":757,\"caption\":\"El corredor Dylan Groenewegen (Team Jayco AlUla) gan\u00f3 este viernes la quinta etapa del UAE Tour, disputada entre Al Marjan Island y Umm al Quwain sobre 170 kil\u00f3metros.\"},{\"@type\":\"BreadcrumbList\",\"@id\":\"https:\\\/\\\/www.cope.es\\\/blogs\\\/a-tumba-abierta\\\/2023\\\/02\\\/25\\\/dylan-groenewegen-gana-la-quinta-etapa-del-uae-tour\\\/#breadcrumb\",\"itemListElement\":[{\"@type\":\"ListItem\",\"position\":1,\"name\":\"Portada\",\"item\":\"https:\\\/\\\/www.cope.es\\\/blogs\\\/a-tumba-abierta\\\/\"},{\"@type\":\"ListItem\",\"position\":2,\"name\":\"Groenewegen gana la quinta etapa del UAE Tour\"}]},{\"@type\":\"WebSite\",\"@id\":\"https:\\\/\\\/www.cope.es\\\/blogs\\\/a-tumba-abierta\\\/#website\",\"url\":\"https:\\\/\\\/www.cope.es\\\/blogs\\\/a-tumba-abierta\\\/\",\"name\":\"A Tumba Abierta\",\"description\":\"Blog de ciclismo en COPE\",\"potentialAction\":[{\"@type\":\"SearchAction\",\"target\":{\"@type\":\"EntryPoint\",\"urlTemplate\":\"https:\\\/\\\/www.cope.es\\\/blogs\\\/a-tumba-abierta\\\/?s={search_term_string}\"},\"query-input\":{\"@type\":\"PropertyValueSpecification\",\"valueRequired\":true,\"valueName\":\"search_term_string\"}}],\"inLanguage\":\"es\"},{\"@type\":\"Person\",\"@id\":\"https:\\\/\\\/www.cope.es\\\/blogs\\\/a-tumba-abierta\\\/#\\\/schema\\\/person\\\/413f6566db421693223476f6b63a643b\",\"name\":\"Crist\u00f3bal Cabezas\",\"image\":{\"@type\":\"ImageObject\",\"inLanguage\":\"es\",\"@id\":\"https:\\\/\\\/secure.gravatar.com\\\/avatar\\\/361550a2a3cac91688caa1b00f2a1fa4e89a6c4361562ca29a361ce0041974c2?s=96&d=mm&r=g\",\"url\":\"https:\\\/\\\/secure.gravatar.com\\\/avatar\\\/361550a2a3cac91688caa1b00f2a1fa4e89a6c4361562ca29a361ce0041974c2?s=96&d=mm&r=g\",\"contentUrl\":\"https:\\\/\\\/secure.gravatar.com\\\/avatar\\\/361550a2a3cac91688caa1b00f2a1fa4e89a6c4361562ca29a361ce0041974c2?s=96&d=mm&r=g\",\"caption\":\"Crist\u00f3bal Cabezas\"},\"description\":\"Crist\u00f3bal Cabezas es Licenciado en Periodismo por la Universidad Complutense de Madrid y T\u00edtulo en T\u00e9cnico en Comunicaci\u00f3n Integral por la Universidad Francisco de Vitoria. Tras desempe\u00f1ar tareas informativas en diferentes medios, recal\u00f3 en la Cadena COPE en el a\u00f1o 2005. Desde entonces, ha trabajado en las emisoras de Madrid, Granada, Jaca (Huesca) y Toledo, en donde se incorpor\u00f3 en 2013 como Jefe de Informativos de la Cadena COPE en Castilla-La Mancha. Siempre tuvo claro que quer\u00eda ser periodista y, a esa afici\u00f3n, se uni\u00f3 la del ciclismo, deporte con el que ha disfrutado mucho, tanto a trav\u00e9s de los medios de comunicaci\u00f3n como asistiendo en directo a diferentes carreras ciclistas. El inter\u00e9s que siempre mostr\u00f3 con todo lo relacionado con Internet y las redes sociales, fue reconocido con el Premio \u201cD\u00eda de Internet\u201d en la categor\u00eda de \u201cMejor Periodista Digital\u201d por sus trabajos en la Cadena COPE. Precisamente, esa pasi\u00f3n por las nuevas tecnolog\u00edas, espera que sea el \u201cveh\u00edculo\u201d para poder contar \u201cA Tumba Abierta\u201d las mejores historias del deporte de las dos ruedas.\",\"sameAs\":[\"http:\\\/\\\/www.cope.es\",\"https:\\\/\\\/es-es.facebook.com\\\/cristobal.cabezasmartin\",\"https:\\\/\\\/x.com\\\/cristoblcabezas\"],\"url\":\"https:\\\/\\\/www.cope.es\\\/blogs\\\/a-tumba-abierta\\\/author\\\/ccabezas\\\/\"}]}<\/script>\n<!-- \/ Yoast SEO plugin. -->","yoast_head_json":{"title":"Dylan Groenewegen gana la quinta etapa del UAE Tour","description":"El corredor Dylan Groenewegen gan\u00f3 este viernes la quinta etapa del UAE Tour, disputada entre Al Marjan Island y\u00a0Umm al-Qaywayn sobre 170 kil\u00f3metros.","robots":{"index":"index","follow":"follow","max-snippet":"max-snippet:-1","max-image-preview":"max-image-preview:large","max-video-preview":"max-video-preview:-1"},"canonical":"https:\/\/www.cope.es\/blogs\/a-tumba-abierta\/2023\/02\/25\/dylan-groenewegen-gana-la-quinta-etapa-del-uae-tour\/","og_locale":"es_ES","og_type":"article","og_title":"Dylan Groenewegen gana la quinta etapa del UAE Tour","og_description":"El corredor Dylan Groenewegen gan\u00f3 este viernes la quinta etapa del UAE Tour, disputada entre Al Marjan Island y\u00a0Umm al-Qaywayn sobre 170 kil\u00f3metros.","og_url":"https:\/\/www.cope.es\/blogs\/a-tumba-abierta\/2023\/02\/25\/dylan-groenewegen-gana-la-quinta-etapa-del-uae-tour\/","og_site_name":"A Tumba Abierta","article_publisher":"https:\/\/www.facebook.com\/cope\/","article_author":"https:\/\/es-es.facebook.com\/cristobal.cabezasmartin","article_published_time":"2023-02-25T12:13:12+00:00","og_image":[{"width":1757,"height":757,"url":"https:\/\/www.cope.es\/blogs\/a-tumba-abierta\/wp-content\/uploads\/sites\/23\/2023\/02\/def-13.jpg","type":"image\/jpeg"}],"author":"Crist\u00f3bal Cabezas","twitter_card":"summary_large_image","twitter_creator":"@cristoblcabezas","twitter_site":"@cope_es","twitter_misc":{"Escrito por":"Crist\u00f3bal Cabezas","Tiempo de lectura":"1 minuto"},"schema":{"@context":"https:\/\/schema.org","@graph":[{"@type":"Article","@id":"https:\/\/www.cope.es\/blogs\/a-tumba-abierta\/2023\/02\/25\/dylan-groenewegen-gana-la-quinta-etapa-del-uae-tour\/#article","isPartOf":{"@id":"https:\/\/www.cope.es\/blogs\/a-tumba-abierta\/2023\/02\/25\/dylan-groenewegen-gana-la-quinta-etapa-del-uae-tour\/"},"author":{"name":"Crist\u00f3bal Cabezas","@id":"https:\/\/www.cope.es\/blogs\/a-tumba-abierta\/#\/schema\/person\/413f6566db421693223476f6b63a643b"},"headline":"Groenewegen gana la quinta etapa del UAE Tour","datePublished":"2023-02-25T12:13:12+00:00","mainEntityOfPage":{"@id":"https:\/\/www.cope.es\/blogs\/a-tumba-abierta\/2023\/02\/25\/dylan-groenewegen-gana-la-quinta-etapa-del-uae-tour\/"},"wordCount":222,"commentCount":0,"image":{"@id":"https:\/\/www.cope.es\/blogs\/a-tumba-abierta\/2023\/02\/25\/dylan-groenewegen-gana-la-quinta-etapa-del-uae-tour\/#primaryimage"},"thumbnailUrl":"https:\/\/www.cope.es\/blogs\/a-tumba-abierta\/wp-content\/uploads\/sites\/23\/2023\/02\/def-13.jpg","keywords":["Groenewegen","Team Jayco AlUla","UAE Tour"],"articleSection":["Actualidad"],"inLanguage":"es","potentialAction":[{"@type":"CommentAction","name":"Comment","target":["https:\/\/www.cope.es\/blogs\/a-tumba-abierta\/2023\/02\/25\/dylan-groenewegen-gana-la-quinta-etapa-del-uae-tour\/#respond"]}]},{"@type":"WebPage","@id":"https:\/\/www.cope.es\/blogs\/a-tumba-abierta\/2023\/02\/25\/dylan-groenewegen-gana-la-quinta-etapa-del-uae-tour\/","url":"https:\/\/www.cope.es\/blogs\/a-tumba-abierta\/2023\/02\/25\/dylan-groenewegen-gana-la-quinta-etapa-del-uae-tour\/","name":"Dylan Groenewegen gana la quinta etapa del UAE Tour","isPartOf":{"@id":"https:\/\/www.cope.es\/blogs\/a-tumba-abierta\/#website"},"primaryImageOfPage":{"@id":"https:\/\/www.cope.es\/blogs\/a-tumba-abierta\/2023\/02\/25\/dylan-groenewegen-gana-la-quinta-etapa-del-uae-tour\/#primaryimage"},"image":{"@id":"https:\/\/www.cope.es\/blogs\/a-tumba-abierta\/2023\/02\/25\/dylan-groenewegen-gana-la-quinta-etapa-del-uae-tour\/#primaryimage"},"thumbnailUrl":"https:\/\/www.cope.es\/blogs\/a-tumba-abierta\/wp-content\/uploads\/sites\/23\/2023\/02\/def-13.jpg","datePublished":"2023-02-25T12:13:12+00:00","author":{"@id":"https:\/\/www.cope.es\/blogs\/a-tumba-abierta\/#\/schema\/person\/413f6566db421693223476f6b63a643b"},"description":"El corredor Dylan Groenewegen gan\u00f3 este viernes la quinta etapa del UAE Tour, disputada entre Al Marjan Island y\u00a0Umm al-Qaywayn sobre 170 kil\u00f3metros.","breadcrumb":{"@id":"https:\/\/www.cope.es\/blogs\/a-tumba-abierta\/2023\/02\/25\/dylan-groenewegen-gana-la-quinta-etapa-del-uae-tour\/#breadcrumb"},"inLanguage":"es","potentialAction":[{"@type":"ReadAction","target":["https:\/\/www.cope.es\/blogs\/a-tumba-abierta\/2023\/02\/25\/dylan-groenewegen-gana-la-quinta-etapa-del-uae-tour\/"]}]},{"@type":"ImageObject","inLanguage":"es","@id":"https:\/\/www.cope.es\/blogs\/a-tumba-abierta\/2023\/02\/25\/dylan-groenewegen-gana-la-quinta-etapa-del-uae-tour\/#primaryimage","url":"https:\/\/www.cope.es\/blogs\/a-tumba-abierta\/wp-content\/uploads\/sites\/23\/2023\/02\/def-13.jpg","contentUrl":"https:\/\/www.cope.es\/blogs\/a-tumba-abierta\/wp-content\/uploads\/sites\/23\/2023\/02\/def-13.jpg","width":1757,"height":757,"caption":"El corredor Dylan Groenewegen (Team Jayco AlUla) gan\u00f3 este viernes la quinta etapa del UAE Tour, disputada entre Al Marjan Island y Umm al Quwain sobre 170 kil\u00f3metros."},{"@type":"BreadcrumbList","@id":"https:\/\/www.cope.es\/blogs\/a-tumba-abierta\/2023\/02\/25\/dylan-groenewegen-gana-la-quinta-etapa-del-uae-tour\/#breadcrumb","itemListElement":[{"@type":"ListItem","position":1,"name":"Portada","item":"https:\/\/www.cope.es\/blogs\/a-tumba-abierta\/"},{"@type":"ListItem","position":2,"name":"Groenewegen gana la quinta etapa del UAE Tour"}]},{"@type":"WebSite","@id":"https:\/\/www.cope.es\/blogs\/a-tumba-abierta\/#website","url":"https:\/\/www.cope.es\/blogs\/a-tumba-abierta\/","name":"A Tumba Abierta","description":"Blog de ciclismo en COPE","potentialAction":[{"@type":"SearchAction","target":{"@type":"EntryPoint","urlTemplate":"https:\/\/www.cope.es\/blogs\/a-tumba-abierta\/?s={search_term_string}"},"query-input":{"@type":"PropertyValueSpecification","valueRequired":true,"valueName":"search_term_string"}}],"inLanguage":"es"},{"@type":"Person","@id":"https:\/\/www.cope.es\/blogs\/a-tumba-abierta\/#\/schema\/person\/413f6566db421693223476f6b63a643b","name":"Crist\u00f3bal Cabezas","image":{"@type":"ImageObject","inLanguage":"es","@id":"https:\/\/secure.gravatar.com\/avatar\/361550a2a3cac91688caa1b00f2a1fa4e89a6c4361562ca29a361ce0041974c2?s=96&d=mm&r=g","url":"https:\/\/secure.gravatar.com\/avatar\/361550a2a3cac91688caa1b00f2a1fa4e89a6c4361562ca29a361ce0041974c2?s=96&d=mm&r=g","contentUrl":"https:\/\/secure.gravatar.com\/avatar\/361550a2a3cac91688caa1b00f2a1fa4e89a6c4361562ca29a361ce0041974c2?s=96&d=mm&r=g","caption":"Crist\u00f3bal Cabezas"},"description":"Crist\u00f3bal Cabezas es Licenciado en Periodismo por la Universidad Complutense de Madrid y T\u00edtulo en T\u00e9cnico en Comunicaci\u00f3n Integral por la Universidad Francisco de Vitoria. Tras desempe\u00f1ar tareas informativas en diferentes medios, recal\u00f3 en la Cadena COPE en el a\u00f1o 2005. Desde entonces, ha trabajado en las emisoras de Madrid, Granada, Jaca (Huesca) y Toledo, en donde se incorpor\u00f3 en 2013 como Jefe de Informativos de la Cadena COPE en Castilla-La Mancha. Siempre tuvo claro que quer\u00eda ser periodista y, a esa afici\u00f3n, se uni\u00f3 la del ciclismo, deporte con el que ha disfrutado mucho, tanto a trav\u00e9s de los medios de comunicaci\u00f3n como asistiendo en directo a diferentes carreras ciclistas. El inter\u00e9s que siempre mostr\u00f3 con todo lo relacionado con Internet y las redes sociales, fue reconocido con el Premio \u201cD\u00eda de Internet\u201d en la categor\u00eda de \u201cMejor Periodista Digital\u201d por sus trabajos en la Cadena COPE. Precisamente, esa pasi\u00f3n por las nuevas tecnolog\u00edas, espera que sea el \u201cveh\u00edculo\u201d para poder contar \u201cA Tumba Abierta\u201d las mejores historias del deporte de las dos ruedas.","sameAs":["http:\/\/www.cope.es","https:\/\/es-es.facebook.com\/cristobal.cabezasmartin","https:\/\/x.com\/cristoblcabezas"],"url":"https:\/\/www.cope.es\/blogs\/a-tumba-abierta\/author\/ccabezas\/"}]}},"amp_enabled":true,"_links":{"self":[{"href":"https:\/\/www.cope.es\/blogs\/a-tumba-abierta\/wp-json\/wp\/v2\/posts\/2313","targetHints":{"allow":["GET"]}}],"collection":[{"href":"https:\/\/www.cope.es\/blogs\/a-tumba-abierta\/wp-json\/wp\/v2\/posts"}],"about":[{"href":"https:\/\/www.cope.es\/blogs\/a-tumba-abierta\/wp-json\/wp\/v2\/types\/post"}],"author":[{"embeddable":true,"href":"https:\/\/www.cope.es\/blogs\/a-tumba-abierta\/wp-json\/wp\/v2\/users\/24"}],"replies":[{"embeddable":true,"href":"https:\/\/www.cope.es\/blogs\/a-tumba-abierta\/wp-json\/wp\/v2\/comments?post=2313"}],"version-history":[{"count":2,"href":"https:\/\/www.cope.es\/blogs\/a-tumba-abierta\/wp-json\/wp\/v2\/posts\/2313\/revisions"}],"predecessor-version":[{"id":2319,"href":"https:\/\/www.cope.es\/blogs\/a-tumba-abierta\/wp-json\/wp\/v2\/posts\/2313\/revisions\/2319"}],"wp:featuredmedia":[{"embeddable":true,"href":"https:\/\/www.cope.es\/blogs\/a-tumba-abierta\/wp-json\/wp\/v2\/media\/2314"}],"wp:attachment":[{"href":"https:\/\/www.cope.es\/blogs\/a-tumba-abierta\/wp-json\/wp\/v2\/media?parent=2313"}],"wp:term":[{"taxonomy":"category","embeddable":true,"href":"https:\/\/www.cope.es\/blogs\/a-tumba-abierta\/wp-json\/wp\/v2\/categories?post=2313"},{"taxonomy":"post_tag","embeddable":true,"href":"https:\/\/www.cope.es\/blogs\/a-tumba-abierta\/wp-json\/wp\/v2\/tags?post=2313"}],"curies":[{"name":"wp","href":"https:\/\/api.w.org\/{rel}","templated":true}]}}