{"id":2266,"date":"2023-02-14T21:44:37","date_gmt":"2023-02-14T20:44:37","guid":{"rendered":"http:\/\/www.cope.es\/blogs\/a-tumba-abierta\/?p=2266"},"modified":"2023-02-14T23:11:37","modified_gmt":"2023-02-14T22:11:37","slug":"la-montana-volvera-a-ser-protagonista-en-la-ruta-del-sol","status":"publish","type":"post","link":"https:\/\/www.cope.es\/blogs\/a-tumba-abierta\/2023\/02\/14\/la-montana-volvera-a-ser-protagonista-en-la-ruta-del-sol\/","title":{"rendered":"La monta\u00f1a volver\u00e1 a ser protagonista en la Ruta del Sol"},"content":{"rendered":"<p>La <strong>Vuelta Ciclista a Andaluc\u00eda<\/strong> arranca este mi\u00e9rcoles con la presencia del ciclista esloveno <strong>Tadej Poga\u010dar<\/strong> (UAE Team Emirates). El dos veces campe\u00f3n del Tour de Francia ser\u00e1 uno de los grandes atractivos de la Ruta del Sol. El recorrido contar\u00e1 con <strong>tres llegadas en alto<\/strong> y otras dos etapas de recorrido \u2018rompepiernas&#8217;.<\/p>\n<p>Los aficionados tambi\u00e9n disfrutar\u00e1n con la presencia de <strong>Enric Mas<\/strong> (Movistar Team) y <strong>Mikel Landa<\/strong> (Bahrain-Victorious). El INEOS Grenadiers llega con un equipo liderado por el ganador del Giro de Italia <strong>Tao Geoghegan Hart<\/strong>, <strong>Pavel Sivakov<\/strong> y <strong>Carlos Rodr\u00edguez<\/strong>.<\/p>\n<p>Por su parte, el Movistar Team acude con el mencionado Mas, <strong>Gonzalo Serrano<\/strong> y <strong>Ruben Guerreiro<\/strong>. Otros corredores a tener en cuenta son <strong>Michael Woods<\/strong> y <strong>Dylan Teuns<\/strong>, ambos del Israel Premier Tech, y <strong>Jack Haig<\/strong> (Bahrain-Victorious).<\/p>\n<p>La Ruta del Sol es el principal asunto que te contamos este martes, 14 de febrero, en <a href=\"https:\/\/www.cope.es\/blogs\/a-tumba-abierta\/\" target=\"_blank\">\u2018A Tumba Abierta\u2019<\/a>. No te pierdas las mejores historias del mundo del <strong>ciclismo<\/strong> en este <strong>blog<\/strong> dirigido por <strong>Crist\u00f3bal Cabezas<\/strong>.<\/p>\n","protected":false},"excerpt":{"rendered":"<p>La Vuelta Ciclista a Andaluc\u00eda arranca este mi\u00e9rcoles con la presencia del ciclista esloveno Tadej Poga\u010dar (UAE Team Emirates). El dos veces campe\u00f3n del Tour de Francia ser\u00e1 uno de los grandes atractivos de la Ruta del Sol. El recorrido contar\u00e1 con tres llegadas en alto y otras dos etapas de recorrido \u2018rompepiernas&#8217;. Los aficionados [&hellip;]<\/p>\n","protected":false},"author":24,"featured_media":2267,"comment_status":"open","ping_status":"open","sticky":false,"template":"","format":"standard","meta":{"footnotes":""},"categories":[140],"tags":[391,361,608],"class_list":["post-2266","post","type-post","status-publish","format-standard","has-post-thumbnail","hentry","category-actualidad","tag-pogacar","tag-uae-team-emirates","tag-vuelta-a-andalucia"],"yoast_head":"<!-- This site is optimized with the Yoast SEO plugin v27.4 - https:\/\/yoast.com\/product\/yoast-seo-wordpress\/ -->\n<title>La monta\u00f1a volver\u00e1 a ser protagonista en la Ruta del Sol<\/title>\n<meta name=\"description\" content=\"La Ruta del Sol arranca este mi\u00e9rcoles, 15 de febrero, con la presencia del ciclista esloveno Tadej Poga\u010dar (UAE Team Emirates).\" \/>\n<meta name=\"robots\" content=\"index, follow, max-snippet:-1, max-image-preview:large, max-video-preview:-1\" \/>\n<link rel=\"canonical\" href=\"https:\/\/www.cope.es\/blogs\/a-tumba-abierta\/2023\/02\/14\/la-montana-volvera-a-ser-protagonista-en-la-ruta-del-sol\/\" \/>\n<meta property=\"og:locale\" content=\"es_ES\" \/>\n<meta property=\"og:type\" content=\"article\" \/>\n<meta property=\"og:title\" content=\"La monta\u00f1a volver\u00e1 a ser protagonista en la Ruta del Sol\" \/>\n<meta property=\"og:description\" content=\"La Ruta del Sol arranca este mi\u00e9rcoles, 15 de febrero, con la presencia del ciclista esloveno Tadej Poga\u010dar (UAE Team Emirates).\" \/>\n<meta property=\"og:url\" content=\"https:\/\/www.cope.es\/blogs\/a-tumba-abierta\/2023\/02\/14\/la-montana-volvera-a-ser-protagonista-en-la-ruta-del-sol\/\" \/>\n<meta property=\"og:site_name\" content=\"A Tumba Abierta\" \/>\n<meta property=\"article:publisher\" content=\"https:\/\/www.facebook.com\/cope\/\" \/>\n<meta property=\"article:author\" content=\"https:\/\/es-es.facebook.com\/cristobal.cabezasmartin\" \/>\n<meta property=\"article:published_time\" content=\"2023-02-14T20:44:37+00:00\" \/>\n<meta property=\"article:modified_time\" content=\"2023-02-14T22:11:37+00:00\" \/>\n<meta property=\"og:image\" content=\"https:\/\/www.cope.es\/blogs\/a-tumba-abierta\/wp-content\/uploads\/sites\/23\/2023\/02\/def-9.jpg\" \/>\n\t<meta property=\"og:image:width\" content=\"1597\" \/>\n\t<meta property=\"og:image:height\" content=\"755\" \/>\n\t<meta property=\"og:image:type\" content=\"image\/jpeg\" \/>\n<meta name=\"author\" content=\"Crist\u00f3bal Cabezas\" \/>\n<meta name=\"twitter:card\" content=\"summary_large_image\" \/>\n<meta name=\"twitter:creator\" content=\"@cristoblcabezas\" \/>\n<meta name=\"twitter:site\" content=\"@cope_es\" \/>\n<meta name=\"twitter:label1\" content=\"Escrito por\" \/>\n\t<meta name=\"twitter:data1\" content=\"Crist\u00f3bal Cabezas\" \/>\n\t<meta name=\"twitter:label2\" content=\"Tiempo de lectura\" \/>\n\t<meta name=\"twitter:data2\" content=\"1 minuto\" \/>\n<script type=\"application\/ld+json\" class=\"yoast-schema-graph\">{\"@context\":\"https:\\\/\\\/schema.org\",\"@graph\":[{\"@type\":\"Article\",\"@id\":\"https:\\\/\\\/www.cope.es\\\/blogs\\\/a-tumba-abierta\\\/2023\\\/02\\\/14\\\/la-montana-volvera-a-ser-protagonista-en-la-ruta-del-sol\\\/#article\",\"isPartOf\":{\"@id\":\"https:\\\/\\\/www.cope.es\\\/blogs\\\/a-tumba-abierta\\\/2023\\\/02\\\/14\\\/la-montana-volvera-a-ser-protagonista-en-la-ruta-del-sol\\\/\"},\"author\":{\"name\":\"Crist\u00f3bal Cabezas\",\"@id\":\"https:\\\/\\\/www.cope.es\\\/blogs\\\/a-tumba-abierta\\\/#\\\/schema\\\/person\\\/413f6566db421693223476f6b63a643b\"},\"headline\":\"La monta\u00f1a volver\u00e1 a ser protagonista en la Ruta del Sol\",\"datePublished\":\"2023-02-14T20:44:37+00:00\",\"dateModified\":\"2023-02-14T22:11:37+00:00\",\"mainEntityOfPage\":{\"@id\":\"https:\\\/\\\/www.cope.es\\\/blogs\\\/a-tumba-abierta\\\/2023\\\/02\\\/14\\\/la-montana-volvera-a-ser-protagonista-en-la-ruta-del-sol\\\/\"},\"wordCount\":185,\"commentCount\":0,\"image\":{\"@id\":\"https:\\\/\\\/www.cope.es\\\/blogs\\\/a-tumba-abierta\\\/2023\\\/02\\\/14\\\/la-montana-volvera-a-ser-protagonista-en-la-ruta-del-sol\\\/#primaryimage\"},\"thumbnailUrl\":\"https:\\\/\\\/www.cope.es\\\/blogs\\\/a-tumba-abierta\\\/wp-content\\\/uploads\\\/sites\\\/23\\\/2023\\\/02\\\/def-9.jpg\",\"keywords\":[\"Pogacar\",\"UAE-Team Emirates\",\"Vuelta a Andaluc\u00eda\"],\"articleSection\":[\"Actualidad\"],\"inLanguage\":\"es\",\"potentialAction\":[{\"@type\":\"CommentAction\",\"name\":\"Comment\",\"target\":[\"https:\\\/\\\/www.cope.es\\\/blogs\\\/a-tumba-abierta\\\/2023\\\/02\\\/14\\\/la-montana-volvera-a-ser-protagonista-en-la-ruta-del-sol\\\/#respond\"]}]},{\"@type\":\"WebPage\",\"@id\":\"https:\\\/\\\/www.cope.es\\\/blogs\\\/a-tumba-abierta\\\/2023\\\/02\\\/14\\\/la-montana-volvera-a-ser-protagonista-en-la-ruta-del-sol\\\/\",\"url\":\"https:\\\/\\\/www.cope.es\\\/blogs\\\/a-tumba-abierta\\\/2023\\\/02\\\/14\\\/la-montana-volvera-a-ser-protagonista-en-la-ruta-del-sol\\\/\",\"name\":\"La monta\u00f1a volver\u00e1 a ser protagonista en la Ruta del Sol\",\"isPartOf\":{\"@id\":\"https:\\\/\\\/www.cope.es\\\/blogs\\\/a-tumba-abierta\\\/#website\"},\"primaryImageOfPage\":{\"@id\":\"https:\\\/\\\/www.cope.es\\\/blogs\\\/a-tumba-abierta\\\/2023\\\/02\\\/14\\\/la-montana-volvera-a-ser-protagonista-en-la-ruta-del-sol\\\/#primaryimage\"},\"image\":{\"@id\":\"https:\\\/\\\/www.cope.es\\\/blogs\\\/a-tumba-abierta\\\/2023\\\/02\\\/14\\\/la-montana-volvera-a-ser-protagonista-en-la-ruta-del-sol\\\/#primaryimage\"},\"thumbnailUrl\":\"https:\\\/\\\/www.cope.es\\\/blogs\\\/a-tumba-abierta\\\/wp-content\\\/uploads\\\/sites\\\/23\\\/2023\\\/02\\\/def-9.jpg\",\"datePublished\":\"2023-02-14T20:44:37+00:00\",\"dateModified\":\"2023-02-14T22:11:37+00:00\",\"author\":{\"@id\":\"https:\\\/\\\/www.cope.es\\\/blogs\\\/a-tumba-abierta\\\/#\\\/schema\\\/person\\\/413f6566db421693223476f6b63a643b\"},\"description\":\"La Ruta del Sol arranca este mi\u00e9rcoles, 15 de febrero, con la presencia del ciclista esloveno Tadej Poga\u010dar (UAE Team Emirates).\",\"breadcrumb\":{\"@id\":\"https:\\\/\\\/www.cope.es\\\/blogs\\\/a-tumba-abierta\\\/2023\\\/02\\\/14\\\/la-montana-volvera-a-ser-protagonista-en-la-ruta-del-sol\\\/#breadcrumb\"},\"inLanguage\":\"es\",\"potentialAction\":[{\"@type\":\"ReadAction\",\"target\":[\"https:\\\/\\\/www.cope.es\\\/blogs\\\/a-tumba-abierta\\\/2023\\\/02\\\/14\\\/la-montana-volvera-a-ser-protagonista-en-la-ruta-del-sol\\\/\"]}]},{\"@type\":\"ImageObject\",\"inLanguage\":\"es\",\"@id\":\"https:\\\/\\\/www.cope.es\\\/blogs\\\/a-tumba-abierta\\\/2023\\\/02\\\/14\\\/la-montana-volvera-a-ser-protagonista-en-la-ruta-del-sol\\\/#primaryimage\",\"url\":\"https:\\\/\\\/www.cope.es\\\/blogs\\\/a-tumba-abierta\\\/wp-content\\\/uploads\\\/sites\\\/23\\\/2023\\\/02\\\/def-9.jpg\",\"contentUrl\":\"https:\\\/\\\/www.cope.es\\\/blogs\\\/a-tumba-abierta\\\/wp-content\\\/uploads\\\/sites\\\/23\\\/2023\\\/02\\\/def-9.jpg\",\"width\":1597,\"height\":755,\"caption\":\"La Vuelta Ciclista a Andaluc\u00eda arranca este mi\u00e9rcoles con la presencia del ciclista esloveno Tadej Poga\u010dar (UAE Team Emirates). El dos veces campe\u00f3n del Tour de Francia ser\u00e1 uno de los grandes atractivos de la Ruta del Sol.\"},{\"@type\":\"BreadcrumbList\",\"@id\":\"https:\\\/\\\/www.cope.es\\\/blogs\\\/a-tumba-abierta\\\/2023\\\/02\\\/14\\\/la-montana-volvera-a-ser-protagonista-en-la-ruta-del-sol\\\/#breadcrumb\",\"itemListElement\":[{\"@type\":\"ListItem\",\"position\":1,\"name\":\"Portada\",\"item\":\"https:\\\/\\\/www.cope.es\\\/blogs\\\/a-tumba-abierta\\\/\"},{\"@type\":\"ListItem\",\"position\":2,\"name\":\"La monta\u00f1a volver\u00e1 a ser protagonista en la Ruta del Sol\"}]},{\"@type\":\"WebSite\",\"@id\":\"https:\\\/\\\/www.cope.es\\\/blogs\\\/a-tumba-abierta\\\/#website\",\"url\":\"https:\\\/\\\/www.cope.es\\\/blogs\\\/a-tumba-abierta\\\/\",\"name\":\"A Tumba Abierta\",\"description\":\"Blog de ciclismo en COPE\",\"potentialAction\":[{\"@type\":\"SearchAction\",\"target\":{\"@type\":\"EntryPoint\",\"urlTemplate\":\"https:\\\/\\\/www.cope.es\\\/blogs\\\/a-tumba-abierta\\\/?s={search_term_string}\"},\"query-input\":{\"@type\":\"PropertyValueSpecification\",\"valueRequired\":true,\"valueName\":\"search_term_string\"}}],\"inLanguage\":\"es\"},{\"@type\":\"Person\",\"@id\":\"https:\\\/\\\/www.cope.es\\\/blogs\\\/a-tumba-abierta\\\/#\\\/schema\\\/person\\\/413f6566db421693223476f6b63a643b\",\"name\":\"Crist\u00f3bal Cabezas\",\"image\":{\"@type\":\"ImageObject\",\"inLanguage\":\"es\",\"@id\":\"https:\\\/\\\/secure.gravatar.com\\\/avatar\\\/361550a2a3cac91688caa1b00f2a1fa4e89a6c4361562ca29a361ce0041974c2?s=96&d=mm&r=g\",\"url\":\"https:\\\/\\\/secure.gravatar.com\\\/avatar\\\/361550a2a3cac91688caa1b00f2a1fa4e89a6c4361562ca29a361ce0041974c2?s=96&d=mm&r=g\",\"contentUrl\":\"https:\\\/\\\/secure.gravatar.com\\\/avatar\\\/361550a2a3cac91688caa1b00f2a1fa4e89a6c4361562ca29a361ce0041974c2?s=96&d=mm&r=g\",\"caption\":\"Crist\u00f3bal Cabezas\"},\"description\":\"Crist\u00f3bal Cabezas es Licenciado en Periodismo por la Universidad Complutense de Madrid y T\u00edtulo en T\u00e9cnico en Comunicaci\u00f3n Integral por la Universidad Francisco de Vitoria. Tras desempe\u00f1ar tareas informativas en diferentes medios, recal\u00f3 en la Cadena COPE en el a\u00f1o 2005. Desde entonces, ha trabajado en las emisoras de Madrid, Granada, Jaca (Huesca) y Toledo, en donde se incorpor\u00f3 en 2013 como Jefe de Informativos de la Cadena COPE en Castilla-La Mancha. Siempre tuvo claro que quer\u00eda ser periodista y, a esa afici\u00f3n, se uni\u00f3 la del ciclismo, deporte con el que ha disfrutado mucho, tanto a trav\u00e9s de los medios de comunicaci\u00f3n como asistiendo en directo a diferentes carreras ciclistas. El inter\u00e9s que siempre mostr\u00f3 con todo lo relacionado con Internet y las redes sociales, fue reconocido con el Premio \u201cD\u00eda de Internet\u201d en la categor\u00eda de \u201cMejor Periodista Digital\u201d por sus trabajos en la Cadena COPE. Precisamente, esa pasi\u00f3n por las nuevas tecnolog\u00edas, espera que sea el \u201cveh\u00edculo\u201d para poder contar \u201cA Tumba Abierta\u201d las mejores historias del deporte de las dos ruedas.\",\"sameAs\":[\"http:\\\/\\\/www.cope.es\",\"https:\\\/\\\/es-es.facebook.com\\\/cristobal.cabezasmartin\",\"https:\\\/\\\/x.com\\\/cristoblcabezas\"],\"url\":\"https:\\\/\\\/www.cope.es\\\/blogs\\\/a-tumba-abierta\\\/author\\\/ccabezas\\\/\"}]}<\/script>\n<!-- \/ Yoast SEO plugin. -->","yoast_head_json":{"title":"La monta\u00f1a volver\u00e1 a ser protagonista en la Ruta del Sol","description":"La Ruta del Sol arranca este mi\u00e9rcoles, 15 de febrero, con la presencia del ciclista esloveno Tadej Poga\u010dar (UAE Team Emirates).","robots":{"index":"index","follow":"follow","max-snippet":"max-snippet:-1","max-image-preview":"max-image-preview:large","max-video-preview":"max-video-preview:-1"},"canonical":"https:\/\/www.cope.es\/blogs\/a-tumba-abierta\/2023\/02\/14\/la-montana-volvera-a-ser-protagonista-en-la-ruta-del-sol\/","og_locale":"es_ES","og_type":"article","og_title":"La monta\u00f1a volver\u00e1 a ser protagonista en la Ruta del Sol","og_description":"La Ruta del Sol arranca este mi\u00e9rcoles, 15 de febrero, con la presencia del ciclista esloveno Tadej Poga\u010dar (UAE Team Emirates).","og_url":"https:\/\/www.cope.es\/blogs\/a-tumba-abierta\/2023\/02\/14\/la-montana-volvera-a-ser-protagonista-en-la-ruta-del-sol\/","og_site_name":"A Tumba Abierta","article_publisher":"https:\/\/www.facebook.com\/cope\/","article_author":"https:\/\/es-es.facebook.com\/cristobal.cabezasmartin","article_published_time":"2023-02-14T20:44:37+00:00","article_modified_time":"2023-02-14T22:11:37+00:00","og_image":[{"width":1597,"height":755,"url":"https:\/\/www.cope.es\/blogs\/a-tumba-abierta\/wp-content\/uploads\/sites\/23\/2023\/02\/def-9.jpg","type":"image\/jpeg"}],"author":"Crist\u00f3bal Cabezas","twitter_card":"summary_large_image","twitter_creator":"@cristoblcabezas","twitter_site":"@cope_es","twitter_misc":{"Escrito por":"Crist\u00f3bal Cabezas","Tiempo de lectura":"1 minuto"},"schema":{"@context":"https:\/\/schema.org","@graph":[{"@type":"Article","@id":"https:\/\/www.cope.es\/blogs\/a-tumba-abierta\/2023\/02\/14\/la-montana-volvera-a-ser-protagonista-en-la-ruta-del-sol\/#article","isPartOf":{"@id":"https:\/\/www.cope.es\/blogs\/a-tumba-abierta\/2023\/02\/14\/la-montana-volvera-a-ser-protagonista-en-la-ruta-del-sol\/"},"author":{"name":"Crist\u00f3bal Cabezas","@id":"https:\/\/www.cope.es\/blogs\/a-tumba-abierta\/#\/schema\/person\/413f6566db421693223476f6b63a643b"},"headline":"La monta\u00f1a volver\u00e1 a ser protagonista en la Ruta del Sol","datePublished":"2023-02-14T20:44:37+00:00","dateModified":"2023-02-14T22:11:37+00:00","mainEntityOfPage":{"@id":"https:\/\/www.cope.es\/blogs\/a-tumba-abierta\/2023\/02\/14\/la-montana-volvera-a-ser-protagonista-en-la-ruta-del-sol\/"},"wordCount":185,"commentCount":0,"image":{"@id":"https:\/\/www.cope.es\/blogs\/a-tumba-abierta\/2023\/02\/14\/la-montana-volvera-a-ser-protagonista-en-la-ruta-del-sol\/#primaryimage"},"thumbnailUrl":"https:\/\/www.cope.es\/blogs\/a-tumba-abierta\/wp-content\/uploads\/sites\/23\/2023\/02\/def-9.jpg","keywords":["Pogacar","UAE-Team Emirates","Vuelta a Andaluc\u00eda"],"articleSection":["Actualidad"],"inLanguage":"es","potentialAction":[{"@type":"CommentAction","name":"Comment","target":["https:\/\/www.cope.es\/blogs\/a-tumba-abierta\/2023\/02\/14\/la-montana-volvera-a-ser-protagonista-en-la-ruta-del-sol\/#respond"]}]},{"@type":"WebPage","@id":"https:\/\/www.cope.es\/blogs\/a-tumba-abierta\/2023\/02\/14\/la-montana-volvera-a-ser-protagonista-en-la-ruta-del-sol\/","url":"https:\/\/www.cope.es\/blogs\/a-tumba-abierta\/2023\/02\/14\/la-montana-volvera-a-ser-protagonista-en-la-ruta-del-sol\/","name":"La monta\u00f1a volver\u00e1 a ser protagonista en la Ruta del Sol","isPartOf":{"@id":"https:\/\/www.cope.es\/blogs\/a-tumba-abierta\/#website"},"primaryImageOfPage":{"@id":"https:\/\/www.cope.es\/blogs\/a-tumba-abierta\/2023\/02\/14\/la-montana-volvera-a-ser-protagonista-en-la-ruta-del-sol\/#primaryimage"},"image":{"@id":"https:\/\/www.cope.es\/blogs\/a-tumba-abierta\/2023\/02\/14\/la-montana-volvera-a-ser-protagonista-en-la-ruta-del-sol\/#primaryimage"},"thumbnailUrl":"https:\/\/www.cope.es\/blogs\/a-tumba-abierta\/wp-content\/uploads\/sites\/23\/2023\/02\/def-9.jpg","datePublished":"2023-02-14T20:44:37+00:00","dateModified":"2023-02-14T22:11:37+00:00","author":{"@id":"https:\/\/www.cope.es\/blogs\/a-tumba-abierta\/#\/schema\/person\/413f6566db421693223476f6b63a643b"},"description":"La Ruta del Sol arranca este mi\u00e9rcoles, 15 de febrero, con la presencia del ciclista esloveno Tadej Poga\u010dar (UAE Team Emirates).","breadcrumb":{"@id":"https:\/\/www.cope.es\/blogs\/a-tumba-abierta\/2023\/02\/14\/la-montana-volvera-a-ser-protagonista-en-la-ruta-del-sol\/#breadcrumb"},"inLanguage":"es","potentialAction":[{"@type":"ReadAction","target":["https:\/\/www.cope.es\/blogs\/a-tumba-abierta\/2023\/02\/14\/la-montana-volvera-a-ser-protagonista-en-la-ruta-del-sol\/"]}]},{"@type":"ImageObject","inLanguage":"es","@id":"https:\/\/www.cope.es\/blogs\/a-tumba-abierta\/2023\/02\/14\/la-montana-volvera-a-ser-protagonista-en-la-ruta-del-sol\/#primaryimage","url":"https:\/\/www.cope.es\/blogs\/a-tumba-abierta\/wp-content\/uploads\/sites\/23\/2023\/02\/def-9.jpg","contentUrl":"https:\/\/www.cope.es\/blogs\/a-tumba-abierta\/wp-content\/uploads\/sites\/23\/2023\/02\/def-9.jpg","width":1597,"height":755,"caption":"La Vuelta Ciclista a Andaluc\u00eda arranca este mi\u00e9rcoles con la presencia del ciclista esloveno Tadej Poga\u010dar (UAE Team Emirates). El dos veces campe\u00f3n del Tour de Francia ser\u00e1 uno de los grandes atractivos de la Ruta del Sol."},{"@type":"BreadcrumbList","@id":"https:\/\/www.cope.es\/blogs\/a-tumba-abierta\/2023\/02\/14\/la-montana-volvera-a-ser-protagonista-en-la-ruta-del-sol\/#breadcrumb","itemListElement":[{"@type":"ListItem","position":1,"name":"Portada","item":"https:\/\/www.cope.es\/blogs\/a-tumba-abierta\/"},{"@type":"ListItem","position":2,"name":"La monta\u00f1a volver\u00e1 a ser protagonista en la Ruta del Sol"}]},{"@type":"WebSite","@id":"https:\/\/www.cope.es\/blogs\/a-tumba-abierta\/#website","url":"https:\/\/www.cope.es\/blogs\/a-tumba-abierta\/","name":"A Tumba Abierta","description":"Blog de ciclismo en COPE","potentialAction":[{"@type":"SearchAction","target":{"@type":"EntryPoint","urlTemplate":"https:\/\/www.cope.es\/blogs\/a-tumba-abierta\/?s={search_term_string}"},"query-input":{"@type":"PropertyValueSpecification","valueRequired":true,"valueName":"search_term_string"}}],"inLanguage":"es"},{"@type":"Person","@id":"https:\/\/www.cope.es\/blogs\/a-tumba-abierta\/#\/schema\/person\/413f6566db421693223476f6b63a643b","name":"Crist\u00f3bal Cabezas","image":{"@type":"ImageObject","inLanguage":"es","@id":"https:\/\/secure.gravatar.com\/avatar\/361550a2a3cac91688caa1b00f2a1fa4e89a6c4361562ca29a361ce0041974c2?s=96&d=mm&r=g","url":"https:\/\/secure.gravatar.com\/avatar\/361550a2a3cac91688caa1b00f2a1fa4e89a6c4361562ca29a361ce0041974c2?s=96&d=mm&r=g","contentUrl":"https:\/\/secure.gravatar.com\/avatar\/361550a2a3cac91688caa1b00f2a1fa4e89a6c4361562ca29a361ce0041974c2?s=96&d=mm&r=g","caption":"Crist\u00f3bal Cabezas"},"description":"Crist\u00f3bal Cabezas es Licenciado en Periodismo por la Universidad Complutense de Madrid y T\u00edtulo en T\u00e9cnico en Comunicaci\u00f3n Integral por la Universidad Francisco de Vitoria. Tras desempe\u00f1ar tareas informativas en diferentes medios, recal\u00f3 en la Cadena COPE en el a\u00f1o 2005. Desde entonces, ha trabajado en las emisoras de Madrid, Granada, Jaca (Huesca) y Toledo, en donde se incorpor\u00f3 en 2013 como Jefe de Informativos de la Cadena COPE en Castilla-La Mancha. Siempre tuvo claro que quer\u00eda ser periodista y, a esa afici\u00f3n, se uni\u00f3 la del ciclismo, deporte con el que ha disfrutado mucho, tanto a trav\u00e9s de los medios de comunicaci\u00f3n como asistiendo en directo a diferentes carreras ciclistas. El inter\u00e9s que siempre mostr\u00f3 con todo lo relacionado con Internet y las redes sociales, fue reconocido con el Premio \u201cD\u00eda de Internet\u201d en la categor\u00eda de \u201cMejor Periodista Digital\u201d por sus trabajos en la Cadena COPE. Precisamente, esa pasi\u00f3n por las nuevas tecnolog\u00edas, espera que sea el \u201cveh\u00edculo\u201d para poder contar \u201cA Tumba Abierta\u201d las mejores historias del deporte de las dos ruedas.","sameAs":["http:\/\/www.cope.es","https:\/\/es-es.facebook.com\/cristobal.cabezasmartin","https:\/\/x.com\/cristoblcabezas"],"url":"https:\/\/www.cope.es\/blogs\/a-tumba-abierta\/author\/ccabezas\/"}]}},"amp_enabled":true,"_links":{"self":[{"href":"https:\/\/www.cope.es\/blogs\/a-tumba-abierta\/wp-json\/wp\/v2\/posts\/2266","targetHints":{"allow":["GET"]}}],"collection":[{"href":"https:\/\/www.cope.es\/blogs\/a-tumba-abierta\/wp-json\/wp\/v2\/posts"}],"about":[{"href":"https:\/\/www.cope.es\/blogs\/a-tumba-abierta\/wp-json\/wp\/v2\/types\/post"}],"author":[{"embeddable":true,"href":"https:\/\/www.cope.es\/blogs\/a-tumba-abierta\/wp-json\/wp\/v2\/users\/24"}],"replies":[{"embeddable":true,"href":"https:\/\/www.cope.es\/blogs\/a-tumba-abierta\/wp-json\/wp\/v2\/comments?post=2266"}],"version-history":[{"count":2,"href":"https:\/\/www.cope.es\/blogs\/a-tumba-abierta\/wp-json\/wp\/v2\/posts\/2266\/revisions"}],"predecessor-version":[{"id":2271,"href":"https:\/\/www.cope.es\/blogs\/a-tumba-abierta\/wp-json\/wp\/v2\/posts\/2266\/revisions\/2271"}],"wp:featuredmedia":[{"embeddable":true,"href":"https:\/\/www.cope.es\/blogs\/a-tumba-abierta\/wp-json\/wp\/v2\/media\/2267"}],"wp:attachment":[{"href":"https:\/\/www.cope.es\/blogs\/a-tumba-abierta\/wp-json\/wp\/v2\/media?parent=2266"}],"wp:term":[{"taxonomy":"category","embeddable":true,"href":"https:\/\/www.cope.es\/blogs\/a-tumba-abierta\/wp-json\/wp\/v2\/categories?post=2266"},{"taxonomy":"post_tag","embeddable":true,"href":"https:\/\/www.cope.es\/blogs\/a-tumba-abierta\/wp-json\/wp\/v2\/tags?post=2266"}],"curies":[{"name":"wp","href":"https:\/\/api.w.org\/{rel}","templated":true}]}}