{"id":2001,"date":"2023-01-04T19:21:35","date_gmt":"2023-01-04T18:21:35","guid":{"rendered":"http:\/\/www.cope.es\/blogs\/a-tumba-abierta\/?p=2001"},"modified":"2023-01-05T20:34:36","modified_gmt":"2023-01-05T19:34:36","slug":"el-uno-x-sera-el-primer-equipo-escandinavo-en-participar-en-un-tour","status":"publish","type":"post","link":"https:\/\/www.cope.es\/blogs\/a-tumba-abierta\/2023\/01\/04\/el-uno-x-sera-el-primer-equipo-escandinavo-en-participar-en-un-tour\/","title":{"rendered":"El Uno-X ser\u00e1 el primer equipo noruego en participar en un Tour de Francia"},"content":{"rendered":"<p>El <strong>Tour de Francia<\/strong> ha confirmado este mi\u00e9rcoles los <strong>22 equipos<\/strong> que tomar\u00e1n la salida en la edici\u00f3n de 2023. La gran novedad ser\u00e1 la participaci\u00f3n de un equipo escandinavo, el conjunto noruego <strong>Uno-X Pro Cycling Team<\/strong>.<\/p>\n<p>El <strong>1 de julio<\/strong> estar\u00e1n en <strong>Bilbao<\/strong> los 18 equipos de la m\u00e1xima categor\u00eda (UCI WorldTeams) y cuatro de la segunda categor\u00eda (UCI ProTeams). Por un lado, los clasificados por los m\u00e9ritos y puntos logrados el pasado a\u00f1o (<strong>Lotto Dstny<\/strong> y <strong>TotalEnergies<\/strong>) y, por el otro, los invitados <strong>Israel-Premier Tech<\/strong> y Uno-X Pro Cycling Team.<\/p>\n<p>La pr\u00f3xima ronda gala tendr\u00e1 ocho etapas de perfil llano, cuatro, de media monta\u00f1a y ocho, de alta monta\u00f1a, con cuatro llegadas en alto en <strong>Cauterets-Cambasque<\/strong>, <strong>Puy de D\u00f4me<\/strong>, <strong>Grand Colombier<\/strong> y <strong>Saint-Gervais Mont-Blanc<\/strong>. En cambio, los especialistas contra el cron\u00f3metro solamente dispondr\u00e1n de una contrarreloj entre <strong>Passy<\/strong> y <strong>Combloux<\/strong>, de 22 kil\u00f3metros de terreno escarpado.<\/p>\n<p>La presencia del equipo Uno-X Pro Cycling Team en la <strong>\u2018Grande Boucle\u2019<\/strong> de 2023 es el principal asunto que te contamos este <strong>mi\u00e9rcoles<\/strong>, <strong>4 de enero<\/strong>, en <a href=\"https:\/\/www.cope.es\/blogs\/a-tumba-abierta\/\" target=\"_blank\">\u2018A Tumba Abierta\u2019<\/a>, un blog dirigido por <strong>Crist\u00f3bal Cabezas Mart\u00edn<\/strong> en el que el ciclismo es siempre el gran protagonista.<\/p>\n","protected":false},"excerpt":{"rendered":"<p>El Tour de Francia ha confirmado este mi\u00e9rcoles los 22 equipos que tomar\u00e1n la salida en la edici\u00f3n de 2023. La gran novedad ser\u00e1 la participaci\u00f3n de un equipo escandinavo, el conjunto noruego Uno-X Pro Cycling Team. El 1 de julio estar\u00e1n en Bilbao los 18 equipos de la m\u00e1xima categor\u00eda (UCI WorldTeams) y cuatro [&hellip;]<\/p>\n","protected":false},"author":24,"featured_media":2002,"comment_status":"open","ping_status":"open","sticky":false,"template":"","format":"standard","meta":{"footnotes":""},"categories":[140],"tags":[569],"class_list":["post-2001","post","type-post","status-publish","format-standard","has-post-thumbnail","hentry","category-actualidad","tag-uno-x-pro-cycling-team"],"yoast_head":"<!-- This site is optimized with the Yoast SEO plugin v27.4 - https:\/\/yoast.com\/product\/yoast-seo-wordpress\/ -->\n<title>El Uno-X ser\u00e1 el primer equipo noruego en participar en un Tour<\/title>\n<meta name=\"description\" content=\"La gran novedad en la pr\u00f3xima edici\u00f3n de la &#039;Grande Boucle&#039; ser\u00e1 la participaci\u00f3n del conjunto noruego Uno-X Pro Cycling Team.\" \/>\n<meta name=\"robots\" content=\"index, follow, max-snippet:-1, max-image-preview:large, max-video-preview:-1\" \/>\n<link rel=\"canonical\" href=\"https:\/\/www.cope.es\/blogs\/a-tumba-abierta\/2023\/01\/04\/el-uno-x-sera-el-primer-equipo-escandinavo-en-participar-en-un-tour\/\" \/>\n<meta property=\"og:locale\" content=\"es_ES\" \/>\n<meta property=\"og:type\" content=\"article\" \/>\n<meta property=\"og:title\" content=\"El Uno-X ser\u00e1 el primer equipo noruego en participar en un Tour\" \/>\n<meta property=\"og:description\" content=\"La gran novedad en la pr\u00f3xima edici\u00f3n de la &#039;Grande Boucle&#039; ser\u00e1 la participaci\u00f3n del conjunto noruego Uno-X Pro Cycling Team.\" \/>\n<meta property=\"og:url\" content=\"https:\/\/www.cope.es\/blogs\/a-tumba-abierta\/2023\/01\/04\/el-uno-x-sera-el-primer-equipo-escandinavo-en-participar-en-un-tour\/\" \/>\n<meta property=\"og:site_name\" content=\"A Tumba Abierta\" \/>\n<meta property=\"article:publisher\" content=\"https:\/\/www.facebook.com\/cope\/\" \/>\n<meta property=\"article:author\" content=\"https:\/\/es-es.facebook.com\/cristobal.cabezasmartin\" \/>\n<meta property=\"article:published_time\" content=\"2023-01-04T18:21:35+00:00\" \/>\n<meta property=\"article:modified_time\" content=\"2023-01-05T19:34:36+00:00\" \/>\n<meta property=\"og:image\" content=\"https:\/\/www.cope.es\/blogs\/a-tumba-abierta\/wp-content\/uploads\/sites\/23\/2023\/01\/ok.jpg\" \/>\n\t<meta property=\"og:image:width\" content=\"999\" \/>\n\t<meta property=\"og:image:height\" content=\"366\" \/>\n\t<meta property=\"og:image:type\" content=\"image\/jpeg\" \/>\n<meta name=\"author\" content=\"Crist\u00f3bal Cabezas\" \/>\n<meta name=\"twitter:card\" content=\"summary_large_image\" \/>\n<meta name=\"twitter:creator\" content=\"@cristoblcabezas\" \/>\n<meta name=\"twitter:site\" content=\"@cope_es\" \/>\n<meta name=\"twitter:label1\" content=\"Escrito por\" \/>\n\t<meta name=\"twitter:data1\" content=\"Crist\u00f3bal Cabezas\" \/>\n\t<meta name=\"twitter:label2\" content=\"Tiempo de lectura\" \/>\n\t<meta name=\"twitter:data2\" content=\"1 minuto\" \/>\n<script type=\"application\/ld+json\" class=\"yoast-schema-graph\">{\"@context\":\"https:\\\/\\\/schema.org\",\"@graph\":[{\"@type\":\"Article\",\"@id\":\"https:\\\/\\\/www.cope.es\\\/blogs\\\/a-tumba-abierta\\\/2023\\\/01\\\/04\\\/el-uno-x-sera-el-primer-equipo-escandinavo-en-participar-en-un-tour\\\/#article\",\"isPartOf\":{\"@id\":\"https:\\\/\\\/www.cope.es\\\/blogs\\\/a-tumba-abierta\\\/2023\\\/01\\\/04\\\/el-uno-x-sera-el-primer-equipo-escandinavo-en-participar-en-un-tour\\\/\"},\"author\":{\"name\":\"Crist\u00f3bal Cabezas\",\"@id\":\"https:\\\/\\\/www.cope.es\\\/blogs\\\/a-tumba-abierta\\\/#\\\/schema\\\/person\\\/413f6566db421693223476f6b63a643b\"},\"headline\":\"El Uno-X ser\u00e1 el primer equipo noruego en participar en un Tour de Francia\",\"datePublished\":\"2023-01-04T18:21:35+00:00\",\"dateModified\":\"2023-01-05T19:34:36+00:00\",\"mainEntityOfPage\":{\"@id\":\"https:\\\/\\\/www.cope.es\\\/blogs\\\/a-tumba-abierta\\\/2023\\\/01\\\/04\\\/el-uno-x-sera-el-primer-equipo-escandinavo-en-participar-en-un-tour\\\/\"},\"wordCount\":222,\"commentCount\":0,\"image\":{\"@id\":\"https:\\\/\\\/www.cope.es\\\/blogs\\\/a-tumba-abierta\\\/2023\\\/01\\\/04\\\/el-uno-x-sera-el-primer-equipo-escandinavo-en-participar-en-un-tour\\\/#primaryimage\"},\"thumbnailUrl\":\"https:\\\/\\\/www.cope.es\\\/blogs\\\/a-tumba-abierta\\\/wp-content\\\/uploads\\\/sites\\\/23\\\/2023\\\/01\\\/ok.jpg\",\"keywords\":[\"Uno-X Pro Cycling Team\"],\"articleSection\":[\"Actualidad\"],\"inLanguage\":\"es\",\"potentialAction\":[{\"@type\":\"CommentAction\",\"name\":\"Comment\",\"target\":[\"https:\\\/\\\/www.cope.es\\\/blogs\\\/a-tumba-abierta\\\/2023\\\/01\\\/04\\\/el-uno-x-sera-el-primer-equipo-escandinavo-en-participar-en-un-tour\\\/#respond\"]}]},{\"@type\":\"WebPage\",\"@id\":\"https:\\\/\\\/www.cope.es\\\/blogs\\\/a-tumba-abierta\\\/2023\\\/01\\\/04\\\/el-uno-x-sera-el-primer-equipo-escandinavo-en-participar-en-un-tour\\\/\",\"url\":\"https:\\\/\\\/www.cope.es\\\/blogs\\\/a-tumba-abierta\\\/2023\\\/01\\\/04\\\/el-uno-x-sera-el-primer-equipo-escandinavo-en-participar-en-un-tour\\\/\",\"name\":\"El Uno-X ser\u00e1 el primer equipo noruego en participar en un Tour\",\"isPartOf\":{\"@id\":\"https:\\\/\\\/www.cope.es\\\/blogs\\\/a-tumba-abierta\\\/#website\"},\"primaryImageOfPage\":{\"@id\":\"https:\\\/\\\/www.cope.es\\\/blogs\\\/a-tumba-abierta\\\/2023\\\/01\\\/04\\\/el-uno-x-sera-el-primer-equipo-escandinavo-en-participar-en-un-tour\\\/#primaryimage\"},\"image\":{\"@id\":\"https:\\\/\\\/www.cope.es\\\/blogs\\\/a-tumba-abierta\\\/2023\\\/01\\\/04\\\/el-uno-x-sera-el-primer-equipo-escandinavo-en-participar-en-un-tour\\\/#primaryimage\"},\"thumbnailUrl\":\"https:\\\/\\\/www.cope.es\\\/blogs\\\/a-tumba-abierta\\\/wp-content\\\/uploads\\\/sites\\\/23\\\/2023\\\/01\\\/ok.jpg\",\"datePublished\":\"2023-01-04T18:21:35+00:00\",\"dateModified\":\"2023-01-05T19:34:36+00:00\",\"author\":{\"@id\":\"https:\\\/\\\/www.cope.es\\\/blogs\\\/a-tumba-abierta\\\/#\\\/schema\\\/person\\\/413f6566db421693223476f6b63a643b\"},\"description\":\"La gran novedad en la pr\u00f3xima edici\u00f3n de la 'Grande Boucle' ser\u00e1 la participaci\u00f3n del conjunto noruego Uno-X Pro Cycling Team.\",\"breadcrumb\":{\"@id\":\"https:\\\/\\\/www.cope.es\\\/blogs\\\/a-tumba-abierta\\\/2023\\\/01\\\/04\\\/el-uno-x-sera-el-primer-equipo-escandinavo-en-participar-en-un-tour\\\/#breadcrumb\"},\"inLanguage\":\"es\",\"potentialAction\":[{\"@type\":\"ReadAction\",\"target\":[\"https:\\\/\\\/www.cope.es\\\/blogs\\\/a-tumba-abierta\\\/2023\\\/01\\\/04\\\/el-uno-x-sera-el-primer-equipo-escandinavo-en-participar-en-un-tour\\\/\"]}]},{\"@type\":\"ImageObject\",\"inLanguage\":\"es\",\"@id\":\"https:\\\/\\\/www.cope.es\\\/blogs\\\/a-tumba-abierta\\\/2023\\\/01\\\/04\\\/el-uno-x-sera-el-primer-equipo-escandinavo-en-participar-en-un-tour\\\/#primaryimage\",\"url\":\"https:\\\/\\\/www.cope.es\\\/blogs\\\/a-tumba-abierta\\\/wp-content\\\/uploads\\\/sites\\\/23\\\/2023\\\/01\\\/ok.jpg\",\"contentUrl\":\"https:\\\/\\\/www.cope.es\\\/blogs\\\/a-tumba-abierta\\\/wp-content\\\/uploads\\\/sites\\\/23\\\/2023\\\/01\\\/ok.jpg\",\"width\":999,\"height\":366,\"caption\":\"La gran novedad en la pr\u00f3xima edici\u00f3n de la 'Grande Boucle' ser\u00e1 la participaci\u00f3n del conjunto noruego del Uno-X Pro Cycling Team.\"},{\"@type\":\"BreadcrumbList\",\"@id\":\"https:\\\/\\\/www.cope.es\\\/blogs\\\/a-tumba-abierta\\\/2023\\\/01\\\/04\\\/el-uno-x-sera-el-primer-equipo-escandinavo-en-participar-en-un-tour\\\/#breadcrumb\",\"itemListElement\":[{\"@type\":\"ListItem\",\"position\":1,\"name\":\"Portada\",\"item\":\"https:\\\/\\\/www.cope.es\\\/blogs\\\/a-tumba-abierta\\\/\"},{\"@type\":\"ListItem\",\"position\":2,\"name\":\"El Uno-X ser\u00e1 el primer equipo noruego en participar en un Tour de Francia\"}]},{\"@type\":\"WebSite\",\"@id\":\"https:\\\/\\\/www.cope.es\\\/blogs\\\/a-tumba-abierta\\\/#website\",\"url\":\"https:\\\/\\\/www.cope.es\\\/blogs\\\/a-tumba-abierta\\\/\",\"name\":\"A Tumba Abierta\",\"description\":\"Blog de ciclismo en COPE\",\"potentialAction\":[{\"@type\":\"SearchAction\",\"target\":{\"@type\":\"EntryPoint\",\"urlTemplate\":\"https:\\\/\\\/www.cope.es\\\/blogs\\\/a-tumba-abierta\\\/?s={search_term_string}\"},\"query-input\":{\"@type\":\"PropertyValueSpecification\",\"valueRequired\":true,\"valueName\":\"search_term_string\"}}],\"inLanguage\":\"es\"},{\"@type\":\"Person\",\"@id\":\"https:\\\/\\\/www.cope.es\\\/blogs\\\/a-tumba-abierta\\\/#\\\/schema\\\/person\\\/413f6566db421693223476f6b63a643b\",\"name\":\"Crist\u00f3bal Cabezas\",\"image\":{\"@type\":\"ImageObject\",\"inLanguage\":\"es\",\"@id\":\"https:\\\/\\\/secure.gravatar.com\\\/avatar\\\/361550a2a3cac91688caa1b00f2a1fa4e89a6c4361562ca29a361ce0041974c2?s=96&d=mm&r=g\",\"url\":\"https:\\\/\\\/secure.gravatar.com\\\/avatar\\\/361550a2a3cac91688caa1b00f2a1fa4e89a6c4361562ca29a361ce0041974c2?s=96&d=mm&r=g\",\"contentUrl\":\"https:\\\/\\\/secure.gravatar.com\\\/avatar\\\/361550a2a3cac91688caa1b00f2a1fa4e89a6c4361562ca29a361ce0041974c2?s=96&d=mm&r=g\",\"caption\":\"Crist\u00f3bal Cabezas\"},\"description\":\"Crist\u00f3bal Cabezas es Licenciado en Periodismo por la Universidad Complutense de Madrid y T\u00edtulo en T\u00e9cnico en Comunicaci\u00f3n Integral por la Universidad Francisco de Vitoria. Tras desempe\u00f1ar tareas informativas en diferentes medios, recal\u00f3 en la Cadena COPE en el a\u00f1o 2005. Desde entonces, ha trabajado en las emisoras de Madrid, Granada, Jaca (Huesca) y Toledo, en donde se incorpor\u00f3 en 2013 como Jefe de Informativos de la Cadena COPE en Castilla-La Mancha. Siempre tuvo claro que quer\u00eda ser periodista y, a esa afici\u00f3n, se uni\u00f3 la del ciclismo, deporte con el que ha disfrutado mucho, tanto a trav\u00e9s de los medios de comunicaci\u00f3n como asistiendo en directo a diferentes carreras ciclistas. El inter\u00e9s que siempre mostr\u00f3 con todo lo relacionado con Internet y las redes sociales, fue reconocido con el Premio \u201cD\u00eda de Internet\u201d en la categor\u00eda de \u201cMejor Periodista Digital\u201d por sus trabajos en la Cadena COPE. Precisamente, esa pasi\u00f3n por las nuevas tecnolog\u00edas, espera que sea el \u201cveh\u00edculo\u201d para poder contar \u201cA Tumba Abierta\u201d las mejores historias del deporte de las dos ruedas.\",\"sameAs\":[\"http:\\\/\\\/www.cope.es\",\"https:\\\/\\\/es-es.facebook.com\\\/cristobal.cabezasmartin\",\"https:\\\/\\\/x.com\\\/cristoblcabezas\"],\"url\":\"https:\\\/\\\/www.cope.es\\\/blogs\\\/a-tumba-abierta\\\/author\\\/ccabezas\\\/\"}]}<\/script>\n<!-- \/ Yoast SEO plugin. -->","yoast_head_json":{"title":"El Uno-X ser\u00e1 el primer equipo noruego en participar en un Tour","description":"La gran novedad en la pr\u00f3xima edici\u00f3n de la 'Grande Boucle' ser\u00e1 la participaci\u00f3n del conjunto noruego Uno-X Pro Cycling Team.","robots":{"index":"index","follow":"follow","max-snippet":"max-snippet:-1","max-image-preview":"max-image-preview:large","max-video-preview":"max-video-preview:-1"},"canonical":"https:\/\/www.cope.es\/blogs\/a-tumba-abierta\/2023\/01\/04\/el-uno-x-sera-el-primer-equipo-escandinavo-en-participar-en-un-tour\/","og_locale":"es_ES","og_type":"article","og_title":"El Uno-X ser\u00e1 el primer equipo noruego en participar en un Tour","og_description":"La gran novedad en la pr\u00f3xima edici\u00f3n de la 'Grande Boucle' ser\u00e1 la participaci\u00f3n del conjunto noruego Uno-X Pro Cycling Team.","og_url":"https:\/\/www.cope.es\/blogs\/a-tumba-abierta\/2023\/01\/04\/el-uno-x-sera-el-primer-equipo-escandinavo-en-participar-en-un-tour\/","og_site_name":"A Tumba Abierta","article_publisher":"https:\/\/www.facebook.com\/cope\/","article_author":"https:\/\/es-es.facebook.com\/cristobal.cabezasmartin","article_published_time":"2023-01-04T18:21:35+00:00","article_modified_time":"2023-01-05T19:34:36+00:00","og_image":[{"width":999,"height":366,"url":"https:\/\/www.cope.es\/blogs\/a-tumba-abierta\/wp-content\/uploads\/sites\/23\/2023\/01\/ok.jpg","type":"image\/jpeg"}],"author":"Crist\u00f3bal Cabezas","twitter_card":"summary_large_image","twitter_creator":"@cristoblcabezas","twitter_site":"@cope_es","twitter_misc":{"Escrito por":"Crist\u00f3bal Cabezas","Tiempo de lectura":"1 minuto"},"schema":{"@context":"https:\/\/schema.org","@graph":[{"@type":"Article","@id":"https:\/\/www.cope.es\/blogs\/a-tumba-abierta\/2023\/01\/04\/el-uno-x-sera-el-primer-equipo-escandinavo-en-participar-en-un-tour\/#article","isPartOf":{"@id":"https:\/\/www.cope.es\/blogs\/a-tumba-abierta\/2023\/01\/04\/el-uno-x-sera-el-primer-equipo-escandinavo-en-participar-en-un-tour\/"},"author":{"name":"Crist\u00f3bal Cabezas","@id":"https:\/\/www.cope.es\/blogs\/a-tumba-abierta\/#\/schema\/person\/413f6566db421693223476f6b63a643b"},"headline":"El Uno-X ser\u00e1 el primer equipo noruego en participar en un Tour de Francia","datePublished":"2023-01-04T18:21:35+00:00","dateModified":"2023-01-05T19:34:36+00:00","mainEntityOfPage":{"@id":"https:\/\/www.cope.es\/blogs\/a-tumba-abierta\/2023\/01\/04\/el-uno-x-sera-el-primer-equipo-escandinavo-en-participar-en-un-tour\/"},"wordCount":222,"commentCount":0,"image":{"@id":"https:\/\/www.cope.es\/blogs\/a-tumba-abierta\/2023\/01\/04\/el-uno-x-sera-el-primer-equipo-escandinavo-en-participar-en-un-tour\/#primaryimage"},"thumbnailUrl":"https:\/\/www.cope.es\/blogs\/a-tumba-abierta\/wp-content\/uploads\/sites\/23\/2023\/01\/ok.jpg","keywords":["Uno-X Pro Cycling Team"],"articleSection":["Actualidad"],"inLanguage":"es","potentialAction":[{"@type":"CommentAction","name":"Comment","target":["https:\/\/www.cope.es\/blogs\/a-tumba-abierta\/2023\/01\/04\/el-uno-x-sera-el-primer-equipo-escandinavo-en-participar-en-un-tour\/#respond"]}]},{"@type":"WebPage","@id":"https:\/\/www.cope.es\/blogs\/a-tumba-abierta\/2023\/01\/04\/el-uno-x-sera-el-primer-equipo-escandinavo-en-participar-en-un-tour\/","url":"https:\/\/www.cope.es\/blogs\/a-tumba-abierta\/2023\/01\/04\/el-uno-x-sera-el-primer-equipo-escandinavo-en-participar-en-un-tour\/","name":"El Uno-X ser\u00e1 el primer equipo noruego en participar en un Tour","isPartOf":{"@id":"https:\/\/www.cope.es\/blogs\/a-tumba-abierta\/#website"},"primaryImageOfPage":{"@id":"https:\/\/www.cope.es\/blogs\/a-tumba-abierta\/2023\/01\/04\/el-uno-x-sera-el-primer-equipo-escandinavo-en-participar-en-un-tour\/#primaryimage"},"image":{"@id":"https:\/\/www.cope.es\/blogs\/a-tumba-abierta\/2023\/01\/04\/el-uno-x-sera-el-primer-equipo-escandinavo-en-participar-en-un-tour\/#primaryimage"},"thumbnailUrl":"https:\/\/www.cope.es\/blogs\/a-tumba-abierta\/wp-content\/uploads\/sites\/23\/2023\/01\/ok.jpg","datePublished":"2023-01-04T18:21:35+00:00","dateModified":"2023-01-05T19:34:36+00:00","author":{"@id":"https:\/\/www.cope.es\/blogs\/a-tumba-abierta\/#\/schema\/person\/413f6566db421693223476f6b63a643b"},"description":"La gran novedad en la pr\u00f3xima edici\u00f3n de la 'Grande Boucle' ser\u00e1 la participaci\u00f3n del conjunto noruego Uno-X Pro Cycling Team.","breadcrumb":{"@id":"https:\/\/www.cope.es\/blogs\/a-tumba-abierta\/2023\/01\/04\/el-uno-x-sera-el-primer-equipo-escandinavo-en-participar-en-un-tour\/#breadcrumb"},"inLanguage":"es","potentialAction":[{"@type":"ReadAction","target":["https:\/\/www.cope.es\/blogs\/a-tumba-abierta\/2023\/01\/04\/el-uno-x-sera-el-primer-equipo-escandinavo-en-participar-en-un-tour\/"]}]},{"@type":"ImageObject","inLanguage":"es","@id":"https:\/\/www.cope.es\/blogs\/a-tumba-abierta\/2023\/01\/04\/el-uno-x-sera-el-primer-equipo-escandinavo-en-participar-en-un-tour\/#primaryimage","url":"https:\/\/www.cope.es\/blogs\/a-tumba-abierta\/wp-content\/uploads\/sites\/23\/2023\/01\/ok.jpg","contentUrl":"https:\/\/www.cope.es\/blogs\/a-tumba-abierta\/wp-content\/uploads\/sites\/23\/2023\/01\/ok.jpg","width":999,"height":366,"caption":"La gran novedad en la pr\u00f3xima edici\u00f3n de la 'Grande Boucle' ser\u00e1 la participaci\u00f3n del conjunto noruego del Uno-X Pro Cycling Team."},{"@type":"BreadcrumbList","@id":"https:\/\/www.cope.es\/blogs\/a-tumba-abierta\/2023\/01\/04\/el-uno-x-sera-el-primer-equipo-escandinavo-en-participar-en-un-tour\/#breadcrumb","itemListElement":[{"@type":"ListItem","position":1,"name":"Portada","item":"https:\/\/www.cope.es\/blogs\/a-tumba-abierta\/"},{"@type":"ListItem","position":2,"name":"El Uno-X ser\u00e1 el primer equipo noruego en participar en un Tour de Francia"}]},{"@type":"WebSite","@id":"https:\/\/www.cope.es\/blogs\/a-tumba-abierta\/#website","url":"https:\/\/www.cope.es\/blogs\/a-tumba-abierta\/","name":"A Tumba Abierta","description":"Blog de ciclismo en COPE","potentialAction":[{"@type":"SearchAction","target":{"@type":"EntryPoint","urlTemplate":"https:\/\/www.cope.es\/blogs\/a-tumba-abierta\/?s={search_term_string}"},"query-input":{"@type":"PropertyValueSpecification","valueRequired":true,"valueName":"search_term_string"}}],"inLanguage":"es"},{"@type":"Person","@id":"https:\/\/www.cope.es\/blogs\/a-tumba-abierta\/#\/schema\/person\/413f6566db421693223476f6b63a643b","name":"Crist\u00f3bal Cabezas","image":{"@type":"ImageObject","inLanguage":"es","@id":"https:\/\/secure.gravatar.com\/avatar\/361550a2a3cac91688caa1b00f2a1fa4e89a6c4361562ca29a361ce0041974c2?s=96&d=mm&r=g","url":"https:\/\/secure.gravatar.com\/avatar\/361550a2a3cac91688caa1b00f2a1fa4e89a6c4361562ca29a361ce0041974c2?s=96&d=mm&r=g","contentUrl":"https:\/\/secure.gravatar.com\/avatar\/361550a2a3cac91688caa1b00f2a1fa4e89a6c4361562ca29a361ce0041974c2?s=96&d=mm&r=g","caption":"Crist\u00f3bal Cabezas"},"description":"Crist\u00f3bal Cabezas es Licenciado en Periodismo por la Universidad Complutense de Madrid y T\u00edtulo en T\u00e9cnico en Comunicaci\u00f3n Integral por la Universidad Francisco de Vitoria. Tras desempe\u00f1ar tareas informativas en diferentes medios, recal\u00f3 en la Cadena COPE en el a\u00f1o 2005. Desde entonces, ha trabajado en las emisoras de Madrid, Granada, Jaca (Huesca) y Toledo, en donde se incorpor\u00f3 en 2013 como Jefe de Informativos de la Cadena COPE en Castilla-La Mancha. Siempre tuvo claro que quer\u00eda ser periodista y, a esa afici\u00f3n, se uni\u00f3 la del ciclismo, deporte con el que ha disfrutado mucho, tanto a trav\u00e9s de los medios de comunicaci\u00f3n como asistiendo en directo a diferentes carreras ciclistas. El inter\u00e9s que siempre mostr\u00f3 con todo lo relacionado con Internet y las redes sociales, fue reconocido con el Premio \u201cD\u00eda de Internet\u201d en la categor\u00eda de \u201cMejor Periodista Digital\u201d por sus trabajos en la Cadena COPE. Precisamente, esa pasi\u00f3n por las nuevas tecnolog\u00edas, espera que sea el \u201cveh\u00edculo\u201d para poder contar \u201cA Tumba Abierta\u201d las mejores historias del deporte de las dos ruedas.","sameAs":["http:\/\/www.cope.es","https:\/\/es-es.facebook.com\/cristobal.cabezasmartin","https:\/\/x.com\/cristoblcabezas"],"url":"https:\/\/www.cope.es\/blogs\/a-tumba-abierta\/author\/ccabezas\/"}]}},"amp_enabled":true,"_links":{"self":[{"href":"https:\/\/www.cope.es\/blogs\/a-tumba-abierta\/wp-json\/wp\/v2\/posts\/2001","targetHints":{"allow":["GET"]}}],"collection":[{"href":"https:\/\/www.cope.es\/blogs\/a-tumba-abierta\/wp-json\/wp\/v2\/posts"}],"about":[{"href":"https:\/\/www.cope.es\/blogs\/a-tumba-abierta\/wp-json\/wp\/v2\/types\/post"}],"author":[{"embeddable":true,"href":"https:\/\/www.cope.es\/blogs\/a-tumba-abierta\/wp-json\/wp\/v2\/users\/24"}],"replies":[{"embeddable":true,"href":"https:\/\/www.cope.es\/blogs\/a-tumba-abierta\/wp-json\/wp\/v2\/comments?post=2001"}],"version-history":[{"count":2,"href":"https:\/\/www.cope.es\/blogs\/a-tumba-abierta\/wp-json\/wp\/v2\/posts\/2001\/revisions"}],"predecessor-version":[{"id":2009,"href":"https:\/\/www.cope.es\/blogs\/a-tumba-abierta\/wp-json\/wp\/v2\/posts\/2001\/revisions\/2009"}],"wp:featuredmedia":[{"embeddable":true,"href":"https:\/\/www.cope.es\/blogs\/a-tumba-abierta\/wp-json\/wp\/v2\/media\/2002"}],"wp:attachment":[{"href":"https:\/\/www.cope.es\/blogs\/a-tumba-abierta\/wp-json\/wp\/v2\/media?parent=2001"}],"wp:term":[{"taxonomy":"category","embeddable":true,"href":"https:\/\/www.cope.es\/blogs\/a-tumba-abierta\/wp-json\/wp\/v2\/categories?post=2001"},{"taxonomy":"post_tag","embeddable":true,"href":"https:\/\/www.cope.es\/blogs\/a-tumba-abierta\/wp-json\/wp\/v2\/tags?post=2001"}],"curies":[{"name":"wp","href":"https:\/\/api.w.org\/{rel}","templated":true}]}}