{"id":1959,"date":"2022-12-29T19:13:52","date_gmt":"2022-12-29T18:13:52","guid":{"rendered":"http:\/\/www.cope.es\/blogs\/a-tumba-abierta\/?p=1959"},"modified":"2022-12-29T22:01:42","modified_gmt":"2022-12-29T21:01:42","slug":"enric-mas-mis-objetivos-para-2023-seran-el-tour-y-la-vuelta","status":"publish","type":"post","link":"https:\/\/www.cope.es\/blogs\/a-tumba-abierta\/2022\/12\/29\/enric-mas-mis-objetivos-para-2023-seran-el-tour-y-la-vuelta\/","title":{"rendered":"Enric Mas: \u201cMis objetivos para 2023 ser\u00e1n el Tour y La Vuelta\u201d"},"content":{"rendered":"<p>El ciclista espa\u00f1ol <strong>Enric Mas<\/strong> se mostr\u00f3 esperanzado en &#8220;empezar&#8221; la temporada de 2023 como ha &#8220;terminado&#8221; la de 2022. En un acto en Madrid, Mas destac\u00f3 que lo principal en el pr\u00f3ximo curso ser\u00e1 &#8220;disfrutar sobre la bicicleta. Sue\u00f1o con empezar como hemos terminado la temporada&#8221;, se\u00f1al\u00f3.<\/p>\n<p>El balear record\u00f3 que tuvo un periodo complicado la pasada campa\u00f1a. &#8220;Estuve dos meses ausente del propio Enric, pero cuando volv\u00ed a entrenar despu\u00e9s del coronavirus me di cuenta de que hab\u00eda vuelto Enric, fue algo sobre todo m\u00e1s duro a nivel mental\u201d, afirm\u00f3.<\/p>\n<p>Ahora, tiene como &#8220;objetivos&#8221; para 2023 el Tour y La Vuelta. &#8220;Este a\u00f1o, el Tour empieza en casa y va a ser una motivaci\u00f3n enorme. Pienso en esos d\u00edas en el norte de Espa\u00f1a, que conocemos esas carreteras y so\u00f1amos con que alguien vista el maillot amarillo&#8221;, advirti\u00f3.<\/p>\n<p>El corredor de Movistar Team tiene claro que &#8220;para la confianza de uno mismo y para el verano es importante ganar tambi\u00e9n en primavera&#8221;. &#8220;Pero tenemos que estar muy bien durante toda la temporada&#8221;, puntualiz\u00f3.<\/p>\n<p>Del a\u00f1o pasado, el ciclista espa\u00f1ol cree que vivi\u00f3 &#8220;dos partes&#8221; con la afici\u00f3n. &#8220;Durante el verano me dieron muchos palos porque no estaba en mi sitio, pero al final de temporada la afici\u00f3n nos ha apoyado mucho&#8221;, celebr\u00f3.<\/p>\n<p>Finalmente, de las incorporaciones para este a\u00f1o, se refiri\u00f3 al velocista <strong>Fernando Gaviria<\/strong>, al que tiene &#8220;mucho cari\u00f1o&#8221; ya que coincidieron en el Quick Step. &#8220;Lo puede hacer muy bien si encuentra la motivaci\u00f3n que ten\u00eda antes. El equipo nunca ha tenido un corredor como \u00e9l&#8221;, concluy\u00f3.<\/p>\n<p>El corredor balear Enric Mas es el protagonista de este jueves, 29 de diciembre, en <a href=\"http:\/\/www.cope.es\/blogs\/a-tumba-abierta\/\" target=\"_blank\">\u201cA Tumba Abierta\u201d<\/a>, un blog dirigido por <strong>Crist\u00f3bal Cabezas<\/strong> en el que el ciclismo es siempre el gran protagonista.<\/p>\n","protected":false},"excerpt":{"rendered":"<p>El ciclista espa\u00f1ol Enric Mas se mostr\u00f3 esperanzado en &#8220;empezar&#8221; la temporada de 2023 como ha &#8220;terminado&#8221; la de 2022. En un acto en Madrid, Mas destac\u00f3 que lo principal en el pr\u00f3ximo curso ser\u00e1 &#8220;disfrutar sobre la bicicleta. Sue\u00f1o con empezar como hemos terminado la temporada&#8221;, se\u00f1al\u00f3. El balear record\u00f3 que tuvo un periodo [&hellip;]<\/p>\n","protected":false},"author":24,"featured_media":1960,"comment_status":"open","ping_status":"open","sticky":false,"template":"","format":"standard","meta":{"footnotes":""},"categories":[140],"tags":[153,12,505],"class_list":["post-1959","post","type-post","status-publish","format-standard","has-post-thumbnail","hentry","category-actualidad","tag-enric-mas","tag-tour-de-francia","tag-vuelta-ciclista-a-espana"],"yoast_head":"<!-- This site is optimized with the Yoast SEO plugin v27.4 - https:\/\/yoast.com\/product\/yoast-seo-wordpress\/ -->\n<title>Enric Mas: \u201cMis objetivos para 2023 ser\u00e1n el Tour y La Vuelta\u201d<\/title>\n<meta name=\"description\" content=\"Enric Mas tiene como &quot;objetivos&quot; para 2023 el Tour y La Vuelta. &quot;Este a\u00f1o, el Tour empieza en casa y va a ser una motivaci\u00f3n enorme&quot;, afirm\u00f3.\" \/>\n<meta name=\"robots\" content=\"index, follow, max-snippet:-1, max-image-preview:large, max-video-preview:-1\" \/>\n<link rel=\"canonical\" href=\"https:\/\/www.cope.es\/blogs\/a-tumba-abierta\/2022\/12\/29\/enric-mas-mis-objetivos-para-2023-seran-el-tour-y-la-vuelta\/\" \/>\n<meta property=\"og:locale\" content=\"es_ES\" \/>\n<meta property=\"og:type\" content=\"article\" \/>\n<meta property=\"og:title\" content=\"Enric Mas: \u201cMis objetivos para 2023 ser\u00e1n el Tour y La Vuelta\u201d\" \/>\n<meta property=\"og:description\" content=\"Enric Mas tiene como &quot;objetivos&quot; para 2023 el Tour y La Vuelta. &quot;Este a\u00f1o, el Tour empieza en casa y va a ser una motivaci\u00f3n enorme&quot;, afirm\u00f3.\" \/>\n<meta property=\"og:url\" content=\"https:\/\/www.cope.es\/blogs\/a-tumba-abierta\/2022\/12\/29\/enric-mas-mis-objetivos-para-2023-seran-el-tour-y-la-vuelta\/\" \/>\n<meta property=\"og:site_name\" content=\"A Tumba Abierta\" \/>\n<meta property=\"article:publisher\" content=\"https:\/\/www.facebook.com\/cope\/\" \/>\n<meta property=\"article:author\" content=\"https:\/\/es-es.facebook.com\/cristobal.cabezasmartin\" \/>\n<meta property=\"article:published_time\" content=\"2022-12-29T18:13:52+00:00\" \/>\n<meta property=\"article:modified_time\" content=\"2022-12-29T21:01:42+00:00\" \/>\n<meta property=\"og:image\" content=\"https:\/\/www.cope.es\/blogs\/a-tumba-abierta\/wp-content\/uploads\/sites\/23\/2022\/12\/ok.jpg\" \/>\n\t<meta property=\"og:image:width\" content=\"2043\" \/>\n\t<meta property=\"og:image:height\" content=\"637\" \/>\n\t<meta property=\"og:image:type\" content=\"image\/jpeg\" \/>\n<meta name=\"author\" content=\"Crist\u00f3bal Cabezas\" \/>\n<meta name=\"twitter:card\" content=\"summary_large_image\" \/>\n<meta name=\"twitter:creator\" content=\"@cristoblcabezas\" \/>\n<meta name=\"twitter:site\" content=\"@cope_es\" \/>\n<meta name=\"twitter:label1\" content=\"Escrito por\" \/>\n\t<meta name=\"twitter:data1\" content=\"Crist\u00f3bal Cabezas\" \/>\n\t<meta name=\"twitter:label2\" content=\"Tiempo de lectura\" \/>\n\t<meta name=\"twitter:data2\" content=\"2 minutos\" \/>\n<script type=\"application\/ld+json\" class=\"yoast-schema-graph\">{\"@context\":\"https:\\\/\\\/schema.org\",\"@graph\":[{\"@type\":\"Article\",\"@id\":\"https:\\\/\\\/www.cope.es\\\/blogs\\\/a-tumba-abierta\\\/2022\\\/12\\\/29\\\/enric-mas-mis-objetivos-para-2023-seran-el-tour-y-la-vuelta\\\/#article\",\"isPartOf\":{\"@id\":\"https:\\\/\\\/www.cope.es\\\/blogs\\\/a-tumba-abierta\\\/2022\\\/12\\\/29\\\/enric-mas-mis-objetivos-para-2023-seran-el-tour-y-la-vuelta\\\/\"},\"author\":{\"name\":\"Crist\u00f3bal Cabezas\",\"@id\":\"https:\\\/\\\/www.cope.es\\\/blogs\\\/a-tumba-abierta\\\/#\\\/schema\\\/person\\\/413f6566db421693223476f6b63a643b\"},\"headline\":\"Enric Mas: \u201cMis objetivos para 2023 ser\u00e1n el Tour y La Vuelta\u201d\",\"datePublished\":\"2022-12-29T18:13:52+00:00\",\"dateModified\":\"2022-12-29T21:01:42+00:00\",\"mainEntityOfPage\":{\"@id\":\"https:\\\/\\\/www.cope.es\\\/blogs\\\/a-tumba-abierta\\\/2022\\\/12\\\/29\\\/enric-mas-mis-objetivos-para-2023-seran-el-tour-y-la-vuelta\\\/\"},\"wordCount\":326,\"commentCount\":0,\"image\":{\"@id\":\"https:\\\/\\\/www.cope.es\\\/blogs\\\/a-tumba-abierta\\\/2022\\\/12\\\/29\\\/enric-mas-mis-objetivos-para-2023-seran-el-tour-y-la-vuelta\\\/#primaryimage\"},\"thumbnailUrl\":\"https:\\\/\\\/www.cope.es\\\/blogs\\\/a-tumba-abierta\\\/wp-content\\\/uploads\\\/sites\\\/23\\\/2022\\\/12\\\/ok.jpg\",\"keywords\":[\"Enric Mas\",\"Tour de Francia\",\"Vuelta Ciclista a Espa\u00f1a\"],\"articleSection\":[\"Actualidad\"],\"inLanguage\":\"es\",\"potentialAction\":[{\"@type\":\"CommentAction\",\"name\":\"Comment\",\"target\":[\"https:\\\/\\\/www.cope.es\\\/blogs\\\/a-tumba-abierta\\\/2022\\\/12\\\/29\\\/enric-mas-mis-objetivos-para-2023-seran-el-tour-y-la-vuelta\\\/#respond\"]}]},{\"@type\":\"WebPage\",\"@id\":\"https:\\\/\\\/www.cope.es\\\/blogs\\\/a-tumba-abierta\\\/2022\\\/12\\\/29\\\/enric-mas-mis-objetivos-para-2023-seran-el-tour-y-la-vuelta\\\/\",\"url\":\"https:\\\/\\\/www.cope.es\\\/blogs\\\/a-tumba-abierta\\\/2022\\\/12\\\/29\\\/enric-mas-mis-objetivos-para-2023-seran-el-tour-y-la-vuelta\\\/\",\"name\":\"Enric Mas: \u201cMis objetivos para 2023 ser\u00e1n el Tour y La Vuelta\u201d\",\"isPartOf\":{\"@id\":\"https:\\\/\\\/www.cope.es\\\/blogs\\\/a-tumba-abierta\\\/#website\"},\"primaryImageOfPage\":{\"@id\":\"https:\\\/\\\/www.cope.es\\\/blogs\\\/a-tumba-abierta\\\/2022\\\/12\\\/29\\\/enric-mas-mis-objetivos-para-2023-seran-el-tour-y-la-vuelta\\\/#primaryimage\"},\"image\":{\"@id\":\"https:\\\/\\\/www.cope.es\\\/blogs\\\/a-tumba-abierta\\\/2022\\\/12\\\/29\\\/enric-mas-mis-objetivos-para-2023-seran-el-tour-y-la-vuelta\\\/#primaryimage\"},\"thumbnailUrl\":\"https:\\\/\\\/www.cope.es\\\/blogs\\\/a-tumba-abierta\\\/wp-content\\\/uploads\\\/sites\\\/23\\\/2022\\\/12\\\/ok.jpg\",\"datePublished\":\"2022-12-29T18:13:52+00:00\",\"dateModified\":\"2022-12-29T21:01:42+00:00\",\"author\":{\"@id\":\"https:\\\/\\\/www.cope.es\\\/blogs\\\/a-tumba-abierta\\\/#\\\/schema\\\/person\\\/413f6566db421693223476f6b63a643b\"},\"description\":\"Enric Mas tiene como \\\"objetivos\\\" para 2023 el Tour y La Vuelta. \\\"Este a\u00f1o, el Tour empieza en casa y va a ser una motivaci\u00f3n enorme\\\", afirm\u00f3.\",\"breadcrumb\":{\"@id\":\"https:\\\/\\\/www.cope.es\\\/blogs\\\/a-tumba-abierta\\\/2022\\\/12\\\/29\\\/enric-mas-mis-objetivos-para-2023-seran-el-tour-y-la-vuelta\\\/#breadcrumb\"},\"inLanguage\":\"es\",\"potentialAction\":[{\"@type\":\"ReadAction\",\"target\":[\"https:\\\/\\\/www.cope.es\\\/blogs\\\/a-tumba-abierta\\\/2022\\\/12\\\/29\\\/enric-mas-mis-objetivos-para-2023-seran-el-tour-y-la-vuelta\\\/\"]}]},{\"@type\":\"ImageObject\",\"inLanguage\":\"es\",\"@id\":\"https:\\\/\\\/www.cope.es\\\/blogs\\\/a-tumba-abierta\\\/2022\\\/12\\\/29\\\/enric-mas-mis-objetivos-para-2023-seran-el-tour-y-la-vuelta\\\/#primaryimage\",\"url\":\"https:\\\/\\\/www.cope.es\\\/blogs\\\/a-tumba-abierta\\\/wp-content\\\/uploads\\\/sites\\\/23\\\/2022\\\/12\\\/ok.jpg\",\"contentUrl\":\"https:\\\/\\\/www.cope.es\\\/blogs\\\/a-tumba-abierta\\\/wp-content\\\/uploads\\\/sites\\\/23\\\/2022\\\/12\\\/ok.jpg\",\"width\":2043,\"height\":637,\"caption\":\"El ciclista espa\u00f1ol Enric Mas se mostr\u00f3 esperanzado de \\\"empezar\\\" la temporada de 2023 como ha \\\"terminado\\\" la de 2022.\"},{\"@type\":\"BreadcrumbList\",\"@id\":\"https:\\\/\\\/www.cope.es\\\/blogs\\\/a-tumba-abierta\\\/2022\\\/12\\\/29\\\/enric-mas-mis-objetivos-para-2023-seran-el-tour-y-la-vuelta\\\/#breadcrumb\",\"itemListElement\":[{\"@type\":\"ListItem\",\"position\":1,\"name\":\"Portada\",\"item\":\"https:\\\/\\\/www.cope.es\\\/blogs\\\/a-tumba-abierta\\\/\"},{\"@type\":\"ListItem\",\"position\":2,\"name\":\"Enric Mas: \u201cMis objetivos para 2023 ser\u00e1n el Tour y La Vuelta\u201d\"}]},{\"@type\":\"WebSite\",\"@id\":\"https:\\\/\\\/www.cope.es\\\/blogs\\\/a-tumba-abierta\\\/#website\",\"url\":\"https:\\\/\\\/www.cope.es\\\/blogs\\\/a-tumba-abierta\\\/\",\"name\":\"A Tumba Abierta\",\"description\":\"Blog de ciclismo en COPE\",\"potentialAction\":[{\"@type\":\"SearchAction\",\"target\":{\"@type\":\"EntryPoint\",\"urlTemplate\":\"https:\\\/\\\/www.cope.es\\\/blogs\\\/a-tumba-abierta\\\/?s={search_term_string}\"},\"query-input\":{\"@type\":\"PropertyValueSpecification\",\"valueRequired\":true,\"valueName\":\"search_term_string\"}}],\"inLanguage\":\"es\"},{\"@type\":\"Person\",\"@id\":\"https:\\\/\\\/www.cope.es\\\/blogs\\\/a-tumba-abierta\\\/#\\\/schema\\\/person\\\/413f6566db421693223476f6b63a643b\",\"name\":\"Crist\u00f3bal Cabezas\",\"image\":{\"@type\":\"ImageObject\",\"inLanguage\":\"es\",\"@id\":\"https:\\\/\\\/secure.gravatar.com\\\/avatar\\\/361550a2a3cac91688caa1b00f2a1fa4e89a6c4361562ca29a361ce0041974c2?s=96&d=mm&r=g\",\"url\":\"https:\\\/\\\/secure.gravatar.com\\\/avatar\\\/361550a2a3cac91688caa1b00f2a1fa4e89a6c4361562ca29a361ce0041974c2?s=96&d=mm&r=g\",\"contentUrl\":\"https:\\\/\\\/secure.gravatar.com\\\/avatar\\\/361550a2a3cac91688caa1b00f2a1fa4e89a6c4361562ca29a361ce0041974c2?s=96&d=mm&r=g\",\"caption\":\"Crist\u00f3bal Cabezas\"},\"description\":\"Crist\u00f3bal Cabezas es Licenciado en Periodismo por la Universidad Complutense de Madrid y T\u00edtulo en T\u00e9cnico en Comunicaci\u00f3n Integral por la Universidad Francisco de Vitoria. Tras desempe\u00f1ar tareas informativas en diferentes medios, recal\u00f3 en la Cadena COPE en el a\u00f1o 2005. Desde entonces, ha trabajado en las emisoras de Madrid, Granada, Jaca (Huesca) y Toledo, en donde se incorpor\u00f3 en 2013 como Jefe de Informativos de la Cadena COPE en Castilla-La Mancha. Siempre tuvo claro que quer\u00eda ser periodista y, a esa afici\u00f3n, se uni\u00f3 la del ciclismo, deporte con el que ha disfrutado mucho, tanto a trav\u00e9s de los medios de comunicaci\u00f3n como asistiendo en directo a diferentes carreras ciclistas. El inter\u00e9s que siempre mostr\u00f3 con todo lo relacionado con Internet y las redes sociales, fue reconocido con el Premio \u201cD\u00eda de Internet\u201d en la categor\u00eda de \u201cMejor Periodista Digital\u201d por sus trabajos en la Cadena COPE. Precisamente, esa pasi\u00f3n por las nuevas tecnolog\u00edas, espera que sea el \u201cveh\u00edculo\u201d para poder contar \u201cA Tumba Abierta\u201d las mejores historias del deporte de las dos ruedas.\",\"sameAs\":[\"http:\\\/\\\/www.cope.es\",\"https:\\\/\\\/es-es.facebook.com\\\/cristobal.cabezasmartin\",\"https:\\\/\\\/x.com\\\/cristoblcabezas\"],\"url\":\"https:\\\/\\\/www.cope.es\\\/blogs\\\/a-tumba-abierta\\\/author\\\/ccabezas\\\/\"}]}<\/script>\n<!-- \/ Yoast SEO plugin. -->","yoast_head_json":{"title":"Enric Mas: \u201cMis objetivos para 2023 ser\u00e1n el Tour y La Vuelta\u201d","description":"Enric Mas tiene como \"objetivos\" para 2023 el Tour y La Vuelta. \"Este a\u00f1o, el Tour empieza en casa y va a ser una motivaci\u00f3n enorme\", afirm\u00f3.","robots":{"index":"index","follow":"follow","max-snippet":"max-snippet:-1","max-image-preview":"max-image-preview:large","max-video-preview":"max-video-preview:-1"},"canonical":"https:\/\/www.cope.es\/blogs\/a-tumba-abierta\/2022\/12\/29\/enric-mas-mis-objetivos-para-2023-seran-el-tour-y-la-vuelta\/","og_locale":"es_ES","og_type":"article","og_title":"Enric Mas: \u201cMis objetivos para 2023 ser\u00e1n el Tour y La Vuelta\u201d","og_description":"Enric Mas tiene como \"objetivos\" para 2023 el Tour y La Vuelta. \"Este a\u00f1o, el Tour empieza en casa y va a ser una motivaci\u00f3n enorme\", afirm\u00f3.","og_url":"https:\/\/www.cope.es\/blogs\/a-tumba-abierta\/2022\/12\/29\/enric-mas-mis-objetivos-para-2023-seran-el-tour-y-la-vuelta\/","og_site_name":"A Tumba Abierta","article_publisher":"https:\/\/www.facebook.com\/cope\/","article_author":"https:\/\/es-es.facebook.com\/cristobal.cabezasmartin","article_published_time":"2022-12-29T18:13:52+00:00","article_modified_time":"2022-12-29T21:01:42+00:00","og_image":[{"width":2043,"height":637,"url":"https:\/\/www.cope.es\/blogs\/a-tumba-abierta\/wp-content\/uploads\/sites\/23\/2022\/12\/ok.jpg","type":"image\/jpeg"}],"author":"Crist\u00f3bal Cabezas","twitter_card":"summary_large_image","twitter_creator":"@cristoblcabezas","twitter_site":"@cope_es","twitter_misc":{"Escrito por":"Crist\u00f3bal Cabezas","Tiempo de lectura":"2 minutos"},"schema":{"@context":"https:\/\/schema.org","@graph":[{"@type":"Article","@id":"https:\/\/www.cope.es\/blogs\/a-tumba-abierta\/2022\/12\/29\/enric-mas-mis-objetivos-para-2023-seran-el-tour-y-la-vuelta\/#article","isPartOf":{"@id":"https:\/\/www.cope.es\/blogs\/a-tumba-abierta\/2022\/12\/29\/enric-mas-mis-objetivos-para-2023-seran-el-tour-y-la-vuelta\/"},"author":{"name":"Crist\u00f3bal Cabezas","@id":"https:\/\/www.cope.es\/blogs\/a-tumba-abierta\/#\/schema\/person\/413f6566db421693223476f6b63a643b"},"headline":"Enric Mas: \u201cMis objetivos para 2023 ser\u00e1n el Tour y La Vuelta\u201d","datePublished":"2022-12-29T18:13:52+00:00","dateModified":"2022-12-29T21:01:42+00:00","mainEntityOfPage":{"@id":"https:\/\/www.cope.es\/blogs\/a-tumba-abierta\/2022\/12\/29\/enric-mas-mis-objetivos-para-2023-seran-el-tour-y-la-vuelta\/"},"wordCount":326,"commentCount":0,"image":{"@id":"https:\/\/www.cope.es\/blogs\/a-tumba-abierta\/2022\/12\/29\/enric-mas-mis-objetivos-para-2023-seran-el-tour-y-la-vuelta\/#primaryimage"},"thumbnailUrl":"https:\/\/www.cope.es\/blogs\/a-tumba-abierta\/wp-content\/uploads\/sites\/23\/2022\/12\/ok.jpg","keywords":["Enric Mas","Tour de Francia","Vuelta Ciclista a Espa\u00f1a"],"articleSection":["Actualidad"],"inLanguage":"es","potentialAction":[{"@type":"CommentAction","name":"Comment","target":["https:\/\/www.cope.es\/blogs\/a-tumba-abierta\/2022\/12\/29\/enric-mas-mis-objetivos-para-2023-seran-el-tour-y-la-vuelta\/#respond"]}]},{"@type":"WebPage","@id":"https:\/\/www.cope.es\/blogs\/a-tumba-abierta\/2022\/12\/29\/enric-mas-mis-objetivos-para-2023-seran-el-tour-y-la-vuelta\/","url":"https:\/\/www.cope.es\/blogs\/a-tumba-abierta\/2022\/12\/29\/enric-mas-mis-objetivos-para-2023-seran-el-tour-y-la-vuelta\/","name":"Enric Mas: \u201cMis objetivos para 2023 ser\u00e1n el Tour y La Vuelta\u201d","isPartOf":{"@id":"https:\/\/www.cope.es\/blogs\/a-tumba-abierta\/#website"},"primaryImageOfPage":{"@id":"https:\/\/www.cope.es\/blogs\/a-tumba-abierta\/2022\/12\/29\/enric-mas-mis-objetivos-para-2023-seran-el-tour-y-la-vuelta\/#primaryimage"},"image":{"@id":"https:\/\/www.cope.es\/blogs\/a-tumba-abierta\/2022\/12\/29\/enric-mas-mis-objetivos-para-2023-seran-el-tour-y-la-vuelta\/#primaryimage"},"thumbnailUrl":"https:\/\/www.cope.es\/blogs\/a-tumba-abierta\/wp-content\/uploads\/sites\/23\/2022\/12\/ok.jpg","datePublished":"2022-12-29T18:13:52+00:00","dateModified":"2022-12-29T21:01:42+00:00","author":{"@id":"https:\/\/www.cope.es\/blogs\/a-tumba-abierta\/#\/schema\/person\/413f6566db421693223476f6b63a643b"},"description":"Enric Mas tiene como \"objetivos\" para 2023 el Tour y La Vuelta. \"Este a\u00f1o, el Tour empieza en casa y va a ser una motivaci\u00f3n enorme\", afirm\u00f3.","breadcrumb":{"@id":"https:\/\/www.cope.es\/blogs\/a-tumba-abierta\/2022\/12\/29\/enric-mas-mis-objetivos-para-2023-seran-el-tour-y-la-vuelta\/#breadcrumb"},"inLanguage":"es","potentialAction":[{"@type":"ReadAction","target":["https:\/\/www.cope.es\/blogs\/a-tumba-abierta\/2022\/12\/29\/enric-mas-mis-objetivos-para-2023-seran-el-tour-y-la-vuelta\/"]}]},{"@type":"ImageObject","inLanguage":"es","@id":"https:\/\/www.cope.es\/blogs\/a-tumba-abierta\/2022\/12\/29\/enric-mas-mis-objetivos-para-2023-seran-el-tour-y-la-vuelta\/#primaryimage","url":"https:\/\/www.cope.es\/blogs\/a-tumba-abierta\/wp-content\/uploads\/sites\/23\/2022\/12\/ok.jpg","contentUrl":"https:\/\/www.cope.es\/blogs\/a-tumba-abierta\/wp-content\/uploads\/sites\/23\/2022\/12\/ok.jpg","width":2043,"height":637,"caption":"El ciclista espa\u00f1ol Enric Mas se mostr\u00f3 esperanzado de \"empezar\" la temporada de 2023 como ha \"terminado\" la de 2022."},{"@type":"BreadcrumbList","@id":"https:\/\/www.cope.es\/blogs\/a-tumba-abierta\/2022\/12\/29\/enric-mas-mis-objetivos-para-2023-seran-el-tour-y-la-vuelta\/#breadcrumb","itemListElement":[{"@type":"ListItem","position":1,"name":"Portada","item":"https:\/\/www.cope.es\/blogs\/a-tumba-abierta\/"},{"@type":"ListItem","position":2,"name":"Enric Mas: \u201cMis objetivos para 2023 ser\u00e1n el Tour y La Vuelta\u201d"}]},{"@type":"WebSite","@id":"https:\/\/www.cope.es\/blogs\/a-tumba-abierta\/#website","url":"https:\/\/www.cope.es\/blogs\/a-tumba-abierta\/","name":"A Tumba Abierta","description":"Blog de ciclismo en COPE","potentialAction":[{"@type":"SearchAction","target":{"@type":"EntryPoint","urlTemplate":"https:\/\/www.cope.es\/blogs\/a-tumba-abierta\/?s={search_term_string}"},"query-input":{"@type":"PropertyValueSpecification","valueRequired":true,"valueName":"search_term_string"}}],"inLanguage":"es"},{"@type":"Person","@id":"https:\/\/www.cope.es\/blogs\/a-tumba-abierta\/#\/schema\/person\/413f6566db421693223476f6b63a643b","name":"Crist\u00f3bal Cabezas","image":{"@type":"ImageObject","inLanguage":"es","@id":"https:\/\/secure.gravatar.com\/avatar\/361550a2a3cac91688caa1b00f2a1fa4e89a6c4361562ca29a361ce0041974c2?s=96&d=mm&r=g","url":"https:\/\/secure.gravatar.com\/avatar\/361550a2a3cac91688caa1b00f2a1fa4e89a6c4361562ca29a361ce0041974c2?s=96&d=mm&r=g","contentUrl":"https:\/\/secure.gravatar.com\/avatar\/361550a2a3cac91688caa1b00f2a1fa4e89a6c4361562ca29a361ce0041974c2?s=96&d=mm&r=g","caption":"Crist\u00f3bal Cabezas"},"description":"Crist\u00f3bal Cabezas es Licenciado en Periodismo por la Universidad Complutense de Madrid y T\u00edtulo en T\u00e9cnico en Comunicaci\u00f3n Integral por la Universidad Francisco de Vitoria. Tras desempe\u00f1ar tareas informativas en diferentes medios, recal\u00f3 en la Cadena COPE en el a\u00f1o 2005. Desde entonces, ha trabajado en las emisoras de Madrid, Granada, Jaca (Huesca) y Toledo, en donde se incorpor\u00f3 en 2013 como Jefe de Informativos de la Cadena COPE en Castilla-La Mancha. Siempre tuvo claro que quer\u00eda ser periodista y, a esa afici\u00f3n, se uni\u00f3 la del ciclismo, deporte con el que ha disfrutado mucho, tanto a trav\u00e9s de los medios de comunicaci\u00f3n como asistiendo en directo a diferentes carreras ciclistas. El inter\u00e9s que siempre mostr\u00f3 con todo lo relacionado con Internet y las redes sociales, fue reconocido con el Premio \u201cD\u00eda de Internet\u201d en la categor\u00eda de \u201cMejor Periodista Digital\u201d por sus trabajos en la Cadena COPE. Precisamente, esa pasi\u00f3n por las nuevas tecnolog\u00edas, espera que sea el \u201cveh\u00edculo\u201d para poder contar \u201cA Tumba Abierta\u201d las mejores historias del deporte de las dos ruedas.","sameAs":["http:\/\/www.cope.es","https:\/\/es-es.facebook.com\/cristobal.cabezasmartin","https:\/\/x.com\/cristoblcabezas"],"url":"https:\/\/www.cope.es\/blogs\/a-tumba-abierta\/author\/ccabezas\/"}]}},"amp_enabled":true,"_links":{"self":[{"href":"https:\/\/www.cope.es\/blogs\/a-tumba-abierta\/wp-json\/wp\/v2\/posts\/1959","targetHints":{"allow":["GET"]}}],"collection":[{"href":"https:\/\/www.cope.es\/blogs\/a-tumba-abierta\/wp-json\/wp\/v2\/posts"}],"about":[{"href":"https:\/\/www.cope.es\/blogs\/a-tumba-abierta\/wp-json\/wp\/v2\/types\/post"}],"author":[{"embeddable":true,"href":"https:\/\/www.cope.es\/blogs\/a-tumba-abierta\/wp-json\/wp\/v2\/users\/24"}],"replies":[{"embeddable":true,"href":"https:\/\/www.cope.es\/blogs\/a-tumba-abierta\/wp-json\/wp\/v2\/comments?post=1959"}],"version-history":[{"count":2,"href":"https:\/\/www.cope.es\/blogs\/a-tumba-abierta\/wp-json\/wp\/v2\/posts\/1959\/revisions"}],"predecessor-version":[{"id":1963,"href":"https:\/\/www.cope.es\/blogs\/a-tumba-abierta\/wp-json\/wp\/v2\/posts\/1959\/revisions\/1963"}],"wp:featuredmedia":[{"embeddable":true,"href":"https:\/\/www.cope.es\/blogs\/a-tumba-abierta\/wp-json\/wp\/v2\/media\/1960"}],"wp:attachment":[{"href":"https:\/\/www.cope.es\/blogs\/a-tumba-abierta\/wp-json\/wp\/v2\/media?parent=1959"}],"wp:term":[{"taxonomy":"category","embeddable":true,"href":"https:\/\/www.cope.es\/blogs\/a-tumba-abierta\/wp-json\/wp\/v2\/categories?post=1959"},{"taxonomy":"post_tag","embeddable":true,"href":"https:\/\/www.cope.es\/blogs\/a-tumba-abierta\/wp-json\/wp\/v2\/tags?post=1959"}],"curies":[{"name":"wp","href":"https:\/\/api.w.org\/{rel}","templated":true}]}}