{"id":1935,"date":"2022-12-24T18:56:39","date_gmt":"2022-12-24T17:56:39","guid":{"rendered":"http:\/\/www.cope.es\/blogs\/a-tumba-abierta\/?p=1935"},"modified":"2023-01-03T23:42:21","modified_gmt":"2023-01-03T22:42:21","slug":"roglic-confirma-que-disputara-el-giro-de-italia-y-no-el-tour-de-francia","status":"publish","type":"post","link":"https:\/\/www.cope.es\/blogs\/a-tumba-abierta\/2022\/12\/24\/roglic-confirma-que-disputara-el-giro-de-italia-y-no-el-tour-de-francia\/","title":{"rendered":"Rogli\u010d confirma que disputar\u00e1 el Giro de Italia y no el Tour de Francia"},"content":{"rendered":"<p>El Jumbo Visma anunci\u00f3 este pasado jueves en un acto en \u00c1msterdam los objetivos del equipo para la temporada 2023. La formaci\u00f3n confirm\u00f3 que el dan\u00e9s <strong>Jonas Vingegaard<\/strong> disputar\u00e1 el Tour de Francia. Por su parte, el esloveno <strong>Primo\u017e Rogli\u010d <\/strong>correr\u00e1 el Giro de Italia y no la ronda gala. <strong>Wout van Aert<\/strong> y el reci\u00e9n fichado <strong>Dylan Van Baarle<\/strong> participar\u00e1n en la &#8216;Grande Boucle&#8217;.<\/p>\n<p>El conjunto de los Pa\u00edses Bajos incorporar\u00e1 la pr\u00f3xima temporada a corredores como <strong>Wilco Kelderman<\/strong>, <strong>Tom Gloag<\/strong>, <strong>Jan Tratnik<\/strong>, <strong>Attila Valter<\/strong> y <strong>Van Baarle<\/strong>. Adem\u00e1s, la lista de 29 ciclistas incluir\u00e1 tambi\u00e9n a <strong>Robert Gesink<\/strong>, <strong>Sepp Kuss<\/strong>, <strong>Robert Gesink<\/strong>, <strong>Koen Bouwman<\/strong>, <strong>Olav Kooij<\/strong>, <strong>Christophe Laporte<\/strong> y <strong>Tiesj Benoot<\/strong>.<\/p>\n<p>Los objetivos de Jumbo Visma para la temporada 2023 con Vingegaard disputando el Tour de 2023 y Rogli\u010d en la pr\u00f3xima edici\u00f3n del Giro son el principal asunto que te contamos este s\u00e1bado, 24 de diciembre, en <a href=\"https:\/\/www.cope.es\/blogs\/a-tumba-abierta\/\" target=\"_blank\">&#8220;A Tumba Abierta&#8221;<\/a>, un blog dirigido por <strong>Crist\u00f3bal Cabezas<\/strong> en el que el ciclismo es siempre el gran protagonista.<\/p>\n","protected":false},"excerpt":{"rendered":"<p>El Jumbo Visma anunci\u00f3 este pasado jueves en un acto en \u00c1msterdam los objetivos del equipo para la temporada 2023. La formaci\u00f3n confirm\u00f3 que el dan\u00e9s Jonas Vingegaard disputar\u00e1 el Tour de Francia. Por su parte, el esloveno Primo\u017e Rogli\u010d correr\u00e1 el Giro de Italia y no la ronda gala. Wout van Aert y el [&hellip;]<\/p>\n","protected":false},"author":24,"featured_media":1939,"comment_status":"open","ping_status":"open","sticky":false,"template":"","format":"standard","meta":{"footnotes":""},"categories":[75],"tags":[380],"class_list":["post-1935","post","type-post","status-publish","format-standard","has-post-thumbnail","hentry","category-calendario","tag-jumbo-visma"],"yoast_head":"<!-- This site is optimized with the Yoast SEO plugin v27.4 - https:\/\/yoast.com\/product\/yoast-seo-wordpress\/ -->\n<title>Rogli\u010d confirma que disputar\u00e1 el Giro de Italia y no el Tour de Francia<\/title>\n<meta name=\"description\" content=\"La formaci\u00f3n confirm\u00f3 que Jonas Vingegaard disputar\u00e1 el Tour de Francia. Por su parte, Primo\u017e Rogli\u010d correr\u00e1\u00a0el Giro de Italia y no la ronda gala.\" \/>\n<meta name=\"robots\" content=\"index, follow, max-snippet:-1, max-image-preview:large, max-video-preview:-1\" \/>\n<link rel=\"canonical\" href=\"https:\/\/www.cope.es\/blogs\/a-tumba-abierta\/2022\/12\/24\/roglic-confirma-que-disputara-el-giro-de-italia-y-no-el-tour-de-francia\/\" \/>\n<meta property=\"og:locale\" content=\"es_ES\" \/>\n<meta property=\"og:type\" content=\"article\" \/>\n<meta property=\"og:title\" content=\"Rogli\u010d confirma que disputar\u00e1 el Giro de Italia y no el Tour de Francia\" \/>\n<meta property=\"og:description\" content=\"La formaci\u00f3n confirm\u00f3 que Jonas Vingegaard disputar\u00e1 el Tour de Francia. Por su parte, Primo\u017e Rogli\u010d correr\u00e1\u00a0el Giro de Italia y no la ronda gala.\" \/>\n<meta property=\"og:url\" content=\"https:\/\/www.cope.es\/blogs\/a-tumba-abierta\/2022\/12\/24\/roglic-confirma-que-disputara-el-giro-de-italia-y-no-el-tour-de-francia\/\" \/>\n<meta property=\"og:site_name\" content=\"A Tumba Abierta\" \/>\n<meta property=\"article:publisher\" content=\"https:\/\/www.facebook.com\/cope\/\" \/>\n<meta property=\"article:author\" content=\"https:\/\/es-es.facebook.com\/cristobal.cabezasmartin\" \/>\n<meta property=\"article:published_time\" content=\"2022-12-24T17:56:39+00:00\" \/>\n<meta property=\"article:modified_time\" content=\"2023-01-03T22:42:21+00:00\" \/>\n<meta property=\"og:image\" content=\"https:\/\/www.cope.es\/blogs\/a-tumba-abierta\/wp-content\/uploads\/sites\/23\/2022\/12\/2-1.jpg\" \/>\n\t<meta property=\"og:image:width\" content=\"2418\" \/>\n\t<meta property=\"og:image:height\" content=\"1549\" \/>\n\t<meta property=\"og:image:type\" content=\"image\/jpeg\" \/>\n<meta name=\"author\" content=\"Crist\u00f3bal Cabezas\" \/>\n<meta name=\"twitter:card\" content=\"summary_large_image\" \/>\n<meta name=\"twitter:creator\" content=\"@cristoblcabezas\" \/>\n<meta name=\"twitter:site\" content=\"@cope_es\" \/>\n<meta name=\"twitter:label1\" content=\"Escrito por\" \/>\n\t<meta name=\"twitter:data1\" content=\"Crist\u00f3bal Cabezas\" \/>\n\t<meta name=\"twitter:label2\" content=\"Tiempo de lectura\" \/>\n\t<meta name=\"twitter:data2\" content=\"1 minuto\" \/>\n<script type=\"application\/ld+json\" class=\"yoast-schema-graph\">{\"@context\":\"https:\\\/\\\/schema.org\",\"@graph\":[{\"@type\":\"Article\",\"@id\":\"https:\\\/\\\/www.cope.es\\\/blogs\\\/a-tumba-abierta\\\/2022\\\/12\\\/24\\\/roglic-confirma-que-disputara-el-giro-de-italia-y-no-el-tour-de-francia\\\/#article\",\"isPartOf\":{\"@id\":\"https:\\\/\\\/www.cope.es\\\/blogs\\\/a-tumba-abierta\\\/2022\\\/12\\\/24\\\/roglic-confirma-que-disputara-el-giro-de-italia-y-no-el-tour-de-francia\\\/\"},\"author\":{\"name\":\"Crist\u00f3bal Cabezas\",\"@id\":\"https:\\\/\\\/www.cope.es\\\/blogs\\\/a-tumba-abierta\\\/#\\\/schema\\\/person\\\/413f6566db421693223476f6b63a643b\"},\"headline\":\"Rogli\u010d confirma que disputar\u00e1 el Giro de Italia y no el Tour de Francia\",\"datePublished\":\"2022-12-24T17:56:39+00:00\",\"dateModified\":\"2023-01-03T22:42:21+00:00\",\"mainEntityOfPage\":{\"@id\":\"https:\\\/\\\/www.cope.es\\\/blogs\\\/a-tumba-abierta\\\/2022\\\/12\\\/24\\\/roglic-confirma-que-disputara-el-giro-de-italia-y-no-el-tour-de-francia\\\/\"},\"wordCount\":190,\"commentCount\":0,\"image\":{\"@id\":\"https:\\\/\\\/www.cope.es\\\/blogs\\\/a-tumba-abierta\\\/2022\\\/12\\\/24\\\/roglic-confirma-que-disputara-el-giro-de-italia-y-no-el-tour-de-francia\\\/#primaryimage\"},\"thumbnailUrl\":\"https:\\\/\\\/www.cope.es\\\/blogs\\\/a-tumba-abierta\\\/wp-content\\\/uploads\\\/sites\\\/23\\\/2022\\\/12\\\/2-1.jpg\",\"keywords\":[\"Jumbo-Visma\"],\"articleSection\":[\"Calendario\"],\"inLanguage\":\"es\",\"potentialAction\":[{\"@type\":\"CommentAction\",\"name\":\"Comment\",\"target\":[\"https:\\\/\\\/www.cope.es\\\/blogs\\\/a-tumba-abierta\\\/2022\\\/12\\\/24\\\/roglic-confirma-que-disputara-el-giro-de-italia-y-no-el-tour-de-francia\\\/#respond\"]}]},{\"@type\":\"WebPage\",\"@id\":\"https:\\\/\\\/www.cope.es\\\/blogs\\\/a-tumba-abierta\\\/2022\\\/12\\\/24\\\/roglic-confirma-que-disputara-el-giro-de-italia-y-no-el-tour-de-francia\\\/\",\"url\":\"https:\\\/\\\/www.cope.es\\\/blogs\\\/a-tumba-abierta\\\/2022\\\/12\\\/24\\\/roglic-confirma-que-disputara-el-giro-de-italia-y-no-el-tour-de-francia\\\/\",\"name\":\"Rogli\u010d confirma que disputar\u00e1 el Giro de Italia y no el Tour de Francia\",\"isPartOf\":{\"@id\":\"https:\\\/\\\/www.cope.es\\\/blogs\\\/a-tumba-abierta\\\/#website\"},\"primaryImageOfPage\":{\"@id\":\"https:\\\/\\\/www.cope.es\\\/blogs\\\/a-tumba-abierta\\\/2022\\\/12\\\/24\\\/roglic-confirma-que-disputara-el-giro-de-italia-y-no-el-tour-de-francia\\\/#primaryimage\"},\"image\":{\"@id\":\"https:\\\/\\\/www.cope.es\\\/blogs\\\/a-tumba-abierta\\\/2022\\\/12\\\/24\\\/roglic-confirma-que-disputara-el-giro-de-italia-y-no-el-tour-de-francia\\\/#primaryimage\"},\"thumbnailUrl\":\"https:\\\/\\\/www.cope.es\\\/blogs\\\/a-tumba-abierta\\\/wp-content\\\/uploads\\\/sites\\\/23\\\/2022\\\/12\\\/2-1.jpg\",\"datePublished\":\"2022-12-24T17:56:39+00:00\",\"dateModified\":\"2023-01-03T22:42:21+00:00\",\"author\":{\"@id\":\"https:\\\/\\\/www.cope.es\\\/blogs\\\/a-tumba-abierta\\\/#\\\/schema\\\/person\\\/413f6566db421693223476f6b63a643b\"},\"description\":\"La formaci\u00f3n confirm\u00f3 que Jonas Vingegaard disputar\u00e1 el Tour de Francia. Por su parte, Primo\u017e Rogli\u010d correr\u00e1\u00a0el Giro de Italia y no la ronda gala.\",\"breadcrumb\":{\"@id\":\"https:\\\/\\\/www.cope.es\\\/blogs\\\/a-tumba-abierta\\\/2022\\\/12\\\/24\\\/roglic-confirma-que-disputara-el-giro-de-italia-y-no-el-tour-de-francia\\\/#breadcrumb\"},\"inLanguage\":\"es\",\"potentialAction\":[{\"@type\":\"ReadAction\",\"target\":[\"https:\\\/\\\/www.cope.es\\\/blogs\\\/a-tumba-abierta\\\/2022\\\/12\\\/24\\\/roglic-confirma-que-disputara-el-giro-de-italia-y-no-el-tour-de-francia\\\/\"]}]},{\"@type\":\"ImageObject\",\"inLanguage\":\"es\",\"@id\":\"https:\\\/\\\/www.cope.es\\\/blogs\\\/a-tumba-abierta\\\/2022\\\/12\\\/24\\\/roglic-confirma-que-disputara-el-giro-de-italia-y-no-el-tour-de-francia\\\/#primaryimage\",\"url\":\"https:\\\/\\\/www.cope.es\\\/blogs\\\/a-tumba-abierta\\\/wp-content\\\/uploads\\\/sites\\\/23\\\/2022\\\/12\\\/2-1.jpg\",\"contentUrl\":\"https:\\\/\\\/www.cope.es\\\/blogs\\\/a-tumba-abierta\\\/wp-content\\\/uploads\\\/sites\\\/23\\\/2022\\\/12\\\/2-1.jpg\",\"width\":2418,\"height\":1549,\"caption\":\"El dan\u00e9s Jonas Vingegaard es el ciclista elegido por la formaci\u00f3n para defender su t\u00edtulo en el Tour de Francia. Por su parte, el esloveno Primo\u017e Rogli\u010d disputar\u00e1 el Giro de Italia y no la ronda gala.\"},{\"@type\":\"BreadcrumbList\",\"@id\":\"https:\\\/\\\/www.cope.es\\\/blogs\\\/a-tumba-abierta\\\/2022\\\/12\\\/24\\\/roglic-confirma-que-disputara-el-giro-de-italia-y-no-el-tour-de-francia\\\/#breadcrumb\",\"itemListElement\":[{\"@type\":\"ListItem\",\"position\":1,\"name\":\"Portada\",\"item\":\"https:\\\/\\\/www.cope.es\\\/blogs\\\/a-tumba-abierta\\\/\"},{\"@type\":\"ListItem\",\"position\":2,\"name\":\"Rogli\u010d confirma que disputar\u00e1 el Giro de Italia y no el Tour de Francia\"}]},{\"@type\":\"WebSite\",\"@id\":\"https:\\\/\\\/www.cope.es\\\/blogs\\\/a-tumba-abierta\\\/#website\",\"url\":\"https:\\\/\\\/www.cope.es\\\/blogs\\\/a-tumba-abierta\\\/\",\"name\":\"A Tumba Abierta\",\"description\":\"Blog de ciclismo en COPE\",\"potentialAction\":[{\"@type\":\"SearchAction\",\"target\":{\"@type\":\"EntryPoint\",\"urlTemplate\":\"https:\\\/\\\/www.cope.es\\\/blogs\\\/a-tumba-abierta\\\/?s={search_term_string}\"},\"query-input\":{\"@type\":\"PropertyValueSpecification\",\"valueRequired\":true,\"valueName\":\"search_term_string\"}}],\"inLanguage\":\"es\"},{\"@type\":\"Person\",\"@id\":\"https:\\\/\\\/www.cope.es\\\/blogs\\\/a-tumba-abierta\\\/#\\\/schema\\\/person\\\/413f6566db421693223476f6b63a643b\",\"name\":\"Crist\u00f3bal Cabezas\",\"image\":{\"@type\":\"ImageObject\",\"inLanguage\":\"es\",\"@id\":\"https:\\\/\\\/secure.gravatar.com\\\/avatar\\\/361550a2a3cac91688caa1b00f2a1fa4e89a6c4361562ca29a361ce0041974c2?s=96&d=mm&r=g\",\"url\":\"https:\\\/\\\/secure.gravatar.com\\\/avatar\\\/361550a2a3cac91688caa1b00f2a1fa4e89a6c4361562ca29a361ce0041974c2?s=96&d=mm&r=g\",\"contentUrl\":\"https:\\\/\\\/secure.gravatar.com\\\/avatar\\\/361550a2a3cac91688caa1b00f2a1fa4e89a6c4361562ca29a361ce0041974c2?s=96&d=mm&r=g\",\"caption\":\"Crist\u00f3bal Cabezas\"},\"description\":\"Crist\u00f3bal Cabezas es Licenciado en Periodismo por la Universidad Complutense de Madrid y T\u00edtulo en T\u00e9cnico en Comunicaci\u00f3n Integral por la Universidad Francisco de Vitoria. Tras desempe\u00f1ar tareas informativas en diferentes medios, recal\u00f3 en la Cadena COPE en el a\u00f1o 2005. Desde entonces, ha trabajado en las emisoras de Madrid, Granada, Jaca (Huesca) y Toledo, en donde se incorpor\u00f3 en 2013 como Jefe de Informativos de la Cadena COPE en Castilla-La Mancha. Siempre tuvo claro que quer\u00eda ser periodista y, a esa afici\u00f3n, se uni\u00f3 la del ciclismo, deporte con el que ha disfrutado mucho, tanto a trav\u00e9s de los medios de comunicaci\u00f3n como asistiendo en directo a diferentes carreras ciclistas. El inter\u00e9s que siempre mostr\u00f3 con todo lo relacionado con Internet y las redes sociales, fue reconocido con el Premio \u201cD\u00eda de Internet\u201d en la categor\u00eda de \u201cMejor Periodista Digital\u201d por sus trabajos en la Cadena COPE. Precisamente, esa pasi\u00f3n por las nuevas tecnolog\u00edas, espera que sea el \u201cveh\u00edculo\u201d para poder contar \u201cA Tumba Abierta\u201d las mejores historias del deporte de las dos ruedas.\",\"sameAs\":[\"http:\\\/\\\/www.cope.es\",\"https:\\\/\\\/es-es.facebook.com\\\/cristobal.cabezasmartin\",\"https:\\\/\\\/x.com\\\/cristoblcabezas\"],\"url\":\"https:\\\/\\\/www.cope.es\\\/blogs\\\/a-tumba-abierta\\\/author\\\/ccabezas\\\/\"}]}<\/script>\n<!-- \/ Yoast SEO plugin. -->","yoast_head_json":{"title":"Rogli\u010d confirma que disputar\u00e1 el Giro de Italia y no el Tour de Francia","description":"La formaci\u00f3n confirm\u00f3 que Jonas Vingegaard disputar\u00e1 el Tour de Francia. Por su parte, Primo\u017e Rogli\u010d correr\u00e1\u00a0el Giro de Italia y no la ronda gala.","robots":{"index":"index","follow":"follow","max-snippet":"max-snippet:-1","max-image-preview":"max-image-preview:large","max-video-preview":"max-video-preview:-1"},"canonical":"https:\/\/www.cope.es\/blogs\/a-tumba-abierta\/2022\/12\/24\/roglic-confirma-que-disputara-el-giro-de-italia-y-no-el-tour-de-francia\/","og_locale":"es_ES","og_type":"article","og_title":"Rogli\u010d confirma que disputar\u00e1 el Giro de Italia y no el Tour de Francia","og_description":"La formaci\u00f3n confirm\u00f3 que Jonas Vingegaard disputar\u00e1 el Tour de Francia. Por su parte, Primo\u017e Rogli\u010d correr\u00e1\u00a0el Giro de Italia y no la ronda gala.","og_url":"https:\/\/www.cope.es\/blogs\/a-tumba-abierta\/2022\/12\/24\/roglic-confirma-que-disputara-el-giro-de-italia-y-no-el-tour-de-francia\/","og_site_name":"A Tumba Abierta","article_publisher":"https:\/\/www.facebook.com\/cope\/","article_author":"https:\/\/es-es.facebook.com\/cristobal.cabezasmartin","article_published_time":"2022-12-24T17:56:39+00:00","article_modified_time":"2023-01-03T22:42:21+00:00","og_image":[{"width":2418,"height":1549,"url":"https:\/\/www.cope.es\/blogs\/a-tumba-abierta\/wp-content\/uploads\/sites\/23\/2022\/12\/2-1.jpg","type":"image\/jpeg"}],"author":"Crist\u00f3bal Cabezas","twitter_card":"summary_large_image","twitter_creator":"@cristoblcabezas","twitter_site":"@cope_es","twitter_misc":{"Escrito por":"Crist\u00f3bal Cabezas","Tiempo de lectura":"1 minuto"},"schema":{"@context":"https:\/\/schema.org","@graph":[{"@type":"Article","@id":"https:\/\/www.cope.es\/blogs\/a-tumba-abierta\/2022\/12\/24\/roglic-confirma-que-disputara-el-giro-de-italia-y-no-el-tour-de-francia\/#article","isPartOf":{"@id":"https:\/\/www.cope.es\/blogs\/a-tumba-abierta\/2022\/12\/24\/roglic-confirma-que-disputara-el-giro-de-italia-y-no-el-tour-de-francia\/"},"author":{"name":"Crist\u00f3bal Cabezas","@id":"https:\/\/www.cope.es\/blogs\/a-tumba-abierta\/#\/schema\/person\/413f6566db421693223476f6b63a643b"},"headline":"Rogli\u010d confirma que disputar\u00e1 el Giro de Italia y no el Tour de Francia","datePublished":"2022-12-24T17:56:39+00:00","dateModified":"2023-01-03T22:42:21+00:00","mainEntityOfPage":{"@id":"https:\/\/www.cope.es\/blogs\/a-tumba-abierta\/2022\/12\/24\/roglic-confirma-que-disputara-el-giro-de-italia-y-no-el-tour-de-francia\/"},"wordCount":190,"commentCount":0,"image":{"@id":"https:\/\/www.cope.es\/blogs\/a-tumba-abierta\/2022\/12\/24\/roglic-confirma-que-disputara-el-giro-de-italia-y-no-el-tour-de-francia\/#primaryimage"},"thumbnailUrl":"https:\/\/www.cope.es\/blogs\/a-tumba-abierta\/wp-content\/uploads\/sites\/23\/2022\/12\/2-1.jpg","keywords":["Jumbo-Visma"],"articleSection":["Calendario"],"inLanguage":"es","potentialAction":[{"@type":"CommentAction","name":"Comment","target":["https:\/\/www.cope.es\/blogs\/a-tumba-abierta\/2022\/12\/24\/roglic-confirma-que-disputara-el-giro-de-italia-y-no-el-tour-de-francia\/#respond"]}]},{"@type":"WebPage","@id":"https:\/\/www.cope.es\/blogs\/a-tumba-abierta\/2022\/12\/24\/roglic-confirma-que-disputara-el-giro-de-italia-y-no-el-tour-de-francia\/","url":"https:\/\/www.cope.es\/blogs\/a-tumba-abierta\/2022\/12\/24\/roglic-confirma-que-disputara-el-giro-de-italia-y-no-el-tour-de-francia\/","name":"Rogli\u010d confirma que disputar\u00e1 el Giro de Italia y no el Tour de Francia","isPartOf":{"@id":"https:\/\/www.cope.es\/blogs\/a-tumba-abierta\/#website"},"primaryImageOfPage":{"@id":"https:\/\/www.cope.es\/blogs\/a-tumba-abierta\/2022\/12\/24\/roglic-confirma-que-disputara-el-giro-de-italia-y-no-el-tour-de-francia\/#primaryimage"},"image":{"@id":"https:\/\/www.cope.es\/blogs\/a-tumba-abierta\/2022\/12\/24\/roglic-confirma-que-disputara-el-giro-de-italia-y-no-el-tour-de-francia\/#primaryimage"},"thumbnailUrl":"https:\/\/www.cope.es\/blogs\/a-tumba-abierta\/wp-content\/uploads\/sites\/23\/2022\/12\/2-1.jpg","datePublished":"2022-12-24T17:56:39+00:00","dateModified":"2023-01-03T22:42:21+00:00","author":{"@id":"https:\/\/www.cope.es\/blogs\/a-tumba-abierta\/#\/schema\/person\/413f6566db421693223476f6b63a643b"},"description":"La formaci\u00f3n confirm\u00f3 que Jonas Vingegaard disputar\u00e1 el Tour de Francia. Por su parte, Primo\u017e Rogli\u010d correr\u00e1\u00a0el Giro de Italia y no la ronda gala.","breadcrumb":{"@id":"https:\/\/www.cope.es\/blogs\/a-tumba-abierta\/2022\/12\/24\/roglic-confirma-que-disputara-el-giro-de-italia-y-no-el-tour-de-francia\/#breadcrumb"},"inLanguage":"es","potentialAction":[{"@type":"ReadAction","target":["https:\/\/www.cope.es\/blogs\/a-tumba-abierta\/2022\/12\/24\/roglic-confirma-que-disputara-el-giro-de-italia-y-no-el-tour-de-francia\/"]}]},{"@type":"ImageObject","inLanguage":"es","@id":"https:\/\/www.cope.es\/blogs\/a-tumba-abierta\/2022\/12\/24\/roglic-confirma-que-disputara-el-giro-de-italia-y-no-el-tour-de-francia\/#primaryimage","url":"https:\/\/www.cope.es\/blogs\/a-tumba-abierta\/wp-content\/uploads\/sites\/23\/2022\/12\/2-1.jpg","contentUrl":"https:\/\/www.cope.es\/blogs\/a-tumba-abierta\/wp-content\/uploads\/sites\/23\/2022\/12\/2-1.jpg","width":2418,"height":1549,"caption":"El dan\u00e9s Jonas Vingegaard es el ciclista elegido por la formaci\u00f3n para defender su t\u00edtulo en el Tour de Francia. Por su parte, el esloveno Primo\u017e Rogli\u010d disputar\u00e1 el Giro de Italia y no la ronda gala."},{"@type":"BreadcrumbList","@id":"https:\/\/www.cope.es\/blogs\/a-tumba-abierta\/2022\/12\/24\/roglic-confirma-que-disputara-el-giro-de-italia-y-no-el-tour-de-francia\/#breadcrumb","itemListElement":[{"@type":"ListItem","position":1,"name":"Portada","item":"https:\/\/www.cope.es\/blogs\/a-tumba-abierta\/"},{"@type":"ListItem","position":2,"name":"Rogli\u010d confirma que disputar\u00e1 el Giro de Italia y no el Tour de Francia"}]},{"@type":"WebSite","@id":"https:\/\/www.cope.es\/blogs\/a-tumba-abierta\/#website","url":"https:\/\/www.cope.es\/blogs\/a-tumba-abierta\/","name":"A Tumba Abierta","description":"Blog de ciclismo en COPE","potentialAction":[{"@type":"SearchAction","target":{"@type":"EntryPoint","urlTemplate":"https:\/\/www.cope.es\/blogs\/a-tumba-abierta\/?s={search_term_string}"},"query-input":{"@type":"PropertyValueSpecification","valueRequired":true,"valueName":"search_term_string"}}],"inLanguage":"es"},{"@type":"Person","@id":"https:\/\/www.cope.es\/blogs\/a-tumba-abierta\/#\/schema\/person\/413f6566db421693223476f6b63a643b","name":"Crist\u00f3bal Cabezas","image":{"@type":"ImageObject","inLanguage":"es","@id":"https:\/\/secure.gravatar.com\/avatar\/361550a2a3cac91688caa1b00f2a1fa4e89a6c4361562ca29a361ce0041974c2?s=96&d=mm&r=g","url":"https:\/\/secure.gravatar.com\/avatar\/361550a2a3cac91688caa1b00f2a1fa4e89a6c4361562ca29a361ce0041974c2?s=96&d=mm&r=g","contentUrl":"https:\/\/secure.gravatar.com\/avatar\/361550a2a3cac91688caa1b00f2a1fa4e89a6c4361562ca29a361ce0041974c2?s=96&d=mm&r=g","caption":"Crist\u00f3bal Cabezas"},"description":"Crist\u00f3bal Cabezas es Licenciado en Periodismo por la Universidad Complutense de Madrid y T\u00edtulo en T\u00e9cnico en Comunicaci\u00f3n Integral por la Universidad Francisco de Vitoria. Tras desempe\u00f1ar tareas informativas en diferentes medios, recal\u00f3 en la Cadena COPE en el a\u00f1o 2005. Desde entonces, ha trabajado en las emisoras de Madrid, Granada, Jaca (Huesca) y Toledo, en donde se incorpor\u00f3 en 2013 como Jefe de Informativos de la Cadena COPE en Castilla-La Mancha. Siempre tuvo claro que quer\u00eda ser periodista y, a esa afici\u00f3n, se uni\u00f3 la del ciclismo, deporte con el que ha disfrutado mucho, tanto a trav\u00e9s de los medios de comunicaci\u00f3n como asistiendo en directo a diferentes carreras ciclistas. El inter\u00e9s que siempre mostr\u00f3 con todo lo relacionado con Internet y las redes sociales, fue reconocido con el Premio \u201cD\u00eda de Internet\u201d en la categor\u00eda de \u201cMejor Periodista Digital\u201d por sus trabajos en la Cadena COPE. Precisamente, esa pasi\u00f3n por las nuevas tecnolog\u00edas, espera que sea el \u201cveh\u00edculo\u201d para poder contar \u201cA Tumba Abierta\u201d las mejores historias del deporte de las dos ruedas.","sameAs":["http:\/\/www.cope.es","https:\/\/es-es.facebook.com\/cristobal.cabezasmartin","https:\/\/x.com\/cristoblcabezas"],"url":"https:\/\/www.cope.es\/blogs\/a-tumba-abierta\/author\/ccabezas\/"}]}},"amp_enabled":true,"_links":{"self":[{"href":"https:\/\/www.cope.es\/blogs\/a-tumba-abierta\/wp-json\/wp\/v2\/posts\/1935","targetHints":{"allow":["GET"]}}],"collection":[{"href":"https:\/\/www.cope.es\/blogs\/a-tumba-abierta\/wp-json\/wp\/v2\/posts"}],"about":[{"href":"https:\/\/www.cope.es\/blogs\/a-tumba-abierta\/wp-json\/wp\/v2\/types\/post"}],"author":[{"embeddable":true,"href":"https:\/\/www.cope.es\/blogs\/a-tumba-abierta\/wp-json\/wp\/v2\/users\/24"}],"replies":[{"embeddable":true,"href":"https:\/\/www.cope.es\/blogs\/a-tumba-abierta\/wp-json\/wp\/v2\/comments?post=1935"}],"version-history":[{"count":3,"href":"https:\/\/www.cope.es\/blogs\/a-tumba-abierta\/wp-json\/wp\/v2\/posts\/1935\/revisions"}],"predecessor-version":[{"id":2000,"href":"https:\/\/www.cope.es\/blogs\/a-tumba-abierta\/wp-json\/wp\/v2\/posts\/1935\/revisions\/2000"}],"wp:featuredmedia":[{"embeddable":true,"href":"https:\/\/www.cope.es\/blogs\/a-tumba-abierta\/wp-json\/wp\/v2\/media\/1939"}],"wp:attachment":[{"href":"https:\/\/www.cope.es\/blogs\/a-tumba-abierta\/wp-json\/wp\/v2\/media?parent=1935"}],"wp:term":[{"taxonomy":"category","embeddable":true,"href":"https:\/\/www.cope.es\/blogs\/a-tumba-abierta\/wp-json\/wp\/v2\/categories?post=1935"},{"taxonomy":"post_tag","embeddable":true,"href":"https:\/\/www.cope.es\/blogs\/a-tumba-abierta\/wp-json\/wp\/v2\/tags?post=1935"}],"curies":[{"name":"wp","href":"https:\/\/api.w.org\/{rel}","templated":true}]}}