{"id":1924,"date":"2022-12-20T21:48:19","date_gmt":"2022-12-20T20:48:19","guid":{"rendered":"http:\/\/www.cope.es\/blogs\/a-tumba-abierta\/?p=1924"},"modified":"2022-12-20T21:48:19","modified_gmt":"2022-12-20T20:48:19","slug":"el-equipo-movistar-team-participara-de-nuevo-en-o-gran-camino","status":"publish","type":"post","link":"https:\/\/www.cope.es\/blogs\/a-tumba-abierta\/2022\/12\/20\/el-equipo-movistar-team-participara-de-nuevo-en-o-gran-camino\/","title":{"rendered":"El equipo Movistar Team participar\u00e1 de nuevo en O Gran Cami\u00f1o"},"content":{"rendered":"<p>El conjunto espa\u00f1ol <a href=\"https:\/\/movistarteam.com\/\" target=\"_blank\">Movistar Team<\/a> volver\u00e1 a participar en O Gran Cami\u00f1o, la prueba ciclista que en 2023 celebrar\u00e1 su segunda edici\u00f3n y que se disputar\u00e1 entre el 23 y el 26 de febrero, uni\u00e9ndose as\u00ed a otro equipo World Tour como el <a href=\"https:\/\/www.teamjumbovisma.nl\/\" target=\"_blank\">Jumbo-Visma<\/a>.<\/p>\n<p>Los de <strong>Eusebio Unzu\u00e9<\/strong> volver\u00e1n a la ronda gallega tras el triunfo cosechado en la primera edici\u00f3n por el murciano <strong>Alejandro Valverde<\/strong>, vencedor de la general y de la etapa reina, y con el peso de haber sido en 2022 el equipo dominador de la prueba.<\/p>\n<p>El equipo telef\u00f3nico afrontar\u00e1 en Galicia una de las primeras carreras sin el excampe\u00f3n del mundo, pero con refuerzos de lujo en su plantilla como <strong>Fernando Gaviria<\/strong> o <strong>Rub\u00e9n Guerreiro<\/strong>. Adem\u00e1s, en el conjunto continuar\u00e1n figuras como <strong>Enric Mas<\/strong>, <strong>Iv\u00e1n Garc\u00eda Cortina<\/strong>, <strong>\u00c1lex Aranburu<\/strong> o <strong>Carlos Verona<\/strong>.<\/p>\n<p>La confirmaci\u00f3n de Movistar Team en O Gran Cami\u00f1o es el principal asunto que te contamos este martes, 20 de diciembre, en <a href=\"https:\/\/www.cope.es\/blogs\/a-tumba-abierta\/\" target=\"_blank\">\u201cA Tumba Abierta\u201d<\/a>, un blog dirigido por <strong>Crist\u00f3bal Cabezas<\/strong> en el que el ciclismo es siempre el gran protagonista.<\/p>\n","protected":false},"excerpt":{"rendered":"<p>El conjunto espa\u00f1ol Movistar Team volver\u00e1 a participar en O Gran Cami\u00f1o, la prueba ciclista que en 2023 celebrar\u00e1 su segunda edici\u00f3n y que se disputar\u00e1 entre el 23 y el 26 de febrero, uni\u00e9ndose as\u00ed a otro equipo World Tour como el Jumbo-Visma. Los de Eusebio Unzu\u00e9 volver\u00e1n a la ronda gallega tras el [&hellip;]<\/p>\n","protected":false},"author":24,"featured_media":1925,"comment_status":"open","ping_status":"open","sticky":false,"template":"","format":"standard","meta":{"footnotes":""},"categories":[140],"tags":[552],"class_list":["post-1924","post","type-post","status-publish","format-standard","has-post-thumbnail","hentry","category-actualidad","tag-o-gran-camino"],"yoast_head":"<!-- This site is optimized with the Yoast SEO plugin v27.4 - https:\/\/yoast.com\/product\/yoast-seo-wordpress\/ -->\n<title>El equipo Movistar Team participar\u00e1 de nuevo en O Gran Cami\u00f1o<\/title>\n<meta name=\"description\" content=\"El conjunto espa\u00f1ol Movistar Team volver\u00e1 a participar en O Gran Cami\u00f1o, la prueba ciclista que este a\u00f1o se disputar\u00e1 entre el 23 y el 26 de febrero.\" \/>\n<meta name=\"robots\" content=\"index, follow, max-snippet:-1, max-image-preview:large, max-video-preview:-1\" \/>\n<link rel=\"canonical\" href=\"https:\/\/www.cope.es\/blogs\/a-tumba-abierta\/2022\/12\/20\/el-equipo-movistar-team-participara-de-nuevo-en-o-gran-camino\/\" \/>\n<meta property=\"og:locale\" content=\"es_ES\" \/>\n<meta property=\"og:type\" content=\"article\" \/>\n<meta property=\"og:title\" content=\"El equipo Movistar Team participar\u00e1 de nuevo en O Gran Cami\u00f1o\" \/>\n<meta property=\"og:description\" content=\"El conjunto espa\u00f1ol Movistar Team volver\u00e1 a participar en O Gran Cami\u00f1o, la prueba ciclista que este a\u00f1o se disputar\u00e1 entre el 23 y el 26 de febrero.\" \/>\n<meta property=\"og:url\" content=\"https:\/\/www.cope.es\/blogs\/a-tumba-abierta\/2022\/12\/20\/el-equipo-movistar-team-participara-de-nuevo-en-o-gran-camino\/\" \/>\n<meta property=\"og:site_name\" content=\"A Tumba Abierta\" \/>\n<meta property=\"article:publisher\" content=\"https:\/\/www.facebook.com\/cope\/\" \/>\n<meta property=\"article:author\" content=\"https:\/\/es-es.facebook.com\/cristobal.cabezasmartin\" \/>\n<meta property=\"article:published_time\" content=\"2022-12-20T20:48:19+00:00\" \/>\n<meta property=\"og:image\" content=\"https:\/\/www.cope.es\/blogs\/a-tumba-abierta\/wp-content\/uploads\/sites\/23\/2022\/12\/def-5-scaled.jpg\" \/>\n\t<meta property=\"og:image:width\" content=\"2560\" \/>\n\t<meta property=\"og:image:height\" content=\"1001\" \/>\n\t<meta property=\"og:image:type\" content=\"image\/jpeg\" \/>\n<meta name=\"author\" content=\"Crist\u00f3bal Cabezas\" \/>\n<meta name=\"twitter:card\" content=\"summary_large_image\" \/>\n<meta name=\"twitter:creator\" content=\"@cristoblcabezas\" \/>\n<meta name=\"twitter:site\" content=\"@cope_es\" \/>\n<meta name=\"twitter:label1\" content=\"Escrito por\" \/>\n\t<meta name=\"twitter:data1\" content=\"Crist\u00f3bal Cabezas\" \/>\n\t<meta name=\"twitter:label2\" content=\"Tiempo de lectura\" \/>\n\t<meta name=\"twitter:data2\" content=\"1 minuto\" \/>\n<script type=\"application\/ld+json\" class=\"yoast-schema-graph\">{\"@context\":\"https:\\\/\\\/schema.org\",\"@graph\":[{\"@type\":\"Article\",\"@id\":\"https:\\\/\\\/www.cope.es\\\/blogs\\\/a-tumba-abierta\\\/2022\\\/12\\\/20\\\/el-equipo-movistar-team-participara-de-nuevo-en-o-gran-camino\\\/#article\",\"isPartOf\":{\"@id\":\"https:\\\/\\\/www.cope.es\\\/blogs\\\/a-tumba-abierta\\\/2022\\\/12\\\/20\\\/el-equipo-movistar-team-participara-de-nuevo-en-o-gran-camino\\\/\"},\"author\":{\"name\":\"Crist\u00f3bal Cabezas\",\"@id\":\"https:\\\/\\\/www.cope.es\\\/blogs\\\/a-tumba-abierta\\\/#\\\/schema\\\/person\\\/413f6566db421693223476f6b63a643b\"},\"headline\":\"El equipo Movistar Team participar\u00e1 de nuevo en O Gran Cami\u00f1o\",\"datePublished\":\"2022-12-20T20:48:19+00:00\",\"mainEntityOfPage\":{\"@id\":\"https:\\\/\\\/www.cope.es\\\/blogs\\\/a-tumba-abierta\\\/2022\\\/12\\\/20\\\/el-equipo-movistar-team-participara-de-nuevo-en-o-gran-camino\\\/\"},\"wordCount\":201,\"commentCount\":0,\"image\":{\"@id\":\"https:\\\/\\\/www.cope.es\\\/blogs\\\/a-tumba-abierta\\\/2022\\\/12\\\/20\\\/el-equipo-movistar-team-participara-de-nuevo-en-o-gran-camino\\\/#primaryimage\"},\"thumbnailUrl\":\"https:\\\/\\\/www.cope.es\\\/blogs\\\/a-tumba-abierta\\\/wp-content\\\/uploads\\\/sites\\\/23\\\/2022\\\/12\\\/def-5-scaled.jpg\",\"keywords\":[\"O Gran Cami\u00f1o\"],\"articleSection\":[\"Actualidad\"],\"inLanguage\":\"es\",\"potentialAction\":[{\"@type\":\"CommentAction\",\"name\":\"Comment\",\"target\":[\"https:\\\/\\\/www.cope.es\\\/blogs\\\/a-tumba-abierta\\\/2022\\\/12\\\/20\\\/el-equipo-movistar-team-participara-de-nuevo-en-o-gran-camino\\\/#respond\"]}]},{\"@type\":\"WebPage\",\"@id\":\"https:\\\/\\\/www.cope.es\\\/blogs\\\/a-tumba-abierta\\\/2022\\\/12\\\/20\\\/el-equipo-movistar-team-participara-de-nuevo-en-o-gran-camino\\\/\",\"url\":\"https:\\\/\\\/www.cope.es\\\/blogs\\\/a-tumba-abierta\\\/2022\\\/12\\\/20\\\/el-equipo-movistar-team-participara-de-nuevo-en-o-gran-camino\\\/\",\"name\":\"El equipo Movistar Team participar\u00e1 de nuevo en O Gran Cami\u00f1o\",\"isPartOf\":{\"@id\":\"https:\\\/\\\/www.cope.es\\\/blogs\\\/a-tumba-abierta\\\/#website\"},\"primaryImageOfPage\":{\"@id\":\"https:\\\/\\\/www.cope.es\\\/blogs\\\/a-tumba-abierta\\\/2022\\\/12\\\/20\\\/el-equipo-movistar-team-participara-de-nuevo-en-o-gran-camino\\\/#primaryimage\"},\"image\":{\"@id\":\"https:\\\/\\\/www.cope.es\\\/blogs\\\/a-tumba-abierta\\\/2022\\\/12\\\/20\\\/el-equipo-movistar-team-participara-de-nuevo-en-o-gran-camino\\\/#primaryimage\"},\"thumbnailUrl\":\"https:\\\/\\\/www.cope.es\\\/blogs\\\/a-tumba-abierta\\\/wp-content\\\/uploads\\\/sites\\\/23\\\/2022\\\/12\\\/def-5-scaled.jpg\",\"datePublished\":\"2022-12-20T20:48:19+00:00\",\"author\":{\"@id\":\"https:\\\/\\\/www.cope.es\\\/blogs\\\/a-tumba-abierta\\\/#\\\/schema\\\/person\\\/413f6566db421693223476f6b63a643b\"},\"description\":\"El conjunto espa\u00f1ol Movistar Team volver\u00e1 a participar en O Gran Cami\u00f1o, la prueba ciclista que este a\u00f1o se disputar\u00e1 entre el 23 y el 26 de febrero.\",\"breadcrumb\":{\"@id\":\"https:\\\/\\\/www.cope.es\\\/blogs\\\/a-tumba-abierta\\\/2022\\\/12\\\/20\\\/el-equipo-movistar-team-participara-de-nuevo-en-o-gran-camino\\\/#breadcrumb\"},\"inLanguage\":\"es\",\"potentialAction\":[{\"@type\":\"ReadAction\",\"target\":[\"https:\\\/\\\/www.cope.es\\\/blogs\\\/a-tumba-abierta\\\/2022\\\/12\\\/20\\\/el-equipo-movistar-team-participara-de-nuevo-en-o-gran-camino\\\/\"]}]},{\"@type\":\"ImageObject\",\"inLanguage\":\"es\",\"@id\":\"https:\\\/\\\/www.cope.es\\\/blogs\\\/a-tumba-abierta\\\/2022\\\/12\\\/20\\\/el-equipo-movistar-team-participara-de-nuevo-en-o-gran-camino\\\/#primaryimage\",\"url\":\"https:\\\/\\\/www.cope.es\\\/blogs\\\/a-tumba-abierta\\\/wp-content\\\/uploads\\\/sites\\\/23\\\/2022\\\/12\\\/def-5-scaled.jpg\",\"contentUrl\":\"https:\\\/\\\/www.cope.es\\\/blogs\\\/a-tumba-abierta\\\/wp-content\\\/uploads\\\/sites\\\/23\\\/2022\\\/12\\\/def-5-scaled.jpg\",\"width\":2560,\"height\":1001,\"caption\":\"El Movistar Team volver\u00e1 a participar en O Gran Cami\u00f1o, la prueba ciclista que este a\u00f1o celebra su segunda edici\u00f3n y que se disputar\u00e1 entre el 23 y el 26 de febrero, uni\u00e9ndose as\u00ed a otro equipo World Tour como el Jumbo-Visma.\"},{\"@type\":\"BreadcrumbList\",\"@id\":\"https:\\\/\\\/www.cope.es\\\/blogs\\\/a-tumba-abierta\\\/2022\\\/12\\\/20\\\/el-equipo-movistar-team-participara-de-nuevo-en-o-gran-camino\\\/#breadcrumb\",\"itemListElement\":[{\"@type\":\"ListItem\",\"position\":1,\"name\":\"Portada\",\"item\":\"https:\\\/\\\/www.cope.es\\\/blogs\\\/a-tumba-abierta\\\/\"},{\"@type\":\"ListItem\",\"position\":2,\"name\":\"El equipo Movistar Team participar\u00e1 de nuevo en O Gran Cami\u00f1o\"}]},{\"@type\":\"WebSite\",\"@id\":\"https:\\\/\\\/www.cope.es\\\/blogs\\\/a-tumba-abierta\\\/#website\",\"url\":\"https:\\\/\\\/www.cope.es\\\/blogs\\\/a-tumba-abierta\\\/\",\"name\":\"A Tumba Abierta\",\"description\":\"Blog de ciclismo en COPE\",\"potentialAction\":[{\"@type\":\"SearchAction\",\"target\":{\"@type\":\"EntryPoint\",\"urlTemplate\":\"https:\\\/\\\/www.cope.es\\\/blogs\\\/a-tumba-abierta\\\/?s={search_term_string}\"},\"query-input\":{\"@type\":\"PropertyValueSpecification\",\"valueRequired\":true,\"valueName\":\"search_term_string\"}}],\"inLanguage\":\"es\"},{\"@type\":\"Person\",\"@id\":\"https:\\\/\\\/www.cope.es\\\/blogs\\\/a-tumba-abierta\\\/#\\\/schema\\\/person\\\/413f6566db421693223476f6b63a643b\",\"name\":\"Crist\u00f3bal Cabezas\",\"image\":{\"@type\":\"ImageObject\",\"inLanguage\":\"es\",\"@id\":\"https:\\\/\\\/secure.gravatar.com\\\/avatar\\\/361550a2a3cac91688caa1b00f2a1fa4e89a6c4361562ca29a361ce0041974c2?s=96&d=mm&r=g\",\"url\":\"https:\\\/\\\/secure.gravatar.com\\\/avatar\\\/361550a2a3cac91688caa1b00f2a1fa4e89a6c4361562ca29a361ce0041974c2?s=96&d=mm&r=g\",\"contentUrl\":\"https:\\\/\\\/secure.gravatar.com\\\/avatar\\\/361550a2a3cac91688caa1b00f2a1fa4e89a6c4361562ca29a361ce0041974c2?s=96&d=mm&r=g\",\"caption\":\"Crist\u00f3bal Cabezas\"},\"description\":\"Crist\u00f3bal Cabezas es Licenciado en Periodismo por la Universidad Complutense de Madrid y T\u00edtulo en T\u00e9cnico en Comunicaci\u00f3n Integral por la Universidad Francisco de Vitoria. Tras desempe\u00f1ar tareas informativas en diferentes medios, recal\u00f3 en la Cadena COPE en el a\u00f1o 2005. Desde entonces, ha trabajado en las emisoras de Madrid, Granada, Jaca (Huesca) y Toledo, en donde se incorpor\u00f3 en 2013 como Jefe de Informativos de la Cadena COPE en Castilla-La Mancha. Siempre tuvo claro que quer\u00eda ser periodista y, a esa afici\u00f3n, se uni\u00f3 la del ciclismo, deporte con el que ha disfrutado mucho, tanto a trav\u00e9s de los medios de comunicaci\u00f3n como asistiendo en directo a diferentes carreras ciclistas. El inter\u00e9s que siempre mostr\u00f3 con todo lo relacionado con Internet y las redes sociales, fue reconocido con el Premio \u201cD\u00eda de Internet\u201d en la categor\u00eda de \u201cMejor Periodista Digital\u201d por sus trabajos en la Cadena COPE. Precisamente, esa pasi\u00f3n por las nuevas tecnolog\u00edas, espera que sea el \u201cveh\u00edculo\u201d para poder contar \u201cA Tumba Abierta\u201d las mejores historias del deporte de las dos ruedas.\",\"sameAs\":[\"http:\\\/\\\/www.cope.es\",\"https:\\\/\\\/es-es.facebook.com\\\/cristobal.cabezasmartin\",\"https:\\\/\\\/x.com\\\/cristoblcabezas\"],\"url\":\"https:\\\/\\\/www.cope.es\\\/blogs\\\/a-tumba-abierta\\\/author\\\/ccabezas\\\/\"}]}<\/script>\n<!-- \/ Yoast SEO plugin. -->","yoast_head_json":{"title":"El equipo Movistar Team participar\u00e1 de nuevo en O Gran Cami\u00f1o","description":"El conjunto espa\u00f1ol Movistar Team volver\u00e1 a participar en O Gran Cami\u00f1o, la prueba ciclista que este a\u00f1o se disputar\u00e1 entre el 23 y el 26 de febrero.","robots":{"index":"index","follow":"follow","max-snippet":"max-snippet:-1","max-image-preview":"max-image-preview:large","max-video-preview":"max-video-preview:-1"},"canonical":"https:\/\/www.cope.es\/blogs\/a-tumba-abierta\/2022\/12\/20\/el-equipo-movistar-team-participara-de-nuevo-en-o-gran-camino\/","og_locale":"es_ES","og_type":"article","og_title":"El equipo Movistar Team participar\u00e1 de nuevo en O Gran Cami\u00f1o","og_description":"El conjunto espa\u00f1ol Movistar Team volver\u00e1 a participar en O Gran Cami\u00f1o, la prueba ciclista que este a\u00f1o se disputar\u00e1 entre el 23 y el 26 de febrero.","og_url":"https:\/\/www.cope.es\/blogs\/a-tumba-abierta\/2022\/12\/20\/el-equipo-movistar-team-participara-de-nuevo-en-o-gran-camino\/","og_site_name":"A Tumba Abierta","article_publisher":"https:\/\/www.facebook.com\/cope\/","article_author":"https:\/\/es-es.facebook.com\/cristobal.cabezasmartin","article_published_time":"2022-12-20T20:48:19+00:00","og_image":[{"width":2560,"height":1001,"url":"https:\/\/www.cope.es\/blogs\/a-tumba-abierta\/wp-content\/uploads\/sites\/23\/2022\/12\/def-5-scaled.jpg","type":"image\/jpeg"}],"author":"Crist\u00f3bal Cabezas","twitter_card":"summary_large_image","twitter_creator":"@cristoblcabezas","twitter_site":"@cope_es","twitter_misc":{"Escrito por":"Crist\u00f3bal Cabezas","Tiempo de lectura":"1 minuto"},"schema":{"@context":"https:\/\/schema.org","@graph":[{"@type":"Article","@id":"https:\/\/www.cope.es\/blogs\/a-tumba-abierta\/2022\/12\/20\/el-equipo-movistar-team-participara-de-nuevo-en-o-gran-camino\/#article","isPartOf":{"@id":"https:\/\/www.cope.es\/blogs\/a-tumba-abierta\/2022\/12\/20\/el-equipo-movistar-team-participara-de-nuevo-en-o-gran-camino\/"},"author":{"name":"Crist\u00f3bal Cabezas","@id":"https:\/\/www.cope.es\/blogs\/a-tumba-abierta\/#\/schema\/person\/413f6566db421693223476f6b63a643b"},"headline":"El equipo Movistar Team participar\u00e1 de nuevo en O Gran Cami\u00f1o","datePublished":"2022-12-20T20:48:19+00:00","mainEntityOfPage":{"@id":"https:\/\/www.cope.es\/blogs\/a-tumba-abierta\/2022\/12\/20\/el-equipo-movistar-team-participara-de-nuevo-en-o-gran-camino\/"},"wordCount":201,"commentCount":0,"image":{"@id":"https:\/\/www.cope.es\/blogs\/a-tumba-abierta\/2022\/12\/20\/el-equipo-movistar-team-participara-de-nuevo-en-o-gran-camino\/#primaryimage"},"thumbnailUrl":"https:\/\/www.cope.es\/blogs\/a-tumba-abierta\/wp-content\/uploads\/sites\/23\/2022\/12\/def-5-scaled.jpg","keywords":["O Gran Cami\u00f1o"],"articleSection":["Actualidad"],"inLanguage":"es","potentialAction":[{"@type":"CommentAction","name":"Comment","target":["https:\/\/www.cope.es\/blogs\/a-tumba-abierta\/2022\/12\/20\/el-equipo-movistar-team-participara-de-nuevo-en-o-gran-camino\/#respond"]}]},{"@type":"WebPage","@id":"https:\/\/www.cope.es\/blogs\/a-tumba-abierta\/2022\/12\/20\/el-equipo-movistar-team-participara-de-nuevo-en-o-gran-camino\/","url":"https:\/\/www.cope.es\/blogs\/a-tumba-abierta\/2022\/12\/20\/el-equipo-movistar-team-participara-de-nuevo-en-o-gran-camino\/","name":"El equipo Movistar Team participar\u00e1 de nuevo en O Gran Cami\u00f1o","isPartOf":{"@id":"https:\/\/www.cope.es\/blogs\/a-tumba-abierta\/#website"},"primaryImageOfPage":{"@id":"https:\/\/www.cope.es\/blogs\/a-tumba-abierta\/2022\/12\/20\/el-equipo-movistar-team-participara-de-nuevo-en-o-gran-camino\/#primaryimage"},"image":{"@id":"https:\/\/www.cope.es\/blogs\/a-tumba-abierta\/2022\/12\/20\/el-equipo-movistar-team-participara-de-nuevo-en-o-gran-camino\/#primaryimage"},"thumbnailUrl":"https:\/\/www.cope.es\/blogs\/a-tumba-abierta\/wp-content\/uploads\/sites\/23\/2022\/12\/def-5-scaled.jpg","datePublished":"2022-12-20T20:48:19+00:00","author":{"@id":"https:\/\/www.cope.es\/blogs\/a-tumba-abierta\/#\/schema\/person\/413f6566db421693223476f6b63a643b"},"description":"El conjunto espa\u00f1ol Movistar Team volver\u00e1 a participar en O Gran Cami\u00f1o, la prueba ciclista que este a\u00f1o se disputar\u00e1 entre el 23 y el 26 de febrero.","breadcrumb":{"@id":"https:\/\/www.cope.es\/blogs\/a-tumba-abierta\/2022\/12\/20\/el-equipo-movistar-team-participara-de-nuevo-en-o-gran-camino\/#breadcrumb"},"inLanguage":"es","potentialAction":[{"@type":"ReadAction","target":["https:\/\/www.cope.es\/blogs\/a-tumba-abierta\/2022\/12\/20\/el-equipo-movistar-team-participara-de-nuevo-en-o-gran-camino\/"]}]},{"@type":"ImageObject","inLanguage":"es","@id":"https:\/\/www.cope.es\/blogs\/a-tumba-abierta\/2022\/12\/20\/el-equipo-movistar-team-participara-de-nuevo-en-o-gran-camino\/#primaryimage","url":"https:\/\/www.cope.es\/blogs\/a-tumba-abierta\/wp-content\/uploads\/sites\/23\/2022\/12\/def-5-scaled.jpg","contentUrl":"https:\/\/www.cope.es\/blogs\/a-tumba-abierta\/wp-content\/uploads\/sites\/23\/2022\/12\/def-5-scaled.jpg","width":2560,"height":1001,"caption":"El Movistar Team volver\u00e1 a participar en O Gran Cami\u00f1o, la prueba ciclista que este a\u00f1o celebra su segunda edici\u00f3n y que se disputar\u00e1 entre el 23 y el 26 de febrero, uni\u00e9ndose as\u00ed a otro equipo World Tour como el Jumbo-Visma."},{"@type":"BreadcrumbList","@id":"https:\/\/www.cope.es\/blogs\/a-tumba-abierta\/2022\/12\/20\/el-equipo-movistar-team-participara-de-nuevo-en-o-gran-camino\/#breadcrumb","itemListElement":[{"@type":"ListItem","position":1,"name":"Portada","item":"https:\/\/www.cope.es\/blogs\/a-tumba-abierta\/"},{"@type":"ListItem","position":2,"name":"El equipo Movistar Team participar\u00e1 de nuevo en O Gran Cami\u00f1o"}]},{"@type":"WebSite","@id":"https:\/\/www.cope.es\/blogs\/a-tumba-abierta\/#website","url":"https:\/\/www.cope.es\/blogs\/a-tumba-abierta\/","name":"A Tumba Abierta","description":"Blog de ciclismo en COPE","potentialAction":[{"@type":"SearchAction","target":{"@type":"EntryPoint","urlTemplate":"https:\/\/www.cope.es\/blogs\/a-tumba-abierta\/?s={search_term_string}"},"query-input":{"@type":"PropertyValueSpecification","valueRequired":true,"valueName":"search_term_string"}}],"inLanguage":"es"},{"@type":"Person","@id":"https:\/\/www.cope.es\/blogs\/a-tumba-abierta\/#\/schema\/person\/413f6566db421693223476f6b63a643b","name":"Crist\u00f3bal Cabezas","image":{"@type":"ImageObject","inLanguage":"es","@id":"https:\/\/secure.gravatar.com\/avatar\/361550a2a3cac91688caa1b00f2a1fa4e89a6c4361562ca29a361ce0041974c2?s=96&d=mm&r=g","url":"https:\/\/secure.gravatar.com\/avatar\/361550a2a3cac91688caa1b00f2a1fa4e89a6c4361562ca29a361ce0041974c2?s=96&d=mm&r=g","contentUrl":"https:\/\/secure.gravatar.com\/avatar\/361550a2a3cac91688caa1b00f2a1fa4e89a6c4361562ca29a361ce0041974c2?s=96&d=mm&r=g","caption":"Crist\u00f3bal Cabezas"},"description":"Crist\u00f3bal Cabezas es Licenciado en Periodismo por la Universidad Complutense de Madrid y T\u00edtulo en T\u00e9cnico en Comunicaci\u00f3n Integral por la Universidad Francisco de Vitoria. Tras desempe\u00f1ar tareas informativas en diferentes medios, recal\u00f3 en la Cadena COPE en el a\u00f1o 2005. Desde entonces, ha trabajado en las emisoras de Madrid, Granada, Jaca (Huesca) y Toledo, en donde se incorpor\u00f3 en 2013 como Jefe de Informativos de la Cadena COPE en Castilla-La Mancha. Siempre tuvo claro que quer\u00eda ser periodista y, a esa afici\u00f3n, se uni\u00f3 la del ciclismo, deporte con el que ha disfrutado mucho, tanto a trav\u00e9s de los medios de comunicaci\u00f3n como asistiendo en directo a diferentes carreras ciclistas. El inter\u00e9s que siempre mostr\u00f3 con todo lo relacionado con Internet y las redes sociales, fue reconocido con el Premio \u201cD\u00eda de Internet\u201d en la categor\u00eda de \u201cMejor Periodista Digital\u201d por sus trabajos en la Cadena COPE. Precisamente, esa pasi\u00f3n por las nuevas tecnolog\u00edas, espera que sea el \u201cveh\u00edculo\u201d para poder contar \u201cA Tumba Abierta\u201d las mejores historias del deporte de las dos ruedas.","sameAs":["http:\/\/www.cope.es","https:\/\/es-es.facebook.com\/cristobal.cabezasmartin","https:\/\/x.com\/cristoblcabezas"],"url":"https:\/\/www.cope.es\/blogs\/a-tumba-abierta\/author\/ccabezas\/"}]}},"amp_enabled":true,"_links":{"self":[{"href":"https:\/\/www.cope.es\/blogs\/a-tumba-abierta\/wp-json\/wp\/v2\/posts\/1924","targetHints":{"allow":["GET"]}}],"collection":[{"href":"https:\/\/www.cope.es\/blogs\/a-tumba-abierta\/wp-json\/wp\/v2\/posts"}],"about":[{"href":"https:\/\/www.cope.es\/blogs\/a-tumba-abierta\/wp-json\/wp\/v2\/types\/post"}],"author":[{"embeddable":true,"href":"https:\/\/www.cope.es\/blogs\/a-tumba-abierta\/wp-json\/wp\/v2\/users\/24"}],"replies":[{"embeddable":true,"href":"https:\/\/www.cope.es\/blogs\/a-tumba-abierta\/wp-json\/wp\/v2\/comments?post=1924"}],"version-history":[{"count":2,"href":"https:\/\/www.cope.es\/blogs\/a-tumba-abierta\/wp-json\/wp\/v2\/posts\/1924\/revisions"}],"predecessor-version":[{"id":1927,"href":"https:\/\/www.cope.es\/blogs\/a-tumba-abierta\/wp-json\/wp\/v2\/posts\/1924\/revisions\/1927"}],"wp:featuredmedia":[{"embeddable":true,"href":"https:\/\/www.cope.es\/blogs\/a-tumba-abierta\/wp-json\/wp\/v2\/media\/1925"}],"wp:attachment":[{"href":"https:\/\/www.cope.es\/blogs\/a-tumba-abierta\/wp-json\/wp\/v2\/media?parent=1924"}],"wp:term":[{"taxonomy":"category","embeddable":true,"href":"https:\/\/www.cope.es\/blogs\/a-tumba-abierta\/wp-json\/wp\/v2\/categories?post=1924"},{"taxonomy":"post_tag","embeddable":true,"href":"https:\/\/www.cope.es\/blogs\/a-tumba-abierta\/wp-json\/wp\/v2\/tags?post=1924"}],"curies":[{"name":"wp","href":"https:\/\/api.w.org\/{rel}","templated":true}]}}