{"id":1914,"date":"2022-12-17T11:47:57","date_gmt":"2022-12-17T10:47:57","guid":{"rendered":"http:\/\/www.cope.es\/blogs\/a-tumba-abierta\/?p=1914"},"modified":"2022-12-17T13:10:46","modified_gmt":"2022-12-17T12:10:46","slug":"el-primer-movistar-team-post-bala-se-presentara-el-21-de-diciembre","status":"publish","type":"post","link":"https:\/\/www.cope.es\/blogs\/a-tumba-abierta\/2022\/12\/17\/el-primer-movistar-team-post-bala-se-presentara-el-21-de-diciembre\/","title":{"rendered":"El primer Movistar Team &#8216;post Bala&#8217; se presentar\u00e1 el 21 de diciembre"},"content":{"rendered":"<p>El \u00fanico equipo espa\u00f1ol UCI WorldTeams, el Movistar Team, presentar\u00e1 a sus escuadras para el nuevo a\u00f1o 2023 el mi\u00e9rcoles 21 de diciembre en Madrid, con el primer proyecto de los de <strong>Eusebio Unzu\u00e9<\/strong> sin <strong>Alejandro Valverde<\/strong>.<\/p>\n<p>En el Auditorio Telef\u00f3nica, sede de la compa\u00f1\u00eda en Madrid y a partir de las 11:30 horas, el conjunto presentar\u00e1 a su equipo masculino y femenino.<\/p>\n<p>Ser\u00e1 el primer a\u00f1o sin Alejandro Valverde. El &#8216;Bala&#8217;, retirado a finales de este 2022, lleg\u00f3 a la escuadra de Unzu\u00e9 en 2005 (entonces Illes Balears &#8211; Caisse d&#8217;Epargne) y se march\u00f3 con 133 victorias profesionales.<\/p>\n<p>El murciano deja un gran hueco en el equipo. Ahora, los l\u00edderes seguir\u00e1n siendo <strong>Enric Mas<\/strong>, que debe explotar como jefe absoluto, <strong>Iv\u00e1n Ramiro Sosa<\/strong> e <strong>Iv\u00e1n Garc\u00eda Cortina<\/strong>.<\/p>\n<p>Las caras nuevas de 2023 ser\u00e1n varias. La m\u00e1s destacada es la del esprinter colombiano <strong>Fernando Gaviria<\/strong>, procedente del UAE Team Emirates, o la del portugu\u00e9s <strong>Ruben Guerreiro<\/strong> (desde el EF Education-EasyPost).<\/p>\n<p>En el Movistar Team femenino, tambi\u00e9n de la primera categor\u00eda, los fichajes son &#8211;a falta de fichajes de \u00faltima hora&#8211; la alemana <strong>Liane Lippert<\/strong> y la neerlandesa <strong>Floortje Mackaij<\/strong>.<\/p>\n<p>El primer Movistar Team &#8216;post Bala&#8217; es el principal asunto que te contamos este s\u00e1bado, 17 de diciembre, en <a href=\"https:\/\/www.cope.es\/blogs\/a-tumba-abierta\/\" target=\"_blank\">\u201cA Tumba Abierta\u201d<\/a>, un blog dirigido por <strong>Crist\u00f3bal Cabezas<\/strong> en el que el ciclismo es siempre el gran protagonista.<\/p>\n","protected":false},"excerpt":{"rendered":"<p>El \u00fanico equipo espa\u00f1ol UCI WorldTeams, el Movistar Team, presentar\u00e1 a sus escuadras para el nuevo a\u00f1o 2023 el mi\u00e9rcoles 21 de diciembre en Madrid, con el primer proyecto de los de Eusebio Unzu\u00e9 sin Alejandro Valverde. En el Auditorio Telef\u00f3nica, sede de la compa\u00f1\u00eda en Madrid y a partir de las 11:30 horas, el [&hellip;]<\/p>\n","protected":false},"author":24,"featured_media":1915,"comment_status":"open","ping_status":"open","sticky":false,"template":"","format":"standard","meta":{"footnotes":""},"categories":[140],"tags":[184],"class_list":["post-1914","post","type-post","status-publish","format-standard","has-post-thumbnail","hentry","category-actualidad","tag-movistar-team"],"yoast_head":"<!-- This site is optimized with the Yoast SEO plugin v27.4 - https:\/\/yoast.com\/product\/yoast-seo-wordpress\/ -->\n<title>El primer Movistar Team &#039;post Bala&#039; se presentar\u00e1 el 21 de diciembre<\/title>\n<meta name=\"description\" content=\"Los l\u00edderes del nuevo Movistar Team seguir\u00e1n siendo Enric Mas, que debe explotar como jefe absoluto, Iv\u00e1n Ramiro Sosa e Iv\u00e1n Garc\u00eda Cortina.\" \/>\n<meta name=\"robots\" content=\"index, follow, max-snippet:-1, max-image-preview:large, max-video-preview:-1\" \/>\n<link rel=\"canonical\" href=\"https:\/\/www.cope.es\/blogs\/a-tumba-abierta\/2022\/12\/17\/el-primer-movistar-team-post-bala-se-presentara-el-21-de-diciembre\/\" \/>\n<meta property=\"og:locale\" content=\"es_ES\" \/>\n<meta property=\"og:type\" content=\"article\" \/>\n<meta property=\"og:title\" content=\"El primer Movistar Team &#039;post Bala&#039; se presentar\u00e1 el 21 de diciembre\" \/>\n<meta property=\"og:description\" content=\"Los l\u00edderes del nuevo Movistar Team seguir\u00e1n siendo Enric Mas, que debe explotar como jefe absoluto, Iv\u00e1n Ramiro Sosa e Iv\u00e1n Garc\u00eda Cortina.\" \/>\n<meta property=\"og:url\" content=\"https:\/\/www.cope.es\/blogs\/a-tumba-abierta\/2022\/12\/17\/el-primer-movistar-team-post-bala-se-presentara-el-21-de-diciembre\/\" \/>\n<meta property=\"og:site_name\" content=\"A Tumba Abierta\" \/>\n<meta property=\"article:publisher\" content=\"https:\/\/www.facebook.com\/cope\/\" \/>\n<meta property=\"article:author\" content=\"https:\/\/es-es.facebook.com\/cristobal.cabezasmartin\" \/>\n<meta property=\"article:published_time\" content=\"2022-12-17T10:47:57+00:00\" \/>\n<meta property=\"article:modified_time\" content=\"2022-12-17T12:10:46+00:00\" \/>\n<meta property=\"og:image\" content=\"https:\/\/www.cope.es\/blogs\/a-tumba-abierta\/wp-content\/uploads\/sites\/23\/2022\/12\/def-4.jpg\" \/>\n\t<meta property=\"og:image:width\" content=\"1263\" \/>\n\t<meta property=\"og:image:height\" content=\"699\" \/>\n\t<meta property=\"og:image:type\" content=\"image\/jpeg\" \/>\n<meta name=\"author\" content=\"Crist\u00f3bal Cabezas\" \/>\n<meta name=\"twitter:card\" content=\"summary_large_image\" \/>\n<meta name=\"twitter:creator\" content=\"@cristoblcabezas\" \/>\n<meta name=\"twitter:site\" content=\"@cope_es\" \/>\n<meta name=\"twitter:label1\" content=\"Escrito por\" \/>\n\t<meta name=\"twitter:data1\" content=\"Crist\u00f3bal Cabezas\" \/>\n\t<meta name=\"twitter:label2\" content=\"Tiempo de lectura\" \/>\n\t<meta name=\"twitter:data2\" content=\"1 minuto\" \/>\n<script type=\"application\/ld+json\" class=\"yoast-schema-graph\">{\"@context\":\"https:\\\/\\\/schema.org\",\"@graph\":[{\"@type\":\"Article\",\"@id\":\"https:\\\/\\\/www.cope.es\\\/blogs\\\/a-tumba-abierta\\\/2022\\\/12\\\/17\\\/el-primer-movistar-team-post-bala-se-presentara-el-21-de-diciembre\\\/#article\",\"isPartOf\":{\"@id\":\"https:\\\/\\\/www.cope.es\\\/blogs\\\/a-tumba-abierta\\\/2022\\\/12\\\/17\\\/el-primer-movistar-team-post-bala-se-presentara-el-21-de-diciembre\\\/\"},\"author\":{\"name\":\"Crist\u00f3bal Cabezas\",\"@id\":\"https:\\\/\\\/www.cope.es\\\/blogs\\\/a-tumba-abierta\\\/#\\\/schema\\\/person\\\/413f6566db421693223476f6b63a643b\"},\"headline\":\"El primer Movistar Team &#8216;post Bala&#8217; se presentar\u00e1 el 21 de diciembre\",\"datePublished\":\"2022-12-17T10:47:57+00:00\",\"dateModified\":\"2022-12-17T12:10:46+00:00\",\"mainEntityOfPage\":{\"@id\":\"https:\\\/\\\/www.cope.es\\\/blogs\\\/a-tumba-abierta\\\/2022\\\/12\\\/17\\\/el-primer-movistar-team-post-bala-se-presentara-el-21-de-diciembre\\\/\"},\"wordCount\":248,\"commentCount\":0,\"image\":{\"@id\":\"https:\\\/\\\/www.cope.es\\\/blogs\\\/a-tumba-abierta\\\/2022\\\/12\\\/17\\\/el-primer-movistar-team-post-bala-se-presentara-el-21-de-diciembre\\\/#primaryimage\"},\"thumbnailUrl\":\"https:\\\/\\\/www.cope.es\\\/blogs\\\/a-tumba-abierta\\\/wp-content\\\/uploads\\\/sites\\\/23\\\/2022\\\/12\\\/def-4.jpg\",\"keywords\":[\"Movistar Team\"],\"articleSection\":[\"Actualidad\"],\"inLanguage\":\"es\",\"potentialAction\":[{\"@type\":\"CommentAction\",\"name\":\"Comment\",\"target\":[\"https:\\\/\\\/www.cope.es\\\/blogs\\\/a-tumba-abierta\\\/2022\\\/12\\\/17\\\/el-primer-movistar-team-post-bala-se-presentara-el-21-de-diciembre\\\/#respond\"]}]},{\"@type\":\"WebPage\",\"@id\":\"https:\\\/\\\/www.cope.es\\\/blogs\\\/a-tumba-abierta\\\/2022\\\/12\\\/17\\\/el-primer-movistar-team-post-bala-se-presentara-el-21-de-diciembre\\\/\",\"url\":\"https:\\\/\\\/www.cope.es\\\/blogs\\\/a-tumba-abierta\\\/2022\\\/12\\\/17\\\/el-primer-movistar-team-post-bala-se-presentara-el-21-de-diciembre\\\/\",\"name\":\"El primer Movistar Team 'post Bala' se presentar\u00e1 el 21 de diciembre\",\"isPartOf\":{\"@id\":\"https:\\\/\\\/www.cope.es\\\/blogs\\\/a-tumba-abierta\\\/#website\"},\"primaryImageOfPage\":{\"@id\":\"https:\\\/\\\/www.cope.es\\\/blogs\\\/a-tumba-abierta\\\/2022\\\/12\\\/17\\\/el-primer-movistar-team-post-bala-se-presentara-el-21-de-diciembre\\\/#primaryimage\"},\"image\":{\"@id\":\"https:\\\/\\\/www.cope.es\\\/blogs\\\/a-tumba-abierta\\\/2022\\\/12\\\/17\\\/el-primer-movistar-team-post-bala-se-presentara-el-21-de-diciembre\\\/#primaryimage\"},\"thumbnailUrl\":\"https:\\\/\\\/www.cope.es\\\/blogs\\\/a-tumba-abierta\\\/wp-content\\\/uploads\\\/sites\\\/23\\\/2022\\\/12\\\/def-4.jpg\",\"datePublished\":\"2022-12-17T10:47:57+00:00\",\"dateModified\":\"2022-12-17T12:10:46+00:00\",\"author\":{\"@id\":\"https:\\\/\\\/www.cope.es\\\/blogs\\\/a-tumba-abierta\\\/#\\\/schema\\\/person\\\/413f6566db421693223476f6b63a643b\"},\"description\":\"Los l\u00edderes del nuevo Movistar Team seguir\u00e1n siendo Enric Mas, que debe explotar como jefe absoluto, Iv\u00e1n Ramiro Sosa e Iv\u00e1n Garc\u00eda Cortina.\",\"breadcrumb\":{\"@id\":\"https:\\\/\\\/www.cope.es\\\/blogs\\\/a-tumba-abierta\\\/2022\\\/12\\\/17\\\/el-primer-movistar-team-post-bala-se-presentara-el-21-de-diciembre\\\/#breadcrumb\"},\"inLanguage\":\"es\",\"potentialAction\":[{\"@type\":\"ReadAction\",\"target\":[\"https:\\\/\\\/www.cope.es\\\/blogs\\\/a-tumba-abierta\\\/2022\\\/12\\\/17\\\/el-primer-movistar-team-post-bala-se-presentara-el-21-de-diciembre\\\/\"]}]},{\"@type\":\"ImageObject\",\"inLanguage\":\"es\",\"@id\":\"https:\\\/\\\/www.cope.es\\\/blogs\\\/a-tumba-abierta\\\/2022\\\/12\\\/17\\\/el-primer-movistar-team-post-bala-se-presentara-el-21-de-diciembre\\\/#primaryimage\",\"url\":\"https:\\\/\\\/www.cope.es\\\/blogs\\\/a-tumba-abierta\\\/wp-content\\\/uploads\\\/sites\\\/23\\\/2022\\\/12\\\/def-4.jpg\",\"contentUrl\":\"https:\\\/\\\/www.cope.es\\\/blogs\\\/a-tumba-abierta\\\/wp-content\\\/uploads\\\/sites\\\/23\\\/2022\\\/12\\\/def-4.jpg\",\"width\":1263,\"height\":699,\"caption\":\"El \u00fanico equipo espa\u00f1ol UCI WorldTeams, el Movistar Team, presentar\u00e1 a sus escuadras para el nuevo a\u00f1o 2023 el mi\u00e9rcoles 21 de diciembre en Madrid, con el primer proyecto de los de Eusebio Unzu\u00e9 sin Alejandro Valverde.\"},{\"@type\":\"BreadcrumbList\",\"@id\":\"https:\\\/\\\/www.cope.es\\\/blogs\\\/a-tumba-abierta\\\/2022\\\/12\\\/17\\\/el-primer-movistar-team-post-bala-se-presentara-el-21-de-diciembre\\\/#breadcrumb\",\"itemListElement\":[{\"@type\":\"ListItem\",\"position\":1,\"name\":\"Portada\",\"item\":\"https:\\\/\\\/www.cope.es\\\/blogs\\\/a-tumba-abierta\\\/\"},{\"@type\":\"ListItem\",\"position\":2,\"name\":\"El primer Movistar Team &#8216;post Bala&#8217; se presentar\u00e1 el 21 de diciembre\"}]},{\"@type\":\"WebSite\",\"@id\":\"https:\\\/\\\/www.cope.es\\\/blogs\\\/a-tumba-abierta\\\/#website\",\"url\":\"https:\\\/\\\/www.cope.es\\\/blogs\\\/a-tumba-abierta\\\/\",\"name\":\"A Tumba Abierta\",\"description\":\"Blog de ciclismo en COPE\",\"potentialAction\":[{\"@type\":\"SearchAction\",\"target\":{\"@type\":\"EntryPoint\",\"urlTemplate\":\"https:\\\/\\\/www.cope.es\\\/blogs\\\/a-tumba-abierta\\\/?s={search_term_string}\"},\"query-input\":{\"@type\":\"PropertyValueSpecification\",\"valueRequired\":true,\"valueName\":\"search_term_string\"}}],\"inLanguage\":\"es\"},{\"@type\":\"Person\",\"@id\":\"https:\\\/\\\/www.cope.es\\\/blogs\\\/a-tumba-abierta\\\/#\\\/schema\\\/person\\\/413f6566db421693223476f6b63a643b\",\"name\":\"Crist\u00f3bal Cabezas\",\"image\":{\"@type\":\"ImageObject\",\"inLanguage\":\"es\",\"@id\":\"https:\\\/\\\/secure.gravatar.com\\\/avatar\\\/361550a2a3cac91688caa1b00f2a1fa4e89a6c4361562ca29a361ce0041974c2?s=96&d=mm&r=g\",\"url\":\"https:\\\/\\\/secure.gravatar.com\\\/avatar\\\/361550a2a3cac91688caa1b00f2a1fa4e89a6c4361562ca29a361ce0041974c2?s=96&d=mm&r=g\",\"contentUrl\":\"https:\\\/\\\/secure.gravatar.com\\\/avatar\\\/361550a2a3cac91688caa1b00f2a1fa4e89a6c4361562ca29a361ce0041974c2?s=96&d=mm&r=g\",\"caption\":\"Crist\u00f3bal Cabezas\"},\"description\":\"Crist\u00f3bal Cabezas es Licenciado en Periodismo por la Universidad Complutense de Madrid y T\u00edtulo en T\u00e9cnico en Comunicaci\u00f3n Integral por la Universidad Francisco de Vitoria. Tras desempe\u00f1ar tareas informativas en diferentes medios, recal\u00f3 en la Cadena COPE en el a\u00f1o 2005. Desde entonces, ha trabajado en las emisoras de Madrid, Granada, Jaca (Huesca) y Toledo, en donde se incorpor\u00f3 en 2013 como Jefe de Informativos de la Cadena COPE en Castilla-La Mancha. Siempre tuvo claro que quer\u00eda ser periodista y, a esa afici\u00f3n, se uni\u00f3 la del ciclismo, deporte con el que ha disfrutado mucho, tanto a trav\u00e9s de los medios de comunicaci\u00f3n como asistiendo en directo a diferentes carreras ciclistas. El inter\u00e9s que siempre mostr\u00f3 con todo lo relacionado con Internet y las redes sociales, fue reconocido con el Premio \u201cD\u00eda de Internet\u201d en la categor\u00eda de \u201cMejor Periodista Digital\u201d por sus trabajos en la Cadena COPE. Precisamente, esa pasi\u00f3n por las nuevas tecnolog\u00edas, espera que sea el \u201cveh\u00edculo\u201d para poder contar \u201cA Tumba Abierta\u201d las mejores historias del deporte de las dos ruedas.\",\"sameAs\":[\"http:\\\/\\\/www.cope.es\",\"https:\\\/\\\/es-es.facebook.com\\\/cristobal.cabezasmartin\",\"https:\\\/\\\/x.com\\\/cristoblcabezas\"],\"url\":\"https:\\\/\\\/www.cope.es\\\/blogs\\\/a-tumba-abierta\\\/author\\\/ccabezas\\\/\"}]}<\/script>\n<!-- \/ Yoast SEO plugin. -->","yoast_head_json":{"title":"El primer Movistar Team 'post Bala' se presentar\u00e1 el 21 de diciembre","description":"Los l\u00edderes del nuevo Movistar Team seguir\u00e1n siendo Enric Mas, que debe explotar como jefe absoluto, Iv\u00e1n Ramiro Sosa e Iv\u00e1n Garc\u00eda Cortina.","robots":{"index":"index","follow":"follow","max-snippet":"max-snippet:-1","max-image-preview":"max-image-preview:large","max-video-preview":"max-video-preview:-1"},"canonical":"https:\/\/www.cope.es\/blogs\/a-tumba-abierta\/2022\/12\/17\/el-primer-movistar-team-post-bala-se-presentara-el-21-de-diciembre\/","og_locale":"es_ES","og_type":"article","og_title":"El primer Movistar Team 'post Bala' se presentar\u00e1 el 21 de diciembre","og_description":"Los l\u00edderes del nuevo Movistar Team seguir\u00e1n siendo Enric Mas, que debe explotar como jefe absoluto, Iv\u00e1n Ramiro Sosa e Iv\u00e1n Garc\u00eda Cortina.","og_url":"https:\/\/www.cope.es\/blogs\/a-tumba-abierta\/2022\/12\/17\/el-primer-movistar-team-post-bala-se-presentara-el-21-de-diciembre\/","og_site_name":"A Tumba Abierta","article_publisher":"https:\/\/www.facebook.com\/cope\/","article_author":"https:\/\/es-es.facebook.com\/cristobal.cabezasmartin","article_published_time":"2022-12-17T10:47:57+00:00","article_modified_time":"2022-12-17T12:10:46+00:00","og_image":[{"width":1263,"height":699,"url":"https:\/\/www.cope.es\/blogs\/a-tumba-abierta\/wp-content\/uploads\/sites\/23\/2022\/12\/def-4.jpg","type":"image\/jpeg"}],"author":"Crist\u00f3bal Cabezas","twitter_card":"summary_large_image","twitter_creator":"@cristoblcabezas","twitter_site":"@cope_es","twitter_misc":{"Escrito por":"Crist\u00f3bal Cabezas","Tiempo de lectura":"1 minuto"},"schema":{"@context":"https:\/\/schema.org","@graph":[{"@type":"Article","@id":"https:\/\/www.cope.es\/blogs\/a-tumba-abierta\/2022\/12\/17\/el-primer-movistar-team-post-bala-se-presentara-el-21-de-diciembre\/#article","isPartOf":{"@id":"https:\/\/www.cope.es\/blogs\/a-tumba-abierta\/2022\/12\/17\/el-primer-movistar-team-post-bala-se-presentara-el-21-de-diciembre\/"},"author":{"name":"Crist\u00f3bal Cabezas","@id":"https:\/\/www.cope.es\/blogs\/a-tumba-abierta\/#\/schema\/person\/413f6566db421693223476f6b63a643b"},"headline":"El primer Movistar Team &#8216;post Bala&#8217; se presentar\u00e1 el 21 de diciembre","datePublished":"2022-12-17T10:47:57+00:00","dateModified":"2022-12-17T12:10:46+00:00","mainEntityOfPage":{"@id":"https:\/\/www.cope.es\/blogs\/a-tumba-abierta\/2022\/12\/17\/el-primer-movistar-team-post-bala-se-presentara-el-21-de-diciembre\/"},"wordCount":248,"commentCount":0,"image":{"@id":"https:\/\/www.cope.es\/blogs\/a-tumba-abierta\/2022\/12\/17\/el-primer-movistar-team-post-bala-se-presentara-el-21-de-diciembre\/#primaryimage"},"thumbnailUrl":"https:\/\/www.cope.es\/blogs\/a-tumba-abierta\/wp-content\/uploads\/sites\/23\/2022\/12\/def-4.jpg","keywords":["Movistar Team"],"articleSection":["Actualidad"],"inLanguage":"es","potentialAction":[{"@type":"CommentAction","name":"Comment","target":["https:\/\/www.cope.es\/blogs\/a-tumba-abierta\/2022\/12\/17\/el-primer-movistar-team-post-bala-se-presentara-el-21-de-diciembre\/#respond"]}]},{"@type":"WebPage","@id":"https:\/\/www.cope.es\/blogs\/a-tumba-abierta\/2022\/12\/17\/el-primer-movistar-team-post-bala-se-presentara-el-21-de-diciembre\/","url":"https:\/\/www.cope.es\/blogs\/a-tumba-abierta\/2022\/12\/17\/el-primer-movistar-team-post-bala-se-presentara-el-21-de-diciembre\/","name":"El primer Movistar Team 'post Bala' se presentar\u00e1 el 21 de diciembre","isPartOf":{"@id":"https:\/\/www.cope.es\/blogs\/a-tumba-abierta\/#website"},"primaryImageOfPage":{"@id":"https:\/\/www.cope.es\/blogs\/a-tumba-abierta\/2022\/12\/17\/el-primer-movistar-team-post-bala-se-presentara-el-21-de-diciembre\/#primaryimage"},"image":{"@id":"https:\/\/www.cope.es\/blogs\/a-tumba-abierta\/2022\/12\/17\/el-primer-movistar-team-post-bala-se-presentara-el-21-de-diciembre\/#primaryimage"},"thumbnailUrl":"https:\/\/www.cope.es\/blogs\/a-tumba-abierta\/wp-content\/uploads\/sites\/23\/2022\/12\/def-4.jpg","datePublished":"2022-12-17T10:47:57+00:00","dateModified":"2022-12-17T12:10:46+00:00","author":{"@id":"https:\/\/www.cope.es\/blogs\/a-tumba-abierta\/#\/schema\/person\/413f6566db421693223476f6b63a643b"},"description":"Los l\u00edderes del nuevo Movistar Team seguir\u00e1n siendo Enric Mas, que debe explotar como jefe absoluto, Iv\u00e1n Ramiro Sosa e Iv\u00e1n Garc\u00eda Cortina.","breadcrumb":{"@id":"https:\/\/www.cope.es\/blogs\/a-tumba-abierta\/2022\/12\/17\/el-primer-movistar-team-post-bala-se-presentara-el-21-de-diciembre\/#breadcrumb"},"inLanguage":"es","potentialAction":[{"@type":"ReadAction","target":["https:\/\/www.cope.es\/blogs\/a-tumba-abierta\/2022\/12\/17\/el-primer-movistar-team-post-bala-se-presentara-el-21-de-diciembre\/"]}]},{"@type":"ImageObject","inLanguage":"es","@id":"https:\/\/www.cope.es\/blogs\/a-tumba-abierta\/2022\/12\/17\/el-primer-movistar-team-post-bala-se-presentara-el-21-de-diciembre\/#primaryimage","url":"https:\/\/www.cope.es\/blogs\/a-tumba-abierta\/wp-content\/uploads\/sites\/23\/2022\/12\/def-4.jpg","contentUrl":"https:\/\/www.cope.es\/blogs\/a-tumba-abierta\/wp-content\/uploads\/sites\/23\/2022\/12\/def-4.jpg","width":1263,"height":699,"caption":"El \u00fanico equipo espa\u00f1ol UCI WorldTeams, el Movistar Team, presentar\u00e1 a sus escuadras para el nuevo a\u00f1o 2023 el mi\u00e9rcoles 21 de diciembre en Madrid, con el primer proyecto de los de Eusebio Unzu\u00e9 sin Alejandro Valverde."},{"@type":"BreadcrumbList","@id":"https:\/\/www.cope.es\/blogs\/a-tumba-abierta\/2022\/12\/17\/el-primer-movistar-team-post-bala-se-presentara-el-21-de-diciembre\/#breadcrumb","itemListElement":[{"@type":"ListItem","position":1,"name":"Portada","item":"https:\/\/www.cope.es\/blogs\/a-tumba-abierta\/"},{"@type":"ListItem","position":2,"name":"El primer Movistar Team &#8216;post Bala&#8217; se presentar\u00e1 el 21 de diciembre"}]},{"@type":"WebSite","@id":"https:\/\/www.cope.es\/blogs\/a-tumba-abierta\/#website","url":"https:\/\/www.cope.es\/blogs\/a-tumba-abierta\/","name":"A Tumba Abierta","description":"Blog de ciclismo en COPE","potentialAction":[{"@type":"SearchAction","target":{"@type":"EntryPoint","urlTemplate":"https:\/\/www.cope.es\/blogs\/a-tumba-abierta\/?s={search_term_string}"},"query-input":{"@type":"PropertyValueSpecification","valueRequired":true,"valueName":"search_term_string"}}],"inLanguage":"es"},{"@type":"Person","@id":"https:\/\/www.cope.es\/blogs\/a-tumba-abierta\/#\/schema\/person\/413f6566db421693223476f6b63a643b","name":"Crist\u00f3bal Cabezas","image":{"@type":"ImageObject","inLanguage":"es","@id":"https:\/\/secure.gravatar.com\/avatar\/361550a2a3cac91688caa1b00f2a1fa4e89a6c4361562ca29a361ce0041974c2?s=96&d=mm&r=g","url":"https:\/\/secure.gravatar.com\/avatar\/361550a2a3cac91688caa1b00f2a1fa4e89a6c4361562ca29a361ce0041974c2?s=96&d=mm&r=g","contentUrl":"https:\/\/secure.gravatar.com\/avatar\/361550a2a3cac91688caa1b00f2a1fa4e89a6c4361562ca29a361ce0041974c2?s=96&d=mm&r=g","caption":"Crist\u00f3bal Cabezas"},"description":"Crist\u00f3bal Cabezas es Licenciado en Periodismo por la Universidad Complutense de Madrid y T\u00edtulo en T\u00e9cnico en Comunicaci\u00f3n Integral por la Universidad Francisco de Vitoria. Tras desempe\u00f1ar tareas informativas en diferentes medios, recal\u00f3 en la Cadena COPE en el a\u00f1o 2005. Desde entonces, ha trabajado en las emisoras de Madrid, Granada, Jaca (Huesca) y Toledo, en donde se incorpor\u00f3 en 2013 como Jefe de Informativos de la Cadena COPE en Castilla-La Mancha. Siempre tuvo claro que quer\u00eda ser periodista y, a esa afici\u00f3n, se uni\u00f3 la del ciclismo, deporte con el que ha disfrutado mucho, tanto a trav\u00e9s de los medios de comunicaci\u00f3n como asistiendo en directo a diferentes carreras ciclistas. El inter\u00e9s que siempre mostr\u00f3 con todo lo relacionado con Internet y las redes sociales, fue reconocido con el Premio \u201cD\u00eda de Internet\u201d en la categor\u00eda de \u201cMejor Periodista Digital\u201d por sus trabajos en la Cadena COPE. Precisamente, esa pasi\u00f3n por las nuevas tecnolog\u00edas, espera que sea el \u201cveh\u00edculo\u201d para poder contar \u201cA Tumba Abierta\u201d las mejores historias del deporte de las dos ruedas.","sameAs":["http:\/\/www.cope.es","https:\/\/es-es.facebook.com\/cristobal.cabezasmartin","https:\/\/x.com\/cristoblcabezas"],"url":"https:\/\/www.cope.es\/blogs\/a-tumba-abierta\/author\/ccabezas\/"}]}},"amp_enabled":true,"_links":{"self":[{"href":"https:\/\/www.cope.es\/blogs\/a-tumba-abierta\/wp-json\/wp\/v2\/posts\/1914","targetHints":{"allow":["GET"]}}],"collection":[{"href":"https:\/\/www.cope.es\/blogs\/a-tumba-abierta\/wp-json\/wp\/v2\/posts"}],"about":[{"href":"https:\/\/www.cope.es\/blogs\/a-tumba-abierta\/wp-json\/wp\/v2\/types\/post"}],"author":[{"embeddable":true,"href":"https:\/\/www.cope.es\/blogs\/a-tumba-abierta\/wp-json\/wp\/v2\/users\/24"}],"replies":[{"embeddable":true,"href":"https:\/\/www.cope.es\/blogs\/a-tumba-abierta\/wp-json\/wp\/v2\/comments?post=1914"}],"version-history":[{"count":2,"href":"https:\/\/www.cope.es\/blogs\/a-tumba-abierta\/wp-json\/wp\/v2\/posts\/1914\/revisions"}],"predecessor-version":[{"id":1917,"href":"https:\/\/www.cope.es\/blogs\/a-tumba-abierta\/wp-json\/wp\/v2\/posts\/1914\/revisions\/1917"}],"wp:featuredmedia":[{"embeddable":true,"href":"https:\/\/www.cope.es\/blogs\/a-tumba-abierta\/wp-json\/wp\/v2\/media\/1915"}],"wp:attachment":[{"href":"https:\/\/www.cope.es\/blogs\/a-tumba-abierta\/wp-json\/wp\/v2\/media?parent=1914"}],"wp:term":[{"taxonomy":"category","embeddable":true,"href":"https:\/\/www.cope.es\/blogs\/a-tumba-abierta\/wp-json\/wp\/v2\/categories?post=1914"},{"taxonomy":"post_tag","embeddable":true,"href":"https:\/\/www.cope.es\/blogs\/a-tumba-abierta\/wp-json\/wp\/v2\/tags?post=1914"}],"curies":[{"name":"wp","href":"https:\/\/api.w.org\/{rel}","templated":true}]}}