{"id":1875,"date":"2022-12-08T14:02:04","date_gmt":"2022-12-08T13:02:04","guid":{"rendered":"http:\/\/www.cope.es\/blogs\/a-tumba-abierta\/?p=1875"},"modified":"2022-12-08T14:02:04","modified_gmt":"2022-12-08T13:02:04","slug":"javier-guillen-la-vuelta-a-espana-sera-muy-montanosa-e-internacional","status":"publish","type":"post","link":"https:\/\/www.cope.es\/blogs\/a-tumba-abierta\/2022\/12\/08\/javier-guillen-la-vuelta-a-espana-sera-muy-montanosa-e-internacional\/","title":{"rendered":"Javier Guill\u00e9n: &#8220;La Vuelta a Espa\u00f1a ser\u00e1 muy monta\u00f1osa e internacional&#8221;"},"content":{"rendered":"<p>El director general de La Vuelta, <strong>Javier Guill\u00e9n<\/strong>, adelant\u00f3 que el recorrido de la pr\u00f3xima edici\u00f3n ser\u00e1 &#8220;muy monta\u00f1oso&#8221; e &#8220;internacional&#8221; porque atravesar\u00e1 otros dos pa\u00edses, en posible referencia a Andorra y Francia.<\/p>\n<p>En un acto organizado por Europa Press en Madrid, Guill\u00e9n no quiso dar muchos detalles del recorrido, que se har\u00e1 p\u00fablico el 10 de enero en un acto en el Palau de la M\u00fasica de Barcelona.<\/p>\n<p>No obstante, el director de La Vuelta explic\u00f3 que &#8220;est\u00e1 m\u00e1s o menos hecho. Empieza el 26 de agosto, con el Mundial antes de la carrera. Entendemos que no afectar\u00e1 negativamente&#8221;, sostuvo.<\/p>\n<p>&#8220;Estamos trabajando en una \u00faltima etapa que rompa con el perfil de tanto puerto de monta\u00f1a cl\u00e1sico. Ser\u00e1 una Vuelta del gusto del aficionado&#8221;, subray\u00f3 sobre la pr\u00f3xima edici\u00f3n, que tendr\u00e1 una &#8220;potente salida&#8221; desde Barcelona.<\/p>\n<p>La Vuelta de 2023 es el principal asunto que este jueves, 8 de diciembre, te contamos en <a href=\"https:\/\/www.cope.es\/blogs\/a-tumba-abierta\/\" target=\"_blank\">\u201cA Tumba Abierta\u201d<\/a>, un blog dirigido por <strong>Crist\u00f3bal Cabezas<\/strong> en el que el ciclismo es siempre el gran protagonista.<\/p>\n","protected":false},"excerpt":{"rendered":"<p>El director general de La Vuelta, Javier Guill\u00e9n, adelant\u00f3 que el recorrido de la pr\u00f3xima edici\u00f3n ser\u00e1 &#8220;muy monta\u00f1oso&#8221; e &#8220;internacional&#8221; porque atravesar\u00e1 otros dos pa\u00edses, en posible referencia a Andorra y Francia. En un acto organizado por Europa Press en Madrid, Guill\u00e9n no quiso dar muchos detalles del recorrido, que se har\u00e1 p\u00fablico el [&hellip;]<\/p>\n","protected":false},"author":24,"featured_media":1876,"comment_status":"open","ping_status":"open","sticky":false,"template":"","format":"standard","meta":{"footnotes":""},"categories":[38],"tags":[541,487,158],"class_list":["post-1875","post","type-post","status-publish","format-standard","has-post-thumbnail","hentry","category-vuelta-a-espana","tag-26-de-agosto","tag-barcelona","tag-javier-guillen"],"yoast_head":"<!-- This site is optimized with the Yoast SEO plugin v27.4 - https:\/\/yoast.com\/product\/yoast-seo-wordpress\/ -->\n<title>Javier Guill\u00e9n: &quot;La Vuelta a Espa\u00f1a ser\u00e1 muy monta\u00f1osa e internacional&quot;<\/title>\n<meta name=\"description\" content=\"El director general de La Vuelta adelant\u00f3 que el recorrido de la pr\u00f3xima edici\u00f3n atravesar\u00e1 otros dos pa\u00edses, en posible referencia a Andorra y Francia.\" \/>\n<meta name=\"robots\" content=\"index, follow, max-snippet:-1, max-image-preview:large, max-video-preview:-1\" \/>\n<link rel=\"canonical\" href=\"https:\/\/www.cope.es\/blogs\/a-tumba-abierta\/2022\/12\/08\/javier-guillen-la-vuelta-a-espana-sera-muy-montanosa-e-internacional\/\" \/>\n<meta property=\"og:locale\" content=\"es_ES\" \/>\n<meta property=\"og:type\" content=\"article\" \/>\n<meta property=\"og:title\" content=\"Javier Guill\u00e9n: &quot;La Vuelta a Espa\u00f1a ser\u00e1 muy monta\u00f1osa e internacional&quot;\" \/>\n<meta property=\"og:description\" content=\"El director general de La Vuelta adelant\u00f3 que el recorrido de la pr\u00f3xima edici\u00f3n atravesar\u00e1 otros dos pa\u00edses, en posible referencia a Andorra y Francia.\" \/>\n<meta property=\"og:url\" content=\"https:\/\/www.cope.es\/blogs\/a-tumba-abierta\/2022\/12\/08\/javier-guillen-la-vuelta-a-espana-sera-muy-montanosa-e-internacional\/\" \/>\n<meta property=\"og:site_name\" content=\"A Tumba Abierta\" \/>\n<meta property=\"article:publisher\" content=\"https:\/\/www.facebook.com\/cope\/\" \/>\n<meta property=\"article:author\" content=\"https:\/\/es-es.facebook.com\/cristobal.cabezasmartin\" \/>\n<meta property=\"article:published_time\" content=\"2022-12-08T13:02:04+00:00\" \/>\n<meta property=\"og:image\" content=\"https:\/\/www.cope.es\/blogs\/a-tumba-abierta\/wp-content\/uploads\/sites\/23\/2022\/12\/def-2.jpg\" \/>\n\t<meta property=\"og:image:width\" content=\"998\" \/>\n\t<meta property=\"og:image:height\" content=\"378\" \/>\n\t<meta property=\"og:image:type\" content=\"image\/jpeg\" \/>\n<meta name=\"author\" content=\"Crist\u00f3bal Cabezas\" \/>\n<meta name=\"twitter:card\" content=\"summary_large_image\" \/>\n<meta name=\"twitter:creator\" content=\"@cristoblcabezas\" \/>\n<meta name=\"twitter:site\" content=\"@cope_es\" \/>\n<meta name=\"twitter:label1\" content=\"Escrito por\" \/>\n\t<meta name=\"twitter:data1\" content=\"Crist\u00f3bal Cabezas\" \/>\n\t<meta name=\"twitter:label2\" content=\"Tiempo de lectura\" \/>\n\t<meta name=\"twitter:data2\" content=\"1 minuto\" \/>\n<script type=\"application\/ld+json\" class=\"yoast-schema-graph\">{\"@context\":\"https:\\\/\\\/schema.org\",\"@graph\":[{\"@type\":\"Article\",\"@id\":\"https:\\\/\\\/www.cope.es\\\/blogs\\\/a-tumba-abierta\\\/2022\\\/12\\\/08\\\/javier-guillen-la-vuelta-a-espana-sera-muy-montanosa-e-internacional\\\/#article\",\"isPartOf\":{\"@id\":\"https:\\\/\\\/www.cope.es\\\/blogs\\\/a-tumba-abierta\\\/2022\\\/12\\\/08\\\/javier-guillen-la-vuelta-a-espana-sera-muy-montanosa-e-internacional\\\/\"},\"author\":{\"name\":\"Crist\u00f3bal Cabezas\",\"@id\":\"https:\\\/\\\/www.cope.es\\\/blogs\\\/a-tumba-abierta\\\/#\\\/schema\\\/person\\\/413f6566db421693223476f6b63a643b\"},\"headline\":\"Javier Guill\u00e9n: &#8220;La Vuelta a Espa\u00f1a ser\u00e1 muy monta\u00f1osa e internacional&#8221;\",\"datePublished\":\"2022-12-08T13:02:04+00:00\",\"mainEntityOfPage\":{\"@id\":\"https:\\\/\\\/www.cope.es\\\/blogs\\\/a-tumba-abierta\\\/2022\\\/12\\\/08\\\/javier-guillen-la-vuelta-a-espana-sera-muy-montanosa-e-internacional\\\/\"},\"wordCount\":197,\"commentCount\":0,\"image\":{\"@id\":\"https:\\\/\\\/www.cope.es\\\/blogs\\\/a-tumba-abierta\\\/2022\\\/12\\\/08\\\/javier-guillen-la-vuelta-a-espana-sera-muy-montanosa-e-internacional\\\/#primaryimage\"},\"thumbnailUrl\":\"https:\\\/\\\/www.cope.es\\\/blogs\\\/a-tumba-abierta\\\/wp-content\\\/uploads\\\/sites\\\/23\\\/2022\\\/12\\\/def-2.jpg\",\"keywords\":[\"26 de agosto\",\"Barcelona\",\"Javier Guill\u00e9n\"],\"articleSection\":[\"Vuelta a Espa\u00f1a\"],\"inLanguage\":\"es\",\"potentialAction\":[{\"@type\":\"CommentAction\",\"name\":\"Comment\",\"target\":[\"https:\\\/\\\/www.cope.es\\\/blogs\\\/a-tumba-abierta\\\/2022\\\/12\\\/08\\\/javier-guillen-la-vuelta-a-espana-sera-muy-montanosa-e-internacional\\\/#respond\"]}]},{\"@type\":\"WebPage\",\"@id\":\"https:\\\/\\\/www.cope.es\\\/blogs\\\/a-tumba-abierta\\\/2022\\\/12\\\/08\\\/javier-guillen-la-vuelta-a-espana-sera-muy-montanosa-e-internacional\\\/\",\"url\":\"https:\\\/\\\/www.cope.es\\\/blogs\\\/a-tumba-abierta\\\/2022\\\/12\\\/08\\\/javier-guillen-la-vuelta-a-espana-sera-muy-montanosa-e-internacional\\\/\",\"name\":\"Javier Guill\u00e9n: \\\"La Vuelta a Espa\u00f1a ser\u00e1 muy monta\u00f1osa e internacional\\\"\",\"isPartOf\":{\"@id\":\"https:\\\/\\\/www.cope.es\\\/blogs\\\/a-tumba-abierta\\\/#website\"},\"primaryImageOfPage\":{\"@id\":\"https:\\\/\\\/www.cope.es\\\/blogs\\\/a-tumba-abierta\\\/2022\\\/12\\\/08\\\/javier-guillen-la-vuelta-a-espana-sera-muy-montanosa-e-internacional\\\/#primaryimage\"},\"image\":{\"@id\":\"https:\\\/\\\/www.cope.es\\\/blogs\\\/a-tumba-abierta\\\/2022\\\/12\\\/08\\\/javier-guillen-la-vuelta-a-espana-sera-muy-montanosa-e-internacional\\\/#primaryimage\"},\"thumbnailUrl\":\"https:\\\/\\\/www.cope.es\\\/blogs\\\/a-tumba-abierta\\\/wp-content\\\/uploads\\\/sites\\\/23\\\/2022\\\/12\\\/def-2.jpg\",\"datePublished\":\"2022-12-08T13:02:04+00:00\",\"author\":{\"@id\":\"https:\\\/\\\/www.cope.es\\\/blogs\\\/a-tumba-abierta\\\/#\\\/schema\\\/person\\\/413f6566db421693223476f6b63a643b\"},\"description\":\"El director general de La Vuelta adelant\u00f3 que el recorrido de la pr\u00f3xima edici\u00f3n atravesar\u00e1 otros dos pa\u00edses, en posible referencia a Andorra y Francia.\",\"breadcrumb\":{\"@id\":\"https:\\\/\\\/www.cope.es\\\/blogs\\\/a-tumba-abierta\\\/2022\\\/12\\\/08\\\/javier-guillen-la-vuelta-a-espana-sera-muy-montanosa-e-internacional\\\/#breadcrumb\"},\"inLanguage\":\"es\",\"potentialAction\":[{\"@type\":\"ReadAction\",\"target\":[\"https:\\\/\\\/www.cope.es\\\/blogs\\\/a-tumba-abierta\\\/2022\\\/12\\\/08\\\/javier-guillen-la-vuelta-a-espana-sera-muy-montanosa-e-internacional\\\/\"]}]},{\"@type\":\"ImageObject\",\"inLanguage\":\"es\",\"@id\":\"https:\\\/\\\/www.cope.es\\\/blogs\\\/a-tumba-abierta\\\/2022\\\/12\\\/08\\\/javier-guillen-la-vuelta-a-espana-sera-muy-montanosa-e-internacional\\\/#primaryimage\",\"url\":\"https:\\\/\\\/www.cope.es\\\/blogs\\\/a-tumba-abierta\\\/wp-content\\\/uploads\\\/sites\\\/23\\\/2022\\\/12\\\/def-2.jpg\",\"contentUrl\":\"https:\\\/\\\/www.cope.es\\\/blogs\\\/a-tumba-abierta\\\/wp-content\\\/uploads\\\/sites\\\/23\\\/2022\\\/12\\\/def-2.jpg\",\"width\":998,\"height\":378,\"caption\":\"El director general de La Vuelta, Javier Guill\u00e9n, adelant\u00f3 que el recorrido de la pr\u00f3xima edici\u00f3n ser\u00e1 \\\"muy monta\u00f1oso\\\" e \\\"internacional\\\".\"},{\"@type\":\"BreadcrumbList\",\"@id\":\"https:\\\/\\\/www.cope.es\\\/blogs\\\/a-tumba-abierta\\\/2022\\\/12\\\/08\\\/javier-guillen-la-vuelta-a-espana-sera-muy-montanosa-e-internacional\\\/#breadcrumb\",\"itemListElement\":[{\"@type\":\"ListItem\",\"position\":1,\"name\":\"Portada\",\"item\":\"https:\\\/\\\/www.cope.es\\\/blogs\\\/a-tumba-abierta\\\/\"},{\"@type\":\"ListItem\",\"position\":2,\"name\":\"Javier Guill\u00e9n: &#8220;La Vuelta a Espa\u00f1a ser\u00e1 muy monta\u00f1osa e internacional&#8221;\"}]},{\"@type\":\"WebSite\",\"@id\":\"https:\\\/\\\/www.cope.es\\\/blogs\\\/a-tumba-abierta\\\/#website\",\"url\":\"https:\\\/\\\/www.cope.es\\\/blogs\\\/a-tumba-abierta\\\/\",\"name\":\"A Tumba Abierta\",\"description\":\"Blog de ciclismo en COPE\",\"potentialAction\":[{\"@type\":\"SearchAction\",\"target\":{\"@type\":\"EntryPoint\",\"urlTemplate\":\"https:\\\/\\\/www.cope.es\\\/blogs\\\/a-tumba-abierta\\\/?s={search_term_string}\"},\"query-input\":{\"@type\":\"PropertyValueSpecification\",\"valueRequired\":true,\"valueName\":\"search_term_string\"}}],\"inLanguage\":\"es\"},{\"@type\":\"Person\",\"@id\":\"https:\\\/\\\/www.cope.es\\\/blogs\\\/a-tumba-abierta\\\/#\\\/schema\\\/person\\\/413f6566db421693223476f6b63a643b\",\"name\":\"Crist\u00f3bal Cabezas\",\"image\":{\"@type\":\"ImageObject\",\"inLanguage\":\"es\",\"@id\":\"https:\\\/\\\/secure.gravatar.com\\\/avatar\\\/361550a2a3cac91688caa1b00f2a1fa4e89a6c4361562ca29a361ce0041974c2?s=96&d=mm&r=g\",\"url\":\"https:\\\/\\\/secure.gravatar.com\\\/avatar\\\/361550a2a3cac91688caa1b00f2a1fa4e89a6c4361562ca29a361ce0041974c2?s=96&d=mm&r=g\",\"contentUrl\":\"https:\\\/\\\/secure.gravatar.com\\\/avatar\\\/361550a2a3cac91688caa1b00f2a1fa4e89a6c4361562ca29a361ce0041974c2?s=96&d=mm&r=g\",\"caption\":\"Crist\u00f3bal Cabezas\"},\"description\":\"Crist\u00f3bal Cabezas es Licenciado en Periodismo por la Universidad Complutense de Madrid y T\u00edtulo en T\u00e9cnico en Comunicaci\u00f3n Integral por la Universidad Francisco de Vitoria. Tras desempe\u00f1ar tareas informativas en diferentes medios, recal\u00f3 en la Cadena COPE en el a\u00f1o 2005. Desde entonces, ha trabajado en las emisoras de Madrid, Granada, Jaca (Huesca) y Toledo, en donde se incorpor\u00f3 en 2013 como Jefe de Informativos de la Cadena COPE en Castilla-La Mancha. Siempre tuvo claro que quer\u00eda ser periodista y, a esa afici\u00f3n, se uni\u00f3 la del ciclismo, deporte con el que ha disfrutado mucho, tanto a trav\u00e9s de los medios de comunicaci\u00f3n como asistiendo en directo a diferentes carreras ciclistas. El inter\u00e9s que siempre mostr\u00f3 con todo lo relacionado con Internet y las redes sociales, fue reconocido con el Premio \u201cD\u00eda de Internet\u201d en la categor\u00eda de \u201cMejor Periodista Digital\u201d por sus trabajos en la Cadena COPE. Precisamente, esa pasi\u00f3n por las nuevas tecnolog\u00edas, espera que sea el \u201cveh\u00edculo\u201d para poder contar \u201cA Tumba Abierta\u201d las mejores historias del deporte de las dos ruedas.\",\"sameAs\":[\"http:\\\/\\\/www.cope.es\",\"https:\\\/\\\/es-es.facebook.com\\\/cristobal.cabezasmartin\",\"https:\\\/\\\/x.com\\\/cristoblcabezas\"],\"url\":\"https:\\\/\\\/www.cope.es\\\/blogs\\\/a-tumba-abierta\\\/author\\\/ccabezas\\\/\"}]}<\/script>\n<!-- \/ Yoast SEO plugin. -->","yoast_head_json":{"title":"Javier Guill\u00e9n: \"La Vuelta a Espa\u00f1a ser\u00e1 muy monta\u00f1osa e internacional\"","description":"El director general de La Vuelta adelant\u00f3 que el recorrido de la pr\u00f3xima edici\u00f3n atravesar\u00e1 otros dos pa\u00edses, en posible referencia a Andorra y Francia.","robots":{"index":"index","follow":"follow","max-snippet":"max-snippet:-1","max-image-preview":"max-image-preview:large","max-video-preview":"max-video-preview:-1"},"canonical":"https:\/\/www.cope.es\/blogs\/a-tumba-abierta\/2022\/12\/08\/javier-guillen-la-vuelta-a-espana-sera-muy-montanosa-e-internacional\/","og_locale":"es_ES","og_type":"article","og_title":"Javier Guill\u00e9n: \"La Vuelta a Espa\u00f1a ser\u00e1 muy monta\u00f1osa e internacional\"","og_description":"El director general de La Vuelta adelant\u00f3 que el recorrido de la pr\u00f3xima edici\u00f3n atravesar\u00e1 otros dos pa\u00edses, en posible referencia a Andorra y Francia.","og_url":"https:\/\/www.cope.es\/blogs\/a-tumba-abierta\/2022\/12\/08\/javier-guillen-la-vuelta-a-espana-sera-muy-montanosa-e-internacional\/","og_site_name":"A Tumba Abierta","article_publisher":"https:\/\/www.facebook.com\/cope\/","article_author":"https:\/\/es-es.facebook.com\/cristobal.cabezasmartin","article_published_time":"2022-12-08T13:02:04+00:00","og_image":[{"width":998,"height":378,"url":"https:\/\/www.cope.es\/blogs\/a-tumba-abierta\/wp-content\/uploads\/sites\/23\/2022\/12\/def-2.jpg","type":"image\/jpeg"}],"author":"Crist\u00f3bal Cabezas","twitter_card":"summary_large_image","twitter_creator":"@cristoblcabezas","twitter_site":"@cope_es","twitter_misc":{"Escrito por":"Crist\u00f3bal Cabezas","Tiempo de lectura":"1 minuto"},"schema":{"@context":"https:\/\/schema.org","@graph":[{"@type":"Article","@id":"https:\/\/www.cope.es\/blogs\/a-tumba-abierta\/2022\/12\/08\/javier-guillen-la-vuelta-a-espana-sera-muy-montanosa-e-internacional\/#article","isPartOf":{"@id":"https:\/\/www.cope.es\/blogs\/a-tumba-abierta\/2022\/12\/08\/javier-guillen-la-vuelta-a-espana-sera-muy-montanosa-e-internacional\/"},"author":{"name":"Crist\u00f3bal Cabezas","@id":"https:\/\/www.cope.es\/blogs\/a-tumba-abierta\/#\/schema\/person\/413f6566db421693223476f6b63a643b"},"headline":"Javier Guill\u00e9n: &#8220;La Vuelta a Espa\u00f1a ser\u00e1 muy monta\u00f1osa e internacional&#8221;","datePublished":"2022-12-08T13:02:04+00:00","mainEntityOfPage":{"@id":"https:\/\/www.cope.es\/blogs\/a-tumba-abierta\/2022\/12\/08\/javier-guillen-la-vuelta-a-espana-sera-muy-montanosa-e-internacional\/"},"wordCount":197,"commentCount":0,"image":{"@id":"https:\/\/www.cope.es\/blogs\/a-tumba-abierta\/2022\/12\/08\/javier-guillen-la-vuelta-a-espana-sera-muy-montanosa-e-internacional\/#primaryimage"},"thumbnailUrl":"https:\/\/www.cope.es\/blogs\/a-tumba-abierta\/wp-content\/uploads\/sites\/23\/2022\/12\/def-2.jpg","keywords":["26 de agosto","Barcelona","Javier Guill\u00e9n"],"articleSection":["Vuelta a Espa\u00f1a"],"inLanguage":"es","potentialAction":[{"@type":"CommentAction","name":"Comment","target":["https:\/\/www.cope.es\/blogs\/a-tumba-abierta\/2022\/12\/08\/javier-guillen-la-vuelta-a-espana-sera-muy-montanosa-e-internacional\/#respond"]}]},{"@type":"WebPage","@id":"https:\/\/www.cope.es\/blogs\/a-tumba-abierta\/2022\/12\/08\/javier-guillen-la-vuelta-a-espana-sera-muy-montanosa-e-internacional\/","url":"https:\/\/www.cope.es\/blogs\/a-tumba-abierta\/2022\/12\/08\/javier-guillen-la-vuelta-a-espana-sera-muy-montanosa-e-internacional\/","name":"Javier Guill\u00e9n: \"La Vuelta a Espa\u00f1a ser\u00e1 muy monta\u00f1osa e internacional\"","isPartOf":{"@id":"https:\/\/www.cope.es\/blogs\/a-tumba-abierta\/#website"},"primaryImageOfPage":{"@id":"https:\/\/www.cope.es\/blogs\/a-tumba-abierta\/2022\/12\/08\/javier-guillen-la-vuelta-a-espana-sera-muy-montanosa-e-internacional\/#primaryimage"},"image":{"@id":"https:\/\/www.cope.es\/blogs\/a-tumba-abierta\/2022\/12\/08\/javier-guillen-la-vuelta-a-espana-sera-muy-montanosa-e-internacional\/#primaryimage"},"thumbnailUrl":"https:\/\/www.cope.es\/blogs\/a-tumba-abierta\/wp-content\/uploads\/sites\/23\/2022\/12\/def-2.jpg","datePublished":"2022-12-08T13:02:04+00:00","author":{"@id":"https:\/\/www.cope.es\/blogs\/a-tumba-abierta\/#\/schema\/person\/413f6566db421693223476f6b63a643b"},"description":"El director general de La Vuelta adelant\u00f3 que el recorrido de la pr\u00f3xima edici\u00f3n atravesar\u00e1 otros dos pa\u00edses, en posible referencia a Andorra y Francia.","breadcrumb":{"@id":"https:\/\/www.cope.es\/blogs\/a-tumba-abierta\/2022\/12\/08\/javier-guillen-la-vuelta-a-espana-sera-muy-montanosa-e-internacional\/#breadcrumb"},"inLanguage":"es","potentialAction":[{"@type":"ReadAction","target":["https:\/\/www.cope.es\/blogs\/a-tumba-abierta\/2022\/12\/08\/javier-guillen-la-vuelta-a-espana-sera-muy-montanosa-e-internacional\/"]}]},{"@type":"ImageObject","inLanguage":"es","@id":"https:\/\/www.cope.es\/blogs\/a-tumba-abierta\/2022\/12\/08\/javier-guillen-la-vuelta-a-espana-sera-muy-montanosa-e-internacional\/#primaryimage","url":"https:\/\/www.cope.es\/blogs\/a-tumba-abierta\/wp-content\/uploads\/sites\/23\/2022\/12\/def-2.jpg","contentUrl":"https:\/\/www.cope.es\/blogs\/a-tumba-abierta\/wp-content\/uploads\/sites\/23\/2022\/12\/def-2.jpg","width":998,"height":378,"caption":"El director general de La Vuelta, Javier Guill\u00e9n, adelant\u00f3 que el recorrido de la pr\u00f3xima edici\u00f3n ser\u00e1 \"muy monta\u00f1oso\" e \"internacional\"."},{"@type":"BreadcrumbList","@id":"https:\/\/www.cope.es\/blogs\/a-tumba-abierta\/2022\/12\/08\/javier-guillen-la-vuelta-a-espana-sera-muy-montanosa-e-internacional\/#breadcrumb","itemListElement":[{"@type":"ListItem","position":1,"name":"Portada","item":"https:\/\/www.cope.es\/blogs\/a-tumba-abierta\/"},{"@type":"ListItem","position":2,"name":"Javier Guill\u00e9n: &#8220;La Vuelta a Espa\u00f1a ser\u00e1 muy monta\u00f1osa e internacional&#8221;"}]},{"@type":"WebSite","@id":"https:\/\/www.cope.es\/blogs\/a-tumba-abierta\/#website","url":"https:\/\/www.cope.es\/blogs\/a-tumba-abierta\/","name":"A Tumba Abierta","description":"Blog de ciclismo en COPE","potentialAction":[{"@type":"SearchAction","target":{"@type":"EntryPoint","urlTemplate":"https:\/\/www.cope.es\/blogs\/a-tumba-abierta\/?s={search_term_string}"},"query-input":{"@type":"PropertyValueSpecification","valueRequired":true,"valueName":"search_term_string"}}],"inLanguage":"es"},{"@type":"Person","@id":"https:\/\/www.cope.es\/blogs\/a-tumba-abierta\/#\/schema\/person\/413f6566db421693223476f6b63a643b","name":"Crist\u00f3bal Cabezas","image":{"@type":"ImageObject","inLanguage":"es","@id":"https:\/\/secure.gravatar.com\/avatar\/361550a2a3cac91688caa1b00f2a1fa4e89a6c4361562ca29a361ce0041974c2?s=96&d=mm&r=g","url":"https:\/\/secure.gravatar.com\/avatar\/361550a2a3cac91688caa1b00f2a1fa4e89a6c4361562ca29a361ce0041974c2?s=96&d=mm&r=g","contentUrl":"https:\/\/secure.gravatar.com\/avatar\/361550a2a3cac91688caa1b00f2a1fa4e89a6c4361562ca29a361ce0041974c2?s=96&d=mm&r=g","caption":"Crist\u00f3bal Cabezas"},"description":"Crist\u00f3bal Cabezas es Licenciado en Periodismo por la Universidad Complutense de Madrid y T\u00edtulo en T\u00e9cnico en Comunicaci\u00f3n Integral por la Universidad Francisco de Vitoria. Tras desempe\u00f1ar tareas informativas en diferentes medios, recal\u00f3 en la Cadena COPE en el a\u00f1o 2005. Desde entonces, ha trabajado en las emisoras de Madrid, Granada, Jaca (Huesca) y Toledo, en donde se incorpor\u00f3 en 2013 como Jefe de Informativos de la Cadena COPE en Castilla-La Mancha. Siempre tuvo claro que quer\u00eda ser periodista y, a esa afici\u00f3n, se uni\u00f3 la del ciclismo, deporte con el que ha disfrutado mucho, tanto a trav\u00e9s de los medios de comunicaci\u00f3n como asistiendo en directo a diferentes carreras ciclistas. El inter\u00e9s que siempre mostr\u00f3 con todo lo relacionado con Internet y las redes sociales, fue reconocido con el Premio \u201cD\u00eda de Internet\u201d en la categor\u00eda de \u201cMejor Periodista Digital\u201d por sus trabajos en la Cadena COPE. Precisamente, esa pasi\u00f3n por las nuevas tecnolog\u00edas, espera que sea el \u201cveh\u00edculo\u201d para poder contar \u201cA Tumba Abierta\u201d las mejores historias del deporte de las dos ruedas.","sameAs":["http:\/\/www.cope.es","https:\/\/es-es.facebook.com\/cristobal.cabezasmartin","https:\/\/x.com\/cristoblcabezas"],"url":"https:\/\/www.cope.es\/blogs\/a-tumba-abierta\/author\/ccabezas\/"}]}},"amp_enabled":true,"_links":{"self":[{"href":"https:\/\/www.cope.es\/blogs\/a-tumba-abierta\/wp-json\/wp\/v2\/posts\/1875","targetHints":{"allow":["GET"]}}],"collection":[{"href":"https:\/\/www.cope.es\/blogs\/a-tumba-abierta\/wp-json\/wp\/v2\/posts"}],"about":[{"href":"https:\/\/www.cope.es\/blogs\/a-tumba-abierta\/wp-json\/wp\/v2\/types\/post"}],"author":[{"embeddable":true,"href":"https:\/\/www.cope.es\/blogs\/a-tumba-abierta\/wp-json\/wp\/v2\/users\/24"}],"replies":[{"embeddable":true,"href":"https:\/\/www.cope.es\/blogs\/a-tumba-abierta\/wp-json\/wp\/v2\/comments?post=1875"}],"version-history":[{"count":2,"href":"https:\/\/www.cope.es\/blogs\/a-tumba-abierta\/wp-json\/wp\/v2\/posts\/1875\/revisions"}],"predecessor-version":[{"id":1878,"href":"https:\/\/www.cope.es\/blogs\/a-tumba-abierta\/wp-json\/wp\/v2\/posts\/1875\/revisions\/1878"}],"wp:featuredmedia":[{"embeddable":true,"href":"https:\/\/www.cope.es\/blogs\/a-tumba-abierta\/wp-json\/wp\/v2\/media\/1876"}],"wp:attachment":[{"href":"https:\/\/www.cope.es\/blogs\/a-tumba-abierta\/wp-json\/wp\/v2\/media?parent=1875"}],"wp:term":[{"taxonomy":"category","embeddable":true,"href":"https:\/\/www.cope.es\/blogs\/a-tumba-abierta\/wp-json\/wp\/v2\/categories?post=1875"},{"taxonomy":"post_tag","embeddable":true,"href":"https:\/\/www.cope.es\/blogs\/a-tumba-abierta\/wp-json\/wp\/v2\/tags?post=1875"}],"curies":[{"name":"wp","href":"https:\/\/api.w.org\/{rel}","templated":true}]}}