{"id":1864,"date":"2022-12-06T15:59:41","date_gmt":"2022-12-06T14:59:41","guid":{"rendered":"http:\/\/www.cope.es\/blogs\/a-tumba-abierta\/?p=1864"},"modified":"2022-12-07T20:45:10","modified_gmt":"2022-12-07T19:45:10","slug":"david-valero-se-impone-en-la-primera-etapa-de-la-titan-desert","status":"publish","type":"post","link":"https:\/\/www.cope.es\/blogs\/a-tumba-abierta\/2022\/12\/06\/david-valero-se-impone-en-la-primera-etapa-de-la-titan-desert\/","title":{"rendered":"David Valero se impone en la primera etapa de la Titan Desert Arabia Saud\u00ed"},"content":{"rendered":"<p>El ciclista espa\u00f1ol y medallista ol\u00edmpico <a href=\"https:\/\/www.cope.es\/blogs\/a-tumba-abierta\/2022\/10\/25\/david-valero-debutara-en-diciembre-en-la-titan-world-series\/\" target=\"_blank\"><strong>David Valero<\/strong><\/a> se ha impuesto este martes en la primera etapa de la Titan Desert Saud\u00ed Arabia, prueba a la que acud\u00eda para hacer un entrenamiento &#8220;de calidad&#8221; y que, de momento, lidera a las primeras de cambio.<\/p>\n<p>Valero, medalla de bronce en Tokyo 2020 en bicicleta de monta\u00f1a, ha estado en cabeza desde la salida de la primera etapa en un reducido grupo de corredores que han tenido que lidiar con un fuerte viento en la costa del mar Rojo.<\/p>\n<p>Hacia el kil\u00f3metro 60, en una zona de arena fina, Valero y el exciclista profesional <strong>Haimar Zubeldia<\/strong> han abierto hueco y se han marchado hasta la l\u00ednea de meta, con triunfo para Valero sin disputa por parte de Zubeldia, quien ha reconocido que el primero ha tirado &#8220;la mayor\u00eda del tiempo&#8221;. Casi doce minutos despu\u00e9s ha llegado a meta el tercer clasificado, <strong>Julen Zubero<\/strong>.<\/p>\n<p>&#8220;Ha habido pistas r\u00e1pidas, pistas m\u00e1s arenosas y otras m\u00e1s rotas. Entre esto y el viento, se ha hecho muy duro. Pero la experiencia ha sido muy bonita&#8221;, ha declarado Valero tras la etapa.<\/p>\n<p>La victoria de David Valero en la primera etapa de la Titan Desert Arabia Saud\u00ed es el principal asunto que hoy te contamos en <a href=\"https:\/\/www.cope.es\/blogs\/a-tumba-abierta\/\" target=\"_blank\">\u201cA Tumba Abierta\u201d<\/a>, un blog dirigido por <strong>Crist\u00f3bal Cabezas<\/strong> en el que el ciclismo es siempre el gran protagonista.<\/p>\n","protected":false},"excerpt":{"rendered":"<p>El ciclista espa\u00f1ol y medallista ol\u00edmpico David Valero se ha impuesto este martes en la primera etapa de la Titan Desert Saud\u00ed Arabia, prueba a la que acud\u00eda para hacer un entrenamiento &#8220;de calidad&#8221; y que, de momento, lidera a las primeras de cambio. Valero, medalla de bronce en Tokyo 2020 en bicicleta de monta\u00f1a, [&hellip;]<\/p>\n","protected":false},"author":24,"featured_media":1865,"comment_status":"open","ping_status":"open","sticky":false,"template":"","format":"standard","meta":{"footnotes":""},"categories":[140],"tags":[449,401,537,538,310],"class_list":["post-1864","post","type-post","status-publish","format-standard","has-post-thumbnail","hentry","category-actualidad","tag-arabia-saudi","tag-david-valero","tag-haimar-zubeldia","tag-julen-zubero","tag-titan-desert"],"yoast_head":"<!-- This site is optimized with the Yoast SEO plugin v27.4 - https:\/\/yoast.com\/product\/yoast-seo-wordpress\/ -->\n<title>David Valero se impone en la primera etapa de la Titan Desert<\/title>\n<meta name=\"description\" content=\"El ciclista espa\u00f1ol y medallista ol\u00edmpico David Valero se ha impuesto este martes en la primera etapa de la Titan Desert Saudi Arabia.\" \/>\n<meta name=\"robots\" content=\"index, follow, max-snippet:-1, max-image-preview:large, max-video-preview:-1\" \/>\n<link rel=\"canonical\" href=\"https:\/\/www.cope.es\/blogs\/a-tumba-abierta\/2022\/12\/06\/david-valero-se-impone-en-la-primera-etapa-de-la-titan-desert\/\" \/>\n<meta property=\"og:locale\" content=\"es_ES\" \/>\n<meta property=\"og:type\" content=\"article\" \/>\n<meta property=\"og:title\" content=\"David Valero se impone en la primera etapa de la Titan Desert\" \/>\n<meta property=\"og:description\" content=\"El ciclista espa\u00f1ol y medallista ol\u00edmpico David Valero se ha impuesto este martes en la primera etapa de la Titan Desert Saudi Arabia.\" \/>\n<meta property=\"og:url\" content=\"https:\/\/www.cope.es\/blogs\/a-tumba-abierta\/2022\/12\/06\/david-valero-se-impone-en-la-primera-etapa-de-la-titan-desert\/\" \/>\n<meta property=\"og:site_name\" content=\"A Tumba Abierta\" \/>\n<meta property=\"article:publisher\" content=\"https:\/\/www.facebook.com\/cope\/\" \/>\n<meta property=\"article:author\" content=\"https:\/\/es-es.facebook.com\/cristobal.cabezasmartin\" \/>\n<meta property=\"article:published_time\" content=\"2022-12-06T14:59:41+00:00\" \/>\n<meta property=\"article:modified_time\" content=\"2022-12-07T19:45:10+00:00\" \/>\n<meta property=\"og:image\" content=\"https:\/\/www.cope.es\/blogs\/a-tumba-abierta\/wp-content\/uploads\/sites\/23\/2022\/12\/x.jpg\" \/>\n\t<meta property=\"og:image:width\" content=\"2041\" \/>\n\t<meta property=\"og:image:height\" content=\"969\" \/>\n\t<meta property=\"og:image:type\" content=\"image\/jpeg\" \/>\n<meta name=\"author\" content=\"Crist\u00f3bal Cabezas\" \/>\n<meta name=\"twitter:card\" content=\"summary_large_image\" \/>\n<meta name=\"twitter:creator\" content=\"@cristoblcabezas\" \/>\n<meta name=\"twitter:site\" content=\"@cope_es\" \/>\n<meta name=\"twitter:label1\" content=\"Escrito por\" \/>\n\t<meta name=\"twitter:data1\" content=\"Crist\u00f3bal Cabezas\" \/>\n\t<meta name=\"twitter:label2\" content=\"Tiempo de lectura\" \/>\n\t<meta name=\"twitter:data2\" content=\"1 minuto\" \/>\n<script type=\"application\/ld+json\" class=\"yoast-schema-graph\">{\"@context\":\"https:\\\/\\\/schema.org\",\"@graph\":[{\"@type\":\"Article\",\"@id\":\"https:\\\/\\\/www.cope.es\\\/blogs\\\/a-tumba-abierta\\\/2022\\\/12\\\/06\\\/david-valero-se-impone-en-la-primera-etapa-de-la-titan-desert\\\/#article\",\"isPartOf\":{\"@id\":\"https:\\\/\\\/www.cope.es\\\/blogs\\\/a-tumba-abierta\\\/2022\\\/12\\\/06\\\/david-valero-se-impone-en-la-primera-etapa-de-la-titan-desert\\\/\"},\"author\":{\"name\":\"Crist\u00f3bal Cabezas\",\"@id\":\"https:\\\/\\\/www.cope.es\\\/blogs\\\/a-tumba-abierta\\\/#\\\/schema\\\/person\\\/413f6566db421693223476f6b63a643b\"},\"headline\":\"David Valero se impone en la primera etapa de la Titan Desert Arabia Saud\u00ed\",\"datePublished\":\"2022-12-06T14:59:41+00:00\",\"dateModified\":\"2022-12-07T19:45:10+00:00\",\"mainEntityOfPage\":{\"@id\":\"https:\\\/\\\/www.cope.es\\\/blogs\\\/a-tumba-abierta\\\/2022\\\/12\\\/06\\\/david-valero-se-impone-en-la-primera-etapa-de-la-titan-desert\\\/\"},\"wordCount\":252,\"commentCount\":0,\"image\":{\"@id\":\"https:\\\/\\\/www.cope.es\\\/blogs\\\/a-tumba-abierta\\\/2022\\\/12\\\/06\\\/david-valero-se-impone-en-la-primera-etapa-de-la-titan-desert\\\/#primaryimage\"},\"thumbnailUrl\":\"https:\\\/\\\/www.cope.es\\\/blogs\\\/a-tumba-abierta\\\/wp-content\\\/uploads\\\/sites\\\/23\\\/2022\\\/12\\\/x.jpg\",\"keywords\":[\"Arabia Saud\u00ed\",\"David Valero\",\"Haimar Zubeldia\",\"Julen Zubero\",\"Titan Desert\"],\"articleSection\":[\"Actualidad\"],\"inLanguage\":\"es\",\"potentialAction\":[{\"@type\":\"CommentAction\",\"name\":\"Comment\",\"target\":[\"https:\\\/\\\/www.cope.es\\\/blogs\\\/a-tumba-abierta\\\/2022\\\/12\\\/06\\\/david-valero-se-impone-en-la-primera-etapa-de-la-titan-desert\\\/#respond\"]}]},{\"@type\":\"WebPage\",\"@id\":\"https:\\\/\\\/www.cope.es\\\/blogs\\\/a-tumba-abierta\\\/2022\\\/12\\\/06\\\/david-valero-se-impone-en-la-primera-etapa-de-la-titan-desert\\\/\",\"url\":\"https:\\\/\\\/www.cope.es\\\/blogs\\\/a-tumba-abierta\\\/2022\\\/12\\\/06\\\/david-valero-se-impone-en-la-primera-etapa-de-la-titan-desert\\\/\",\"name\":\"David Valero se impone en la primera etapa de la Titan Desert\",\"isPartOf\":{\"@id\":\"https:\\\/\\\/www.cope.es\\\/blogs\\\/a-tumba-abierta\\\/#website\"},\"primaryImageOfPage\":{\"@id\":\"https:\\\/\\\/www.cope.es\\\/blogs\\\/a-tumba-abierta\\\/2022\\\/12\\\/06\\\/david-valero-se-impone-en-la-primera-etapa-de-la-titan-desert\\\/#primaryimage\"},\"image\":{\"@id\":\"https:\\\/\\\/www.cope.es\\\/blogs\\\/a-tumba-abierta\\\/2022\\\/12\\\/06\\\/david-valero-se-impone-en-la-primera-etapa-de-la-titan-desert\\\/#primaryimage\"},\"thumbnailUrl\":\"https:\\\/\\\/www.cope.es\\\/blogs\\\/a-tumba-abierta\\\/wp-content\\\/uploads\\\/sites\\\/23\\\/2022\\\/12\\\/x.jpg\",\"datePublished\":\"2022-12-06T14:59:41+00:00\",\"dateModified\":\"2022-12-07T19:45:10+00:00\",\"author\":{\"@id\":\"https:\\\/\\\/www.cope.es\\\/blogs\\\/a-tumba-abierta\\\/#\\\/schema\\\/person\\\/413f6566db421693223476f6b63a643b\"},\"description\":\"El ciclista espa\u00f1ol y medallista ol\u00edmpico David Valero se ha impuesto este martes en la primera etapa de la Titan Desert Saudi Arabia.\",\"breadcrumb\":{\"@id\":\"https:\\\/\\\/www.cope.es\\\/blogs\\\/a-tumba-abierta\\\/2022\\\/12\\\/06\\\/david-valero-se-impone-en-la-primera-etapa-de-la-titan-desert\\\/#breadcrumb\"},\"inLanguage\":\"es\",\"potentialAction\":[{\"@type\":\"ReadAction\",\"target\":[\"https:\\\/\\\/www.cope.es\\\/blogs\\\/a-tumba-abierta\\\/2022\\\/12\\\/06\\\/david-valero-se-impone-en-la-primera-etapa-de-la-titan-desert\\\/\"]}]},{\"@type\":\"ImageObject\",\"inLanguage\":\"es\",\"@id\":\"https:\\\/\\\/www.cope.es\\\/blogs\\\/a-tumba-abierta\\\/2022\\\/12\\\/06\\\/david-valero-se-impone-en-la-primera-etapa-de-la-titan-desert\\\/#primaryimage\",\"url\":\"https:\\\/\\\/www.cope.es\\\/blogs\\\/a-tumba-abierta\\\/wp-content\\\/uploads\\\/sites\\\/23\\\/2022\\\/12\\\/x.jpg\",\"contentUrl\":\"https:\\\/\\\/www.cope.es\\\/blogs\\\/a-tumba-abierta\\\/wp-content\\\/uploads\\\/sites\\\/23\\\/2022\\\/12\\\/x.jpg\",\"width\":2041,\"height\":969,\"caption\":\"El ciclista espa\u00f1ol y medallista ol\u00edmpico David Valero se ha impuesto este martes en la primera etapa de la Titan Desert Saudi Arabia.\"},{\"@type\":\"BreadcrumbList\",\"@id\":\"https:\\\/\\\/www.cope.es\\\/blogs\\\/a-tumba-abierta\\\/2022\\\/12\\\/06\\\/david-valero-se-impone-en-la-primera-etapa-de-la-titan-desert\\\/#breadcrumb\",\"itemListElement\":[{\"@type\":\"ListItem\",\"position\":1,\"name\":\"Portada\",\"item\":\"https:\\\/\\\/www.cope.es\\\/blogs\\\/a-tumba-abierta\\\/\"},{\"@type\":\"ListItem\",\"position\":2,\"name\":\"David Valero se impone en la primera etapa de la Titan Desert Arabia Saud\u00ed\"}]},{\"@type\":\"WebSite\",\"@id\":\"https:\\\/\\\/www.cope.es\\\/blogs\\\/a-tumba-abierta\\\/#website\",\"url\":\"https:\\\/\\\/www.cope.es\\\/blogs\\\/a-tumba-abierta\\\/\",\"name\":\"A Tumba Abierta\",\"description\":\"Blog de ciclismo en COPE\",\"potentialAction\":[{\"@type\":\"SearchAction\",\"target\":{\"@type\":\"EntryPoint\",\"urlTemplate\":\"https:\\\/\\\/www.cope.es\\\/blogs\\\/a-tumba-abierta\\\/?s={search_term_string}\"},\"query-input\":{\"@type\":\"PropertyValueSpecification\",\"valueRequired\":true,\"valueName\":\"search_term_string\"}}],\"inLanguage\":\"es\"},{\"@type\":\"Person\",\"@id\":\"https:\\\/\\\/www.cope.es\\\/blogs\\\/a-tumba-abierta\\\/#\\\/schema\\\/person\\\/413f6566db421693223476f6b63a643b\",\"name\":\"Crist\u00f3bal Cabezas\",\"image\":{\"@type\":\"ImageObject\",\"inLanguage\":\"es\",\"@id\":\"https:\\\/\\\/secure.gravatar.com\\\/avatar\\\/361550a2a3cac91688caa1b00f2a1fa4e89a6c4361562ca29a361ce0041974c2?s=96&d=mm&r=g\",\"url\":\"https:\\\/\\\/secure.gravatar.com\\\/avatar\\\/361550a2a3cac91688caa1b00f2a1fa4e89a6c4361562ca29a361ce0041974c2?s=96&d=mm&r=g\",\"contentUrl\":\"https:\\\/\\\/secure.gravatar.com\\\/avatar\\\/361550a2a3cac91688caa1b00f2a1fa4e89a6c4361562ca29a361ce0041974c2?s=96&d=mm&r=g\",\"caption\":\"Crist\u00f3bal Cabezas\"},\"description\":\"Crist\u00f3bal Cabezas es Licenciado en Periodismo por la Universidad Complutense de Madrid y T\u00edtulo en T\u00e9cnico en Comunicaci\u00f3n Integral por la Universidad Francisco de Vitoria. Tras desempe\u00f1ar tareas informativas en diferentes medios, recal\u00f3 en la Cadena COPE en el a\u00f1o 2005. Desde entonces, ha trabajado en las emisoras de Madrid, Granada, Jaca (Huesca) y Toledo, en donde se incorpor\u00f3 en 2013 como Jefe de Informativos de la Cadena COPE en Castilla-La Mancha. Siempre tuvo claro que quer\u00eda ser periodista y, a esa afici\u00f3n, se uni\u00f3 la del ciclismo, deporte con el que ha disfrutado mucho, tanto a trav\u00e9s de los medios de comunicaci\u00f3n como asistiendo en directo a diferentes carreras ciclistas. El inter\u00e9s que siempre mostr\u00f3 con todo lo relacionado con Internet y las redes sociales, fue reconocido con el Premio \u201cD\u00eda de Internet\u201d en la categor\u00eda de \u201cMejor Periodista Digital\u201d por sus trabajos en la Cadena COPE. Precisamente, esa pasi\u00f3n por las nuevas tecnolog\u00edas, espera que sea el \u201cveh\u00edculo\u201d para poder contar \u201cA Tumba Abierta\u201d las mejores historias del deporte de las dos ruedas.\",\"sameAs\":[\"http:\\\/\\\/www.cope.es\",\"https:\\\/\\\/es-es.facebook.com\\\/cristobal.cabezasmartin\",\"https:\\\/\\\/x.com\\\/cristoblcabezas\"],\"url\":\"https:\\\/\\\/www.cope.es\\\/blogs\\\/a-tumba-abierta\\\/author\\\/ccabezas\\\/\"}]}<\/script>\n<!-- \/ Yoast SEO plugin. -->","yoast_head_json":{"title":"David Valero se impone en la primera etapa de la Titan Desert","description":"El ciclista espa\u00f1ol y medallista ol\u00edmpico David Valero se ha impuesto este martes en la primera etapa de la Titan Desert Saudi Arabia.","robots":{"index":"index","follow":"follow","max-snippet":"max-snippet:-1","max-image-preview":"max-image-preview:large","max-video-preview":"max-video-preview:-1"},"canonical":"https:\/\/www.cope.es\/blogs\/a-tumba-abierta\/2022\/12\/06\/david-valero-se-impone-en-la-primera-etapa-de-la-titan-desert\/","og_locale":"es_ES","og_type":"article","og_title":"David Valero se impone en la primera etapa de la Titan Desert","og_description":"El ciclista espa\u00f1ol y medallista ol\u00edmpico David Valero se ha impuesto este martes en la primera etapa de la Titan Desert Saudi Arabia.","og_url":"https:\/\/www.cope.es\/blogs\/a-tumba-abierta\/2022\/12\/06\/david-valero-se-impone-en-la-primera-etapa-de-la-titan-desert\/","og_site_name":"A Tumba Abierta","article_publisher":"https:\/\/www.facebook.com\/cope\/","article_author":"https:\/\/es-es.facebook.com\/cristobal.cabezasmartin","article_published_time":"2022-12-06T14:59:41+00:00","article_modified_time":"2022-12-07T19:45:10+00:00","og_image":[{"width":2041,"height":969,"url":"https:\/\/www.cope.es\/blogs\/a-tumba-abierta\/wp-content\/uploads\/sites\/23\/2022\/12\/x.jpg","type":"image\/jpeg"}],"author":"Crist\u00f3bal Cabezas","twitter_card":"summary_large_image","twitter_creator":"@cristoblcabezas","twitter_site":"@cope_es","twitter_misc":{"Escrito por":"Crist\u00f3bal Cabezas","Tiempo de lectura":"1 minuto"},"schema":{"@context":"https:\/\/schema.org","@graph":[{"@type":"Article","@id":"https:\/\/www.cope.es\/blogs\/a-tumba-abierta\/2022\/12\/06\/david-valero-se-impone-en-la-primera-etapa-de-la-titan-desert\/#article","isPartOf":{"@id":"https:\/\/www.cope.es\/blogs\/a-tumba-abierta\/2022\/12\/06\/david-valero-se-impone-en-la-primera-etapa-de-la-titan-desert\/"},"author":{"name":"Crist\u00f3bal Cabezas","@id":"https:\/\/www.cope.es\/blogs\/a-tumba-abierta\/#\/schema\/person\/413f6566db421693223476f6b63a643b"},"headline":"David Valero se impone en la primera etapa de la Titan Desert Arabia Saud\u00ed","datePublished":"2022-12-06T14:59:41+00:00","dateModified":"2022-12-07T19:45:10+00:00","mainEntityOfPage":{"@id":"https:\/\/www.cope.es\/blogs\/a-tumba-abierta\/2022\/12\/06\/david-valero-se-impone-en-la-primera-etapa-de-la-titan-desert\/"},"wordCount":252,"commentCount":0,"image":{"@id":"https:\/\/www.cope.es\/blogs\/a-tumba-abierta\/2022\/12\/06\/david-valero-se-impone-en-la-primera-etapa-de-la-titan-desert\/#primaryimage"},"thumbnailUrl":"https:\/\/www.cope.es\/blogs\/a-tumba-abierta\/wp-content\/uploads\/sites\/23\/2022\/12\/x.jpg","keywords":["Arabia Saud\u00ed","David Valero","Haimar Zubeldia","Julen Zubero","Titan Desert"],"articleSection":["Actualidad"],"inLanguage":"es","potentialAction":[{"@type":"CommentAction","name":"Comment","target":["https:\/\/www.cope.es\/blogs\/a-tumba-abierta\/2022\/12\/06\/david-valero-se-impone-en-la-primera-etapa-de-la-titan-desert\/#respond"]}]},{"@type":"WebPage","@id":"https:\/\/www.cope.es\/blogs\/a-tumba-abierta\/2022\/12\/06\/david-valero-se-impone-en-la-primera-etapa-de-la-titan-desert\/","url":"https:\/\/www.cope.es\/blogs\/a-tumba-abierta\/2022\/12\/06\/david-valero-se-impone-en-la-primera-etapa-de-la-titan-desert\/","name":"David Valero se impone en la primera etapa de la Titan Desert","isPartOf":{"@id":"https:\/\/www.cope.es\/blogs\/a-tumba-abierta\/#website"},"primaryImageOfPage":{"@id":"https:\/\/www.cope.es\/blogs\/a-tumba-abierta\/2022\/12\/06\/david-valero-se-impone-en-la-primera-etapa-de-la-titan-desert\/#primaryimage"},"image":{"@id":"https:\/\/www.cope.es\/blogs\/a-tumba-abierta\/2022\/12\/06\/david-valero-se-impone-en-la-primera-etapa-de-la-titan-desert\/#primaryimage"},"thumbnailUrl":"https:\/\/www.cope.es\/blogs\/a-tumba-abierta\/wp-content\/uploads\/sites\/23\/2022\/12\/x.jpg","datePublished":"2022-12-06T14:59:41+00:00","dateModified":"2022-12-07T19:45:10+00:00","author":{"@id":"https:\/\/www.cope.es\/blogs\/a-tumba-abierta\/#\/schema\/person\/413f6566db421693223476f6b63a643b"},"description":"El ciclista espa\u00f1ol y medallista ol\u00edmpico David Valero se ha impuesto este martes en la primera etapa de la Titan Desert Saudi Arabia.","breadcrumb":{"@id":"https:\/\/www.cope.es\/blogs\/a-tumba-abierta\/2022\/12\/06\/david-valero-se-impone-en-la-primera-etapa-de-la-titan-desert\/#breadcrumb"},"inLanguage":"es","potentialAction":[{"@type":"ReadAction","target":["https:\/\/www.cope.es\/blogs\/a-tumba-abierta\/2022\/12\/06\/david-valero-se-impone-en-la-primera-etapa-de-la-titan-desert\/"]}]},{"@type":"ImageObject","inLanguage":"es","@id":"https:\/\/www.cope.es\/blogs\/a-tumba-abierta\/2022\/12\/06\/david-valero-se-impone-en-la-primera-etapa-de-la-titan-desert\/#primaryimage","url":"https:\/\/www.cope.es\/blogs\/a-tumba-abierta\/wp-content\/uploads\/sites\/23\/2022\/12\/x.jpg","contentUrl":"https:\/\/www.cope.es\/blogs\/a-tumba-abierta\/wp-content\/uploads\/sites\/23\/2022\/12\/x.jpg","width":2041,"height":969,"caption":"El ciclista espa\u00f1ol y medallista ol\u00edmpico David Valero se ha impuesto este martes en la primera etapa de la Titan Desert Saudi Arabia."},{"@type":"BreadcrumbList","@id":"https:\/\/www.cope.es\/blogs\/a-tumba-abierta\/2022\/12\/06\/david-valero-se-impone-en-la-primera-etapa-de-la-titan-desert\/#breadcrumb","itemListElement":[{"@type":"ListItem","position":1,"name":"Portada","item":"https:\/\/www.cope.es\/blogs\/a-tumba-abierta\/"},{"@type":"ListItem","position":2,"name":"David Valero se impone en la primera etapa de la Titan Desert Arabia Saud\u00ed"}]},{"@type":"WebSite","@id":"https:\/\/www.cope.es\/blogs\/a-tumba-abierta\/#website","url":"https:\/\/www.cope.es\/blogs\/a-tumba-abierta\/","name":"A Tumba Abierta","description":"Blog de ciclismo en COPE","potentialAction":[{"@type":"SearchAction","target":{"@type":"EntryPoint","urlTemplate":"https:\/\/www.cope.es\/blogs\/a-tumba-abierta\/?s={search_term_string}"},"query-input":{"@type":"PropertyValueSpecification","valueRequired":true,"valueName":"search_term_string"}}],"inLanguage":"es"},{"@type":"Person","@id":"https:\/\/www.cope.es\/blogs\/a-tumba-abierta\/#\/schema\/person\/413f6566db421693223476f6b63a643b","name":"Crist\u00f3bal Cabezas","image":{"@type":"ImageObject","inLanguage":"es","@id":"https:\/\/secure.gravatar.com\/avatar\/361550a2a3cac91688caa1b00f2a1fa4e89a6c4361562ca29a361ce0041974c2?s=96&d=mm&r=g","url":"https:\/\/secure.gravatar.com\/avatar\/361550a2a3cac91688caa1b00f2a1fa4e89a6c4361562ca29a361ce0041974c2?s=96&d=mm&r=g","contentUrl":"https:\/\/secure.gravatar.com\/avatar\/361550a2a3cac91688caa1b00f2a1fa4e89a6c4361562ca29a361ce0041974c2?s=96&d=mm&r=g","caption":"Crist\u00f3bal Cabezas"},"description":"Crist\u00f3bal Cabezas es Licenciado en Periodismo por la Universidad Complutense de Madrid y T\u00edtulo en T\u00e9cnico en Comunicaci\u00f3n Integral por la Universidad Francisco de Vitoria. Tras desempe\u00f1ar tareas informativas en diferentes medios, recal\u00f3 en la Cadena COPE en el a\u00f1o 2005. Desde entonces, ha trabajado en las emisoras de Madrid, Granada, Jaca (Huesca) y Toledo, en donde se incorpor\u00f3 en 2013 como Jefe de Informativos de la Cadena COPE en Castilla-La Mancha. Siempre tuvo claro que quer\u00eda ser periodista y, a esa afici\u00f3n, se uni\u00f3 la del ciclismo, deporte con el que ha disfrutado mucho, tanto a trav\u00e9s de los medios de comunicaci\u00f3n como asistiendo en directo a diferentes carreras ciclistas. El inter\u00e9s que siempre mostr\u00f3 con todo lo relacionado con Internet y las redes sociales, fue reconocido con el Premio \u201cD\u00eda de Internet\u201d en la categor\u00eda de \u201cMejor Periodista Digital\u201d por sus trabajos en la Cadena COPE. Precisamente, esa pasi\u00f3n por las nuevas tecnolog\u00edas, espera que sea el \u201cveh\u00edculo\u201d para poder contar \u201cA Tumba Abierta\u201d las mejores historias del deporte de las dos ruedas.","sameAs":["http:\/\/www.cope.es","https:\/\/es-es.facebook.com\/cristobal.cabezasmartin","https:\/\/x.com\/cristoblcabezas"],"url":"https:\/\/www.cope.es\/blogs\/a-tumba-abierta\/author\/ccabezas\/"}]}},"amp_enabled":true,"_links":{"self":[{"href":"https:\/\/www.cope.es\/blogs\/a-tumba-abierta\/wp-json\/wp\/v2\/posts\/1864","targetHints":{"allow":["GET"]}}],"collection":[{"href":"https:\/\/www.cope.es\/blogs\/a-tumba-abierta\/wp-json\/wp\/v2\/posts"}],"about":[{"href":"https:\/\/www.cope.es\/blogs\/a-tumba-abierta\/wp-json\/wp\/v2\/types\/post"}],"author":[{"embeddable":true,"href":"https:\/\/www.cope.es\/blogs\/a-tumba-abierta\/wp-json\/wp\/v2\/users\/24"}],"replies":[{"embeddable":true,"href":"https:\/\/www.cope.es\/blogs\/a-tumba-abierta\/wp-json\/wp\/v2\/comments?post=1864"}],"version-history":[{"count":2,"href":"https:\/\/www.cope.es\/blogs\/a-tumba-abierta\/wp-json\/wp\/v2\/posts\/1864\/revisions"}],"predecessor-version":[{"id":1873,"href":"https:\/\/www.cope.es\/blogs\/a-tumba-abierta\/wp-json\/wp\/v2\/posts\/1864\/revisions\/1873"}],"wp:featuredmedia":[{"embeddable":true,"href":"https:\/\/www.cope.es\/blogs\/a-tumba-abierta\/wp-json\/wp\/v2\/media\/1865"}],"wp:attachment":[{"href":"https:\/\/www.cope.es\/blogs\/a-tumba-abierta\/wp-json\/wp\/v2\/media?parent=1864"}],"wp:term":[{"taxonomy":"category","embeddable":true,"href":"https:\/\/www.cope.es\/blogs\/a-tumba-abierta\/wp-json\/wp\/v2\/categories?post=1864"},{"taxonomy":"post_tag","embeddable":true,"href":"https:\/\/www.cope.es\/blogs\/a-tumba-abierta\/wp-json\/wp\/v2\/tags?post=1864"}],"curies":[{"name":"wp","href":"https:\/\/api.w.org\/{rel}","templated":true}]}}