{"id":1777,"date":"2022-11-23T13:47:52","date_gmt":"2022-11-23T12:47:52","guid":{"rendered":"http:\/\/www.cope.es\/blogs\/a-tumba-abierta\/?p=1777"},"modified":"2022-11-23T22:10:47","modified_gmt":"2022-11-23T21:10:47","slug":"van-der-poel-competira-en-la-benidorm-costa-blanca-2023","status":"publish","type":"post","link":"https:\/\/www.cope.es\/blogs\/a-tumba-abierta\/2022\/11\/23\/van-der-poel-competira-en-la-benidorm-costa-blanca-2023\/","title":{"rendered":"Van der Poel competir\u00e1 en la Benidorm Costa Blanca 2023 de la Copa del Mundo de ciclocross"},"content":{"rendered":"<p>El ciclista neerland\u00e9s <strong>Mathieu van der Poel<\/strong> (Alpecin-Deceuninck) participar\u00e1 en la prueba de la Copa del Mundo de ciclocross de Benidorm. La cita ser\u00e1 el 22 de enero de 2023. La prueba alicantina tambi\u00e9n contar\u00e1, en la categor\u00eda femenina, con la italiana <strong>Silvia Persico<\/strong>.<\/p>\n<p>&#8220;Mathieu van der Poel competir\u00e1 en Benidorm este pr\u00f3ximo mes de enero. La gran estrella neerlandesa y la italiana Silvia Persico confirman su participaci\u00f3n en la Copa del Mundo de Ciclocross-Benidorm Costa Blanca 2023&#8221;, confirm\u00f3 la organizaci\u00f3n.<\/p>\n<p>Considerado uno de los mejores especialistas, con cuatro maillots arco\u00edris y 28 triunfos en citas de la Copa del Mundo, Van der Poel compagina sus or\u00edgenes en el ciclocross con su pericia en la carretera, debutando en 2017 en el calendario de ruta, con una Strade Bianche, una Amstel Gold Race y una etapa del Tour de Francia como sus principales victorias.<\/p>\n<p>Por su parte, Persico ha sido en 2022 campeona nacional italiana de ciclocross y bronce en el Campeonato del Mundo disputado en Fayetteville (Estados Unidos). En ruta fue 7\u00aa en el Giro Donne, 5\u00aa en Le Tour Femmes y ganadora de una etapa en la Ceratizit Challenge by La Vuelta.<\/p>\n<p>La presencia de Mathieu van der Poel en la Benidorm Costa Blanca 2023 es el principal asunto que hoy te contamos en <a href=\"https:\/\/www.cope.es\/blogs\/a-tumba-abierta\/\" target=\"_blank\">&#8220;A Tumba Abierta&#8221;<\/a>, un blog dirigido por <strong>Crist\u00f3bal Cabezas<\/strong> en el que el ciclismo es siempre el gran protagonista.<\/p>\n","protected":false},"excerpt":{"rendered":"<p>El ciclista neerland\u00e9s Mathieu van der Poel (Alpecin-Deceuninck) participar\u00e1 en la prueba de la Copa del Mundo de ciclocross de Benidorm. La cita ser\u00e1 el 22 de enero de 2023. La prueba alicantina tambi\u00e9n contar\u00e1, en la categor\u00eda femenina, con la italiana Silvia Persico. &#8220;Mathieu van der Poel competir\u00e1 en Benidorm este pr\u00f3ximo mes de [&hellip;]<\/p>\n","protected":false},"author":24,"featured_media":1778,"comment_status":"open","ping_status":"open","sticky":false,"template":"","format":"standard","meta":{"footnotes":""},"categories":[470],"tags":[498,499,340],"class_list":["post-1777","post","type-post","status-publish","format-standard","has-post-thumbnail","hentry","category-ciclocross","tag-benidorm-costa-blanca-2023","tag-copa-del-mundo","tag-van-der-poel"],"yoast_head":"<!-- This site is optimized with the Yoast SEO plugin v27.4 - https:\/\/yoast.com\/product\/yoast-seo-wordpress\/ -->\n<title>Van der Poel competir\u00e1 en la Benidorm Costa Blanca 2023<\/title>\n<meta name=\"description\" content=\"El ciclista neerland\u00e9s y la italiana Silvia Persico participar\u00e1n el pr\u00f3ximo 22 de enero en la prueba alicantina de la Copa del Mundo de ciclocross.\" \/>\n<meta name=\"robots\" content=\"index, follow, max-snippet:-1, max-image-preview:large, max-video-preview:-1\" \/>\n<link rel=\"canonical\" href=\"https:\/\/www.cope.es\/blogs\/a-tumba-abierta\/2022\/11\/23\/van-der-poel-competira-en-la-benidorm-costa-blanca-2023\/\" \/>\n<meta property=\"og:locale\" content=\"es_ES\" \/>\n<meta property=\"og:type\" content=\"article\" \/>\n<meta property=\"og:title\" content=\"Van der Poel competir\u00e1 en la Benidorm Costa Blanca 2023\" \/>\n<meta property=\"og:description\" content=\"El ciclista neerland\u00e9s y la italiana Silvia Persico participar\u00e1n el pr\u00f3ximo 22 de enero en la prueba alicantina de la Copa del Mundo de ciclocross.\" \/>\n<meta property=\"og:url\" content=\"https:\/\/www.cope.es\/blogs\/a-tumba-abierta\/2022\/11\/23\/van-der-poel-competira-en-la-benidorm-costa-blanca-2023\/\" \/>\n<meta property=\"og:site_name\" content=\"A Tumba Abierta\" \/>\n<meta property=\"article:publisher\" content=\"https:\/\/www.facebook.com\/cope\/\" \/>\n<meta property=\"article:author\" content=\"https:\/\/es-es.facebook.com\/cristobal.cabezasmartin\" \/>\n<meta property=\"article:published_time\" content=\"2022-11-23T12:47:52+00:00\" \/>\n<meta property=\"article:modified_time\" content=\"2022-11-23T21:10:47+00:00\" \/>\n<meta property=\"og:image\" content=\"https:\/\/www.cope.es\/blogs\/a-tumba-abierta\/wp-content\/uploads\/sites\/23\/2022\/11\/EuropaPress_4827084_ciclista_mathieu_van_der_poel_prueba_ciclocross-scaled.jpg\" \/>\n\t<meta property=\"og:image:width\" content=\"2560\" \/>\n\t<meta property=\"og:image:height\" content=\"1707\" \/>\n\t<meta property=\"og:image:type\" content=\"image\/jpeg\" \/>\n<meta name=\"author\" content=\"Crist\u00f3bal Cabezas\" \/>\n<meta name=\"twitter:card\" content=\"summary_large_image\" \/>\n<meta name=\"twitter:creator\" content=\"@cristoblcabezas\" \/>\n<meta name=\"twitter:site\" content=\"@cope_es\" \/>\n<meta name=\"twitter:label1\" content=\"Escrito por\" \/>\n\t<meta name=\"twitter:data1\" content=\"Crist\u00f3bal Cabezas\" \/>\n\t<meta name=\"twitter:label2\" content=\"Tiempo de lectura\" \/>\n\t<meta name=\"twitter:data2\" content=\"1 minuto\" \/>\n<script type=\"application\/ld+json\" class=\"yoast-schema-graph\">{\"@context\":\"https:\\\/\\\/schema.org\",\"@graph\":[{\"@type\":\"Article\",\"@id\":\"https:\\\/\\\/www.cope.es\\\/blogs\\\/a-tumba-abierta\\\/2022\\\/11\\\/23\\\/van-der-poel-competira-en-la-benidorm-costa-blanca-2023\\\/#article\",\"isPartOf\":{\"@id\":\"https:\\\/\\\/www.cope.es\\\/blogs\\\/a-tumba-abierta\\\/2022\\\/11\\\/23\\\/van-der-poel-competira-en-la-benidorm-costa-blanca-2023\\\/\"},\"author\":{\"name\":\"Crist\u00f3bal Cabezas\",\"@id\":\"https:\\\/\\\/www.cope.es\\\/blogs\\\/a-tumba-abierta\\\/#\\\/schema\\\/person\\\/413f6566db421693223476f6b63a643b\"},\"headline\":\"Van der Poel competir\u00e1 en la Benidorm Costa Blanca 2023 de la Copa del Mundo de ciclocross\",\"datePublished\":\"2022-11-23T12:47:52+00:00\",\"dateModified\":\"2022-11-23T21:10:47+00:00\",\"mainEntityOfPage\":{\"@id\":\"https:\\\/\\\/www.cope.es\\\/blogs\\\/a-tumba-abierta\\\/2022\\\/11\\\/23\\\/van-der-poel-competira-en-la-benidorm-costa-blanca-2023\\\/\"},\"wordCount\":250,\"commentCount\":0,\"image\":{\"@id\":\"https:\\\/\\\/www.cope.es\\\/blogs\\\/a-tumba-abierta\\\/2022\\\/11\\\/23\\\/van-der-poel-competira-en-la-benidorm-costa-blanca-2023\\\/#primaryimage\"},\"thumbnailUrl\":\"https:\\\/\\\/www.cope.es\\\/blogs\\\/a-tumba-abierta\\\/wp-content\\\/uploads\\\/sites\\\/23\\\/2022\\\/11\\\/EuropaPress_4827084_ciclista_mathieu_van_der_poel_prueba_ciclocross-scaled.jpg\",\"keywords\":[\"Benidorm Costa Blanca 2023\",\"Copa del Mundo\",\"Van der Poel\"],\"articleSection\":[\"Ciclocross\"],\"inLanguage\":\"es\",\"potentialAction\":[{\"@type\":\"CommentAction\",\"name\":\"Comment\",\"target\":[\"https:\\\/\\\/www.cope.es\\\/blogs\\\/a-tumba-abierta\\\/2022\\\/11\\\/23\\\/van-der-poel-competira-en-la-benidorm-costa-blanca-2023\\\/#respond\"]}]},{\"@type\":\"WebPage\",\"@id\":\"https:\\\/\\\/www.cope.es\\\/blogs\\\/a-tumba-abierta\\\/2022\\\/11\\\/23\\\/van-der-poel-competira-en-la-benidorm-costa-blanca-2023\\\/\",\"url\":\"https:\\\/\\\/www.cope.es\\\/blogs\\\/a-tumba-abierta\\\/2022\\\/11\\\/23\\\/van-der-poel-competira-en-la-benidorm-costa-blanca-2023\\\/\",\"name\":\"Van der Poel competir\u00e1 en la Benidorm Costa Blanca 2023\",\"isPartOf\":{\"@id\":\"https:\\\/\\\/www.cope.es\\\/blogs\\\/a-tumba-abierta\\\/#website\"},\"primaryImageOfPage\":{\"@id\":\"https:\\\/\\\/www.cope.es\\\/blogs\\\/a-tumba-abierta\\\/2022\\\/11\\\/23\\\/van-der-poel-competira-en-la-benidorm-costa-blanca-2023\\\/#primaryimage\"},\"image\":{\"@id\":\"https:\\\/\\\/www.cope.es\\\/blogs\\\/a-tumba-abierta\\\/2022\\\/11\\\/23\\\/van-der-poel-competira-en-la-benidorm-costa-blanca-2023\\\/#primaryimage\"},\"thumbnailUrl\":\"https:\\\/\\\/www.cope.es\\\/blogs\\\/a-tumba-abierta\\\/wp-content\\\/uploads\\\/sites\\\/23\\\/2022\\\/11\\\/EuropaPress_4827084_ciclista_mathieu_van_der_poel_prueba_ciclocross-scaled.jpg\",\"datePublished\":\"2022-11-23T12:47:52+00:00\",\"dateModified\":\"2022-11-23T21:10:47+00:00\",\"author\":{\"@id\":\"https:\\\/\\\/www.cope.es\\\/blogs\\\/a-tumba-abierta\\\/#\\\/schema\\\/person\\\/413f6566db421693223476f6b63a643b\"},\"description\":\"El ciclista neerland\u00e9s y la italiana Silvia Persico participar\u00e1n el pr\u00f3ximo 22 de enero en la prueba alicantina de la Copa del Mundo de ciclocross.\",\"breadcrumb\":{\"@id\":\"https:\\\/\\\/www.cope.es\\\/blogs\\\/a-tumba-abierta\\\/2022\\\/11\\\/23\\\/van-der-poel-competira-en-la-benidorm-costa-blanca-2023\\\/#breadcrumb\"},\"inLanguage\":\"es\",\"potentialAction\":[{\"@type\":\"ReadAction\",\"target\":[\"https:\\\/\\\/www.cope.es\\\/blogs\\\/a-tumba-abierta\\\/2022\\\/11\\\/23\\\/van-der-poel-competira-en-la-benidorm-costa-blanca-2023\\\/\"]}]},{\"@type\":\"ImageObject\",\"inLanguage\":\"es\",\"@id\":\"https:\\\/\\\/www.cope.es\\\/blogs\\\/a-tumba-abierta\\\/2022\\\/11\\\/23\\\/van-der-poel-competira-en-la-benidorm-costa-blanca-2023\\\/#primaryimage\",\"url\":\"https:\\\/\\\/www.cope.es\\\/blogs\\\/a-tumba-abierta\\\/wp-content\\\/uploads\\\/sites\\\/23\\\/2022\\\/11\\\/EuropaPress_4827084_ciclista_mathieu_van_der_poel_prueba_ciclocross-scaled.jpg\",\"contentUrl\":\"https:\\\/\\\/www.cope.es\\\/blogs\\\/a-tumba-abierta\\\/wp-content\\\/uploads\\\/sites\\\/23\\\/2022\\\/11\\\/EuropaPress_4827084_ciclista_mathieu_van_der_poel_prueba_ciclocross-scaled.jpg\",\"width\":2560,\"height\":1707,\"caption\":\"El ciclista neerland\u00e9s Mathieu van der Poel (Alpecin-Deceuninck) participar\u00e1 en la prueba de la Copa del Mundo de ciclocross de Benidorm, que se disputar\u00e1 el 22 de enero de 2023, y ser\u00e1 el gran foco de atenci\u00f3n de una prueba que tambi\u00e9n contar\u00e1, en la categor\u00eda femenina, con la italiana Silvia Persico.\"},{\"@type\":\"BreadcrumbList\",\"@id\":\"https:\\\/\\\/www.cope.es\\\/blogs\\\/a-tumba-abierta\\\/2022\\\/11\\\/23\\\/van-der-poel-competira-en-la-benidorm-costa-blanca-2023\\\/#breadcrumb\",\"itemListElement\":[{\"@type\":\"ListItem\",\"position\":1,\"name\":\"Portada\",\"item\":\"https:\\\/\\\/www.cope.es\\\/blogs\\\/a-tumba-abierta\\\/\"},{\"@type\":\"ListItem\",\"position\":2,\"name\":\"Van der Poel competir\u00e1 en la Benidorm Costa Blanca 2023 de la Copa del Mundo de ciclocross\"}]},{\"@type\":\"WebSite\",\"@id\":\"https:\\\/\\\/www.cope.es\\\/blogs\\\/a-tumba-abierta\\\/#website\",\"url\":\"https:\\\/\\\/www.cope.es\\\/blogs\\\/a-tumba-abierta\\\/\",\"name\":\"A Tumba Abierta\",\"description\":\"Blog de ciclismo en COPE\",\"potentialAction\":[{\"@type\":\"SearchAction\",\"target\":{\"@type\":\"EntryPoint\",\"urlTemplate\":\"https:\\\/\\\/www.cope.es\\\/blogs\\\/a-tumba-abierta\\\/?s={search_term_string}\"},\"query-input\":{\"@type\":\"PropertyValueSpecification\",\"valueRequired\":true,\"valueName\":\"search_term_string\"}}],\"inLanguage\":\"es\"},{\"@type\":\"Person\",\"@id\":\"https:\\\/\\\/www.cope.es\\\/blogs\\\/a-tumba-abierta\\\/#\\\/schema\\\/person\\\/413f6566db421693223476f6b63a643b\",\"name\":\"Crist\u00f3bal Cabezas\",\"image\":{\"@type\":\"ImageObject\",\"inLanguage\":\"es\",\"@id\":\"https:\\\/\\\/secure.gravatar.com\\\/avatar\\\/361550a2a3cac91688caa1b00f2a1fa4e89a6c4361562ca29a361ce0041974c2?s=96&d=mm&r=g\",\"url\":\"https:\\\/\\\/secure.gravatar.com\\\/avatar\\\/361550a2a3cac91688caa1b00f2a1fa4e89a6c4361562ca29a361ce0041974c2?s=96&d=mm&r=g\",\"contentUrl\":\"https:\\\/\\\/secure.gravatar.com\\\/avatar\\\/361550a2a3cac91688caa1b00f2a1fa4e89a6c4361562ca29a361ce0041974c2?s=96&d=mm&r=g\",\"caption\":\"Crist\u00f3bal Cabezas\"},\"description\":\"Crist\u00f3bal Cabezas es Licenciado en Periodismo por la Universidad Complutense de Madrid y T\u00edtulo en T\u00e9cnico en Comunicaci\u00f3n Integral por la Universidad Francisco de Vitoria. Tras desempe\u00f1ar tareas informativas en diferentes medios, recal\u00f3 en la Cadena COPE en el a\u00f1o 2005. Desde entonces, ha trabajado en las emisoras de Madrid, Granada, Jaca (Huesca) y Toledo, en donde se incorpor\u00f3 en 2013 como Jefe de Informativos de la Cadena COPE en Castilla-La Mancha. Siempre tuvo claro que quer\u00eda ser periodista y, a esa afici\u00f3n, se uni\u00f3 la del ciclismo, deporte con el que ha disfrutado mucho, tanto a trav\u00e9s de los medios de comunicaci\u00f3n como asistiendo en directo a diferentes carreras ciclistas. El inter\u00e9s que siempre mostr\u00f3 con todo lo relacionado con Internet y las redes sociales, fue reconocido con el Premio \u201cD\u00eda de Internet\u201d en la categor\u00eda de \u201cMejor Periodista Digital\u201d por sus trabajos en la Cadena COPE. Precisamente, esa pasi\u00f3n por las nuevas tecnolog\u00edas, espera que sea el \u201cveh\u00edculo\u201d para poder contar \u201cA Tumba Abierta\u201d las mejores historias del deporte de las dos ruedas.\",\"sameAs\":[\"http:\\\/\\\/www.cope.es\",\"https:\\\/\\\/es-es.facebook.com\\\/cristobal.cabezasmartin\",\"https:\\\/\\\/x.com\\\/cristoblcabezas\"],\"url\":\"https:\\\/\\\/www.cope.es\\\/blogs\\\/a-tumba-abierta\\\/author\\\/ccabezas\\\/\"}]}<\/script>\n<!-- \/ Yoast SEO plugin. -->","yoast_head_json":{"title":"Van der Poel competir\u00e1 en la Benidorm Costa Blanca 2023","description":"El ciclista neerland\u00e9s y la italiana Silvia Persico participar\u00e1n el pr\u00f3ximo 22 de enero en la prueba alicantina de la Copa del Mundo de ciclocross.","robots":{"index":"index","follow":"follow","max-snippet":"max-snippet:-1","max-image-preview":"max-image-preview:large","max-video-preview":"max-video-preview:-1"},"canonical":"https:\/\/www.cope.es\/blogs\/a-tumba-abierta\/2022\/11\/23\/van-der-poel-competira-en-la-benidorm-costa-blanca-2023\/","og_locale":"es_ES","og_type":"article","og_title":"Van der Poel competir\u00e1 en la Benidorm Costa Blanca 2023","og_description":"El ciclista neerland\u00e9s y la italiana Silvia Persico participar\u00e1n el pr\u00f3ximo 22 de enero en la prueba alicantina de la Copa del Mundo de ciclocross.","og_url":"https:\/\/www.cope.es\/blogs\/a-tumba-abierta\/2022\/11\/23\/van-der-poel-competira-en-la-benidorm-costa-blanca-2023\/","og_site_name":"A Tumba Abierta","article_publisher":"https:\/\/www.facebook.com\/cope\/","article_author":"https:\/\/es-es.facebook.com\/cristobal.cabezasmartin","article_published_time":"2022-11-23T12:47:52+00:00","article_modified_time":"2022-11-23T21:10:47+00:00","og_image":[{"width":2560,"height":1707,"url":"https:\/\/www.cope.es\/blogs\/a-tumba-abierta\/wp-content\/uploads\/sites\/23\/2022\/11\/EuropaPress_4827084_ciclista_mathieu_van_der_poel_prueba_ciclocross-scaled.jpg","type":"image\/jpeg"}],"author":"Crist\u00f3bal Cabezas","twitter_card":"summary_large_image","twitter_creator":"@cristoblcabezas","twitter_site":"@cope_es","twitter_misc":{"Escrito por":"Crist\u00f3bal Cabezas","Tiempo de lectura":"1 minuto"},"schema":{"@context":"https:\/\/schema.org","@graph":[{"@type":"Article","@id":"https:\/\/www.cope.es\/blogs\/a-tumba-abierta\/2022\/11\/23\/van-der-poel-competira-en-la-benidorm-costa-blanca-2023\/#article","isPartOf":{"@id":"https:\/\/www.cope.es\/blogs\/a-tumba-abierta\/2022\/11\/23\/van-der-poel-competira-en-la-benidorm-costa-blanca-2023\/"},"author":{"name":"Crist\u00f3bal Cabezas","@id":"https:\/\/www.cope.es\/blogs\/a-tumba-abierta\/#\/schema\/person\/413f6566db421693223476f6b63a643b"},"headline":"Van der Poel competir\u00e1 en la Benidorm Costa Blanca 2023 de la Copa del Mundo de ciclocross","datePublished":"2022-11-23T12:47:52+00:00","dateModified":"2022-11-23T21:10:47+00:00","mainEntityOfPage":{"@id":"https:\/\/www.cope.es\/blogs\/a-tumba-abierta\/2022\/11\/23\/van-der-poel-competira-en-la-benidorm-costa-blanca-2023\/"},"wordCount":250,"commentCount":0,"image":{"@id":"https:\/\/www.cope.es\/blogs\/a-tumba-abierta\/2022\/11\/23\/van-der-poel-competira-en-la-benidorm-costa-blanca-2023\/#primaryimage"},"thumbnailUrl":"https:\/\/www.cope.es\/blogs\/a-tumba-abierta\/wp-content\/uploads\/sites\/23\/2022\/11\/EuropaPress_4827084_ciclista_mathieu_van_der_poel_prueba_ciclocross-scaled.jpg","keywords":["Benidorm Costa Blanca 2023","Copa del Mundo","Van der Poel"],"articleSection":["Ciclocross"],"inLanguage":"es","potentialAction":[{"@type":"CommentAction","name":"Comment","target":["https:\/\/www.cope.es\/blogs\/a-tumba-abierta\/2022\/11\/23\/van-der-poel-competira-en-la-benidorm-costa-blanca-2023\/#respond"]}]},{"@type":"WebPage","@id":"https:\/\/www.cope.es\/blogs\/a-tumba-abierta\/2022\/11\/23\/van-der-poel-competira-en-la-benidorm-costa-blanca-2023\/","url":"https:\/\/www.cope.es\/blogs\/a-tumba-abierta\/2022\/11\/23\/van-der-poel-competira-en-la-benidorm-costa-blanca-2023\/","name":"Van der Poel competir\u00e1 en la Benidorm Costa Blanca 2023","isPartOf":{"@id":"https:\/\/www.cope.es\/blogs\/a-tumba-abierta\/#website"},"primaryImageOfPage":{"@id":"https:\/\/www.cope.es\/blogs\/a-tumba-abierta\/2022\/11\/23\/van-der-poel-competira-en-la-benidorm-costa-blanca-2023\/#primaryimage"},"image":{"@id":"https:\/\/www.cope.es\/blogs\/a-tumba-abierta\/2022\/11\/23\/van-der-poel-competira-en-la-benidorm-costa-blanca-2023\/#primaryimage"},"thumbnailUrl":"https:\/\/www.cope.es\/blogs\/a-tumba-abierta\/wp-content\/uploads\/sites\/23\/2022\/11\/EuropaPress_4827084_ciclista_mathieu_van_der_poel_prueba_ciclocross-scaled.jpg","datePublished":"2022-11-23T12:47:52+00:00","dateModified":"2022-11-23T21:10:47+00:00","author":{"@id":"https:\/\/www.cope.es\/blogs\/a-tumba-abierta\/#\/schema\/person\/413f6566db421693223476f6b63a643b"},"description":"El ciclista neerland\u00e9s y la italiana Silvia Persico participar\u00e1n el pr\u00f3ximo 22 de enero en la prueba alicantina de la Copa del Mundo de ciclocross.","breadcrumb":{"@id":"https:\/\/www.cope.es\/blogs\/a-tumba-abierta\/2022\/11\/23\/van-der-poel-competira-en-la-benidorm-costa-blanca-2023\/#breadcrumb"},"inLanguage":"es","potentialAction":[{"@type":"ReadAction","target":["https:\/\/www.cope.es\/blogs\/a-tumba-abierta\/2022\/11\/23\/van-der-poel-competira-en-la-benidorm-costa-blanca-2023\/"]}]},{"@type":"ImageObject","inLanguage":"es","@id":"https:\/\/www.cope.es\/blogs\/a-tumba-abierta\/2022\/11\/23\/van-der-poel-competira-en-la-benidorm-costa-blanca-2023\/#primaryimage","url":"https:\/\/www.cope.es\/blogs\/a-tumba-abierta\/wp-content\/uploads\/sites\/23\/2022\/11\/EuropaPress_4827084_ciclista_mathieu_van_der_poel_prueba_ciclocross-scaled.jpg","contentUrl":"https:\/\/www.cope.es\/blogs\/a-tumba-abierta\/wp-content\/uploads\/sites\/23\/2022\/11\/EuropaPress_4827084_ciclista_mathieu_van_der_poel_prueba_ciclocross-scaled.jpg","width":2560,"height":1707,"caption":"El ciclista neerland\u00e9s Mathieu van der Poel (Alpecin-Deceuninck) participar\u00e1 en la prueba de la Copa del Mundo de ciclocross de Benidorm, que se disputar\u00e1 el 22 de enero de 2023, y ser\u00e1 el gran foco de atenci\u00f3n de una prueba que tambi\u00e9n contar\u00e1, en la categor\u00eda femenina, con la italiana Silvia Persico."},{"@type":"BreadcrumbList","@id":"https:\/\/www.cope.es\/blogs\/a-tumba-abierta\/2022\/11\/23\/van-der-poel-competira-en-la-benidorm-costa-blanca-2023\/#breadcrumb","itemListElement":[{"@type":"ListItem","position":1,"name":"Portada","item":"https:\/\/www.cope.es\/blogs\/a-tumba-abierta\/"},{"@type":"ListItem","position":2,"name":"Van der Poel competir\u00e1 en la Benidorm Costa Blanca 2023 de la Copa del Mundo de ciclocross"}]},{"@type":"WebSite","@id":"https:\/\/www.cope.es\/blogs\/a-tumba-abierta\/#website","url":"https:\/\/www.cope.es\/blogs\/a-tumba-abierta\/","name":"A Tumba Abierta","description":"Blog de ciclismo en COPE","potentialAction":[{"@type":"SearchAction","target":{"@type":"EntryPoint","urlTemplate":"https:\/\/www.cope.es\/blogs\/a-tumba-abierta\/?s={search_term_string}"},"query-input":{"@type":"PropertyValueSpecification","valueRequired":true,"valueName":"search_term_string"}}],"inLanguage":"es"},{"@type":"Person","@id":"https:\/\/www.cope.es\/blogs\/a-tumba-abierta\/#\/schema\/person\/413f6566db421693223476f6b63a643b","name":"Crist\u00f3bal Cabezas","image":{"@type":"ImageObject","inLanguage":"es","@id":"https:\/\/secure.gravatar.com\/avatar\/361550a2a3cac91688caa1b00f2a1fa4e89a6c4361562ca29a361ce0041974c2?s=96&d=mm&r=g","url":"https:\/\/secure.gravatar.com\/avatar\/361550a2a3cac91688caa1b00f2a1fa4e89a6c4361562ca29a361ce0041974c2?s=96&d=mm&r=g","contentUrl":"https:\/\/secure.gravatar.com\/avatar\/361550a2a3cac91688caa1b00f2a1fa4e89a6c4361562ca29a361ce0041974c2?s=96&d=mm&r=g","caption":"Crist\u00f3bal Cabezas"},"description":"Crist\u00f3bal Cabezas es Licenciado en Periodismo por la Universidad Complutense de Madrid y T\u00edtulo en T\u00e9cnico en Comunicaci\u00f3n Integral por la Universidad Francisco de Vitoria. Tras desempe\u00f1ar tareas informativas en diferentes medios, recal\u00f3 en la Cadena COPE en el a\u00f1o 2005. Desde entonces, ha trabajado en las emisoras de Madrid, Granada, Jaca (Huesca) y Toledo, en donde se incorpor\u00f3 en 2013 como Jefe de Informativos de la Cadena COPE en Castilla-La Mancha. Siempre tuvo claro que quer\u00eda ser periodista y, a esa afici\u00f3n, se uni\u00f3 la del ciclismo, deporte con el que ha disfrutado mucho, tanto a trav\u00e9s de los medios de comunicaci\u00f3n como asistiendo en directo a diferentes carreras ciclistas. El inter\u00e9s que siempre mostr\u00f3 con todo lo relacionado con Internet y las redes sociales, fue reconocido con el Premio \u201cD\u00eda de Internet\u201d en la categor\u00eda de \u201cMejor Periodista Digital\u201d por sus trabajos en la Cadena COPE. Precisamente, esa pasi\u00f3n por las nuevas tecnolog\u00edas, espera que sea el \u201cveh\u00edculo\u201d para poder contar \u201cA Tumba Abierta\u201d las mejores historias del deporte de las dos ruedas.","sameAs":["http:\/\/www.cope.es","https:\/\/es-es.facebook.com\/cristobal.cabezasmartin","https:\/\/x.com\/cristoblcabezas"],"url":"https:\/\/www.cope.es\/blogs\/a-tumba-abierta\/author\/ccabezas\/"}]}},"amp_enabled":true,"_links":{"self":[{"href":"https:\/\/www.cope.es\/blogs\/a-tumba-abierta\/wp-json\/wp\/v2\/posts\/1777","targetHints":{"allow":["GET"]}}],"collection":[{"href":"https:\/\/www.cope.es\/blogs\/a-tumba-abierta\/wp-json\/wp\/v2\/posts"}],"about":[{"href":"https:\/\/www.cope.es\/blogs\/a-tumba-abierta\/wp-json\/wp\/v2\/types\/post"}],"author":[{"embeddable":true,"href":"https:\/\/www.cope.es\/blogs\/a-tumba-abierta\/wp-json\/wp\/v2\/users\/24"}],"replies":[{"embeddable":true,"href":"https:\/\/www.cope.es\/blogs\/a-tumba-abierta\/wp-json\/wp\/v2\/comments?post=1777"}],"version-history":[{"count":2,"href":"https:\/\/www.cope.es\/blogs\/a-tumba-abierta\/wp-json\/wp\/v2\/posts\/1777\/revisions"}],"predecessor-version":[{"id":1782,"href":"https:\/\/www.cope.es\/blogs\/a-tumba-abierta\/wp-json\/wp\/v2\/posts\/1777\/revisions\/1782"}],"wp:featuredmedia":[{"embeddable":true,"href":"https:\/\/www.cope.es\/blogs\/a-tumba-abierta\/wp-json\/wp\/v2\/media\/1778"}],"wp:attachment":[{"href":"https:\/\/www.cope.es\/blogs\/a-tumba-abierta\/wp-json\/wp\/v2\/media?parent=1777"}],"wp:term":[{"taxonomy":"category","embeddable":true,"href":"https:\/\/www.cope.es\/blogs\/a-tumba-abierta\/wp-json\/wp\/v2\/categories?post=1777"},{"taxonomy":"post_tag","embeddable":true,"href":"https:\/\/www.cope.es\/blogs\/a-tumba-abierta\/wp-json\/wp\/v2\/tags?post=1777"}],"curies":[{"name":"wp","href":"https:\/\/api.w.org\/{rel}","templated":true}]}}