{"id":1759,"date":"2022-11-20T21:45:21","date_gmt":"2022-11-20T20:45:21","guid":{"rendered":"http:\/\/www.cope.es\/blogs\/a-tumba-abierta\/?p=1759"},"modified":"2022-11-20T21:45:21","modified_gmt":"2022-11-20T20:45:21","slug":"kevin-suarez-sentencia-la-copa-de-espana-de-ciclocross-2022","status":"publish","type":"post","link":"https:\/\/www.cope.es\/blogs\/a-tumba-abierta\/2022\/11\/20\/kevin-suarez-sentencia-la-copa-de-espana-de-ciclocross-2022\/","title":{"rendered":"Kevin Su\u00e1rez sentencia la Copa de Espa\u00f1a de Ciclocross 2022"},"content":{"rendered":"<p>La localidad madrile\u00f1a de Alcobendas ha celebrado este domingo, 20 de noviembre, la s\u00e9ptima prueba de la Copa de Espa\u00f1a de Ciclocross 2022, de las nueve que consta la competici\u00f3n. El Parque Anabel Segura ha vuelto a ser testigo de excepci\u00f3n del mejor ciclocross nacional. <strong>Kevin Su\u00e1rez<\/strong> y <strong>Sof\u00eda Rodr\u00edguez<\/strong> han conseguido la victoria en categor\u00eda masculina y femenina, respectivamente.<\/p>\n<p>Su\u00e1rez part\u00eda como gran favorito para llevarse la victoria en Alcobendas y poder sumar los puntos necesarios para adjudicarse su primera Copa de Espa\u00f1a. El corredor del equipo Nesta se ha marchado en solitario desde la segunda vuelta a pesar de los intentos de un combativo <strong>Gonzalo Inguanzo<\/strong> por seguirle. El corredor c\u00e1ntabro ha conseguido una clara victoria con 54 segundos de ventaja sobre Inguanzo.<\/p>\n<p>Su\u00e1rez suma su quinta victoria de esta Copa de Espa\u00f1a tras ganar en Pontevedra, Llodio, Karrantza y Taranc\u00f3n, y escribe su nombre en el palmar\u00e9s de ganadores de la competici\u00f3n nacional.<\/p>\n<p>Entre las f\u00e9minas, esta vez la victoria ha ca\u00eddo del lado de Sof\u00eda Rodr\u00edguez. La corredora del Nesta ha alzado los brazos en la meta de Alcobendas con diez segundos de ventaja sobre <strong>Luc\u00eda Gonz\u00e1lez<\/strong>.<\/p>\n<p>La competici\u00f3n viajar\u00e1 a X\u00e1tiva y Valencia los d\u00edas 17 y 18 de diciembre para terminar esta apasionante temporada del certamen nacional.<\/p>\n<p>La victoria de Kevin Su\u00e1rez en la Copa de Espa\u00f1a de Ciclocross 2022 es el principal asunto que hoy te contamos en <a href=\"https:\/\/www.cope.es\/blogs\/a-tumba-abierta\/\" target=\"_blank\">\u201cA Tumba Abierta\u201d<\/a>, un blog dirigido por <strong>Crist\u00f3bal Cabezas<\/strong> en el que el ciclismo es siempre el gran protagonista.<\/p>\n","protected":false},"excerpt":{"rendered":"<p>La localidad madrile\u00f1a de Alcobendas ha celebrado este domingo, 20 de noviembre, la s\u00e9ptima prueba de la Copa de Espa\u00f1a de Ciclocross 2022, de las nueve que consta la competici\u00f3n. El Parque Anabel Segura ha vuelto a ser testigo de excepci\u00f3n del mejor ciclocross nacional. Kevin Su\u00e1rez y Sof\u00eda Rodr\u00edguez han conseguido la victoria en [&hellip;]<\/p>\n","protected":false},"author":24,"featured_media":1760,"comment_status":"open","ping_status":"open","sticky":false,"template":"","format":"standard","meta":{"footnotes":""},"categories":[470],"tags":[491,494,338,475,476],"class_list":["post-1759","post","type-post","status-publish","format-standard","has-post-thumbnail","hentry","category-ciclocross","tag-alcobendas","tag-gonzalo-inguanzo","tag-kevin-suarez","tag-lucia-gonzalez","tag-sofia-rodriguez"],"yoast_head":"<!-- This site is optimized with the Yoast SEO plugin v27.4 - https:\/\/yoast.com\/product\/yoast-seo-wordpress\/ -->\n<title>Kevin Su\u00e1rez sentencia la Copa de Espa\u00f1a de Ciclocross 2022<\/title>\n<meta name=\"description\" content=\"Kevin Su\u00e1rez y Sof\u00eda Rodr\u00edguez han conseguido este domingo, 20 de noviembre, la victoria en categor\u00eda masculina y femenina, respectivamente.\" \/>\n<meta name=\"robots\" content=\"index, follow, max-snippet:-1, max-image-preview:large, max-video-preview:-1\" \/>\n<link rel=\"canonical\" href=\"https:\/\/www.cope.es\/blogs\/a-tumba-abierta\/2022\/11\/20\/kevin-suarez-sentencia-la-copa-de-espana-de-ciclocross-2022\/\" \/>\n<meta property=\"og:locale\" content=\"es_ES\" \/>\n<meta property=\"og:type\" content=\"article\" \/>\n<meta property=\"og:title\" content=\"Kevin Su\u00e1rez sentencia la Copa de Espa\u00f1a de Ciclocross 2022\" \/>\n<meta property=\"og:description\" content=\"Kevin Su\u00e1rez y Sof\u00eda Rodr\u00edguez han conseguido este domingo, 20 de noviembre, la victoria en categor\u00eda masculina y femenina, respectivamente.\" \/>\n<meta property=\"og:url\" content=\"https:\/\/www.cope.es\/blogs\/a-tumba-abierta\/2022\/11\/20\/kevin-suarez-sentencia-la-copa-de-espana-de-ciclocross-2022\/\" \/>\n<meta property=\"og:site_name\" content=\"A Tumba Abierta\" \/>\n<meta property=\"article:publisher\" content=\"https:\/\/www.facebook.com\/cope\/\" \/>\n<meta property=\"article:author\" content=\"https:\/\/es-es.facebook.com\/cristobal.cabezasmartin\" \/>\n<meta property=\"article:published_time\" content=\"2022-11-20T20:45:21+00:00\" \/>\n<meta property=\"og:image\" content=\"https:\/\/www.cope.es\/blogs\/a-tumba-abierta\/wp-content\/uploads\/sites\/23\/2022\/11\/zzzzzzzzzzzzzz.jpg\" \/>\n\t<meta property=\"og:image:width\" content=\"2387\" \/>\n\t<meta property=\"og:image:height\" content=\"1589\" \/>\n\t<meta property=\"og:image:type\" content=\"image\/jpeg\" \/>\n<meta name=\"author\" content=\"Crist\u00f3bal Cabezas\" \/>\n<meta name=\"twitter:card\" content=\"summary_large_image\" \/>\n<meta name=\"twitter:creator\" content=\"@cristoblcabezas\" \/>\n<meta name=\"twitter:site\" content=\"@cope_es\" \/>\n<meta name=\"twitter:label1\" content=\"Escrito por\" \/>\n\t<meta name=\"twitter:data1\" content=\"Crist\u00f3bal Cabezas\" \/>\n\t<meta name=\"twitter:label2\" content=\"Tiempo de lectura\" \/>\n\t<meta name=\"twitter:data2\" content=\"1 minuto\" \/>\n<script type=\"application\/ld+json\" class=\"yoast-schema-graph\">{\"@context\":\"https:\\\/\\\/schema.org\",\"@graph\":[{\"@type\":\"Article\",\"@id\":\"https:\\\/\\\/www.cope.es\\\/blogs\\\/a-tumba-abierta\\\/2022\\\/11\\\/20\\\/kevin-suarez-sentencia-la-copa-de-espana-de-ciclocross-2022\\\/#article\",\"isPartOf\":{\"@id\":\"https:\\\/\\\/www.cope.es\\\/blogs\\\/a-tumba-abierta\\\/2022\\\/11\\\/20\\\/kevin-suarez-sentencia-la-copa-de-espana-de-ciclocross-2022\\\/\"},\"author\":{\"name\":\"Crist\u00f3bal Cabezas\",\"@id\":\"https:\\\/\\\/www.cope.es\\\/blogs\\\/a-tumba-abierta\\\/#\\\/schema\\\/person\\\/413f6566db421693223476f6b63a643b\"},\"headline\":\"Kevin Su\u00e1rez sentencia la Copa de Espa\u00f1a de Ciclocross 2022\",\"datePublished\":\"2022-11-20T20:45:21+00:00\",\"mainEntityOfPage\":{\"@id\":\"https:\\\/\\\/www.cope.es\\\/blogs\\\/a-tumba-abierta\\\/2022\\\/11\\\/20\\\/kevin-suarez-sentencia-la-copa-de-espana-de-ciclocross-2022\\\/\"},\"wordCount\":289,\"commentCount\":0,\"image\":{\"@id\":\"https:\\\/\\\/www.cope.es\\\/blogs\\\/a-tumba-abierta\\\/2022\\\/11\\\/20\\\/kevin-suarez-sentencia-la-copa-de-espana-de-ciclocross-2022\\\/#primaryimage\"},\"thumbnailUrl\":\"https:\\\/\\\/www.cope.es\\\/blogs\\\/a-tumba-abierta\\\/wp-content\\\/uploads\\\/sites\\\/23\\\/2022\\\/11\\\/zzzzzzzzzzzzzz.jpg\",\"keywords\":[\"Alcobendas\",\"Gonzalo Inguanzo\",\"Kevin Su\u00e1rez\",\"Luc\u00eda Gonz\u00e1lez\",\"Sof\u00eda Rodr\u00edguez\"],\"articleSection\":[\"Ciclocross\"],\"inLanguage\":\"es\",\"potentialAction\":[{\"@type\":\"CommentAction\",\"name\":\"Comment\",\"target\":[\"https:\\\/\\\/www.cope.es\\\/blogs\\\/a-tumba-abierta\\\/2022\\\/11\\\/20\\\/kevin-suarez-sentencia-la-copa-de-espana-de-ciclocross-2022\\\/#respond\"]}]},{\"@type\":\"WebPage\",\"@id\":\"https:\\\/\\\/www.cope.es\\\/blogs\\\/a-tumba-abierta\\\/2022\\\/11\\\/20\\\/kevin-suarez-sentencia-la-copa-de-espana-de-ciclocross-2022\\\/\",\"url\":\"https:\\\/\\\/www.cope.es\\\/blogs\\\/a-tumba-abierta\\\/2022\\\/11\\\/20\\\/kevin-suarez-sentencia-la-copa-de-espana-de-ciclocross-2022\\\/\",\"name\":\"Kevin Su\u00e1rez sentencia la Copa de Espa\u00f1a de Ciclocross 2022\",\"isPartOf\":{\"@id\":\"https:\\\/\\\/www.cope.es\\\/blogs\\\/a-tumba-abierta\\\/#website\"},\"primaryImageOfPage\":{\"@id\":\"https:\\\/\\\/www.cope.es\\\/blogs\\\/a-tumba-abierta\\\/2022\\\/11\\\/20\\\/kevin-suarez-sentencia-la-copa-de-espana-de-ciclocross-2022\\\/#primaryimage\"},\"image\":{\"@id\":\"https:\\\/\\\/www.cope.es\\\/blogs\\\/a-tumba-abierta\\\/2022\\\/11\\\/20\\\/kevin-suarez-sentencia-la-copa-de-espana-de-ciclocross-2022\\\/#primaryimage\"},\"thumbnailUrl\":\"https:\\\/\\\/www.cope.es\\\/blogs\\\/a-tumba-abierta\\\/wp-content\\\/uploads\\\/sites\\\/23\\\/2022\\\/11\\\/zzzzzzzzzzzzzz.jpg\",\"datePublished\":\"2022-11-20T20:45:21+00:00\",\"author\":{\"@id\":\"https:\\\/\\\/www.cope.es\\\/blogs\\\/a-tumba-abierta\\\/#\\\/schema\\\/person\\\/413f6566db421693223476f6b63a643b\"},\"description\":\"Kevin Su\u00e1rez y Sof\u00eda Rodr\u00edguez han conseguido este domingo, 20 de noviembre, la victoria en categor\u00eda masculina y femenina, respectivamente.\",\"breadcrumb\":{\"@id\":\"https:\\\/\\\/www.cope.es\\\/blogs\\\/a-tumba-abierta\\\/2022\\\/11\\\/20\\\/kevin-suarez-sentencia-la-copa-de-espana-de-ciclocross-2022\\\/#breadcrumb\"},\"inLanguage\":\"es\",\"potentialAction\":[{\"@type\":\"ReadAction\",\"target\":[\"https:\\\/\\\/www.cope.es\\\/blogs\\\/a-tumba-abierta\\\/2022\\\/11\\\/20\\\/kevin-suarez-sentencia-la-copa-de-espana-de-ciclocross-2022\\\/\"]}]},{\"@type\":\"ImageObject\",\"inLanguage\":\"es\",\"@id\":\"https:\\\/\\\/www.cope.es\\\/blogs\\\/a-tumba-abierta\\\/2022\\\/11\\\/20\\\/kevin-suarez-sentencia-la-copa-de-espana-de-ciclocross-2022\\\/#primaryimage\",\"url\":\"https:\\\/\\\/www.cope.es\\\/blogs\\\/a-tumba-abierta\\\/wp-content\\\/uploads\\\/sites\\\/23\\\/2022\\\/11\\\/zzzzzzzzzzzzzz.jpg\",\"contentUrl\":\"https:\\\/\\\/www.cope.es\\\/blogs\\\/a-tumba-abierta\\\/wp-content\\\/uploads\\\/sites\\\/23\\\/2022\\\/11\\\/zzzzzzzzzzzzzz.jpg\",\"width\":2387,\"height\":1589,\"caption\":\"Kevin Su\u00e1rez y Sof\u00eda Rodr\u00edguez han conseguido la victoria en categor\u00eda masculina y femenina, respectivamente.\"},{\"@type\":\"BreadcrumbList\",\"@id\":\"https:\\\/\\\/www.cope.es\\\/blogs\\\/a-tumba-abierta\\\/2022\\\/11\\\/20\\\/kevin-suarez-sentencia-la-copa-de-espana-de-ciclocross-2022\\\/#breadcrumb\",\"itemListElement\":[{\"@type\":\"ListItem\",\"position\":1,\"name\":\"Portada\",\"item\":\"https:\\\/\\\/www.cope.es\\\/blogs\\\/a-tumba-abierta\\\/\"},{\"@type\":\"ListItem\",\"position\":2,\"name\":\"Kevin Su\u00e1rez sentencia la Copa de Espa\u00f1a de Ciclocross 2022\"}]},{\"@type\":\"WebSite\",\"@id\":\"https:\\\/\\\/www.cope.es\\\/blogs\\\/a-tumba-abierta\\\/#website\",\"url\":\"https:\\\/\\\/www.cope.es\\\/blogs\\\/a-tumba-abierta\\\/\",\"name\":\"A Tumba Abierta\",\"description\":\"Blog de ciclismo en COPE\",\"potentialAction\":[{\"@type\":\"SearchAction\",\"target\":{\"@type\":\"EntryPoint\",\"urlTemplate\":\"https:\\\/\\\/www.cope.es\\\/blogs\\\/a-tumba-abierta\\\/?s={search_term_string}\"},\"query-input\":{\"@type\":\"PropertyValueSpecification\",\"valueRequired\":true,\"valueName\":\"search_term_string\"}}],\"inLanguage\":\"es\"},{\"@type\":\"Person\",\"@id\":\"https:\\\/\\\/www.cope.es\\\/blogs\\\/a-tumba-abierta\\\/#\\\/schema\\\/person\\\/413f6566db421693223476f6b63a643b\",\"name\":\"Crist\u00f3bal Cabezas\",\"image\":{\"@type\":\"ImageObject\",\"inLanguage\":\"es\",\"@id\":\"https:\\\/\\\/secure.gravatar.com\\\/avatar\\\/361550a2a3cac91688caa1b00f2a1fa4e89a6c4361562ca29a361ce0041974c2?s=96&d=mm&r=g\",\"url\":\"https:\\\/\\\/secure.gravatar.com\\\/avatar\\\/361550a2a3cac91688caa1b00f2a1fa4e89a6c4361562ca29a361ce0041974c2?s=96&d=mm&r=g\",\"contentUrl\":\"https:\\\/\\\/secure.gravatar.com\\\/avatar\\\/361550a2a3cac91688caa1b00f2a1fa4e89a6c4361562ca29a361ce0041974c2?s=96&d=mm&r=g\",\"caption\":\"Crist\u00f3bal Cabezas\"},\"description\":\"Crist\u00f3bal Cabezas es Licenciado en Periodismo por la Universidad Complutense de Madrid y T\u00edtulo en T\u00e9cnico en Comunicaci\u00f3n Integral por la Universidad Francisco de Vitoria. Tras desempe\u00f1ar tareas informativas en diferentes medios, recal\u00f3 en la Cadena COPE en el a\u00f1o 2005. Desde entonces, ha trabajado en las emisoras de Madrid, Granada, Jaca (Huesca) y Toledo, en donde se incorpor\u00f3 en 2013 como Jefe de Informativos de la Cadena COPE en Castilla-La Mancha. Siempre tuvo claro que quer\u00eda ser periodista y, a esa afici\u00f3n, se uni\u00f3 la del ciclismo, deporte con el que ha disfrutado mucho, tanto a trav\u00e9s de los medios de comunicaci\u00f3n como asistiendo en directo a diferentes carreras ciclistas. El inter\u00e9s que siempre mostr\u00f3 con todo lo relacionado con Internet y las redes sociales, fue reconocido con el Premio \u201cD\u00eda de Internet\u201d en la categor\u00eda de \u201cMejor Periodista Digital\u201d por sus trabajos en la Cadena COPE. Precisamente, esa pasi\u00f3n por las nuevas tecnolog\u00edas, espera que sea el \u201cveh\u00edculo\u201d para poder contar \u201cA Tumba Abierta\u201d las mejores historias del deporte de las dos ruedas.\",\"sameAs\":[\"http:\\\/\\\/www.cope.es\",\"https:\\\/\\\/es-es.facebook.com\\\/cristobal.cabezasmartin\",\"https:\\\/\\\/x.com\\\/cristoblcabezas\"],\"url\":\"https:\\\/\\\/www.cope.es\\\/blogs\\\/a-tumba-abierta\\\/author\\\/ccabezas\\\/\"}]}<\/script>\n<!-- \/ Yoast SEO plugin. -->","yoast_head_json":{"title":"Kevin Su\u00e1rez sentencia la Copa de Espa\u00f1a de Ciclocross 2022","description":"Kevin Su\u00e1rez y Sof\u00eda Rodr\u00edguez han conseguido este domingo, 20 de noviembre, la victoria en categor\u00eda masculina y femenina, respectivamente.","robots":{"index":"index","follow":"follow","max-snippet":"max-snippet:-1","max-image-preview":"max-image-preview:large","max-video-preview":"max-video-preview:-1"},"canonical":"https:\/\/www.cope.es\/blogs\/a-tumba-abierta\/2022\/11\/20\/kevin-suarez-sentencia-la-copa-de-espana-de-ciclocross-2022\/","og_locale":"es_ES","og_type":"article","og_title":"Kevin Su\u00e1rez sentencia la Copa de Espa\u00f1a de Ciclocross 2022","og_description":"Kevin Su\u00e1rez y Sof\u00eda Rodr\u00edguez han conseguido este domingo, 20 de noviembre, la victoria en categor\u00eda masculina y femenina, respectivamente.","og_url":"https:\/\/www.cope.es\/blogs\/a-tumba-abierta\/2022\/11\/20\/kevin-suarez-sentencia-la-copa-de-espana-de-ciclocross-2022\/","og_site_name":"A Tumba Abierta","article_publisher":"https:\/\/www.facebook.com\/cope\/","article_author":"https:\/\/es-es.facebook.com\/cristobal.cabezasmartin","article_published_time":"2022-11-20T20:45:21+00:00","og_image":[{"width":2387,"height":1589,"url":"https:\/\/www.cope.es\/blogs\/a-tumba-abierta\/wp-content\/uploads\/sites\/23\/2022\/11\/zzzzzzzzzzzzzz.jpg","type":"image\/jpeg"}],"author":"Crist\u00f3bal Cabezas","twitter_card":"summary_large_image","twitter_creator":"@cristoblcabezas","twitter_site":"@cope_es","twitter_misc":{"Escrito por":"Crist\u00f3bal Cabezas","Tiempo de lectura":"1 minuto"},"schema":{"@context":"https:\/\/schema.org","@graph":[{"@type":"Article","@id":"https:\/\/www.cope.es\/blogs\/a-tumba-abierta\/2022\/11\/20\/kevin-suarez-sentencia-la-copa-de-espana-de-ciclocross-2022\/#article","isPartOf":{"@id":"https:\/\/www.cope.es\/blogs\/a-tumba-abierta\/2022\/11\/20\/kevin-suarez-sentencia-la-copa-de-espana-de-ciclocross-2022\/"},"author":{"name":"Crist\u00f3bal Cabezas","@id":"https:\/\/www.cope.es\/blogs\/a-tumba-abierta\/#\/schema\/person\/413f6566db421693223476f6b63a643b"},"headline":"Kevin Su\u00e1rez sentencia la Copa de Espa\u00f1a de Ciclocross 2022","datePublished":"2022-11-20T20:45:21+00:00","mainEntityOfPage":{"@id":"https:\/\/www.cope.es\/blogs\/a-tumba-abierta\/2022\/11\/20\/kevin-suarez-sentencia-la-copa-de-espana-de-ciclocross-2022\/"},"wordCount":289,"commentCount":0,"image":{"@id":"https:\/\/www.cope.es\/blogs\/a-tumba-abierta\/2022\/11\/20\/kevin-suarez-sentencia-la-copa-de-espana-de-ciclocross-2022\/#primaryimage"},"thumbnailUrl":"https:\/\/www.cope.es\/blogs\/a-tumba-abierta\/wp-content\/uploads\/sites\/23\/2022\/11\/zzzzzzzzzzzzzz.jpg","keywords":["Alcobendas","Gonzalo Inguanzo","Kevin Su\u00e1rez","Luc\u00eda Gonz\u00e1lez","Sof\u00eda Rodr\u00edguez"],"articleSection":["Ciclocross"],"inLanguage":"es","potentialAction":[{"@type":"CommentAction","name":"Comment","target":["https:\/\/www.cope.es\/blogs\/a-tumba-abierta\/2022\/11\/20\/kevin-suarez-sentencia-la-copa-de-espana-de-ciclocross-2022\/#respond"]}]},{"@type":"WebPage","@id":"https:\/\/www.cope.es\/blogs\/a-tumba-abierta\/2022\/11\/20\/kevin-suarez-sentencia-la-copa-de-espana-de-ciclocross-2022\/","url":"https:\/\/www.cope.es\/blogs\/a-tumba-abierta\/2022\/11\/20\/kevin-suarez-sentencia-la-copa-de-espana-de-ciclocross-2022\/","name":"Kevin Su\u00e1rez sentencia la Copa de Espa\u00f1a de Ciclocross 2022","isPartOf":{"@id":"https:\/\/www.cope.es\/blogs\/a-tumba-abierta\/#website"},"primaryImageOfPage":{"@id":"https:\/\/www.cope.es\/blogs\/a-tumba-abierta\/2022\/11\/20\/kevin-suarez-sentencia-la-copa-de-espana-de-ciclocross-2022\/#primaryimage"},"image":{"@id":"https:\/\/www.cope.es\/blogs\/a-tumba-abierta\/2022\/11\/20\/kevin-suarez-sentencia-la-copa-de-espana-de-ciclocross-2022\/#primaryimage"},"thumbnailUrl":"https:\/\/www.cope.es\/blogs\/a-tumba-abierta\/wp-content\/uploads\/sites\/23\/2022\/11\/zzzzzzzzzzzzzz.jpg","datePublished":"2022-11-20T20:45:21+00:00","author":{"@id":"https:\/\/www.cope.es\/blogs\/a-tumba-abierta\/#\/schema\/person\/413f6566db421693223476f6b63a643b"},"description":"Kevin Su\u00e1rez y Sof\u00eda Rodr\u00edguez han conseguido este domingo, 20 de noviembre, la victoria en categor\u00eda masculina y femenina, respectivamente.","breadcrumb":{"@id":"https:\/\/www.cope.es\/blogs\/a-tumba-abierta\/2022\/11\/20\/kevin-suarez-sentencia-la-copa-de-espana-de-ciclocross-2022\/#breadcrumb"},"inLanguage":"es","potentialAction":[{"@type":"ReadAction","target":["https:\/\/www.cope.es\/blogs\/a-tumba-abierta\/2022\/11\/20\/kevin-suarez-sentencia-la-copa-de-espana-de-ciclocross-2022\/"]}]},{"@type":"ImageObject","inLanguage":"es","@id":"https:\/\/www.cope.es\/blogs\/a-tumba-abierta\/2022\/11\/20\/kevin-suarez-sentencia-la-copa-de-espana-de-ciclocross-2022\/#primaryimage","url":"https:\/\/www.cope.es\/blogs\/a-tumba-abierta\/wp-content\/uploads\/sites\/23\/2022\/11\/zzzzzzzzzzzzzz.jpg","contentUrl":"https:\/\/www.cope.es\/blogs\/a-tumba-abierta\/wp-content\/uploads\/sites\/23\/2022\/11\/zzzzzzzzzzzzzz.jpg","width":2387,"height":1589,"caption":"Kevin Su\u00e1rez y Sof\u00eda Rodr\u00edguez han conseguido la victoria en categor\u00eda masculina y femenina, respectivamente."},{"@type":"BreadcrumbList","@id":"https:\/\/www.cope.es\/blogs\/a-tumba-abierta\/2022\/11\/20\/kevin-suarez-sentencia-la-copa-de-espana-de-ciclocross-2022\/#breadcrumb","itemListElement":[{"@type":"ListItem","position":1,"name":"Portada","item":"https:\/\/www.cope.es\/blogs\/a-tumba-abierta\/"},{"@type":"ListItem","position":2,"name":"Kevin Su\u00e1rez sentencia la Copa de Espa\u00f1a de Ciclocross 2022"}]},{"@type":"WebSite","@id":"https:\/\/www.cope.es\/blogs\/a-tumba-abierta\/#website","url":"https:\/\/www.cope.es\/blogs\/a-tumba-abierta\/","name":"A Tumba Abierta","description":"Blog de ciclismo en COPE","potentialAction":[{"@type":"SearchAction","target":{"@type":"EntryPoint","urlTemplate":"https:\/\/www.cope.es\/blogs\/a-tumba-abierta\/?s={search_term_string}"},"query-input":{"@type":"PropertyValueSpecification","valueRequired":true,"valueName":"search_term_string"}}],"inLanguage":"es"},{"@type":"Person","@id":"https:\/\/www.cope.es\/blogs\/a-tumba-abierta\/#\/schema\/person\/413f6566db421693223476f6b63a643b","name":"Crist\u00f3bal Cabezas","image":{"@type":"ImageObject","inLanguage":"es","@id":"https:\/\/secure.gravatar.com\/avatar\/361550a2a3cac91688caa1b00f2a1fa4e89a6c4361562ca29a361ce0041974c2?s=96&d=mm&r=g","url":"https:\/\/secure.gravatar.com\/avatar\/361550a2a3cac91688caa1b00f2a1fa4e89a6c4361562ca29a361ce0041974c2?s=96&d=mm&r=g","contentUrl":"https:\/\/secure.gravatar.com\/avatar\/361550a2a3cac91688caa1b00f2a1fa4e89a6c4361562ca29a361ce0041974c2?s=96&d=mm&r=g","caption":"Crist\u00f3bal Cabezas"},"description":"Crist\u00f3bal Cabezas es Licenciado en Periodismo por la Universidad Complutense de Madrid y T\u00edtulo en T\u00e9cnico en Comunicaci\u00f3n Integral por la Universidad Francisco de Vitoria. Tras desempe\u00f1ar tareas informativas en diferentes medios, recal\u00f3 en la Cadena COPE en el a\u00f1o 2005. Desde entonces, ha trabajado en las emisoras de Madrid, Granada, Jaca (Huesca) y Toledo, en donde se incorpor\u00f3 en 2013 como Jefe de Informativos de la Cadena COPE en Castilla-La Mancha. Siempre tuvo claro que quer\u00eda ser periodista y, a esa afici\u00f3n, se uni\u00f3 la del ciclismo, deporte con el que ha disfrutado mucho, tanto a trav\u00e9s de los medios de comunicaci\u00f3n como asistiendo en directo a diferentes carreras ciclistas. El inter\u00e9s que siempre mostr\u00f3 con todo lo relacionado con Internet y las redes sociales, fue reconocido con el Premio \u201cD\u00eda de Internet\u201d en la categor\u00eda de \u201cMejor Periodista Digital\u201d por sus trabajos en la Cadena COPE. Precisamente, esa pasi\u00f3n por las nuevas tecnolog\u00edas, espera que sea el \u201cveh\u00edculo\u201d para poder contar \u201cA Tumba Abierta\u201d las mejores historias del deporte de las dos ruedas.","sameAs":["http:\/\/www.cope.es","https:\/\/es-es.facebook.com\/cristobal.cabezasmartin","https:\/\/x.com\/cristoblcabezas"],"url":"https:\/\/www.cope.es\/blogs\/a-tumba-abierta\/author\/ccabezas\/"}]}},"amp_enabled":true,"_links":{"self":[{"href":"https:\/\/www.cope.es\/blogs\/a-tumba-abierta\/wp-json\/wp\/v2\/posts\/1759","targetHints":{"allow":["GET"]}}],"collection":[{"href":"https:\/\/www.cope.es\/blogs\/a-tumba-abierta\/wp-json\/wp\/v2\/posts"}],"about":[{"href":"https:\/\/www.cope.es\/blogs\/a-tumba-abierta\/wp-json\/wp\/v2\/types\/post"}],"author":[{"embeddable":true,"href":"https:\/\/www.cope.es\/blogs\/a-tumba-abierta\/wp-json\/wp\/v2\/users\/24"}],"replies":[{"embeddable":true,"href":"https:\/\/www.cope.es\/blogs\/a-tumba-abierta\/wp-json\/wp\/v2\/comments?post=1759"}],"version-history":[{"count":2,"href":"https:\/\/www.cope.es\/blogs\/a-tumba-abierta\/wp-json\/wp\/v2\/posts\/1759\/revisions"}],"predecessor-version":[{"id":1763,"href":"https:\/\/www.cope.es\/blogs\/a-tumba-abierta\/wp-json\/wp\/v2\/posts\/1759\/revisions\/1763"}],"wp:featuredmedia":[{"embeddable":true,"href":"https:\/\/www.cope.es\/blogs\/a-tumba-abierta\/wp-json\/wp\/v2\/media\/1760"}],"wp:attachment":[{"href":"https:\/\/www.cope.es\/blogs\/a-tumba-abierta\/wp-json\/wp\/v2\/media?parent=1759"}],"wp:term":[{"taxonomy":"category","embeddable":true,"href":"https:\/\/www.cope.es\/blogs\/a-tumba-abierta\/wp-json\/wp\/v2\/categories?post=1759"},{"taxonomy":"post_tag","embeddable":true,"href":"https:\/\/www.cope.es\/blogs\/a-tumba-abierta\/wp-json\/wp\/v2\/tags?post=1759"}],"curies":[{"name":"wp","href":"https:\/\/api.w.org\/{rel}","templated":true}]}}