{"id":1751,"date":"2022-11-18T21:18:05","date_gmt":"2022-11-18T20:18:05","guid":{"rendered":"http:\/\/www.cope.es\/blogs\/a-tumba-abierta\/?p=1751"},"modified":"2022-11-18T21:18:05","modified_gmt":"2022-11-18T20:18:05","slug":"tenerife-acoge-este-fin-de-semana-el-giro-ditalia-ride-like-a-pro","status":"publish","type":"post","link":"https:\/\/www.cope.es\/blogs\/a-tumba-abierta\/2022\/11\/18\/tenerife-acoge-este-fin-de-semana-el-giro-ditalia-ride-like-a-pro\/","title":{"rendered":"Tenerife acoge este fin de semana el Giro d\u2019Italia Ride Like a Pro"},"content":{"rendered":"<p>La isla de Tenerife acoge este fin de semana la primera edici\u00f3n en Espa\u00f1a del Giro d\u2019Italia Ride Like a Pro. Esta marcha cicloturista est\u00e1 compuesta por dos itinerarios que recorrer\u00e1n algunas de las ubicaciones m\u00e1s emblem\u00e1ticas, pudiendo disfrutar a lo largo del camino de la orograf\u00eda canaria con vistas a la vecina isla de la Gomera y el imponente pico del Teide.<\/p>\n<p>El evento ofrecer\u00e1 a los ciclistas un verdadero desaf\u00edo teniendo que demostrar su fortaleza y resistencia en las subidas, as\u00ed como la velocidad punta en las zonas llanas, con tramos pensados para corredores de todas las caracter\u00edsticas.<\/p>\n<p>Los participantes afrontar\u00e1n este s\u00e1bado un arduo recorrido en forma de ocho con 110 kil\u00f3metros y m\u00e1s de 3.000 metros de desnivel\u00a0positivo acumulado. Al d\u00eda siguiente, los ciclistas lidiar\u00e1n con una etapa algo m\u00e1s suave de\u00a064 kil\u00f3metros de distancia y 1.300 metros de desnivel\u00a0en la zona sur.<\/p>\n<p>El Giro d\u2019Italia Ride Like a Pro contar\u00e1 en Tenerife con la participaci\u00f3n de corredores de gran calado como el actual campe\u00f3n de Espa\u00f1a de contrarreloj <strong>Ra\u00fal Garc\u00eda Pierna<\/strong>, <strong>Jonathan Lastra<\/strong>, <strong>Juan Pedro L\u00f3pez<\/strong>, <strong>David Gonz\u00e1lez<\/strong>, <strong>Sergio Rom\u00e1n<\/strong>, <strong>Fernando Barcel\u00f3<\/strong> o <strong>Stefano Garzelli<\/strong>, ganador de la corsa rosa en el a\u00f1o 2000.<\/p>\n<p>El Giro d\u2019Italia Ride Like a Pro es el principal asunto que hoy te contamos en <a href=\"https:\/\/www.cope.es\/blogs\/a-tumba-abierta\/\" target=\"_blank\">\u201cA Tumba Abierta\u201d<\/a>, un blog dirigido por <strong>Crist\u00f3bal Cabezas<\/strong> en el que el ciclismo es siempre el gran protagonista.<\/p>\n","protected":false},"excerpt":{"rendered":"<p>La isla de Tenerife acoge este fin de semana la primera edici\u00f3n en Espa\u00f1a del Giro d\u2019Italia Ride Like a Pro. Esta marcha cicloturista est\u00e1 compuesta por dos itinerarios que recorrer\u00e1n algunas de las ubicaciones m\u00e1s emblem\u00e1ticas, pudiendo disfrutar a lo largo del camino de la orograf\u00eda canaria con vistas a la vecina isla de [&hellip;]<\/p>\n","protected":false},"author":24,"featured_media":1752,"comment_status":"open","ping_status":"open","sticky":false,"template":"","format":"standard","meta":{"footnotes":""},"categories":[140],"tags":[376],"class_list":["post-1751","post","type-post","status-publish","format-standard","has-post-thumbnail","hentry","category-actualidad","tag-cicloturismo"],"yoast_head":"<!-- This site is optimized with the Yoast SEO plugin v27.4 - https:\/\/yoast.com\/product\/yoast-seo-wordpress\/ -->\n<title>Tenerife acoge este fin de semana el Giro d\u2019Italia Ride Like a Pro<\/title>\n<meta name=\"description\" content=\"La isla de Tenerife acoge este fin de semana el Giro d\u2019Italia Ride Like a Pro. La marcha est\u00e1 compuesta por dos itinerarios diferentes.\" \/>\n<meta name=\"robots\" content=\"index, follow, max-snippet:-1, max-image-preview:large, max-video-preview:-1\" \/>\n<link rel=\"canonical\" href=\"https:\/\/www.cope.es\/blogs\/a-tumba-abierta\/2022\/11\/18\/tenerife-acoge-este-fin-de-semana-el-giro-ditalia-ride-like-a-pro\/\" \/>\n<meta property=\"og:locale\" content=\"es_ES\" \/>\n<meta property=\"og:type\" content=\"article\" \/>\n<meta property=\"og:title\" content=\"Tenerife acoge este fin de semana el Giro d\u2019Italia Ride Like a Pro\" \/>\n<meta property=\"og:description\" content=\"La isla de Tenerife acoge este fin de semana el Giro d\u2019Italia Ride Like a Pro. La marcha est\u00e1 compuesta por dos itinerarios diferentes.\" \/>\n<meta property=\"og:url\" content=\"https:\/\/www.cope.es\/blogs\/a-tumba-abierta\/2022\/11\/18\/tenerife-acoge-este-fin-de-semana-el-giro-ditalia-ride-like-a-pro\/\" \/>\n<meta property=\"og:site_name\" content=\"A Tumba Abierta\" \/>\n<meta property=\"article:publisher\" content=\"https:\/\/www.facebook.com\/cope\/\" \/>\n<meta property=\"article:author\" content=\"https:\/\/es-es.facebook.com\/cristobal.cabezasmartin\" \/>\n<meta property=\"article:published_time\" content=\"2022-11-18T20:18:05+00:00\" \/>\n<meta property=\"og:image\" content=\"https:\/\/www.cope.es\/blogs\/a-tumba-abierta\/wp-content\/uploads\/sites\/23\/2022\/11\/tenerife.jpg\" \/>\n\t<meta property=\"og:image:width\" content=\"750\" \/>\n\t<meta property=\"og:image:height\" content=\"499\" \/>\n\t<meta property=\"og:image:type\" content=\"image\/jpeg\" \/>\n<meta name=\"author\" content=\"Crist\u00f3bal Cabezas\" \/>\n<meta name=\"twitter:card\" content=\"summary_large_image\" \/>\n<meta name=\"twitter:creator\" content=\"@cristoblcabezas\" \/>\n<meta name=\"twitter:site\" content=\"@cope_es\" \/>\n<meta name=\"twitter:label1\" content=\"Escrito por\" \/>\n\t<meta name=\"twitter:data1\" content=\"Crist\u00f3bal Cabezas\" \/>\n\t<meta name=\"twitter:label2\" content=\"Tiempo de lectura\" \/>\n\t<meta name=\"twitter:data2\" content=\"1 minuto\" \/>\n<script type=\"application\/ld+json\" class=\"yoast-schema-graph\">{\"@context\":\"https:\\\/\\\/schema.org\",\"@graph\":[{\"@type\":\"Article\",\"@id\":\"https:\\\/\\\/www.cope.es\\\/blogs\\\/a-tumba-abierta\\\/2022\\\/11\\\/18\\\/tenerife-acoge-este-fin-de-semana-el-giro-ditalia-ride-like-a-pro\\\/#article\",\"isPartOf\":{\"@id\":\"https:\\\/\\\/www.cope.es\\\/blogs\\\/a-tumba-abierta\\\/2022\\\/11\\\/18\\\/tenerife-acoge-este-fin-de-semana-el-giro-ditalia-ride-like-a-pro\\\/\"},\"author\":{\"name\":\"Crist\u00f3bal Cabezas\",\"@id\":\"https:\\\/\\\/www.cope.es\\\/blogs\\\/a-tumba-abierta\\\/#\\\/schema\\\/person\\\/413f6566db421693223476f6b63a643b\"},\"headline\":\"Tenerife acoge este fin de semana el Giro d\u2019Italia Ride Like a Pro\",\"datePublished\":\"2022-11-18T20:18:05+00:00\",\"mainEntityOfPage\":{\"@id\":\"https:\\\/\\\/www.cope.es\\\/blogs\\\/a-tumba-abierta\\\/2022\\\/11\\\/18\\\/tenerife-acoge-este-fin-de-semana-el-giro-ditalia-ride-like-a-pro\\\/\"},\"wordCount\":275,\"commentCount\":0,\"image\":{\"@id\":\"https:\\\/\\\/www.cope.es\\\/blogs\\\/a-tumba-abierta\\\/2022\\\/11\\\/18\\\/tenerife-acoge-este-fin-de-semana-el-giro-ditalia-ride-like-a-pro\\\/#primaryimage\"},\"thumbnailUrl\":\"https:\\\/\\\/www.cope.es\\\/blogs\\\/a-tumba-abierta\\\/wp-content\\\/uploads\\\/sites\\\/23\\\/2022\\\/11\\\/tenerife.jpg\",\"keywords\":[\"Cicloturismo\"],\"articleSection\":[\"Actualidad\"],\"inLanguage\":\"es\",\"potentialAction\":[{\"@type\":\"CommentAction\",\"name\":\"Comment\",\"target\":[\"https:\\\/\\\/www.cope.es\\\/blogs\\\/a-tumba-abierta\\\/2022\\\/11\\\/18\\\/tenerife-acoge-este-fin-de-semana-el-giro-ditalia-ride-like-a-pro\\\/#respond\"]}]},{\"@type\":\"WebPage\",\"@id\":\"https:\\\/\\\/www.cope.es\\\/blogs\\\/a-tumba-abierta\\\/2022\\\/11\\\/18\\\/tenerife-acoge-este-fin-de-semana-el-giro-ditalia-ride-like-a-pro\\\/\",\"url\":\"https:\\\/\\\/www.cope.es\\\/blogs\\\/a-tumba-abierta\\\/2022\\\/11\\\/18\\\/tenerife-acoge-este-fin-de-semana-el-giro-ditalia-ride-like-a-pro\\\/\",\"name\":\"Tenerife acoge este fin de semana el Giro d\u2019Italia Ride Like a Pro\",\"isPartOf\":{\"@id\":\"https:\\\/\\\/www.cope.es\\\/blogs\\\/a-tumba-abierta\\\/#website\"},\"primaryImageOfPage\":{\"@id\":\"https:\\\/\\\/www.cope.es\\\/blogs\\\/a-tumba-abierta\\\/2022\\\/11\\\/18\\\/tenerife-acoge-este-fin-de-semana-el-giro-ditalia-ride-like-a-pro\\\/#primaryimage\"},\"image\":{\"@id\":\"https:\\\/\\\/www.cope.es\\\/blogs\\\/a-tumba-abierta\\\/2022\\\/11\\\/18\\\/tenerife-acoge-este-fin-de-semana-el-giro-ditalia-ride-like-a-pro\\\/#primaryimage\"},\"thumbnailUrl\":\"https:\\\/\\\/www.cope.es\\\/blogs\\\/a-tumba-abierta\\\/wp-content\\\/uploads\\\/sites\\\/23\\\/2022\\\/11\\\/tenerife.jpg\",\"datePublished\":\"2022-11-18T20:18:05+00:00\",\"author\":{\"@id\":\"https:\\\/\\\/www.cope.es\\\/blogs\\\/a-tumba-abierta\\\/#\\\/schema\\\/person\\\/413f6566db421693223476f6b63a643b\"},\"description\":\"La isla de Tenerife acoge este fin de semana el Giro d\u2019Italia Ride Like a Pro. La marcha est\u00e1 compuesta por dos itinerarios diferentes.\",\"breadcrumb\":{\"@id\":\"https:\\\/\\\/www.cope.es\\\/blogs\\\/a-tumba-abierta\\\/2022\\\/11\\\/18\\\/tenerife-acoge-este-fin-de-semana-el-giro-ditalia-ride-like-a-pro\\\/#breadcrumb\"},\"inLanguage\":\"es\",\"potentialAction\":[{\"@type\":\"ReadAction\",\"target\":[\"https:\\\/\\\/www.cope.es\\\/blogs\\\/a-tumba-abierta\\\/2022\\\/11\\\/18\\\/tenerife-acoge-este-fin-de-semana-el-giro-ditalia-ride-like-a-pro\\\/\"]}]},{\"@type\":\"ImageObject\",\"inLanguage\":\"es\",\"@id\":\"https:\\\/\\\/www.cope.es\\\/blogs\\\/a-tumba-abierta\\\/2022\\\/11\\\/18\\\/tenerife-acoge-este-fin-de-semana-el-giro-ditalia-ride-like-a-pro\\\/#primaryimage\",\"url\":\"https:\\\/\\\/www.cope.es\\\/blogs\\\/a-tumba-abierta\\\/wp-content\\\/uploads\\\/sites\\\/23\\\/2022\\\/11\\\/tenerife.jpg\",\"contentUrl\":\"https:\\\/\\\/www.cope.es\\\/blogs\\\/a-tumba-abierta\\\/wp-content\\\/uploads\\\/sites\\\/23\\\/2022\\\/11\\\/tenerife.jpg\",\"width\":750,\"height\":499,\"caption\":\"La isla de Tenerife acoge este fin de semana la primera edici\u00f3n en Espa\u00f1a del Giro d\u2019Italia Ride Like a Pro.\"},{\"@type\":\"BreadcrumbList\",\"@id\":\"https:\\\/\\\/www.cope.es\\\/blogs\\\/a-tumba-abierta\\\/2022\\\/11\\\/18\\\/tenerife-acoge-este-fin-de-semana-el-giro-ditalia-ride-like-a-pro\\\/#breadcrumb\",\"itemListElement\":[{\"@type\":\"ListItem\",\"position\":1,\"name\":\"Portada\",\"item\":\"https:\\\/\\\/www.cope.es\\\/blogs\\\/a-tumba-abierta\\\/\"},{\"@type\":\"ListItem\",\"position\":2,\"name\":\"Tenerife acoge este fin de semana el Giro d\u2019Italia Ride Like a Pro\"}]},{\"@type\":\"WebSite\",\"@id\":\"https:\\\/\\\/www.cope.es\\\/blogs\\\/a-tumba-abierta\\\/#website\",\"url\":\"https:\\\/\\\/www.cope.es\\\/blogs\\\/a-tumba-abierta\\\/\",\"name\":\"A Tumba Abierta\",\"description\":\"Blog de ciclismo en COPE\",\"potentialAction\":[{\"@type\":\"SearchAction\",\"target\":{\"@type\":\"EntryPoint\",\"urlTemplate\":\"https:\\\/\\\/www.cope.es\\\/blogs\\\/a-tumba-abierta\\\/?s={search_term_string}\"},\"query-input\":{\"@type\":\"PropertyValueSpecification\",\"valueRequired\":true,\"valueName\":\"search_term_string\"}}],\"inLanguage\":\"es\"},{\"@type\":\"Person\",\"@id\":\"https:\\\/\\\/www.cope.es\\\/blogs\\\/a-tumba-abierta\\\/#\\\/schema\\\/person\\\/413f6566db421693223476f6b63a643b\",\"name\":\"Crist\u00f3bal Cabezas\",\"image\":{\"@type\":\"ImageObject\",\"inLanguage\":\"es\",\"@id\":\"https:\\\/\\\/secure.gravatar.com\\\/avatar\\\/361550a2a3cac91688caa1b00f2a1fa4e89a6c4361562ca29a361ce0041974c2?s=96&d=mm&r=g\",\"url\":\"https:\\\/\\\/secure.gravatar.com\\\/avatar\\\/361550a2a3cac91688caa1b00f2a1fa4e89a6c4361562ca29a361ce0041974c2?s=96&d=mm&r=g\",\"contentUrl\":\"https:\\\/\\\/secure.gravatar.com\\\/avatar\\\/361550a2a3cac91688caa1b00f2a1fa4e89a6c4361562ca29a361ce0041974c2?s=96&d=mm&r=g\",\"caption\":\"Crist\u00f3bal Cabezas\"},\"description\":\"Crist\u00f3bal Cabezas es Licenciado en Periodismo por la Universidad Complutense de Madrid y T\u00edtulo en T\u00e9cnico en Comunicaci\u00f3n Integral por la Universidad Francisco de Vitoria. Tras desempe\u00f1ar tareas informativas en diferentes medios, recal\u00f3 en la Cadena COPE en el a\u00f1o 2005. Desde entonces, ha trabajado en las emisoras de Madrid, Granada, Jaca (Huesca) y Toledo, en donde se incorpor\u00f3 en 2013 como Jefe de Informativos de la Cadena COPE en Castilla-La Mancha. Siempre tuvo claro que quer\u00eda ser periodista y, a esa afici\u00f3n, se uni\u00f3 la del ciclismo, deporte con el que ha disfrutado mucho, tanto a trav\u00e9s de los medios de comunicaci\u00f3n como asistiendo en directo a diferentes carreras ciclistas. El inter\u00e9s que siempre mostr\u00f3 con todo lo relacionado con Internet y las redes sociales, fue reconocido con el Premio \u201cD\u00eda de Internet\u201d en la categor\u00eda de \u201cMejor Periodista Digital\u201d por sus trabajos en la Cadena COPE. Precisamente, esa pasi\u00f3n por las nuevas tecnolog\u00edas, espera que sea el \u201cveh\u00edculo\u201d para poder contar \u201cA Tumba Abierta\u201d las mejores historias del deporte de las dos ruedas.\",\"sameAs\":[\"http:\\\/\\\/www.cope.es\",\"https:\\\/\\\/es-es.facebook.com\\\/cristobal.cabezasmartin\",\"https:\\\/\\\/x.com\\\/cristoblcabezas\"],\"url\":\"https:\\\/\\\/www.cope.es\\\/blogs\\\/a-tumba-abierta\\\/author\\\/ccabezas\\\/\"}]}<\/script>\n<!-- \/ Yoast SEO plugin. -->","yoast_head_json":{"title":"Tenerife acoge este fin de semana el Giro d\u2019Italia Ride Like a Pro","description":"La isla de Tenerife acoge este fin de semana el Giro d\u2019Italia Ride Like a Pro. La marcha est\u00e1 compuesta por dos itinerarios diferentes.","robots":{"index":"index","follow":"follow","max-snippet":"max-snippet:-1","max-image-preview":"max-image-preview:large","max-video-preview":"max-video-preview:-1"},"canonical":"https:\/\/www.cope.es\/blogs\/a-tumba-abierta\/2022\/11\/18\/tenerife-acoge-este-fin-de-semana-el-giro-ditalia-ride-like-a-pro\/","og_locale":"es_ES","og_type":"article","og_title":"Tenerife acoge este fin de semana el Giro d\u2019Italia Ride Like a Pro","og_description":"La isla de Tenerife acoge este fin de semana el Giro d\u2019Italia Ride Like a Pro. La marcha est\u00e1 compuesta por dos itinerarios diferentes.","og_url":"https:\/\/www.cope.es\/blogs\/a-tumba-abierta\/2022\/11\/18\/tenerife-acoge-este-fin-de-semana-el-giro-ditalia-ride-like-a-pro\/","og_site_name":"A Tumba Abierta","article_publisher":"https:\/\/www.facebook.com\/cope\/","article_author":"https:\/\/es-es.facebook.com\/cristobal.cabezasmartin","article_published_time":"2022-11-18T20:18:05+00:00","og_image":[{"width":750,"height":499,"url":"https:\/\/www.cope.es\/blogs\/a-tumba-abierta\/wp-content\/uploads\/sites\/23\/2022\/11\/tenerife.jpg","type":"image\/jpeg"}],"author":"Crist\u00f3bal Cabezas","twitter_card":"summary_large_image","twitter_creator":"@cristoblcabezas","twitter_site":"@cope_es","twitter_misc":{"Escrito por":"Crist\u00f3bal Cabezas","Tiempo de lectura":"1 minuto"},"schema":{"@context":"https:\/\/schema.org","@graph":[{"@type":"Article","@id":"https:\/\/www.cope.es\/blogs\/a-tumba-abierta\/2022\/11\/18\/tenerife-acoge-este-fin-de-semana-el-giro-ditalia-ride-like-a-pro\/#article","isPartOf":{"@id":"https:\/\/www.cope.es\/blogs\/a-tumba-abierta\/2022\/11\/18\/tenerife-acoge-este-fin-de-semana-el-giro-ditalia-ride-like-a-pro\/"},"author":{"name":"Crist\u00f3bal Cabezas","@id":"https:\/\/www.cope.es\/blogs\/a-tumba-abierta\/#\/schema\/person\/413f6566db421693223476f6b63a643b"},"headline":"Tenerife acoge este fin de semana el Giro d\u2019Italia Ride Like a Pro","datePublished":"2022-11-18T20:18:05+00:00","mainEntityOfPage":{"@id":"https:\/\/www.cope.es\/blogs\/a-tumba-abierta\/2022\/11\/18\/tenerife-acoge-este-fin-de-semana-el-giro-ditalia-ride-like-a-pro\/"},"wordCount":275,"commentCount":0,"image":{"@id":"https:\/\/www.cope.es\/blogs\/a-tumba-abierta\/2022\/11\/18\/tenerife-acoge-este-fin-de-semana-el-giro-ditalia-ride-like-a-pro\/#primaryimage"},"thumbnailUrl":"https:\/\/www.cope.es\/blogs\/a-tumba-abierta\/wp-content\/uploads\/sites\/23\/2022\/11\/tenerife.jpg","keywords":["Cicloturismo"],"articleSection":["Actualidad"],"inLanguage":"es","potentialAction":[{"@type":"CommentAction","name":"Comment","target":["https:\/\/www.cope.es\/blogs\/a-tumba-abierta\/2022\/11\/18\/tenerife-acoge-este-fin-de-semana-el-giro-ditalia-ride-like-a-pro\/#respond"]}]},{"@type":"WebPage","@id":"https:\/\/www.cope.es\/blogs\/a-tumba-abierta\/2022\/11\/18\/tenerife-acoge-este-fin-de-semana-el-giro-ditalia-ride-like-a-pro\/","url":"https:\/\/www.cope.es\/blogs\/a-tumba-abierta\/2022\/11\/18\/tenerife-acoge-este-fin-de-semana-el-giro-ditalia-ride-like-a-pro\/","name":"Tenerife acoge este fin de semana el Giro d\u2019Italia Ride Like a Pro","isPartOf":{"@id":"https:\/\/www.cope.es\/blogs\/a-tumba-abierta\/#website"},"primaryImageOfPage":{"@id":"https:\/\/www.cope.es\/blogs\/a-tumba-abierta\/2022\/11\/18\/tenerife-acoge-este-fin-de-semana-el-giro-ditalia-ride-like-a-pro\/#primaryimage"},"image":{"@id":"https:\/\/www.cope.es\/blogs\/a-tumba-abierta\/2022\/11\/18\/tenerife-acoge-este-fin-de-semana-el-giro-ditalia-ride-like-a-pro\/#primaryimage"},"thumbnailUrl":"https:\/\/www.cope.es\/blogs\/a-tumba-abierta\/wp-content\/uploads\/sites\/23\/2022\/11\/tenerife.jpg","datePublished":"2022-11-18T20:18:05+00:00","author":{"@id":"https:\/\/www.cope.es\/blogs\/a-tumba-abierta\/#\/schema\/person\/413f6566db421693223476f6b63a643b"},"description":"La isla de Tenerife acoge este fin de semana el Giro d\u2019Italia Ride Like a Pro. La marcha est\u00e1 compuesta por dos itinerarios diferentes.","breadcrumb":{"@id":"https:\/\/www.cope.es\/blogs\/a-tumba-abierta\/2022\/11\/18\/tenerife-acoge-este-fin-de-semana-el-giro-ditalia-ride-like-a-pro\/#breadcrumb"},"inLanguage":"es","potentialAction":[{"@type":"ReadAction","target":["https:\/\/www.cope.es\/blogs\/a-tumba-abierta\/2022\/11\/18\/tenerife-acoge-este-fin-de-semana-el-giro-ditalia-ride-like-a-pro\/"]}]},{"@type":"ImageObject","inLanguage":"es","@id":"https:\/\/www.cope.es\/blogs\/a-tumba-abierta\/2022\/11\/18\/tenerife-acoge-este-fin-de-semana-el-giro-ditalia-ride-like-a-pro\/#primaryimage","url":"https:\/\/www.cope.es\/blogs\/a-tumba-abierta\/wp-content\/uploads\/sites\/23\/2022\/11\/tenerife.jpg","contentUrl":"https:\/\/www.cope.es\/blogs\/a-tumba-abierta\/wp-content\/uploads\/sites\/23\/2022\/11\/tenerife.jpg","width":750,"height":499,"caption":"La isla de Tenerife acoge este fin de semana la primera edici\u00f3n en Espa\u00f1a del Giro d\u2019Italia Ride Like a Pro."},{"@type":"BreadcrumbList","@id":"https:\/\/www.cope.es\/blogs\/a-tumba-abierta\/2022\/11\/18\/tenerife-acoge-este-fin-de-semana-el-giro-ditalia-ride-like-a-pro\/#breadcrumb","itemListElement":[{"@type":"ListItem","position":1,"name":"Portada","item":"https:\/\/www.cope.es\/blogs\/a-tumba-abierta\/"},{"@type":"ListItem","position":2,"name":"Tenerife acoge este fin de semana el Giro d\u2019Italia Ride Like a Pro"}]},{"@type":"WebSite","@id":"https:\/\/www.cope.es\/blogs\/a-tumba-abierta\/#website","url":"https:\/\/www.cope.es\/blogs\/a-tumba-abierta\/","name":"A Tumba Abierta","description":"Blog de ciclismo en COPE","potentialAction":[{"@type":"SearchAction","target":{"@type":"EntryPoint","urlTemplate":"https:\/\/www.cope.es\/blogs\/a-tumba-abierta\/?s={search_term_string}"},"query-input":{"@type":"PropertyValueSpecification","valueRequired":true,"valueName":"search_term_string"}}],"inLanguage":"es"},{"@type":"Person","@id":"https:\/\/www.cope.es\/blogs\/a-tumba-abierta\/#\/schema\/person\/413f6566db421693223476f6b63a643b","name":"Crist\u00f3bal Cabezas","image":{"@type":"ImageObject","inLanguage":"es","@id":"https:\/\/secure.gravatar.com\/avatar\/361550a2a3cac91688caa1b00f2a1fa4e89a6c4361562ca29a361ce0041974c2?s=96&d=mm&r=g","url":"https:\/\/secure.gravatar.com\/avatar\/361550a2a3cac91688caa1b00f2a1fa4e89a6c4361562ca29a361ce0041974c2?s=96&d=mm&r=g","contentUrl":"https:\/\/secure.gravatar.com\/avatar\/361550a2a3cac91688caa1b00f2a1fa4e89a6c4361562ca29a361ce0041974c2?s=96&d=mm&r=g","caption":"Crist\u00f3bal Cabezas"},"description":"Crist\u00f3bal Cabezas es Licenciado en Periodismo por la Universidad Complutense de Madrid y T\u00edtulo en T\u00e9cnico en Comunicaci\u00f3n Integral por la Universidad Francisco de Vitoria. Tras desempe\u00f1ar tareas informativas en diferentes medios, recal\u00f3 en la Cadena COPE en el a\u00f1o 2005. Desde entonces, ha trabajado en las emisoras de Madrid, Granada, Jaca (Huesca) y Toledo, en donde se incorpor\u00f3 en 2013 como Jefe de Informativos de la Cadena COPE en Castilla-La Mancha. Siempre tuvo claro que quer\u00eda ser periodista y, a esa afici\u00f3n, se uni\u00f3 la del ciclismo, deporte con el que ha disfrutado mucho, tanto a trav\u00e9s de los medios de comunicaci\u00f3n como asistiendo en directo a diferentes carreras ciclistas. El inter\u00e9s que siempre mostr\u00f3 con todo lo relacionado con Internet y las redes sociales, fue reconocido con el Premio \u201cD\u00eda de Internet\u201d en la categor\u00eda de \u201cMejor Periodista Digital\u201d por sus trabajos en la Cadena COPE. Precisamente, esa pasi\u00f3n por las nuevas tecnolog\u00edas, espera que sea el \u201cveh\u00edculo\u201d para poder contar \u201cA Tumba Abierta\u201d las mejores historias del deporte de las dos ruedas.","sameAs":["http:\/\/www.cope.es","https:\/\/es-es.facebook.com\/cristobal.cabezasmartin","https:\/\/x.com\/cristoblcabezas"],"url":"https:\/\/www.cope.es\/blogs\/a-tumba-abierta\/author\/ccabezas\/"}]}},"amp_enabled":true,"_links":{"self":[{"href":"https:\/\/www.cope.es\/blogs\/a-tumba-abierta\/wp-json\/wp\/v2\/posts\/1751","targetHints":{"allow":["GET"]}}],"collection":[{"href":"https:\/\/www.cope.es\/blogs\/a-tumba-abierta\/wp-json\/wp\/v2\/posts"}],"about":[{"href":"https:\/\/www.cope.es\/blogs\/a-tumba-abierta\/wp-json\/wp\/v2\/types\/post"}],"author":[{"embeddable":true,"href":"https:\/\/www.cope.es\/blogs\/a-tumba-abierta\/wp-json\/wp\/v2\/users\/24"}],"replies":[{"embeddable":true,"href":"https:\/\/www.cope.es\/blogs\/a-tumba-abierta\/wp-json\/wp\/v2\/comments?post=1751"}],"version-history":[{"count":2,"href":"https:\/\/www.cope.es\/blogs\/a-tumba-abierta\/wp-json\/wp\/v2\/posts\/1751\/revisions"}],"predecessor-version":[{"id":1755,"href":"https:\/\/www.cope.es\/blogs\/a-tumba-abierta\/wp-json\/wp\/v2\/posts\/1751\/revisions\/1755"}],"wp:featuredmedia":[{"embeddable":true,"href":"https:\/\/www.cope.es\/blogs\/a-tumba-abierta\/wp-json\/wp\/v2\/media\/1752"}],"wp:attachment":[{"href":"https:\/\/www.cope.es\/blogs\/a-tumba-abierta\/wp-json\/wp\/v2\/media?parent=1751"}],"wp:term":[{"taxonomy":"category","embeddable":true,"href":"https:\/\/www.cope.es\/blogs\/a-tumba-abierta\/wp-json\/wp\/v2\/categories?post=1751"},{"taxonomy":"post_tag","embeddable":true,"href":"https:\/\/www.cope.es\/blogs\/a-tumba-abierta\/wp-json\/wp\/v2\/tags?post=1751"}],"curies":[{"name":"wp","href":"https:\/\/api.w.org\/{rel}","templated":true}]}}