{"id":1654,"date":"2022-11-01T21:09:50","date_gmt":"2022-11-01T20:09:50","guid":{"rendered":"http:\/\/www.cope.es\/blogs\/a-tumba-abierta\/?p=1654"},"modified":"2022-11-01T22:03:11","modified_gmt":"2022-11-01T21:03:11","slug":"felipe-orts-punta-de-lanza-de-espana-en-el-europeo-de-ciclocross","status":"publish","type":"post","link":"https:\/\/www.cope.es\/blogs\/a-tumba-abierta\/2022\/11\/01\/felipe-orts-punta-de-lanza-de-espana-en-el-europeo-de-ciclocross\/","title":{"rendered":"Felipe Orts, punta de lanza de Espa\u00f1a en el Europeo de Ciclocross"},"content":{"rendered":"<p>La selecci\u00f3n espa\u00f1ola acudir\u00e1 al <a href=\"https:\/\/cyclocrossnamur2022.com\/\" target=\"_blank\">Campeonato de Europa de Ciclocross<\/a> que se celebrar\u00e1 en la ciudad belga de Namur los d\u00edas 4, 5 y 6 de noviembre con un total 17 corredores, entre los que destaca la presencia del cuatro veces campe\u00f3n de Espa\u00f1a <strong>Felipe Orts<\/strong>.<\/p>\n<p>El combinado nacional dirigido por <a href=\"https:\/\/www.cope.es\/blogs\/a-tumba-abierta\/2019\/01\/30\/momparler\/\" target=\"_blank\"><strong>Pascual Momparler<\/strong><\/a> brindar\u00e1 la oportunidad en esta nueva edici\u00f3n del Europeo a una extensa n\u00f3mina de j\u00f3venes talentos, de la misma forma que sucedi\u00f3 en el Campeonato de Europa de 2021.<\/p>\n<p>Felipe Orts ser\u00e1 el \u00fanico representante nacional en la categor\u00eda \u00e9lite. En categor\u00eda sub23 concurrir\u00e1n <strong>Laura Mira<\/strong> y <strong>Mar\u00eda M\u00f3denes<\/strong>, adem\u00e1s de <strong>Javier Zahera<\/strong>, <strong>Ra\u00fal Mira<\/strong>, <strong>Gonzalo Inguanzo<\/strong> y <strong>Miguel Rodr\u00edguez<\/strong>.<\/p>\n<p>Por \u00faltimo, hasta diez juniors viajar\u00e1n a B\u00e9lgica para seguir acumulando experiencia internacional en una cita del m\u00e1s alto nivel: <strong>Carlos G\u00e1mez<\/strong>, <strong>David Ivars<\/strong>, <strong>Tom\u00e1s Pombo<\/strong>, <strong>Hodei Mu\u00f1oz<\/strong>, <strong>Emilio Reinoso<\/strong>, <strong>Gorka Corres<\/strong>, <strong>Mar\u00eda Filgueiras<\/strong>, <strong>Ux\u00eda Soto<\/strong>, <strong>Aroa Otero<\/strong> y <strong>Nahia Arana<\/strong>.<\/p>\n<p>El Campeonato de Europa de Ciclocross es el principal asunto que hoy te contamos en <a href=\"https:\/\/www.cope.es\/blogs\/a-tumba-abierta\/\" target=\"_blank\">\u201cA Tumba Abierta\u201d<\/a>, un blog dirigido por <strong>Crist\u00f3bal Cabezas<\/strong> en el que el ciclismo es siempre el gran protagonista.<\/p>\n","protected":false},"excerpt":{"rendered":"<p>La selecci\u00f3n espa\u00f1ola acudir\u00e1 al Campeonato de Europa de Ciclocross que se celebrar\u00e1 en la ciudad belga de Namur los d\u00edas 4, 5 y 6 de noviembre con un total 17 corredores, entre los que destaca la presencia del cuatro veces campe\u00f3n de Espa\u00f1a Felipe Orts. El combinado nacional dirigido por Pascual Momparler brindar\u00e1 la [&hellip;]<\/p>\n","protected":false},"author":24,"featured_media":1655,"comment_status":"open","ping_status":"open","sticky":false,"template":"","format":"standard","meta":{"footnotes":""},"categories":[140],"tags":[412,457,458],"class_list":["post-1654","post","type-post","status-publish","format-standard","has-post-thumbnail","hentry","category-actualidad","tag-ciclocross","tag-europeo","tag-namur"],"yoast_head":"<!-- This site is optimized with the Yoast SEO plugin v27.4 - https:\/\/yoast.com\/product\/yoast-seo-wordpress\/ -->\n<title>Felipe Orts, punta de lanza de Espa\u00f1a en el Europeo de Ciclocross<\/title>\n<meta name=\"description\" content=\"La selecci\u00f3n espa\u00f1ola acudir\u00e1 al Campeonato de Europa de Ciclocross con un total 17 corredores, entre los que destaca la presencia de Felipe Orts.\" \/>\n<meta name=\"robots\" content=\"index, follow, max-snippet:-1, max-image-preview:large, max-video-preview:-1\" \/>\n<link rel=\"canonical\" href=\"https:\/\/www.cope.es\/blogs\/a-tumba-abierta\/2022\/11\/01\/felipe-orts-punta-de-lanza-de-espana-en-el-europeo-de-ciclocross\/\" \/>\n<meta property=\"og:locale\" content=\"es_ES\" \/>\n<meta property=\"og:type\" content=\"article\" \/>\n<meta property=\"og:title\" content=\"Felipe Orts, punta de lanza de Espa\u00f1a en el Europeo de Ciclocross\" \/>\n<meta property=\"og:description\" content=\"La selecci\u00f3n espa\u00f1ola acudir\u00e1 al Campeonato de Europa de Ciclocross con un total 17 corredores, entre los que destaca la presencia de Felipe Orts.\" \/>\n<meta property=\"og:url\" content=\"https:\/\/www.cope.es\/blogs\/a-tumba-abierta\/2022\/11\/01\/felipe-orts-punta-de-lanza-de-espana-en-el-europeo-de-ciclocross\/\" \/>\n<meta property=\"og:site_name\" content=\"A Tumba Abierta\" \/>\n<meta property=\"article:publisher\" content=\"https:\/\/www.facebook.com\/cope\/\" \/>\n<meta property=\"article:author\" content=\"https:\/\/es-es.facebook.com\/cristobal.cabezasmartin\" \/>\n<meta property=\"article:published_time\" content=\"2022-11-01T20:09:50+00:00\" \/>\n<meta property=\"article:modified_time\" content=\"2022-11-01T21:03:11+00:00\" \/>\n<meta property=\"og:image\" content=\"https:\/\/www.cope.es\/blogs\/a-tumba-abierta\/wp-content\/uploads\/sites\/23\/2022\/11\/orts.jpg\" \/>\n\t<meta property=\"og:image:width\" content=\"855\" \/>\n\t<meta property=\"og:image:height\" content=\"481\" \/>\n\t<meta property=\"og:image:type\" content=\"image\/jpeg\" \/>\n<meta name=\"author\" content=\"Crist\u00f3bal Cabezas\" \/>\n<meta name=\"twitter:card\" content=\"summary_large_image\" \/>\n<meta name=\"twitter:creator\" content=\"@cristoblcabezas\" \/>\n<meta name=\"twitter:site\" content=\"@cope_es\" \/>\n<meta name=\"twitter:label1\" content=\"Escrito por\" \/>\n\t<meta name=\"twitter:data1\" content=\"Crist\u00f3bal Cabezas\" \/>\n\t<meta name=\"twitter:label2\" content=\"Tiempo de lectura\" \/>\n\t<meta name=\"twitter:data2\" content=\"1 minuto\" \/>\n<script type=\"application\/ld+json\" class=\"yoast-schema-graph\">{\"@context\":\"https:\\\/\\\/schema.org\",\"@graph\":[{\"@type\":\"Article\",\"@id\":\"https:\\\/\\\/www.cope.es\\\/blogs\\\/a-tumba-abierta\\\/2022\\\/11\\\/01\\\/felipe-orts-punta-de-lanza-de-espana-en-el-europeo-de-ciclocross\\\/#article\",\"isPartOf\":{\"@id\":\"https:\\\/\\\/www.cope.es\\\/blogs\\\/a-tumba-abierta\\\/2022\\\/11\\\/01\\\/felipe-orts-punta-de-lanza-de-espana-en-el-europeo-de-ciclocross\\\/\"},\"author\":{\"name\":\"Crist\u00f3bal Cabezas\",\"@id\":\"https:\\\/\\\/www.cope.es\\\/blogs\\\/a-tumba-abierta\\\/#\\\/schema\\\/person\\\/413f6566db421693223476f6b63a643b\"},\"headline\":\"Felipe Orts, punta de lanza de Espa\u00f1a en el Europeo de Ciclocross\",\"datePublished\":\"2022-11-01T20:09:50+00:00\",\"dateModified\":\"2022-11-01T21:03:11+00:00\",\"mainEntityOfPage\":{\"@id\":\"https:\\\/\\\/www.cope.es\\\/blogs\\\/a-tumba-abierta\\\/2022\\\/11\\\/01\\\/felipe-orts-punta-de-lanza-de-espana-en-el-europeo-de-ciclocross\\\/\"},\"wordCount\":221,\"commentCount\":0,\"image\":{\"@id\":\"https:\\\/\\\/www.cope.es\\\/blogs\\\/a-tumba-abierta\\\/2022\\\/11\\\/01\\\/felipe-orts-punta-de-lanza-de-espana-en-el-europeo-de-ciclocross\\\/#primaryimage\"},\"thumbnailUrl\":\"https:\\\/\\\/www.cope.es\\\/blogs\\\/a-tumba-abierta\\\/wp-content\\\/uploads\\\/sites\\\/23\\\/2022\\\/11\\\/orts.jpg\",\"keywords\":[\"Ciclocross\",\"Europeo\",\"Namur\"],\"articleSection\":[\"Actualidad\"],\"inLanguage\":\"es\",\"potentialAction\":[{\"@type\":\"CommentAction\",\"name\":\"Comment\",\"target\":[\"https:\\\/\\\/www.cope.es\\\/blogs\\\/a-tumba-abierta\\\/2022\\\/11\\\/01\\\/felipe-orts-punta-de-lanza-de-espana-en-el-europeo-de-ciclocross\\\/#respond\"]}]},{\"@type\":\"WebPage\",\"@id\":\"https:\\\/\\\/www.cope.es\\\/blogs\\\/a-tumba-abierta\\\/2022\\\/11\\\/01\\\/felipe-orts-punta-de-lanza-de-espana-en-el-europeo-de-ciclocross\\\/\",\"url\":\"https:\\\/\\\/www.cope.es\\\/blogs\\\/a-tumba-abierta\\\/2022\\\/11\\\/01\\\/felipe-orts-punta-de-lanza-de-espana-en-el-europeo-de-ciclocross\\\/\",\"name\":\"Felipe Orts, punta de lanza de Espa\u00f1a en el Europeo de Ciclocross\",\"isPartOf\":{\"@id\":\"https:\\\/\\\/www.cope.es\\\/blogs\\\/a-tumba-abierta\\\/#website\"},\"primaryImageOfPage\":{\"@id\":\"https:\\\/\\\/www.cope.es\\\/blogs\\\/a-tumba-abierta\\\/2022\\\/11\\\/01\\\/felipe-orts-punta-de-lanza-de-espana-en-el-europeo-de-ciclocross\\\/#primaryimage\"},\"image\":{\"@id\":\"https:\\\/\\\/www.cope.es\\\/blogs\\\/a-tumba-abierta\\\/2022\\\/11\\\/01\\\/felipe-orts-punta-de-lanza-de-espana-en-el-europeo-de-ciclocross\\\/#primaryimage\"},\"thumbnailUrl\":\"https:\\\/\\\/www.cope.es\\\/blogs\\\/a-tumba-abierta\\\/wp-content\\\/uploads\\\/sites\\\/23\\\/2022\\\/11\\\/orts.jpg\",\"datePublished\":\"2022-11-01T20:09:50+00:00\",\"dateModified\":\"2022-11-01T21:03:11+00:00\",\"author\":{\"@id\":\"https:\\\/\\\/www.cope.es\\\/blogs\\\/a-tumba-abierta\\\/#\\\/schema\\\/person\\\/413f6566db421693223476f6b63a643b\"},\"description\":\"La selecci\u00f3n espa\u00f1ola acudir\u00e1 al Campeonato de Europa de Ciclocross con un total 17 corredores, entre los que destaca la presencia de Felipe Orts.\",\"breadcrumb\":{\"@id\":\"https:\\\/\\\/www.cope.es\\\/blogs\\\/a-tumba-abierta\\\/2022\\\/11\\\/01\\\/felipe-orts-punta-de-lanza-de-espana-en-el-europeo-de-ciclocross\\\/#breadcrumb\"},\"inLanguage\":\"es\",\"potentialAction\":[{\"@type\":\"ReadAction\",\"target\":[\"https:\\\/\\\/www.cope.es\\\/blogs\\\/a-tumba-abierta\\\/2022\\\/11\\\/01\\\/felipe-orts-punta-de-lanza-de-espana-en-el-europeo-de-ciclocross\\\/\"]}]},{\"@type\":\"ImageObject\",\"inLanguage\":\"es\",\"@id\":\"https:\\\/\\\/www.cope.es\\\/blogs\\\/a-tumba-abierta\\\/2022\\\/11\\\/01\\\/felipe-orts-punta-de-lanza-de-espana-en-el-europeo-de-ciclocross\\\/#primaryimage\",\"url\":\"https:\\\/\\\/www.cope.es\\\/blogs\\\/a-tumba-abierta\\\/wp-content\\\/uploads\\\/sites\\\/23\\\/2022\\\/11\\\/orts.jpg\",\"contentUrl\":\"https:\\\/\\\/www.cope.es\\\/blogs\\\/a-tumba-abierta\\\/wp-content\\\/uploads\\\/sites\\\/23\\\/2022\\\/11\\\/orts.jpg\",\"width\":855,\"height\":481,\"caption\":\"La selecci\u00f3n espa\u00f1ola acudir\u00e1 al Campeonato de Europa de Ciclocross que se celebrar\u00e1 en la ciudad belga de Namur los d\u00edas 5 y 6 de noviembre con un total 17 corredores, entre los que destaca la presencia del cuatro veces campe\u00f3n de Espa\u00f1a Felipe Orts.\"},{\"@type\":\"BreadcrumbList\",\"@id\":\"https:\\\/\\\/www.cope.es\\\/blogs\\\/a-tumba-abierta\\\/2022\\\/11\\\/01\\\/felipe-orts-punta-de-lanza-de-espana-en-el-europeo-de-ciclocross\\\/#breadcrumb\",\"itemListElement\":[{\"@type\":\"ListItem\",\"position\":1,\"name\":\"Portada\",\"item\":\"https:\\\/\\\/www.cope.es\\\/blogs\\\/a-tumba-abierta\\\/\"},{\"@type\":\"ListItem\",\"position\":2,\"name\":\"Felipe Orts, punta de lanza de Espa\u00f1a en el Europeo de Ciclocross\"}]},{\"@type\":\"WebSite\",\"@id\":\"https:\\\/\\\/www.cope.es\\\/blogs\\\/a-tumba-abierta\\\/#website\",\"url\":\"https:\\\/\\\/www.cope.es\\\/blogs\\\/a-tumba-abierta\\\/\",\"name\":\"A Tumba Abierta\",\"description\":\"Blog de ciclismo en COPE\",\"potentialAction\":[{\"@type\":\"SearchAction\",\"target\":{\"@type\":\"EntryPoint\",\"urlTemplate\":\"https:\\\/\\\/www.cope.es\\\/blogs\\\/a-tumba-abierta\\\/?s={search_term_string}\"},\"query-input\":{\"@type\":\"PropertyValueSpecification\",\"valueRequired\":true,\"valueName\":\"search_term_string\"}}],\"inLanguage\":\"es\"},{\"@type\":\"Person\",\"@id\":\"https:\\\/\\\/www.cope.es\\\/blogs\\\/a-tumba-abierta\\\/#\\\/schema\\\/person\\\/413f6566db421693223476f6b63a643b\",\"name\":\"Crist\u00f3bal Cabezas\",\"image\":{\"@type\":\"ImageObject\",\"inLanguage\":\"es\",\"@id\":\"https:\\\/\\\/secure.gravatar.com\\\/avatar\\\/361550a2a3cac91688caa1b00f2a1fa4e89a6c4361562ca29a361ce0041974c2?s=96&d=mm&r=g\",\"url\":\"https:\\\/\\\/secure.gravatar.com\\\/avatar\\\/361550a2a3cac91688caa1b00f2a1fa4e89a6c4361562ca29a361ce0041974c2?s=96&d=mm&r=g\",\"contentUrl\":\"https:\\\/\\\/secure.gravatar.com\\\/avatar\\\/361550a2a3cac91688caa1b00f2a1fa4e89a6c4361562ca29a361ce0041974c2?s=96&d=mm&r=g\",\"caption\":\"Crist\u00f3bal Cabezas\"},\"description\":\"Crist\u00f3bal Cabezas es Licenciado en Periodismo por la Universidad Complutense de Madrid y T\u00edtulo en T\u00e9cnico en Comunicaci\u00f3n Integral por la Universidad Francisco de Vitoria. Tras desempe\u00f1ar tareas informativas en diferentes medios, recal\u00f3 en la Cadena COPE en el a\u00f1o 2005. Desde entonces, ha trabajado en las emisoras de Madrid, Granada, Jaca (Huesca) y Toledo, en donde se incorpor\u00f3 en 2013 como Jefe de Informativos de la Cadena COPE en Castilla-La Mancha. Siempre tuvo claro que quer\u00eda ser periodista y, a esa afici\u00f3n, se uni\u00f3 la del ciclismo, deporte con el que ha disfrutado mucho, tanto a trav\u00e9s de los medios de comunicaci\u00f3n como asistiendo en directo a diferentes carreras ciclistas. El inter\u00e9s que siempre mostr\u00f3 con todo lo relacionado con Internet y las redes sociales, fue reconocido con el Premio \u201cD\u00eda de Internet\u201d en la categor\u00eda de \u201cMejor Periodista Digital\u201d por sus trabajos en la Cadena COPE. Precisamente, esa pasi\u00f3n por las nuevas tecnolog\u00edas, espera que sea el \u201cveh\u00edculo\u201d para poder contar \u201cA Tumba Abierta\u201d las mejores historias del deporte de las dos ruedas.\",\"sameAs\":[\"http:\\\/\\\/www.cope.es\",\"https:\\\/\\\/es-es.facebook.com\\\/cristobal.cabezasmartin\",\"https:\\\/\\\/x.com\\\/cristoblcabezas\"],\"url\":\"https:\\\/\\\/www.cope.es\\\/blogs\\\/a-tumba-abierta\\\/author\\\/ccabezas\\\/\"}]}<\/script>\n<!-- \/ Yoast SEO plugin. -->","yoast_head_json":{"title":"Felipe Orts, punta de lanza de Espa\u00f1a en el Europeo de Ciclocross","description":"La selecci\u00f3n espa\u00f1ola acudir\u00e1 al Campeonato de Europa de Ciclocross con un total 17 corredores, entre los que destaca la presencia de Felipe Orts.","robots":{"index":"index","follow":"follow","max-snippet":"max-snippet:-1","max-image-preview":"max-image-preview:large","max-video-preview":"max-video-preview:-1"},"canonical":"https:\/\/www.cope.es\/blogs\/a-tumba-abierta\/2022\/11\/01\/felipe-orts-punta-de-lanza-de-espana-en-el-europeo-de-ciclocross\/","og_locale":"es_ES","og_type":"article","og_title":"Felipe Orts, punta de lanza de Espa\u00f1a en el Europeo de Ciclocross","og_description":"La selecci\u00f3n espa\u00f1ola acudir\u00e1 al Campeonato de Europa de Ciclocross con un total 17 corredores, entre los que destaca la presencia de Felipe Orts.","og_url":"https:\/\/www.cope.es\/blogs\/a-tumba-abierta\/2022\/11\/01\/felipe-orts-punta-de-lanza-de-espana-en-el-europeo-de-ciclocross\/","og_site_name":"A Tumba Abierta","article_publisher":"https:\/\/www.facebook.com\/cope\/","article_author":"https:\/\/es-es.facebook.com\/cristobal.cabezasmartin","article_published_time":"2022-11-01T20:09:50+00:00","article_modified_time":"2022-11-01T21:03:11+00:00","og_image":[{"width":855,"height":481,"url":"https:\/\/www.cope.es\/blogs\/a-tumba-abierta\/wp-content\/uploads\/sites\/23\/2022\/11\/orts.jpg","type":"image\/jpeg"}],"author":"Crist\u00f3bal Cabezas","twitter_card":"summary_large_image","twitter_creator":"@cristoblcabezas","twitter_site":"@cope_es","twitter_misc":{"Escrito por":"Crist\u00f3bal Cabezas","Tiempo de lectura":"1 minuto"},"schema":{"@context":"https:\/\/schema.org","@graph":[{"@type":"Article","@id":"https:\/\/www.cope.es\/blogs\/a-tumba-abierta\/2022\/11\/01\/felipe-orts-punta-de-lanza-de-espana-en-el-europeo-de-ciclocross\/#article","isPartOf":{"@id":"https:\/\/www.cope.es\/blogs\/a-tumba-abierta\/2022\/11\/01\/felipe-orts-punta-de-lanza-de-espana-en-el-europeo-de-ciclocross\/"},"author":{"name":"Crist\u00f3bal Cabezas","@id":"https:\/\/www.cope.es\/blogs\/a-tumba-abierta\/#\/schema\/person\/413f6566db421693223476f6b63a643b"},"headline":"Felipe Orts, punta de lanza de Espa\u00f1a en el Europeo de Ciclocross","datePublished":"2022-11-01T20:09:50+00:00","dateModified":"2022-11-01T21:03:11+00:00","mainEntityOfPage":{"@id":"https:\/\/www.cope.es\/blogs\/a-tumba-abierta\/2022\/11\/01\/felipe-orts-punta-de-lanza-de-espana-en-el-europeo-de-ciclocross\/"},"wordCount":221,"commentCount":0,"image":{"@id":"https:\/\/www.cope.es\/blogs\/a-tumba-abierta\/2022\/11\/01\/felipe-orts-punta-de-lanza-de-espana-en-el-europeo-de-ciclocross\/#primaryimage"},"thumbnailUrl":"https:\/\/www.cope.es\/blogs\/a-tumba-abierta\/wp-content\/uploads\/sites\/23\/2022\/11\/orts.jpg","keywords":["Ciclocross","Europeo","Namur"],"articleSection":["Actualidad"],"inLanguage":"es","potentialAction":[{"@type":"CommentAction","name":"Comment","target":["https:\/\/www.cope.es\/blogs\/a-tumba-abierta\/2022\/11\/01\/felipe-orts-punta-de-lanza-de-espana-en-el-europeo-de-ciclocross\/#respond"]}]},{"@type":"WebPage","@id":"https:\/\/www.cope.es\/blogs\/a-tumba-abierta\/2022\/11\/01\/felipe-orts-punta-de-lanza-de-espana-en-el-europeo-de-ciclocross\/","url":"https:\/\/www.cope.es\/blogs\/a-tumba-abierta\/2022\/11\/01\/felipe-orts-punta-de-lanza-de-espana-en-el-europeo-de-ciclocross\/","name":"Felipe Orts, punta de lanza de Espa\u00f1a en el Europeo de Ciclocross","isPartOf":{"@id":"https:\/\/www.cope.es\/blogs\/a-tumba-abierta\/#website"},"primaryImageOfPage":{"@id":"https:\/\/www.cope.es\/blogs\/a-tumba-abierta\/2022\/11\/01\/felipe-orts-punta-de-lanza-de-espana-en-el-europeo-de-ciclocross\/#primaryimage"},"image":{"@id":"https:\/\/www.cope.es\/blogs\/a-tumba-abierta\/2022\/11\/01\/felipe-orts-punta-de-lanza-de-espana-en-el-europeo-de-ciclocross\/#primaryimage"},"thumbnailUrl":"https:\/\/www.cope.es\/blogs\/a-tumba-abierta\/wp-content\/uploads\/sites\/23\/2022\/11\/orts.jpg","datePublished":"2022-11-01T20:09:50+00:00","dateModified":"2022-11-01T21:03:11+00:00","author":{"@id":"https:\/\/www.cope.es\/blogs\/a-tumba-abierta\/#\/schema\/person\/413f6566db421693223476f6b63a643b"},"description":"La selecci\u00f3n espa\u00f1ola acudir\u00e1 al Campeonato de Europa de Ciclocross con un total 17 corredores, entre los que destaca la presencia de Felipe Orts.","breadcrumb":{"@id":"https:\/\/www.cope.es\/blogs\/a-tumba-abierta\/2022\/11\/01\/felipe-orts-punta-de-lanza-de-espana-en-el-europeo-de-ciclocross\/#breadcrumb"},"inLanguage":"es","potentialAction":[{"@type":"ReadAction","target":["https:\/\/www.cope.es\/blogs\/a-tumba-abierta\/2022\/11\/01\/felipe-orts-punta-de-lanza-de-espana-en-el-europeo-de-ciclocross\/"]}]},{"@type":"ImageObject","inLanguage":"es","@id":"https:\/\/www.cope.es\/blogs\/a-tumba-abierta\/2022\/11\/01\/felipe-orts-punta-de-lanza-de-espana-en-el-europeo-de-ciclocross\/#primaryimage","url":"https:\/\/www.cope.es\/blogs\/a-tumba-abierta\/wp-content\/uploads\/sites\/23\/2022\/11\/orts.jpg","contentUrl":"https:\/\/www.cope.es\/blogs\/a-tumba-abierta\/wp-content\/uploads\/sites\/23\/2022\/11\/orts.jpg","width":855,"height":481,"caption":"La selecci\u00f3n espa\u00f1ola acudir\u00e1 al Campeonato de Europa de Ciclocross que se celebrar\u00e1 en la ciudad belga de Namur los d\u00edas 5 y 6 de noviembre con un total 17 corredores, entre los que destaca la presencia del cuatro veces campe\u00f3n de Espa\u00f1a Felipe Orts."},{"@type":"BreadcrumbList","@id":"https:\/\/www.cope.es\/blogs\/a-tumba-abierta\/2022\/11\/01\/felipe-orts-punta-de-lanza-de-espana-en-el-europeo-de-ciclocross\/#breadcrumb","itemListElement":[{"@type":"ListItem","position":1,"name":"Portada","item":"https:\/\/www.cope.es\/blogs\/a-tumba-abierta\/"},{"@type":"ListItem","position":2,"name":"Felipe Orts, punta de lanza de Espa\u00f1a en el Europeo de Ciclocross"}]},{"@type":"WebSite","@id":"https:\/\/www.cope.es\/blogs\/a-tumba-abierta\/#website","url":"https:\/\/www.cope.es\/blogs\/a-tumba-abierta\/","name":"A Tumba Abierta","description":"Blog de ciclismo en COPE","potentialAction":[{"@type":"SearchAction","target":{"@type":"EntryPoint","urlTemplate":"https:\/\/www.cope.es\/blogs\/a-tumba-abierta\/?s={search_term_string}"},"query-input":{"@type":"PropertyValueSpecification","valueRequired":true,"valueName":"search_term_string"}}],"inLanguage":"es"},{"@type":"Person","@id":"https:\/\/www.cope.es\/blogs\/a-tumba-abierta\/#\/schema\/person\/413f6566db421693223476f6b63a643b","name":"Crist\u00f3bal Cabezas","image":{"@type":"ImageObject","inLanguage":"es","@id":"https:\/\/secure.gravatar.com\/avatar\/361550a2a3cac91688caa1b00f2a1fa4e89a6c4361562ca29a361ce0041974c2?s=96&d=mm&r=g","url":"https:\/\/secure.gravatar.com\/avatar\/361550a2a3cac91688caa1b00f2a1fa4e89a6c4361562ca29a361ce0041974c2?s=96&d=mm&r=g","contentUrl":"https:\/\/secure.gravatar.com\/avatar\/361550a2a3cac91688caa1b00f2a1fa4e89a6c4361562ca29a361ce0041974c2?s=96&d=mm&r=g","caption":"Crist\u00f3bal Cabezas"},"description":"Crist\u00f3bal Cabezas es Licenciado en Periodismo por la Universidad Complutense de Madrid y T\u00edtulo en T\u00e9cnico en Comunicaci\u00f3n Integral por la Universidad Francisco de Vitoria. Tras desempe\u00f1ar tareas informativas en diferentes medios, recal\u00f3 en la Cadena COPE en el a\u00f1o 2005. Desde entonces, ha trabajado en las emisoras de Madrid, Granada, Jaca (Huesca) y Toledo, en donde se incorpor\u00f3 en 2013 como Jefe de Informativos de la Cadena COPE en Castilla-La Mancha. Siempre tuvo claro que quer\u00eda ser periodista y, a esa afici\u00f3n, se uni\u00f3 la del ciclismo, deporte con el que ha disfrutado mucho, tanto a trav\u00e9s de los medios de comunicaci\u00f3n como asistiendo en directo a diferentes carreras ciclistas. El inter\u00e9s que siempre mostr\u00f3 con todo lo relacionado con Internet y las redes sociales, fue reconocido con el Premio \u201cD\u00eda de Internet\u201d en la categor\u00eda de \u201cMejor Periodista Digital\u201d por sus trabajos en la Cadena COPE. Precisamente, esa pasi\u00f3n por las nuevas tecnolog\u00edas, espera que sea el \u201cveh\u00edculo\u201d para poder contar \u201cA Tumba Abierta\u201d las mejores historias del deporte de las dos ruedas.","sameAs":["http:\/\/www.cope.es","https:\/\/es-es.facebook.com\/cristobal.cabezasmartin","https:\/\/x.com\/cristoblcabezas"],"url":"https:\/\/www.cope.es\/blogs\/a-tumba-abierta\/author\/ccabezas\/"}]}},"amp_enabled":true,"_links":{"self":[{"href":"https:\/\/www.cope.es\/blogs\/a-tumba-abierta\/wp-json\/wp\/v2\/posts\/1654","targetHints":{"allow":["GET"]}}],"collection":[{"href":"https:\/\/www.cope.es\/blogs\/a-tumba-abierta\/wp-json\/wp\/v2\/posts"}],"about":[{"href":"https:\/\/www.cope.es\/blogs\/a-tumba-abierta\/wp-json\/wp\/v2\/types\/post"}],"author":[{"embeddable":true,"href":"https:\/\/www.cope.es\/blogs\/a-tumba-abierta\/wp-json\/wp\/v2\/users\/24"}],"replies":[{"embeddable":true,"href":"https:\/\/www.cope.es\/blogs\/a-tumba-abierta\/wp-json\/wp\/v2\/comments?post=1654"}],"version-history":[{"count":3,"href":"https:\/\/www.cope.es\/blogs\/a-tumba-abierta\/wp-json\/wp\/v2\/posts\/1654\/revisions"}],"predecessor-version":[{"id":1658,"href":"https:\/\/www.cope.es\/blogs\/a-tumba-abierta\/wp-json\/wp\/v2\/posts\/1654\/revisions\/1658"}],"wp:featuredmedia":[{"embeddable":true,"href":"https:\/\/www.cope.es\/blogs\/a-tumba-abierta\/wp-json\/wp\/v2\/media\/1655"}],"wp:attachment":[{"href":"https:\/\/www.cope.es\/blogs\/a-tumba-abierta\/wp-json\/wp\/v2\/media?parent=1654"}],"wp:term":[{"taxonomy":"category","embeddable":true,"href":"https:\/\/www.cope.es\/blogs\/a-tumba-abierta\/wp-json\/wp\/v2\/categories?post=1654"},{"taxonomy":"post_tag","embeddable":true,"href":"https:\/\/www.cope.es\/blogs\/a-tumba-abierta\/wp-json\/wp\/v2\/tags?post=1654"}],"curies":[{"name":"wp","href":"https:\/\/api.w.org\/{rel}","templated":true}]}}