{"id":1623,"date":"2022-10-25T14:49:49","date_gmt":"2022-10-25T12:49:49","guid":{"rendered":"http:\/\/www.cope.es\/blogs\/a-tumba-abierta\/?p=1623"},"modified":"2022-10-25T14:49:49","modified_gmt":"2022-10-25T12:49:49","slug":"david-valero-debutara-en-diciembre-en-la-titan-world-series","status":"publish","type":"post","link":"https:\/\/www.cope.es\/blogs\/a-tumba-abierta\/2022\/10\/25\/david-valero-debutara-en-diciembre-en-la-titan-world-series\/","title":{"rendered":"David Valero debutar\u00e1 en diciembre en la Titan World Series"},"content":{"rendered":"<p><strong>David Valero<\/strong>, n\u00famero uno del mundo y actual bronce ol\u00edmpico, correr\u00e1 la <a href=\"https:\/\/titandesertksa.com\/en\/\" target=\"_blank\">NEOM Titan Desert Saudi Arabia<\/a>, la \u00faltima prueba que disputar\u00e1 en 2022 y su primera vez en la Titan World Series, con la idea de &#8220;empezar a hacer kil\u00f3metros&#8221; para la pr\u00f3xima temporada. La cita ser\u00e1 del 6 al 9 de diciembre.<\/p>\n<p>&#8220;Voy a empezar la pretemporada en un mes. Mi idea es aprovechar la NEOM Titan Desert Saudi Arabia para rodar con buen clima y empezar a hacer kil\u00f3metros para 2023. Ser\u00e1n cuatro d\u00edas con buenos entrenamientos&#8221;, explic\u00f3 Valero.<\/p>\n<p>Por ello, el granadino reconoce que ser\u00e1 su primera participaci\u00f3n en una prueba de las Titan World Series, pero de ella espera que sea &#8220;una aventura&#8221; y tambi\u00e9n &#8220;cuatro d\u00edas de buenos entrenamientos&#8221; para la pr\u00f3xima temporada. &#8220;Al final, soy corredor, soy competitivo y seguro que alg\u00fan d\u00eda me caliento y voy a por la victoria&#8221;, indic\u00f3.<\/p>\n<p>Valero pondr\u00e1 fin a un a\u00f1o repleto de \u00e9xitos. &#8220;Ha sido la mejor temporada de mi carrera deportiva. Al final, siempre se te queda alguna espina clavada, sobre todo cuando te quedas segundo en el Mundial. Aun as\u00ed, estoy muy contento y con much\u00edsimas ganas de empezar el a\u00f1o que viene&#8221;, afirm\u00f3.<\/p>\n<p>Ahora, probar\u00e1 suerte en un terreno nuevo para el ciclista en Arabia Saud\u00ed. &#8220;La verdad es que voy con algo de incertidumbre, aunque una cosa que me tranquiliza es que en Arabia solo hay que seguir el &#8216;track&#8217; y no hay demasiada navegaci\u00f3n. Para m\u00ed va a ser una aventura muy bonita. Reconozco que todos estos fregados me gustan&#8221;, apunt\u00f3.<\/p>\n<p>&#8220;Para m\u00ed es un reto. Es una aventura. Estoy seguro de que voy a pecar de novato, por el tema de correr algo que no es de mi disciplina. Seguro que muchas cosas se me escapan. Pero aprender\u00e9 a navegar y correr de otra manera. Creo que va a ser un aprendizaje para volver en otras ediciones y, si se puede disputar, pues disputarla. Ser\u00eda un t\u00edtulo muy bonito para poner en mi palmar\u00e9s&#8221;, sentenci\u00f3.<\/p>\n<p>La \u00faltima prueba que disputar\u00e1 David Valero en 2022 es el principal asunto que hoy te contamos en <a href=\"https:\/\/www.cope.es\/blogs\/a-tumba-abierta\/\" target=\"_blank\">\u201cA Tumba Abierta\u201d<\/a>, un blog dirigido por\u00a0Crist\u00f3bal Cabezas\u00a0en el que el ciclismo es siempre el gran protagonista.<\/p>\n","protected":false},"excerpt":{"rendered":"<p>David Valero, n\u00famero uno del mundo y actual bronce ol\u00edmpico, correr\u00e1 la NEOM Titan Desert Saudi Arabia, la \u00faltima prueba que disputar\u00e1 en 2022 y su primera vez en la Titan World Series, con la idea de &#8220;empezar a hacer kil\u00f3metros&#8221; para la pr\u00f3xima temporada. La cita ser\u00e1 del 6 al 9 de diciembre. &#8220;Voy [&hellip;]<\/p>\n","protected":false},"author":24,"featured_media":1624,"comment_status":"open","ping_status":"open","sticky":false,"template":"","format":"standard","meta":{"footnotes":""},"categories":[75],"tags":[449,401,448],"class_list":["post-1623","post","type-post","status-publish","format-standard","has-post-thumbnail","hentry","category-calendario","tag-arabia-saudi","tag-david-valero","tag-titan-world-series"],"yoast_head":"<!-- This site is optimized with the Yoast SEO plugin v27.4 - https:\/\/yoast.com\/product\/yoast-seo-wordpress\/ -->\n<title>David Valero debutar\u00e1 en diciembre en la Titan World Series<\/title>\n<meta name=\"description\" content=\"David Valero correr\u00e1 la NEOM Titan Desert Saudi Arabia, la \u00faltima prueba que disputar\u00e1 en 2022 y su primera vez en la Titan World Series.\" \/>\n<meta name=\"robots\" content=\"index, follow, max-snippet:-1, max-image-preview:large, max-video-preview:-1\" \/>\n<link rel=\"canonical\" href=\"https:\/\/www.cope.es\/blogs\/a-tumba-abierta\/2022\/10\/25\/david-valero-debutara-en-diciembre-en-la-titan-world-series\/\" \/>\n<meta property=\"og:locale\" content=\"es_ES\" \/>\n<meta property=\"og:type\" content=\"article\" \/>\n<meta property=\"og:title\" content=\"David Valero debutar\u00e1 en diciembre en la Titan World Series\" \/>\n<meta property=\"og:description\" content=\"David Valero correr\u00e1 la NEOM Titan Desert Saudi Arabia, la \u00faltima prueba que disputar\u00e1 en 2022 y su primera vez en la Titan World Series.\" \/>\n<meta property=\"og:url\" content=\"https:\/\/www.cope.es\/blogs\/a-tumba-abierta\/2022\/10\/25\/david-valero-debutara-en-diciembre-en-la-titan-world-series\/\" \/>\n<meta property=\"og:site_name\" content=\"A Tumba Abierta\" \/>\n<meta property=\"article:publisher\" content=\"https:\/\/www.facebook.com\/cope\/\" \/>\n<meta property=\"article:author\" content=\"https:\/\/es-es.facebook.com\/cristobal.cabezasmartin\" \/>\n<meta property=\"article:published_time\" content=\"2022-10-25T12:49:49+00:00\" \/>\n<meta property=\"og:image\" content=\"https:\/\/www.cope.es\/blogs\/a-tumba-abierta\/wp-content\/uploads\/sites\/23\/2022\/10\/EuropaPress_4756234_david_valero.jpg\" \/>\n\t<meta property=\"og:image:width\" content=\"2048\" \/>\n\t<meta property=\"og:image:height\" content=\"1638\" \/>\n\t<meta property=\"og:image:type\" content=\"image\/jpeg\" \/>\n<meta name=\"author\" content=\"Crist\u00f3bal Cabezas\" \/>\n<meta name=\"twitter:card\" content=\"summary_large_image\" \/>\n<meta name=\"twitter:creator\" content=\"@cristoblcabezas\" \/>\n<meta name=\"twitter:site\" content=\"@cope_es\" \/>\n<meta name=\"twitter:label1\" content=\"Escrito por\" \/>\n\t<meta name=\"twitter:data1\" content=\"Crist\u00f3bal Cabezas\" \/>\n\t<meta name=\"twitter:label2\" content=\"Tiempo de lectura\" \/>\n\t<meta name=\"twitter:data2\" content=\"2 minutos\" \/>\n<script type=\"application\/ld+json\" class=\"yoast-schema-graph\">{\"@context\":\"https:\\\/\\\/schema.org\",\"@graph\":[{\"@type\":\"Article\",\"@id\":\"https:\\\/\\\/www.cope.es\\\/blogs\\\/a-tumba-abierta\\\/2022\\\/10\\\/25\\\/david-valero-debutara-en-diciembre-en-la-titan-world-series\\\/#article\",\"isPartOf\":{\"@id\":\"https:\\\/\\\/www.cope.es\\\/blogs\\\/a-tumba-abierta\\\/2022\\\/10\\\/25\\\/david-valero-debutara-en-diciembre-en-la-titan-world-series\\\/\"},\"author\":{\"name\":\"Crist\u00f3bal Cabezas\",\"@id\":\"https:\\\/\\\/www.cope.es\\\/blogs\\\/a-tumba-abierta\\\/#\\\/schema\\\/person\\\/413f6566db421693223476f6b63a643b\"},\"headline\":\"David Valero debutar\u00e1 en diciembre en la Titan World Series\",\"datePublished\":\"2022-10-25T12:49:49+00:00\",\"mainEntityOfPage\":{\"@id\":\"https:\\\/\\\/www.cope.es\\\/blogs\\\/a-tumba-abierta\\\/2022\\\/10\\\/25\\\/david-valero-debutara-en-diciembre-en-la-titan-world-series\\\/\"},\"wordCount\":399,\"commentCount\":0,\"image\":{\"@id\":\"https:\\\/\\\/www.cope.es\\\/blogs\\\/a-tumba-abierta\\\/2022\\\/10\\\/25\\\/david-valero-debutara-en-diciembre-en-la-titan-world-series\\\/#primaryimage\"},\"thumbnailUrl\":\"https:\\\/\\\/www.cope.es\\\/blogs\\\/a-tumba-abierta\\\/wp-content\\\/uploads\\\/sites\\\/23\\\/2022\\\/10\\\/EuropaPress_4756234_david_valero.jpg\",\"keywords\":[\"Arabia Saud\u00ed\",\"David Valero\",\"Titan World Series\"],\"articleSection\":[\"Calendario\"],\"inLanguage\":\"es\",\"potentialAction\":[{\"@type\":\"CommentAction\",\"name\":\"Comment\",\"target\":[\"https:\\\/\\\/www.cope.es\\\/blogs\\\/a-tumba-abierta\\\/2022\\\/10\\\/25\\\/david-valero-debutara-en-diciembre-en-la-titan-world-series\\\/#respond\"]}]},{\"@type\":\"WebPage\",\"@id\":\"https:\\\/\\\/www.cope.es\\\/blogs\\\/a-tumba-abierta\\\/2022\\\/10\\\/25\\\/david-valero-debutara-en-diciembre-en-la-titan-world-series\\\/\",\"url\":\"https:\\\/\\\/www.cope.es\\\/blogs\\\/a-tumba-abierta\\\/2022\\\/10\\\/25\\\/david-valero-debutara-en-diciembre-en-la-titan-world-series\\\/\",\"name\":\"David Valero debutar\u00e1 en diciembre en la Titan World Series\",\"isPartOf\":{\"@id\":\"https:\\\/\\\/www.cope.es\\\/blogs\\\/a-tumba-abierta\\\/#website\"},\"primaryImageOfPage\":{\"@id\":\"https:\\\/\\\/www.cope.es\\\/blogs\\\/a-tumba-abierta\\\/2022\\\/10\\\/25\\\/david-valero-debutara-en-diciembre-en-la-titan-world-series\\\/#primaryimage\"},\"image\":{\"@id\":\"https:\\\/\\\/www.cope.es\\\/blogs\\\/a-tumba-abierta\\\/2022\\\/10\\\/25\\\/david-valero-debutara-en-diciembre-en-la-titan-world-series\\\/#primaryimage\"},\"thumbnailUrl\":\"https:\\\/\\\/www.cope.es\\\/blogs\\\/a-tumba-abierta\\\/wp-content\\\/uploads\\\/sites\\\/23\\\/2022\\\/10\\\/EuropaPress_4756234_david_valero.jpg\",\"datePublished\":\"2022-10-25T12:49:49+00:00\",\"author\":{\"@id\":\"https:\\\/\\\/www.cope.es\\\/blogs\\\/a-tumba-abierta\\\/#\\\/schema\\\/person\\\/413f6566db421693223476f6b63a643b\"},\"description\":\"David Valero correr\u00e1 la NEOM Titan Desert Saudi Arabia, la \u00faltima prueba que disputar\u00e1 en 2022 y su primera vez en la Titan World Series.\",\"breadcrumb\":{\"@id\":\"https:\\\/\\\/www.cope.es\\\/blogs\\\/a-tumba-abierta\\\/2022\\\/10\\\/25\\\/david-valero-debutara-en-diciembre-en-la-titan-world-series\\\/#breadcrumb\"},\"inLanguage\":\"es\",\"potentialAction\":[{\"@type\":\"ReadAction\",\"target\":[\"https:\\\/\\\/www.cope.es\\\/blogs\\\/a-tumba-abierta\\\/2022\\\/10\\\/25\\\/david-valero-debutara-en-diciembre-en-la-titan-world-series\\\/\"]}]},{\"@type\":\"ImageObject\",\"inLanguage\":\"es\",\"@id\":\"https:\\\/\\\/www.cope.es\\\/blogs\\\/a-tumba-abierta\\\/2022\\\/10\\\/25\\\/david-valero-debutara-en-diciembre-en-la-titan-world-series\\\/#primaryimage\",\"url\":\"https:\\\/\\\/www.cope.es\\\/blogs\\\/a-tumba-abierta\\\/wp-content\\\/uploads\\\/sites\\\/23\\\/2022\\\/10\\\/EuropaPress_4756234_david_valero.jpg\",\"contentUrl\":\"https:\\\/\\\/www.cope.es\\\/blogs\\\/a-tumba-abierta\\\/wp-content\\\/uploads\\\/sites\\\/23\\\/2022\\\/10\\\/EuropaPress_4756234_david_valero.jpg\",\"width\":2048,\"height\":1638,\"caption\":\"David Valero, n\u00famero uno del mundo y actual bronce ol\u00edmpico, correr\u00e1 la NEOM Titan Desert Saudi Arabia, la \u00faltima prueba que disputar\u00e1 en 2022 y su primera vez en la Titan World Series, con la idea de \\\"empezar a hacer kil\u00f3metros\\\" para la pr\u00f3xima temporada. La cita ser\u00e1 del 6 al 9 de diciembre.\"},{\"@type\":\"BreadcrumbList\",\"@id\":\"https:\\\/\\\/www.cope.es\\\/blogs\\\/a-tumba-abierta\\\/2022\\\/10\\\/25\\\/david-valero-debutara-en-diciembre-en-la-titan-world-series\\\/#breadcrumb\",\"itemListElement\":[{\"@type\":\"ListItem\",\"position\":1,\"name\":\"Portada\",\"item\":\"https:\\\/\\\/www.cope.es\\\/blogs\\\/a-tumba-abierta\\\/\"},{\"@type\":\"ListItem\",\"position\":2,\"name\":\"David Valero debutar\u00e1 en diciembre en la Titan World Series\"}]},{\"@type\":\"WebSite\",\"@id\":\"https:\\\/\\\/www.cope.es\\\/blogs\\\/a-tumba-abierta\\\/#website\",\"url\":\"https:\\\/\\\/www.cope.es\\\/blogs\\\/a-tumba-abierta\\\/\",\"name\":\"A Tumba Abierta\",\"description\":\"Blog de ciclismo en COPE\",\"potentialAction\":[{\"@type\":\"SearchAction\",\"target\":{\"@type\":\"EntryPoint\",\"urlTemplate\":\"https:\\\/\\\/www.cope.es\\\/blogs\\\/a-tumba-abierta\\\/?s={search_term_string}\"},\"query-input\":{\"@type\":\"PropertyValueSpecification\",\"valueRequired\":true,\"valueName\":\"search_term_string\"}}],\"inLanguage\":\"es\"},{\"@type\":\"Person\",\"@id\":\"https:\\\/\\\/www.cope.es\\\/blogs\\\/a-tumba-abierta\\\/#\\\/schema\\\/person\\\/413f6566db421693223476f6b63a643b\",\"name\":\"Crist\u00f3bal Cabezas\",\"image\":{\"@type\":\"ImageObject\",\"inLanguage\":\"es\",\"@id\":\"https:\\\/\\\/secure.gravatar.com\\\/avatar\\\/361550a2a3cac91688caa1b00f2a1fa4e89a6c4361562ca29a361ce0041974c2?s=96&d=mm&r=g\",\"url\":\"https:\\\/\\\/secure.gravatar.com\\\/avatar\\\/361550a2a3cac91688caa1b00f2a1fa4e89a6c4361562ca29a361ce0041974c2?s=96&d=mm&r=g\",\"contentUrl\":\"https:\\\/\\\/secure.gravatar.com\\\/avatar\\\/361550a2a3cac91688caa1b00f2a1fa4e89a6c4361562ca29a361ce0041974c2?s=96&d=mm&r=g\",\"caption\":\"Crist\u00f3bal Cabezas\"},\"description\":\"Crist\u00f3bal Cabezas es Licenciado en Periodismo por la Universidad Complutense de Madrid y T\u00edtulo en T\u00e9cnico en Comunicaci\u00f3n Integral por la Universidad Francisco de Vitoria. Tras desempe\u00f1ar tareas informativas en diferentes medios, recal\u00f3 en la Cadena COPE en el a\u00f1o 2005. Desde entonces, ha trabajado en las emisoras de Madrid, Granada, Jaca (Huesca) y Toledo, en donde se incorpor\u00f3 en 2013 como Jefe de Informativos de la Cadena COPE en Castilla-La Mancha. Siempre tuvo claro que quer\u00eda ser periodista y, a esa afici\u00f3n, se uni\u00f3 la del ciclismo, deporte con el que ha disfrutado mucho, tanto a trav\u00e9s de los medios de comunicaci\u00f3n como asistiendo en directo a diferentes carreras ciclistas. El inter\u00e9s que siempre mostr\u00f3 con todo lo relacionado con Internet y las redes sociales, fue reconocido con el Premio \u201cD\u00eda de Internet\u201d en la categor\u00eda de \u201cMejor Periodista Digital\u201d por sus trabajos en la Cadena COPE. Precisamente, esa pasi\u00f3n por las nuevas tecnolog\u00edas, espera que sea el \u201cveh\u00edculo\u201d para poder contar \u201cA Tumba Abierta\u201d las mejores historias del deporte de las dos ruedas.\",\"sameAs\":[\"http:\\\/\\\/www.cope.es\",\"https:\\\/\\\/es-es.facebook.com\\\/cristobal.cabezasmartin\",\"https:\\\/\\\/x.com\\\/cristoblcabezas\"],\"url\":\"https:\\\/\\\/www.cope.es\\\/blogs\\\/a-tumba-abierta\\\/author\\\/ccabezas\\\/\"}]}<\/script>\n<!-- \/ Yoast SEO plugin. -->","yoast_head_json":{"title":"David Valero debutar\u00e1 en diciembre en la Titan World Series","description":"David Valero correr\u00e1 la NEOM Titan Desert Saudi Arabia, la \u00faltima prueba que disputar\u00e1 en 2022 y su primera vez en la Titan World Series.","robots":{"index":"index","follow":"follow","max-snippet":"max-snippet:-1","max-image-preview":"max-image-preview:large","max-video-preview":"max-video-preview:-1"},"canonical":"https:\/\/www.cope.es\/blogs\/a-tumba-abierta\/2022\/10\/25\/david-valero-debutara-en-diciembre-en-la-titan-world-series\/","og_locale":"es_ES","og_type":"article","og_title":"David Valero debutar\u00e1 en diciembre en la Titan World Series","og_description":"David Valero correr\u00e1 la NEOM Titan Desert Saudi Arabia, la \u00faltima prueba que disputar\u00e1 en 2022 y su primera vez en la Titan World Series.","og_url":"https:\/\/www.cope.es\/blogs\/a-tumba-abierta\/2022\/10\/25\/david-valero-debutara-en-diciembre-en-la-titan-world-series\/","og_site_name":"A Tumba Abierta","article_publisher":"https:\/\/www.facebook.com\/cope\/","article_author":"https:\/\/es-es.facebook.com\/cristobal.cabezasmartin","article_published_time":"2022-10-25T12:49:49+00:00","og_image":[{"width":2048,"height":1638,"url":"https:\/\/www.cope.es\/blogs\/a-tumba-abierta\/wp-content\/uploads\/sites\/23\/2022\/10\/EuropaPress_4756234_david_valero.jpg","type":"image\/jpeg"}],"author":"Crist\u00f3bal Cabezas","twitter_card":"summary_large_image","twitter_creator":"@cristoblcabezas","twitter_site":"@cope_es","twitter_misc":{"Escrito por":"Crist\u00f3bal Cabezas","Tiempo de lectura":"2 minutos"},"schema":{"@context":"https:\/\/schema.org","@graph":[{"@type":"Article","@id":"https:\/\/www.cope.es\/blogs\/a-tumba-abierta\/2022\/10\/25\/david-valero-debutara-en-diciembre-en-la-titan-world-series\/#article","isPartOf":{"@id":"https:\/\/www.cope.es\/blogs\/a-tumba-abierta\/2022\/10\/25\/david-valero-debutara-en-diciembre-en-la-titan-world-series\/"},"author":{"name":"Crist\u00f3bal Cabezas","@id":"https:\/\/www.cope.es\/blogs\/a-tumba-abierta\/#\/schema\/person\/413f6566db421693223476f6b63a643b"},"headline":"David Valero debutar\u00e1 en diciembre en la Titan World Series","datePublished":"2022-10-25T12:49:49+00:00","mainEntityOfPage":{"@id":"https:\/\/www.cope.es\/blogs\/a-tumba-abierta\/2022\/10\/25\/david-valero-debutara-en-diciembre-en-la-titan-world-series\/"},"wordCount":399,"commentCount":0,"image":{"@id":"https:\/\/www.cope.es\/blogs\/a-tumba-abierta\/2022\/10\/25\/david-valero-debutara-en-diciembre-en-la-titan-world-series\/#primaryimage"},"thumbnailUrl":"https:\/\/www.cope.es\/blogs\/a-tumba-abierta\/wp-content\/uploads\/sites\/23\/2022\/10\/EuropaPress_4756234_david_valero.jpg","keywords":["Arabia Saud\u00ed","David Valero","Titan World Series"],"articleSection":["Calendario"],"inLanguage":"es","potentialAction":[{"@type":"CommentAction","name":"Comment","target":["https:\/\/www.cope.es\/blogs\/a-tumba-abierta\/2022\/10\/25\/david-valero-debutara-en-diciembre-en-la-titan-world-series\/#respond"]}]},{"@type":"WebPage","@id":"https:\/\/www.cope.es\/blogs\/a-tumba-abierta\/2022\/10\/25\/david-valero-debutara-en-diciembre-en-la-titan-world-series\/","url":"https:\/\/www.cope.es\/blogs\/a-tumba-abierta\/2022\/10\/25\/david-valero-debutara-en-diciembre-en-la-titan-world-series\/","name":"David Valero debutar\u00e1 en diciembre en la Titan World Series","isPartOf":{"@id":"https:\/\/www.cope.es\/blogs\/a-tumba-abierta\/#website"},"primaryImageOfPage":{"@id":"https:\/\/www.cope.es\/blogs\/a-tumba-abierta\/2022\/10\/25\/david-valero-debutara-en-diciembre-en-la-titan-world-series\/#primaryimage"},"image":{"@id":"https:\/\/www.cope.es\/blogs\/a-tumba-abierta\/2022\/10\/25\/david-valero-debutara-en-diciembre-en-la-titan-world-series\/#primaryimage"},"thumbnailUrl":"https:\/\/www.cope.es\/blogs\/a-tumba-abierta\/wp-content\/uploads\/sites\/23\/2022\/10\/EuropaPress_4756234_david_valero.jpg","datePublished":"2022-10-25T12:49:49+00:00","author":{"@id":"https:\/\/www.cope.es\/blogs\/a-tumba-abierta\/#\/schema\/person\/413f6566db421693223476f6b63a643b"},"description":"David Valero correr\u00e1 la NEOM Titan Desert Saudi Arabia, la \u00faltima prueba que disputar\u00e1 en 2022 y su primera vez en la Titan World Series.","breadcrumb":{"@id":"https:\/\/www.cope.es\/blogs\/a-tumba-abierta\/2022\/10\/25\/david-valero-debutara-en-diciembre-en-la-titan-world-series\/#breadcrumb"},"inLanguage":"es","potentialAction":[{"@type":"ReadAction","target":["https:\/\/www.cope.es\/blogs\/a-tumba-abierta\/2022\/10\/25\/david-valero-debutara-en-diciembre-en-la-titan-world-series\/"]}]},{"@type":"ImageObject","inLanguage":"es","@id":"https:\/\/www.cope.es\/blogs\/a-tumba-abierta\/2022\/10\/25\/david-valero-debutara-en-diciembre-en-la-titan-world-series\/#primaryimage","url":"https:\/\/www.cope.es\/blogs\/a-tumba-abierta\/wp-content\/uploads\/sites\/23\/2022\/10\/EuropaPress_4756234_david_valero.jpg","contentUrl":"https:\/\/www.cope.es\/blogs\/a-tumba-abierta\/wp-content\/uploads\/sites\/23\/2022\/10\/EuropaPress_4756234_david_valero.jpg","width":2048,"height":1638,"caption":"David Valero, n\u00famero uno del mundo y actual bronce ol\u00edmpico, correr\u00e1 la NEOM Titan Desert Saudi Arabia, la \u00faltima prueba que disputar\u00e1 en 2022 y su primera vez en la Titan World Series, con la idea de \"empezar a hacer kil\u00f3metros\" para la pr\u00f3xima temporada. La cita ser\u00e1 del 6 al 9 de diciembre."},{"@type":"BreadcrumbList","@id":"https:\/\/www.cope.es\/blogs\/a-tumba-abierta\/2022\/10\/25\/david-valero-debutara-en-diciembre-en-la-titan-world-series\/#breadcrumb","itemListElement":[{"@type":"ListItem","position":1,"name":"Portada","item":"https:\/\/www.cope.es\/blogs\/a-tumba-abierta\/"},{"@type":"ListItem","position":2,"name":"David Valero debutar\u00e1 en diciembre en la Titan World Series"}]},{"@type":"WebSite","@id":"https:\/\/www.cope.es\/blogs\/a-tumba-abierta\/#website","url":"https:\/\/www.cope.es\/blogs\/a-tumba-abierta\/","name":"A Tumba Abierta","description":"Blog de ciclismo en COPE","potentialAction":[{"@type":"SearchAction","target":{"@type":"EntryPoint","urlTemplate":"https:\/\/www.cope.es\/blogs\/a-tumba-abierta\/?s={search_term_string}"},"query-input":{"@type":"PropertyValueSpecification","valueRequired":true,"valueName":"search_term_string"}}],"inLanguage":"es"},{"@type":"Person","@id":"https:\/\/www.cope.es\/blogs\/a-tumba-abierta\/#\/schema\/person\/413f6566db421693223476f6b63a643b","name":"Crist\u00f3bal Cabezas","image":{"@type":"ImageObject","inLanguage":"es","@id":"https:\/\/secure.gravatar.com\/avatar\/361550a2a3cac91688caa1b00f2a1fa4e89a6c4361562ca29a361ce0041974c2?s=96&d=mm&r=g","url":"https:\/\/secure.gravatar.com\/avatar\/361550a2a3cac91688caa1b00f2a1fa4e89a6c4361562ca29a361ce0041974c2?s=96&d=mm&r=g","contentUrl":"https:\/\/secure.gravatar.com\/avatar\/361550a2a3cac91688caa1b00f2a1fa4e89a6c4361562ca29a361ce0041974c2?s=96&d=mm&r=g","caption":"Crist\u00f3bal Cabezas"},"description":"Crist\u00f3bal Cabezas es Licenciado en Periodismo por la Universidad Complutense de Madrid y T\u00edtulo en T\u00e9cnico en Comunicaci\u00f3n Integral por la Universidad Francisco de Vitoria. Tras desempe\u00f1ar tareas informativas en diferentes medios, recal\u00f3 en la Cadena COPE en el a\u00f1o 2005. Desde entonces, ha trabajado en las emisoras de Madrid, Granada, Jaca (Huesca) y Toledo, en donde se incorpor\u00f3 en 2013 como Jefe de Informativos de la Cadena COPE en Castilla-La Mancha. Siempre tuvo claro que quer\u00eda ser periodista y, a esa afici\u00f3n, se uni\u00f3 la del ciclismo, deporte con el que ha disfrutado mucho, tanto a trav\u00e9s de los medios de comunicaci\u00f3n como asistiendo en directo a diferentes carreras ciclistas. El inter\u00e9s que siempre mostr\u00f3 con todo lo relacionado con Internet y las redes sociales, fue reconocido con el Premio \u201cD\u00eda de Internet\u201d en la categor\u00eda de \u201cMejor Periodista Digital\u201d por sus trabajos en la Cadena COPE. Precisamente, esa pasi\u00f3n por las nuevas tecnolog\u00edas, espera que sea el \u201cveh\u00edculo\u201d para poder contar \u201cA Tumba Abierta\u201d las mejores historias del deporte de las dos ruedas.","sameAs":["http:\/\/www.cope.es","https:\/\/es-es.facebook.com\/cristobal.cabezasmartin","https:\/\/x.com\/cristoblcabezas"],"url":"https:\/\/www.cope.es\/blogs\/a-tumba-abierta\/author\/ccabezas\/"}]}},"amp_enabled":true,"_links":{"self":[{"href":"https:\/\/www.cope.es\/blogs\/a-tumba-abierta\/wp-json\/wp\/v2\/posts\/1623","targetHints":{"allow":["GET"]}}],"collection":[{"href":"https:\/\/www.cope.es\/blogs\/a-tumba-abierta\/wp-json\/wp\/v2\/posts"}],"about":[{"href":"https:\/\/www.cope.es\/blogs\/a-tumba-abierta\/wp-json\/wp\/v2\/types\/post"}],"author":[{"embeddable":true,"href":"https:\/\/www.cope.es\/blogs\/a-tumba-abierta\/wp-json\/wp\/v2\/users\/24"}],"replies":[{"embeddable":true,"href":"https:\/\/www.cope.es\/blogs\/a-tumba-abierta\/wp-json\/wp\/v2\/comments?post=1623"}],"version-history":[{"count":2,"href":"https:\/\/www.cope.es\/blogs\/a-tumba-abierta\/wp-json\/wp\/v2\/posts\/1623\/revisions"}],"predecessor-version":[{"id":1626,"href":"https:\/\/www.cope.es\/blogs\/a-tumba-abierta\/wp-json\/wp\/v2\/posts\/1623\/revisions\/1626"}],"wp:featuredmedia":[{"embeddable":true,"href":"https:\/\/www.cope.es\/blogs\/a-tumba-abierta\/wp-json\/wp\/v2\/media\/1624"}],"wp:attachment":[{"href":"https:\/\/www.cope.es\/blogs\/a-tumba-abierta\/wp-json\/wp\/v2\/media?parent=1623"}],"wp:term":[{"taxonomy":"category","embeddable":true,"href":"https:\/\/www.cope.es\/blogs\/a-tumba-abierta\/wp-json\/wp\/v2\/categories?post=1623"},{"taxonomy":"post_tag","embeddable":true,"href":"https:\/\/www.cope.es\/blogs\/a-tumba-abierta\/wp-json\/wp\/v2\/tags?post=1623"}],"curies":[{"name":"wp","href":"https:\/\/api.w.org\/{rel}","templated":true}]}}