{"id":1596,"date":"2022-10-19T14:22:12","date_gmt":"2022-10-19T12:22:12","guid":{"rendered":"http:\/\/www.cope.es\/blogs\/a-tumba-abierta\/?p=1596"},"modified":"2022-10-19T14:22:12","modified_gmt":"2022-10-19T12:22:12","slug":"el-corredor-colombiano-ivan-sosa-gana-el-tour-de-langkawi","status":"publish","type":"post","link":"https:\/\/www.cope.es\/blogs\/a-tumba-abierta\/2022\/10\/19\/el-corredor-colombiano-ivan-sosa-gana-el-tour-de-langkawi\/","title":{"rendered":"Iv\u00e1n Sosa gana el Tour de Langkawi"},"content":{"rendered":"<p>El corredor colombiano <strong>Iv\u00e1n Sosa<\/strong> (<a href=\"https:\/\/movistarteam.com\/\" target=\"_blank\">Movistar Team<\/a>) conquist\u00f3 este martes el Tour de Langkawi, en Malasia, al t\u00e9rmino de la octava y \u00faltima etapa disputada en Kuah, sobre 115.9 kil\u00f3metros, en la que se impuso el neerland\u00e9s <strong>Alex Molenaar<\/strong> (Burgos BH).<\/p>\n<p>As\u00ed, Sosa logra su segunda ronda por etapas del a\u00f1o tras su triunfo en la Vuelta a Asturias. El trabajo del plantel de Movistar fue clave para que el colombiano hiciera buena su victoria.<\/p>\n<p>Sosa supo contener los m\u00faltiples ataques del pelot\u00f3n en las complicadas dos \u00faltimas jornadas en Kuah. En la etapa final, Molenaar y el alem\u00e1n <strong>Jason Osborne<\/strong> pusieron la emoci\u00f3n y disputaron el final de la jornada. El neerland\u00e9s fue m\u00e1s r\u00e1pido en los metros finales consiguiendo la victoria.<\/p>\n<p>Con el triunfo de Iv\u00e1n Sosa, el conjunto espa\u00f1ol termina la temporada con 46 victorias (19 de su plantel masculino y 27 del cuadro femenino).<\/p>\n<p>El Tour de Langkawi es el principal asunto que hoy te contamos en <a href=\"https:\/\/www.cope.es\/blogs\/a-tumba-abierta\/\" target=\"_blank\">\u201cA Tumba Abierta\u201d<\/a>, un blog dirigido por <strong>Crist\u00f3bal Cabezas<\/strong> en el que el ciclismo siempre es el gran protagonista. No te pierdas las mejores historias de uno de los deportes m\u00e1s bellos del mundo.<\/p>\n","protected":false},"excerpt":{"rendered":"<p>El corredor colombiano Iv\u00e1n Sosa (Movistar Team) conquist\u00f3 este martes el Tour de Langkawi, en Malasia, al t\u00e9rmino de la octava y \u00faltima etapa disputada en Kuah, sobre 115.9 kil\u00f3metros, en la que se impuso el neerland\u00e9s Alex Molenaar (Burgos BH). As\u00ed, Sosa logra su segunda ronda por etapas del a\u00f1o tras su triunfo en [&hellip;]<\/p>\n","protected":false},"author":24,"featured_media":1597,"comment_status":"open","ping_status":"open","sticky":false,"template":"","format":"standard","meta":{"footnotes":""},"categories":[140],"tags":[434,433,435],"class_list":["post-1596","post","type-post","status-publish","format-standard","has-post-thumbnail","hentry","category-actualidad","tag-alex-molenaar","tag-ivan-sosa","tag-jason-osborne"],"yoast_head":"<!-- This site is optimized with the Yoast SEO plugin v27.4 - https:\/\/yoast.com\/product\/yoast-seo-wordpress\/ -->\n<title>El corredor colombiano Iv\u00e1n Sosa gana el Tour de Langkawi<\/title>\n<meta name=\"description\" content=\"Iv\u00e1n Sosa conquist\u00f3 este martes el Tour de Langkawi, en Malasia, al t\u00e9rmino de la octava y \u00faltima etapa disputada en Kuah, sobre 115.9 kil\u00f3metros.\" \/>\n<meta name=\"robots\" content=\"index, follow, max-snippet:-1, max-image-preview:large, max-video-preview:-1\" \/>\n<link rel=\"canonical\" href=\"https:\/\/www.cope.es\/blogs\/a-tumba-abierta\/2022\/10\/19\/el-corredor-colombiano-ivan-sosa-gana-el-tour-de-langkawi\/\" \/>\n<meta property=\"og:locale\" content=\"es_ES\" \/>\n<meta property=\"og:type\" content=\"article\" \/>\n<meta property=\"og:title\" content=\"El corredor colombiano Iv\u00e1n Sosa gana el Tour de Langkawi\" \/>\n<meta property=\"og:description\" content=\"Iv\u00e1n Sosa conquist\u00f3 este martes el Tour de Langkawi, en Malasia, al t\u00e9rmino de la octava y \u00faltima etapa disputada en Kuah, sobre 115.9 kil\u00f3metros.\" \/>\n<meta property=\"og:url\" content=\"https:\/\/www.cope.es\/blogs\/a-tumba-abierta\/2022\/10\/19\/el-corredor-colombiano-ivan-sosa-gana-el-tour-de-langkawi\/\" \/>\n<meta property=\"og:site_name\" content=\"A Tumba Abierta\" \/>\n<meta property=\"article:publisher\" content=\"https:\/\/www.facebook.com\/cope\/\" \/>\n<meta property=\"article:author\" content=\"https:\/\/es-es.facebook.com\/cristobal.cabezasmartin\" \/>\n<meta property=\"article:published_time\" content=\"2022-10-19T12:22:12+00:00\" \/>\n<meta property=\"og:image\" content=\"https:\/\/www.cope.es\/blogs\/a-tumba-abierta\/wp-content\/uploads\/sites\/23\/2022\/10\/DEF-1024x460.png\" \/>\n\t<meta property=\"og:image:width\" content=\"1024\" \/>\n\t<meta property=\"og:image:height\" content=\"460\" \/>\n\t<meta property=\"og:image:type\" content=\"image\/png\" \/>\n<meta name=\"author\" content=\"Crist\u00f3bal Cabezas\" \/>\n<meta name=\"twitter:card\" content=\"summary_large_image\" \/>\n<meta name=\"twitter:creator\" content=\"@cristoblcabezas\" \/>\n<meta name=\"twitter:site\" content=\"@cope_es\" \/>\n<meta name=\"twitter:label1\" content=\"Escrito por\" \/>\n\t<meta name=\"twitter:data1\" content=\"Crist\u00f3bal Cabezas\" \/>\n\t<meta name=\"twitter:label2\" content=\"Tiempo de lectura\" \/>\n\t<meta name=\"twitter:data2\" content=\"1 minuto\" \/>\n<script type=\"application\/ld+json\" class=\"yoast-schema-graph\">{\"@context\":\"https:\\\/\\\/schema.org\",\"@graph\":[{\"@type\":\"Article\",\"@id\":\"https:\\\/\\\/www.cope.es\\\/blogs\\\/a-tumba-abierta\\\/2022\\\/10\\\/19\\\/el-corredor-colombiano-ivan-sosa-gana-el-tour-de-langkawi\\\/#article\",\"isPartOf\":{\"@id\":\"https:\\\/\\\/www.cope.es\\\/blogs\\\/a-tumba-abierta\\\/2022\\\/10\\\/19\\\/el-corredor-colombiano-ivan-sosa-gana-el-tour-de-langkawi\\\/\"},\"author\":{\"name\":\"Crist\u00f3bal Cabezas\",\"@id\":\"https:\\\/\\\/www.cope.es\\\/blogs\\\/a-tumba-abierta\\\/#\\\/schema\\\/person\\\/413f6566db421693223476f6b63a643b\"},\"headline\":\"Iv\u00e1n Sosa gana el Tour de Langkawi\",\"datePublished\":\"2022-10-19T12:22:12+00:00\",\"mainEntityOfPage\":{\"@id\":\"https:\\\/\\\/www.cope.es\\\/blogs\\\/a-tumba-abierta\\\/2022\\\/10\\\/19\\\/el-corredor-colombiano-ivan-sosa-gana-el-tour-de-langkawi\\\/\"},\"wordCount\":215,\"commentCount\":0,\"image\":{\"@id\":\"https:\\\/\\\/www.cope.es\\\/blogs\\\/a-tumba-abierta\\\/2022\\\/10\\\/19\\\/el-corredor-colombiano-ivan-sosa-gana-el-tour-de-langkawi\\\/#primaryimage\"},\"thumbnailUrl\":\"https:\\\/\\\/www.cope.es\\\/blogs\\\/a-tumba-abierta\\\/wp-content\\\/uploads\\\/sites\\\/23\\\/2022\\\/10\\\/DEF.png\",\"keywords\":[\"Alex Molenaar\",\"Iv\u00e1n Sosa\",\"Jason Osborne\"],\"articleSection\":[\"Actualidad\"],\"inLanguage\":\"es\",\"potentialAction\":[{\"@type\":\"CommentAction\",\"name\":\"Comment\",\"target\":[\"https:\\\/\\\/www.cope.es\\\/blogs\\\/a-tumba-abierta\\\/2022\\\/10\\\/19\\\/el-corredor-colombiano-ivan-sosa-gana-el-tour-de-langkawi\\\/#respond\"]}]},{\"@type\":\"WebPage\",\"@id\":\"https:\\\/\\\/www.cope.es\\\/blogs\\\/a-tumba-abierta\\\/2022\\\/10\\\/19\\\/el-corredor-colombiano-ivan-sosa-gana-el-tour-de-langkawi\\\/\",\"url\":\"https:\\\/\\\/www.cope.es\\\/blogs\\\/a-tumba-abierta\\\/2022\\\/10\\\/19\\\/el-corredor-colombiano-ivan-sosa-gana-el-tour-de-langkawi\\\/\",\"name\":\"El corredor colombiano Iv\u00e1n Sosa gana el Tour de Langkawi\",\"isPartOf\":{\"@id\":\"https:\\\/\\\/www.cope.es\\\/blogs\\\/a-tumba-abierta\\\/#website\"},\"primaryImageOfPage\":{\"@id\":\"https:\\\/\\\/www.cope.es\\\/blogs\\\/a-tumba-abierta\\\/2022\\\/10\\\/19\\\/el-corredor-colombiano-ivan-sosa-gana-el-tour-de-langkawi\\\/#primaryimage\"},\"image\":{\"@id\":\"https:\\\/\\\/www.cope.es\\\/blogs\\\/a-tumba-abierta\\\/2022\\\/10\\\/19\\\/el-corredor-colombiano-ivan-sosa-gana-el-tour-de-langkawi\\\/#primaryimage\"},\"thumbnailUrl\":\"https:\\\/\\\/www.cope.es\\\/blogs\\\/a-tumba-abierta\\\/wp-content\\\/uploads\\\/sites\\\/23\\\/2022\\\/10\\\/DEF.png\",\"datePublished\":\"2022-10-19T12:22:12+00:00\",\"author\":{\"@id\":\"https:\\\/\\\/www.cope.es\\\/blogs\\\/a-tumba-abierta\\\/#\\\/schema\\\/person\\\/413f6566db421693223476f6b63a643b\"},\"description\":\"Iv\u00e1n Sosa conquist\u00f3 este martes el Tour de Langkawi, en Malasia, al t\u00e9rmino de la octava y \u00faltima etapa disputada en Kuah, sobre 115.9 kil\u00f3metros.\",\"breadcrumb\":{\"@id\":\"https:\\\/\\\/www.cope.es\\\/blogs\\\/a-tumba-abierta\\\/2022\\\/10\\\/19\\\/el-corredor-colombiano-ivan-sosa-gana-el-tour-de-langkawi\\\/#breadcrumb\"},\"inLanguage\":\"es\",\"potentialAction\":[{\"@type\":\"ReadAction\",\"target\":[\"https:\\\/\\\/www.cope.es\\\/blogs\\\/a-tumba-abierta\\\/2022\\\/10\\\/19\\\/el-corredor-colombiano-ivan-sosa-gana-el-tour-de-langkawi\\\/\"]}]},{\"@type\":\"ImageObject\",\"inLanguage\":\"es\",\"@id\":\"https:\\\/\\\/www.cope.es\\\/blogs\\\/a-tumba-abierta\\\/2022\\\/10\\\/19\\\/el-corredor-colombiano-ivan-sosa-gana-el-tour-de-langkawi\\\/#primaryimage\",\"url\":\"https:\\\/\\\/www.cope.es\\\/blogs\\\/a-tumba-abierta\\\/wp-content\\\/uploads\\\/sites\\\/23\\\/2022\\\/10\\\/DEF.png\",\"contentUrl\":\"https:\\\/\\\/www.cope.es\\\/blogs\\\/a-tumba-abierta\\\/wp-content\\\/uploads\\\/sites\\\/23\\\/2022\\\/10\\\/DEF.png\",\"width\":1833,\"height\":823,\"caption\":\"El corredor colombiano Iv\u00e1n Sosa (Movistar Team) conquist\u00f3 este martes el Tour de Langkawi, en Malasia, al t\u00e9rmino de la octava y \u00faltima etapa disputada en Kuah, sobre 115.9 kil\u00f3metros, en la que se impuso el neerland\u00e9s Alex Molenaar (Burgos BH).\"},{\"@type\":\"BreadcrumbList\",\"@id\":\"https:\\\/\\\/www.cope.es\\\/blogs\\\/a-tumba-abierta\\\/2022\\\/10\\\/19\\\/el-corredor-colombiano-ivan-sosa-gana-el-tour-de-langkawi\\\/#breadcrumb\",\"itemListElement\":[{\"@type\":\"ListItem\",\"position\":1,\"name\":\"Portada\",\"item\":\"https:\\\/\\\/www.cope.es\\\/blogs\\\/a-tumba-abierta\\\/\"},{\"@type\":\"ListItem\",\"position\":2,\"name\":\"Iv\u00e1n Sosa gana el Tour de Langkawi\"}]},{\"@type\":\"WebSite\",\"@id\":\"https:\\\/\\\/www.cope.es\\\/blogs\\\/a-tumba-abierta\\\/#website\",\"url\":\"https:\\\/\\\/www.cope.es\\\/blogs\\\/a-tumba-abierta\\\/\",\"name\":\"A Tumba Abierta\",\"description\":\"Blog de ciclismo en COPE\",\"potentialAction\":[{\"@type\":\"SearchAction\",\"target\":{\"@type\":\"EntryPoint\",\"urlTemplate\":\"https:\\\/\\\/www.cope.es\\\/blogs\\\/a-tumba-abierta\\\/?s={search_term_string}\"},\"query-input\":{\"@type\":\"PropertyValueSpecification\",\"valueRequired\":true,\"valueName\":\"search_term_string\"}}],\"inLanguage\":\"es\"},{\"@type\":\"Person\",\"@id\":\"https:\\\/\\\/www.cope.es\\\/blogs\\\/a-tumba-abierta\\\/#\\\/schema\\\/person\\\/413f6566db421693223476f6b63a643b\",\"name\":\"Crist\u00f3bal Cabezas\",\"image\":{\"@type\":\"ImageObject\",\"inLanguage\":\"es\",\"@id\":\"https:\\\/\\\/secure.gravatar.com\\\/avatar\\\/361550a2a3cac91688caa1b00f2a1fa4e89a6c4361562ca29a361ce0041974c2?s=96&d=mm&r=g\",\"url\":\"https:\\\/\\\/secure.gravatar.com\\\/avatar\\\/361550a2a3cac91688caa1b00f2a1fa4e89a6c4361562ca29a361ce0041974c2?s=96&d=mm&r=g\",\"contentUrl\":\"https:\\\/\\\/secure.gravatar.com\\\/avatar\\\/361550a2a3cac91688caa1b00f2a1fa4e89a6c4361562ca29a361ce0041974c2?s=96&d=mm&r=g\",\"caption\":\"Crist\u00f3bal Cabezas\"},\"description\":\"Crist\u00f3bal Cabezas es Licenciado en Periodismo por la Universidad Complutense de Madrid y T\u00edtulo en T\u00e9cnico en Comunicaci\u00f3n Integral por la Universidad Francisco de Vitoria. Tras desempe\u00f1ar tareas informativas en diferentes medios, recal\u00f3 en la Cadena COPE en el a\u00f1o 2005. Desde entonces, ha trabajado en las emisoras de Madrid, Granada, Jaca (Huesca) y Toledo, en donde se incorpor\u00f3 en 2013 como Jefe de Informativos de la Cadena COPE en Castilla-La Mancha. Siempre tuvo claro que quer\u00eda ser periodista y, a esa afici\u00f3n, se uni\u00f3 la del ciclismo, deporte con el que ha disfrutado mucho, tanto a trav\u00e9s de los medios de comunicaci\u00f3n como asistiendo en directo a diferentes carreras ciclistas. El inter\u00e9s que siempre mostr\u00f3 con todo lo relacionado con Internet y las redes sociales, fue reconocido con el Premio \u201cD\u00eda de Internet\u201d en la categor\u00eda de \u201cMejor Periodista Digital\u201d por sus trabajos en la Cadena COPE. Precisamente, esa pasi\u00f3n por las nuevas tecnolog\u00edas, espera que sea el \u201cveh\u00edculo\u201d para poder contar \u201cA Tumba Abierta\u201d las mejores historias del deporte de las dos ruedas.\",\"sameAs\":[\"http:\\\/\\\/www.cope.es\",\"https:\\\/\\\/es-es.facebook.com\\\/cristobal.cabezasmartin\",\"https:\\\/\\\/x.com\\\/cristoblcabezas\"],\"url\":\"https:\\\/\\\/www.cope.es\\\/blogs\\\/a-tumba-abierta\\\/author\\\/ccabezas\\\/\"}]}<\/script>\n<!-- \/ Yoast SEO plugin. -->","yoast_head_json":{"title":"El corredor colombiano Iv\u00e1n Sosa gana el Tour de Langkawi","description":"Iv\u00e1n Sosa conquist\u00f3 este martes el Tour de Langkawi, en Malasia, al t\u00e9rmino de la octava y \u00faltima etapa disputada en Kuah, sobre 115.9 kil\u00f3metros.","robots":{"index":"index","follow":"follow","max-snippet":"max-snippet:-1","max-image-preview":"max-image-preview:large","max-video-preview":"max-video-preview:-1"},"canonical":"https:\/\/www.cope.es\/blogs\/a-tumba-abierta\/2022\/10\/19\/el-corredor-colombiano-ivan-sosa-gana-el-tour-de-langkawi\/","og_locale":"es_ES","og_type":"article","og_title":"El corredor colombiano Iv\u00e1n Sosa gana el Tour de Langkawi","og_description":"Iv\u00e1n Sosa conquist\u00f3 este martes el Tour de Langkawi, en Malasia, al t\u00e9rmino de la octava y \u00faltima etapa disputada en Kuah, sobre 115.9 kil\u00f3metros.","og_url":"https:\/\/www.cope.es\/blogs\/a-tumba-abierta\/2022\/10\/19\/el-corredor-colombiano-ivan-sosa-gana-el-tour-de-langkawi\/","og_site_name":"A Tumba Abierta","article_publisher":"https:\/\/www.facebook.com\/cope\/","article_author":"https:\/\/es-es.facebook.com\/cristobal.cabezasmartin","article_published_time":"2022-10-19T12:22:12+00:00","og_image":[{"width":1024,"height":460,"url":"https:\/\/www.cope.es\/blogs\/a-tumba-abierta\/wp-content\/uploads\/sites\/23\/2022\/10\/DEF-1024x460.png","type":"image\/png"}],"author":"Crist\u00f3bal Cabezas","twitter_card":"summary_large_image","twitter_creator":"@cristoblcabezas","twitter_site":"@cope_es","twitter_misc":{"Escrito por":"Crist\u00f3bal Cabezas","Tiempo de lectura":"1 minuto"},"schema":{"@context":"https:\/\/schema.org","@graph":[{"@type":"Article","@id":"https:\/\/www.cope.es\/blogs\/a-tumba-abierta\/2022\/10\/19\/el-corredor-colombiano-ivan-sosa-gana-el-tour-de-langkawi\/#article","isPartOf":{"@id":"https:\/\/www.cope.es\/blogs\/a-tumba-abierta\/2022\/10\/19\/el-corredor-colombiano-ivan-sosa-gana-el-tour-de-langkawi\/"},"author":{"name":"Crist\u00f3bal Cabezas","@id":"https:\/\/www.cope.es\/blogs\/a-tumba-abierta\/#\/schema\/person\/413f6566db421693223476f6b63a643b"},"headline":"Iv\u00e1n Sosa gana el Tour de Langkawi","datePublished":"2022-10-19T12:22:12+00:00","mainEntityOfPage":{"@id":"https:\/\/www.cope.es\/blogs\/a-tumba-abierta\/2022\/10\/19\/el-corredor-colombiano-ivan-sosa-gana-el-tour-de-langkawi\/"},"wordCount":215,"commentCount":0,"image":{"@id":"https:\/\/www.cope.es\/blogs\/a-tumba-abierta\/2022\/10\/19\/el-corredor-colombiano-ivan-sosa-gana-el-tour-de-langkawi\/#primaryimage"},"thumbnailUrl":"https:\/\/www.cope.es\/blogs\/a-tumba-abierta\/wp-content\/uploads\/sites\/23\/2022\/10\/DEF.png","keywords":["Alex Molenaar","Iv\u00e1n Sosa","Jason Osborne"],"articleSection":["Actualidad"],"inLanguage":"es","potentialAction":[{"@type":"CommentAction","name":"Comment","target":["https:\/\/www.cope.es\/blogs\/a-tumba-abierta\/2022\/10\/19\/el-corredor-colombiano-ivan-sosa-gana-el-tour-de-langkawi\/#respond"]}]},{"@type":"WebPage","@id":"https:\/\/www.cope.es\/blogs\/a-tumba-abierta\/2022\/10\/19\/el-corredor-colombiano-ivan-sosa-gana-el-tour-de-langkawi\/","url":"https:\/\/www.cope.es\/blogs\/a-tumba-abierta\/2022\/10\/19\/el-corredor-colombiano-ivan-sosa-gana-el-tour-de-langkawi\/","name":"El corredor colombiano Iv\u00e1n Sosa gana el Tour de Langkawi","isPartOf":{"@id":"https:\/\/www.cope.es\/blogs\/a-tumba-abierta\/#website"},"primaryImageOfPage":{"@id":"https:\/\/www.cope.es\/blogs\/a-tumba-abierta\/2022\/10\/19\/el-corredor-colombiano-ivan-sosa-gana-el-tour-de-langkawi\/#primaryimage"},"image":{"@id":"https:\/\/www.cope.es\/blogs\/a-tumba-abierta\/2022\/10\/19\/el-corredor-colombiano-ivan-sosa-gana-el-tour-de-langkawi\/#primaryimage"},"thumbnailUrl":"https:\/\/www.cope.es\/blogs\/a-tumba-abierta\/wp-content\/uploads\/sites\/23\/2022\/10\/DEF.png","datePublished":"2022-10-19T12:22:12+00:00","author":{"@id":"https:\/\/www.cope.es\/blogs\/a-tumba-abierta\/#\/schema\/person\/413f6566db421693223476f6b63a643b"},"description":"Iv\u00e1n Sosa conquist\u00f3 este martes el Tour de Langkawi, en Malasia, al t\u00e9rmino de la octava y \u00faltima etapa disputada en Kuah, sobre 115.9 kil\u00f3metros.","breadcrumb":{"@id":"https:\/\/www.cope.es\/blogs\/a-tumba-abierta\/2022\/10\/19\/el-corredor-colombiano-ivan-sosa-gana-el-tour-de-langkawi\/#breadcrumb"},"inLanguage":"es","potentialAction":[{"@type":"ReadAction","target":["https:\/\/www.cope.es\/blogs\/a-tumba-abierta\/2022\/10\/19\/el-corredor-colombiano-ivan-sosa-gana-el-tour-de-langkawi\/"]}]},{"@type":"ImageObject","inLanguage":"es","@id":"https:\/\/www.cope.es\/blogs\/a-tumba-abierta\/2022\/10\/19\/el-corredor-colombiano-ivan-sosa-gana-el-tour-de-langkawi\/#primaryimage","url":"https:\/\/www.cope.es\/blogs\/a-tumba-abierta\/wp-content\/uploads\/sites\/23\/2022\/10\/DEF.png","contentUrl":"https:\/\/www.cope.es\/blogs\/a-tumba-abierta\/wp-content\/uploads\/sites\/23\/2022\/10\/DEF.png","width":1833,"height":823,"caption":"El corredor colombiano Iv\u00e1n Sosa (Movistar Team) conquist\u00f3 este martes el Tour de Langkawi, en Malasia, al t\u00e9rmino de la octava y \u00faltima etapa disputada en Kuah, sobre 115.9 kil\u00f3metros, en la que se impuso el neerland\u00e9s Alex Molenaar (Burgos BH)."},{"@type":"BreadcrumbList","@id":"https:\/\/www.cope.es\/blogs\/a-tumba-abierta\/2022\/10\/19\/el-corredor-colombiano-ivan-sosa-gana-el-tour-de-langkawi\/#breadcrumb","itemListElement":[{"@type":"ListItem","position":1,"name":"Portada","item":"https:\/\/www.cope.es\/blogs\/a-tumba-abierta\/"},{"@type":"ListItem","position":2,"name":"Iv\u00e1n Sosa gana el Tour de Langkawi"}]},{"@type":"WebSite","@id":"https:\/\/www.cope.es\/blogs\/a-tumba-abierta\/#website","url":"https:\/\/www.cope.es\/blogs\/a-tumba-abierta\/","name":"A Tumba Abierta","description":"Blog de ciclismo en COPE","potentialAction":[{"@type":"SearchAction","target":{"@type":"EntryPoint","urlTemplate":"https:\/\/www.cope.es\/blogs\/a-tumba-abierta\/?s={search_term_string}"},"query-input":{"@type":"PropertyValueSpecification","valueRequired":true,"valueName":"search_term_string"}}],"inLanguage":"es"},{"@type":"Person","@id":"https:\/\/www.cope.es\/blogs\/a-tumba-abierta\/#\/schema\/person\/413f6566db421693223476f6b63a643b","name":"Crist\u00f3bal Cabezas","image":{"@type":"ImageObject","inLanguage":"es","@id":"https:\/\/secure.gravatar.com\/avatar\/361550a2a3cac91688caa1b00f2a1fa4e89a6c4361562ca29a361ce0041974c2?s=96&d=mm&r=g","url":"https:\/\/secure.gravatar.com\/avatar\/361550a2a3cac91688caa1b00f2a1fa4e89a6c4361562ca29a361ce0041974c2?s=96&d=mm&r=g","contentUrl":"https:\/\/secure.gravatar.com\/avatar\/361550a2a3cac91688caa1b00f2a1fa4e89a6c4361562ca29a361ce0041974c2?s=96&d=mm&r=g","caption":"Crist\u00f3bal Cabezas"},"description":"Crist\u00f3bal Cabezas es Licenciado en Periodismo por la Universidad Complutense de Madrid y T\u00edtulo en T\u00e9cnico en Comunicaci\u00f3n Integral por la Universidad Francisco de Vitoria. Tras desempe\u00f1ar tareas informativas en diferentes medios, recal\u00f3 en la Cadena COPE en el a\u00f1o 2005. Desde entonces, ha trabajado en las emisoras de Madrid, Granada, Jaca (Huesca) y Toledo, en donde se incorpor\u00f3 en 2013 como Jefe de Informativos de la Cadena COPE en Castilla-La Mancha. Siempre tuvo claro que quer\u00eda ser periodista y, a esa afici\u00f3n, se uni\u00f3 la del ciclismo, deporte con el que ha disfrutado mucho, tanto a trav\u00e9s de los medios de comunicaci\u00f3n como asistiendo en directo a diferentes carreras ciclistas. El inter\u00e9s que siempre mostr\u00f3 con todo lo relacionado con Internet y las redes sociales, fue reconocido con el Premio \u201cD\u00eda de Internet\u201d en la categor\u00eda de \u201cMejor Periodista Digital\u201d por sus trabajos en la Cadena COPE. Precisamente, esa pasi\u00f3n por las nuevas tecnolog\u00edas, espera que sea el \u201cveh\u00edculo\u201d para poder contar \u201cA Tumba Abierta\u201d las mejores historias del deporte de las dos ruedas.","sameAs":["http:\/\/www.cope.es","https:\/\/es-es.facebook.com\/cristobal.cabezasmartin","https:\/\/x.com\/cristoblcabezas"],"url":"https:\/\/www.cope.es\/blogs\/a-tumba-abierta\/author\/ccabezas\/"}]}},"amp_enabled":true,"_links":{"self":[{"href":"https:\/\/www.cope.es\/blogs\/a-tumba-abierta\/wp-json\/wp\/v2\/posts\/1596","targetHints":{"allow":["GET"]}}],"collection":[{"href":"https:\/\/www.cope.es\/blogs\/a-tumba-abierta\/wp-json\/wp\/v2\/posts"}],"about":[{"href":"https:\/\/www.cope.es\/blogs\/a-tumba-abierta\/wp-json\/wp\/v2\/types\/post"}],"author":[{"embeddable":true,"href":"https:\/\/www.cope.es\/blogs\/a-tumba-abierta\/wp-json\/wp\/v2\/users\/24"}],"replies":[{"embeddable":true,"href":"https:\/\/www.cope.es\/blogs\/a-tumba-abierta\/wp-json\/wp\/v2\/comments?post=1596"}],"version-history":[{"count":1,"href":"https:\/\/www.cope.es\/blogs\/a-tumba-abierta\/wp-json\/wp\/v2\/posts\/1596\/revisions"}],"predecessor-version":[{"id":1598,"href":"https:\/\/www.cope.es\/blogs\/a-tumba-abierta\/wp-json\/wp\/v2\/posts\/1596\/revisions\/1598"}],"wp:featuredmedia":[{"embeddable":true,"href":"https:\/\/www.cope.es\/blogs\/a-tumba-abierta\/wp-json\/wp\/v2\/media\/1597"}],"wp:attachment":[{"href":"https:\/\/www.cope.es\/blogs\/a-tumba-abierta\/wp-json\/wp\/v2\/media?parent=1596"}],"wp:term":[{"taxonomy":"category","embeddable":true,"href":"https:\/\/www.cope.es\/blogs\/a-tumba-abierta\/wp-json\/wp\/v2\/categories?post=1596"},{"taxonomy":"post_tag","embeddable":true,"href":"https:\/\/www.cope.es\/blogs\/a-tumba-abierta\/wp-json\/wp\/v2\/tags?post=1596"}],"curies":[{"name":"wp","href":"https:\/\/api.w.org\/{rel}","templated":true}]}}