{"id":1587,"date":"2022-10-17T19:46:45","date_gmt":"2022-10-17T17:46:45","guid":{"rendered":"http:\/\/www.cope.es\/blogs\/a-tumba-abierta\/?p=1587"},"modified":"2022-10-17T19:46:45","modified_gmt":"2022-10-17T17:46:45","slug":"alejandro-montalvo-y-vera-baron-ganan-la-copa-de-espana-de-trial","status":"publish","type":"post","link":"https:\/\/www.cope.es\/blogs\/a-tumba-abierta\/2022\/10\/17\/alejandro-montalvo-y-vera-baron-ganan-la-copa-de-espana-de-trial\/","title":{"rendered":"Alejandro Montalvo y Vera Bar\u00f3n ganan la Copa de Espa\u00f1a de Trial"},"content":{"rendered":"<p>Este fin de semana se ha celebrado en Estella (Navarra) la \u00faltima prueba de la Copa de Espa\u00f1a de Trial en la que se han impuesto <strong>Borja Conejos<\/strong> y <strong>Alba Riera<\/strong>. Por su parte,\u00a0<strong>Alejandro Montalvo<\/strong> y <strong>Vera Bar\u00f3n<\/strong> se han proclamado ganadores de la general \u00e9lite.<\/p>\n<p>En la competici\u00f3n femenina \u00e9lite, Riera super\u00f3 de forma magistral cuatro de las cinco zonas a las que tuvieron que enfrentarse en la final para sumar un total de 290 puntos, por los 250 que totaliz\u00f3 Vera Bar\u00f3n, que con su segunda plaza se asegur\u00f3 el triunfo en la general.<\/p>\n<p>En lo que respecta a la competici\u00f3n masculina, Conejos volvi\u00f3 a protagonizar otra actuaci\u00f3n estelar para hacerse con el triunfo con 240 puntos. Alejandro Montalvo finaliz\u00f3 en cuarta plaza con 200 puntos, lo que le permiti\u00f3 a\u00f1adir otros trece puntos m\u00e1s a su cuenta en la clasificaci\u00f3n general y asegurar el t\u00edtulo de campe\u00f3n de la Copa de Espa\u00f1a por delante de Conejos.<\/p>\n","protected":false},"excerpt":{"rendered":"<p>Este fin de semana se ha celebrado en Estella (Navarra) la \u00faltima prueba de la Copa de Espa\u00f1a de Trial en la que se han impuesto Borja Conejos y Alba Riera. Por su parte,\u00a0Alejandro Montalvo y Vera Bar\u00f3n se han proclamado ganadores de la general \u00e9lite. En la competici\u00f3n femenina \u00e9lite, Riera super\u00f3 de forma [&hellip;]<\/p>\n","protected":false},"author":24,"featured_media":1588,"comment_status":"open","ping_status":"open","sticky":false,"template":"","format":"standard","meta":{"footnotes":""},"categories":[140],"tags":[424,425,423,422,168,164,426],"class_list":["post-1587","post","type-post","status-publish","format-standard","has-post-thumbnail","hentry","category-actualidad","tag-alba-riera","tag-alejandro-montalvo","tag-borja-conejos","tag-estella","tag-navarra","tag-trial","tag-vera-baron"],"yoast_head":"<!-- This site is optimized with the Yoast SEO plugin v27.4 - https:\/\/yoast.com\/product\/yoast-seo-wordpress\/ -->\n<title>Alejandro Montalvo y Vera Bar\u00f3n ganan la Copa de Espa\u00f1a de Trial<\/title>\n<meta name=\"description\" content=\"Alejandro Montalvo y Vera Bar\u00f3n se han proclamado ganadores de la general \u00e9lite tras la disputa de la \u00faltima prueba de la Copa de Espa\u00f1a de Trial.\" \/>\n<meta name=\"robots\" content=\"index, follow, max-snippet:-1, max-image-preview:large, max-video-preview:-1\" \/>\n<link rel=\"canonical\" href=\"https:\/\/www.cope.es\/blogs\/a-tumba-abierta\/2022\/10\/17\/alejandro-montalvo-y-vera-baron-ganan-la-copa-de-espana-de-trial\/\" \/>\n<meta property=\"og:locale\" content=\"es_ES\" \/>\n<meta property=\"og:type\" content=\"article\" \/>\n<meta property=\"og:title\" content=\"Alejandro Montalvo y Vera Bar\u00f3n ganan la Copa de Espa\u00f1a de Trial\" \/>\n<meta property=\"og:description\" content=\"Alejandro Montalvo y Vera Bar\u00f3n se han proclamado ganadores de la general \u00e9lite tras la disputa de la \u00faltima prueba de la Copa de Espa\u00f1a de Trial.\" \/>\n<meta property=\"og:url\" content=\"https:\/\/www.cope.es\/blogs\/a-tumba-abierta\/2022\/10\/17\/alejandro-montalvo-y-vera-baron-ganan-la-copa-de-espana-de-trial\/\" \/>\n<meta property=\"og:site_name\" content=\"A Tumba Abierta\" \/>\n<meta property=\"article:publisher\" content=\"https:\/\/www.facebook.com\/cope\/\" \/>\n<meta property=\"article:author\" content=\"https:\/\/es-es.facebook.com\/cristobal.cabezasmartin\" \/>\n<meta property=\"article:published_time\" content=\"2022-10-17T17:46:45+00:00\" \/>\n<meta property=\"og:image\" content=\"https:\/\/www.cope.es\/blogs\/a-tumba-abierta\/wp-content\/uploads\/sites\/23\/2022\/10\/defff-1.jpg\" \/>\n\t<meta property=\"og:image:width\" content=\"854\" \/>\n\t<meta property=\"og:image:height\" content=\"328\" \/>\n\t<meta property=\"og:image:type\" content=\"image\/jpeg\" \/>\n<meta name=\"author\" content=\"Crist\u00f3bal Cabezas\" \/>\n<meta name=\"twitter:card\" content=\"summary_large_image\" \/>\n<meta name=\"twitter:creator\" content=\"@cristoblcabezas\" \/>\n<meta name=\"twitter:site\" content=\"@cope_es\" \/>\n<meta name=\"twitter:label1\" content=\"Escrito por\" \/>\n\t<meta name=\"twitter:data1\" content=\"Crist\u00f3bal Cabezas\" \/>\n\t<meta name=\"twitter:label2\" content=\"Tiempo de lectura\" \/>\n\t<meta name=\"twitter:data2\" content=\"1 minuto\" \/>\n<script type=\"application\/ld+json\" class=\"yoast-schema-graph\">{\"@context\":\"https:\\\/\\\/schema.org\",\"@graph\":[{\"@type\":\"Article\",\"@id\":\"https:\\\/\\\/www.cope.es\\\/blogs\\\/a-tumba-abierta\\\/2022\\\/10\\\/17\\\/alejandro-montalvo-y-vera-baron-ganan-la-copa-de-espana-de-trial\\\/#article\",\"isPartOf\":{\"@id\":\"https:\\\/\\\/www.cope.es\\\/blogs\\\/a-tumba-abierta\\\/2022\\\/10\\\/17\\\/alejandro-montalvo-y-vera-baron-ganan-la-copa-de-espana-de-trial\\\/\"},\"author\":{\"name\":\"Crist\u00f3bal Cabezas\",\"@id\":\"https:\\\/\\\/www.cope.es\\\/blogs\\\/a-tumba-abierta\\\/#\\\/schema\\\/person\\\/413f6566db421693223476f6b63a643b\"},\"headline\":\"Alejandro Montalvo y Vera Bar\u00f3n ganan la Copa de Espa\u00f1a de Trial\",\"datePublished\":\"2022-10-17T17:46:45+00:00\",\"mainEntityOfPage\":{\"@id\":\"https:\\\/\\\/www.cope.es\\\/blogs\\\/a-tumba-abierta\\\/2022\\\/10\\\/17\\\/alejandro-montalvo-y-vera-baron-ganan-la-copa-de-espana-de-trial\\\/\"},\"wordCount\":182,\"commentCount\":0,\"image\":{\"@id\":\"https:\\\/\\\/www.cope.es\\\/blogs\\\/a-tumba-abierta\\\/2022\\\/10\\\/17\\\/alejandro-montalvo-y-vera-baron-ganan-la-copa-de-espana-de-trial\\\/#primaryimage\"},\"thumbnailUrl\":\"https:\\\/\\\/www.cope.es\\\/blogs\\\/a-tumba-abierta\\\/wp-content\\\/uploads\\\/sites\\\/23\\\/2022\\\/10\\\/defff-1.jpg\",\"keywords\":[\"Alba Riera\",\"Alejandro Montalvo\",\"Borja Conejos\",\"Estella\",\"Navarra\",\"Trial\",\"Vera Bar\u00f3n\"],\"articleSection\":[\"Actualidad\"],\"inLanguage\":\"es\",\"potentialAction\":[{\"@type\":\"CommentAction\",\"name\":\"Comment\",\"target\":[\"https:\\\/\\\/www.cope.es\\\/blogs\\\/a-tumba-abierta\\\/2022\\\/10\\\/17\\\/alejandro-montalvo-y-vera-baron-ganan-la-copa-de-espana-de-trial\\\/#respond\"]}]},{\"@type\":\"WebPage\",\"@id\":\"https:\\\/\\\/www.cope.es\\\/blogs\\\/a-tumba-abierta\\\/2022\\\/10\\\/17\\\/alejandro-montalvo-y-vera-baron-ganan-la-copa-de-espana-de-trial\\\/\",\"url\":\"https:\\\/\\\/www.cope.es\\\/blogs\\\/a-tumba-abierta\\\/2022\\\/10\\\/17\\\/alejandro-montalvo-y-vera-baron-ganan-la-copa-de-espana-de-trial\\\/\",\"name\":\"Alejandro Montalvo y Vera Bar\u00f3n ganan la Copa de Espa\u00f1a de Trial\",\"isPartOf\":{\"@id\":\"https:\\\/\\\/www.cope.es\\\/blogs\\\/a-tumba-abierta\\\/#website\"},\"primaryImageOfPage\":{\"@id\":\"https:\\\/\\\/www.cope.es\\\/blogs\\\/a-tumba-abierta\\\/2022\\\/10\\\/17\\\/alejandro-montalvo-y-vera-baron-ganan-la-copa-de-espana-de-trial\\\/#primaryimage\"},\"image\":{\"@id\":\"https:\\\/\\\/www.cope.es\\\/blogs\\\/a-tumba-abierta\\\/2022\\\/10\\\/17\\\/alejandro-montalvo-y-vera-baron-ganan-la-copa-de-espana-de-trial\\\/#primaryimage\"},\"thumbnailUrl\":\"https:\\\/\\\/www.cope.es\\\/blogs\\\/a-tumba-abierta\\\/wp-content\\\/uploads\\\/sites\\\/23\\\/2022\\\/10\\\/defff-1.jpg\",\"datePublished\":\"2022-10-17T17:46:45+00:00\",\"author\":{\"@id\":\"https:\\\/\\\/www.cope.es\\\/blogs\\\/a-tumba-abierta\\\/#\\\/schema\\\/person\\\/413f6566db421693223476f6b63a643b\"},\"description\":\"Alejandro Montalvo y Vera Bar\u00f3n se han proclamado ganadores de la general \u00e9lite tras la disputa de la \u00faltima prueba de la Copa de Espa\u00f1a de Trial.\",\"breadcrumb\":{\"@id\":\"https:\\\/\\\/www.cope.es\\\/blogs\\\/a-tumba-abierta\\\/2022\\\/10\\\/17\\\/alejandro-montalvo-y-vera-baron-ganan-la-copa-de-espana-de-trial\\\/#breadcrumb\"},\"inLanguage\":\"es\",\"potentialAction\":[{\"@type\":\"ReadAction\",\"target\":[\"https:\\\/\\\/www.cope.es\\\/blogs\\\/a-tumba-abierta\\\/2022\\\/10\\\/17\\\/alejandro-montalvo-y-vera-baron-ganan-la-copa-de-espana-de-trial\\\/\"]}]},{\"@type\":\"ImageObject\",\"inLanguage\":\"es\",\"@id\":\"https:\\\/\\\/www.cope.es\\\/blogs\\\/a-tumba-abierta\\\/2022\\\/10\\\/17\\\/alejandro-montalvo-y-vera-baron-ganan-la-copa-de-espana-de-trial\\\/#primaryimage\",\"url\":\"https:\\\/\\\/www.cope.es\\\/blogs\\\/a-tumba-abierta\\\/wp-content\\\/uploads\\\/sites\\\/23\\\/2022\\\/10\\\/defff-1.jpg\",\"contentUrl\":\"https:\\\/\\\/www.cope.es\\\/blogs\\\/a-tumba-abierta\\\/wp-content\\\/uploads\\\/sites\\\/23\\\/2022\\\/10\\\/defff-1.jpg\",\"width\":854,\"height\":328,\"caption\":\"Alejandro Montalvo y Vera Bar\u00f3n se han proclamado ganadores de la general \u00e9lite tras la disputa de la \u00faltima prueba de la Copa de Espa\u00f1a de Trial.\"},{\"@type\":\"BreadcrumbList\",\"@id\":\"https:\\\/\\\/www.cope.es\\\/blogs\\\/a-tumba-abierta\\\/2022\\\/10\\\/17\\\/alejandro-montalvo-y-vera-baron-ganan-la-copa-de-espana-de-trial\\\/#breadcrumb\",\"itemListElement\":[{\"@type\":\"ListItem\",\"position\":1,\"name\":\"Portada\",\"item\":\"https:\\\/\\\/www.cope.es\\\/blogs\\\/a-tumba-abierta\\\/\"},{\"@type\":\"ListItem\",\"position\":2,\"name\":\"Alejandro Montalvo y Vera Bar\u00f3n ganan la Copa de Espa\u00f1a de Trial\"}]},{\"@type\":\"WebSite\",\"@id\":\"https:\\\/\\\/www.cope.es\\\/blogs\\\/a-tumba-abierta\\\/#website\",\"url\":\"https:\\\/\\\/www.cope.es\\\/blogs\\\/a-tumba-abierta\\\/\",\"name\":\"A Tumba Abierta\",\"description\":\"Blog de ciclismo en COPE\",\"potentialAction\":[{\"@type\":\"SearchAction\",\"target\":{\"@type\":\"EntryPoint\",\"urlTemplate\":\"https:\\\/\\\/www.cope.es\\\/blogs\\\/a-tumba-abierta\\\/?s={search_term_string}\"},\"query-input\":{\"@type\":\"PropertyValueSpecification\",\"valueRequired\":true,\"valueName\":\"search_term_string\"}}],\"inLanguage\":\"es\"},{\"@type\":\"Person\",\"@id\":\"https:\\\/\\\/www.cope.es\\\/blogs\\\/a-tumba-abierta\\\/#\\\/schema\\\/person\\\/413f6566db421693223476f6b63a643b\",\"name\":\"Crist\u00f3bal Cabezas\",\"image\":{\"@type\":\"ImageObject\",\"inLanguage\":\"es\",\"@id\":\"https:\\\/\\\/secure.gravatar.com\\\/avatar\\\/361550a2a3cac91688caa1b00f2a1fa4e89a6c4361562ca29a361ce0041974c2?s=96&d=mm&r=g\",\"url\":\"https:\\\/\\\/secure.gravatar.com\\\/avatar\\\/361550a2a3cac91688caa1b00f2a1fa4e89a6c4361562ca29a361ce0041974c2?s=96&d=mm&r=g\",\"contentUrl\":\"https:\\\/\\\/secure.gravatar.com\\\/avatar\\\/361550a2a3cac91688caa1b00f2a1fa4e89a6c4361562ca29a361ce0041974c2?s=96&d=mm&r=g\",\"caption\":\"Crist\u00f3bal Cabezas\"},\"description\":\"Crist\u00f3bal Cabezas es Licenciado en Periodismo por la Universidad Complutense de Madrid y T\u00edtulo en T\u00e9cnico en Comunicaci\u00f3n Integral por la Universidad Francisco de Vitoria. Tras desempe\u00f1ar tareas informativas en diferentes medios, recal\u00f3 en la Cadena COPE en el a\u00f1o 2005. Desde entonces, ha trabajado en las emisoras de Madrid, Granada, Jaca (Huesca) y Toledo, en donde se incorpor\u00f3 en 2013 como Jefe de Informativos de la Cadena COPE en Castilla-La Mancha. Siempre tuvo claro que quer\u00eda ser periodista y, a esa afici\u00f3n, se uni\u00f3 la del ciclismo, deporte con el que ha disfrutado mucho, tanto a trav\u00e9s de los medios de comunicaci\u00f3n como asistiendo en directo a diferentes carreras ciclistas. El inter\u00e9s que siempre mostr\u00f3 con todo lo relacionado con Internet y las redes sociales, fue reconocido con el Premio \u201cD\u00eda de Internet\u201d en la categor\u00eda de \u201cMejor Periodista Digital\u201d por sus trabajos en la Cadena COPE. Precisamente, esa pasi\u00f3n por las nuevas tecnolog\u00edas, espera que sea el \u201cveh\u00edculo\u201d para poder contar \u201cA Tumba Abierta\u201d las mejores historias del deporte de las dos ruedas.\",\"sameAs\":[\"http:\\\/\\\/www.cope.es\",\"https:\\\/\\\/es-es.facebook.com\\\/cristobal.cabezasmartin\",\"https:\\\/\\\/x.com\\\/cristoblcabezas\"],\"url\":\"https:\\\/\\\/www.cope.es\\\/blogs\\\/a-tumba-abierta\\\/author\\\/ccabezas\\\/\"}]}<\/script>\n<!-- \/ Yoast SEO plugin. -->","yoast_head_json":{"title":"Alejandro Montalvo y Vera Bar\u00f3n ganan la Copa de Espa\u00f1a de Trial","description":"Alejandro Montalvo y Vera Bar\u00f3n se han proclamado ganadores de la general \u00e9lite tras la disputa de la \u00faltima prueba de la Copa de Espa\u00f1a de Trial.","robots":{"index":"index","follow":"follow","max-snippet":"max-snippet:-1","max-image-preview":"max-image-preview:large","max-video-preview":"max-video-preview:-1"},"canonical":"https:\/\/www.cope.es\/blogs\/a-tumba-abierta\/2022\/10\/17\/alejandro-montalvo-y-vera-baron-ganan-la-copa-de-espana-de-trial\/","og_locale":"es_ES","og_type":"article","og_title":"Alejandro Montalvo y Vera Bar\u00f3n ganan la Copa de Espa\u00f1a de Trial","og_description":"Alejandro Montalvo y Vera Bar\u00f3n se han proclamado ganadores de la general \u00e9lite tras la disputa de la \u00faltima prueba de la Copa de Espa\u00f1a de Trial.","og_url":"https:\/\/www.cope.es\/blogs\/a-tumba-abierta\/2022\/10\/17\/alejandro-montalvo-y-vera-baron-ganan-la-copa-de-espana-de-trial\/","og_site_name":"A Tumba Abierta","article_publisher":"https:\/\/www.facebook.com\/cope\/","article_author":"https:\/\/es-es.facebook.com\/cristobal.cabezasmartin","article_published_time":"2022-10-17T17:46:45+00:00","og_image":[{"width":854,"height":328,"url":"https:\/\/www.cope.es\/blogs\/a-tumba-abierta\/wp-content\/uploads\/sites\/23\/2022\/10\/defff-1.jpg","type":"image\/jpeg"}],"author":"Crist\u00f3bal Cabezas","twitter_card":"summary_large_image","twitter_creator":"@cristoblcabezas","twitter_site":"@cope_es","twitter_misc":{"Escrito por":"Crist\u00f3bal Cabezas","Tiempo de lectura":"1 minuto"},"schema":{"@context":"https:\/\/schema.org","@graph":[{"@type":"Article","@id":"https:\/\/www.cope.es\/blogs\/a-tumba-abierta\/2022\/10\/17\/alejandro-montalvo-y-vera-baron-ganan-la-copa-de-espana-de-trial\/#article","isPartOf":{"@id":"https:\/\/www.cope.es\/blogs\/a-tumba-abierta\/2022\/10\/17\/alejandro-montalvo-y-vera-baron-ganan-la-copa-de-espana-de-trial\/"},"author":{"name":"Crist\u00f3bal Cabezas","@id":"https:\/\/www.cope.es\/blogs\/a-tumba-abierta\/#\/schema\/person\/413f6566db421693223476f6b63a643b"},"headline":"Alejandro Montalvo y Vera Bar\u00f3n ganan la Copa de Espa\u00f1a de Trial","datePublished":"2022-10-17T17:46:45+00:00","mainEntityOfPage":{"@id":"https:\/\/www.cope.es\/blogs\/a-tumba-abierta\/2022\/10\/17\/alejandro-montalvo-y-vera-baron-ganan-la-copa-de-espana-de-trial\/"},"wordCount":182,"commentCount":0,"image":{"@id":"https:\/\/www.cope.es\/blogs\/a-tumba-abierta\/2022\/10\/17\/alejandro-montalvo-y-vera-baron-ganan-la-copa-de-espana-de-trial\/#primaryimage"},"thumbnailUrl":"https:\/\/www.cope.es\/blogs\/a-tumba-abierta\/wp-content\/uploads\/sites\/23\/2022\/10\/defff-1.jpg","keywords":["Alba Riera","Alejandro Montalvo","Borja Conejos","Estella","Navarra","Trial","Vera Bar\u00f3n"],"articleSection":["Actualidad"],"inLanguage":"es","potentialAction":[{"@type":"CommentAction","name":"Comment","target":["https:\/\/www.cope.es\/blogs\/a-tumba-abierta\/2022\/10\/17\/alejandro-montalvo-y-vera-baron-ganan-la-copa-de-espana-de-trial\/#respond"]}]},{"@type":"WebPage","@id":"https:\/\/www.cope.es\/blogs\/a-tumba-abierta\/2022\/10\/17\/alejandro-montalvo-y-vera-baron-ganan-la-copa-de-espana-de-trial\/","url":"https:\/\/www.cope.es\/blogs\/a-tumba-abierta\/2022\/10\/17\/alejandro-montalvo-y-vera-baron-ganan-la-copa-de-espana-de-trial\/","name":"Alejandro Montalvo y Vera Bar\u00f3n ganan la Copa de Espa\u00f1a de Trial","isPartOf":{"@id":"https:\/\/www.cope.es\/blogs\/a-tumba-abierta\/#website"},"primaryImageOfPage":{"@id":"https:\/\/www.cope.es\/blogs\/a-tumba-abierta\/2022\/10\/17\/alejandro-montalvo-y-vera-baron-ganan-la-copa-de-espana-de-trial\/#primaryimage"},"image":{"@id":"https:\/\/www.cope.es\/blogs\/a-tumba-abierta\/2022\/10\/17\/alejandro-montalvo-y-vera-baron-ganan-la-copa-de-espana-de-trial\/#primaryimage"},"thumbnailUrl":"https:\/\/www.cope.es\/blogs\/a-tumba-abierta\/wp-content\/uploads\/sites\/23\/2022\/10\/defff-1.jpg","datePublished":"2022-10-17T17:46:45+00:00","author":{"@id":"https:\/\/www.cope.es\/blogs\/a-tumba-abierta\/#\/schema\/person\/413f6566db421693223476f6b63a643b"},"description":"Alejandro Montalvo y Vera Bar\u00f3n se han proclamado ganadores de la general \u00e9lite tras la disputa de la \u00faltima prueba de la Copa de Espa\u00f1a de Trial.","breadcrumb":{"@id":"https:\/\/www.cope.es\/blogs\/a-tumba-abierta\/2022\/10\/17\/alejandro-montalvo-y-vera-baron-ganan-la-copa-de-espana-de-trial\/#breadcrumb"},"inLanguage":"es","potentialAction":[{"@type":"ReadAction","target":["https:\/\/www.cope.es\/blogs\/a-tumba-abierta\/2022\/10\/17\/alejandro-montalvo-y-vera-baron-ganan-la-copa-de-espana-de-trial\/"]}]},{"@type":"ImageObject","inLanguage":"es","@id":"https:\/\/www.cope.es\/blogs\/a-tumba-abierta\/2022\/10\/17\/alejandro-montalvo-y-vera-baron-ganan-la-copa-de-espana-de-trial\/#primaryimage","url":"https:\/\/www.cope.es\/blogs\/a-tumba-abierta\/wp-content\/uploads\/sites\/23\/2022\/10\/defff-1.jpg","contentUrl":"https:\/\/www.cope.es\/blogs\/a-tumba-abierta\/wp-content\/uploads\/sites\/23\/2022\/10\/defff-1.jpg","width":854,"height":328,"caption":"Alejandro Montalvo y Vera Bar\u00f3n se han proclamado ganadores de la general \u00e9lite tras la disputa de la \u00faltima prueba de la Copa de Espa\u00f1a de Trial."},{"@type":"BreadcrumbList","@id":"https:\/\/www.cope.es\/blogs\/a-tumba-abierta\/2022\/10\/17\/alejandro-montalvo-y-vera-baron-ganan-la-copa-de-espana-de-trial\/#breadcrumb","itemListElement":[{"@type":"ListItem","position":1,"name":"Portada","item":"https:\/\/www.cope.es\/blogs\/a-tumba-abierta\/"},{"@type":"ListItem","position":2,"name":"Alejandro Montalvo y Vera Bar\u00f3n ganan la Copa de Espa\u00f1a de Trial"}]},{"@type":"WebSite","@id":"https:\/\/www.cope.es\/blogs\/a-tumba-abierta\/#website","url":"https:\/\/www.cope.es\/blogs\/a-tumba-abierta\/","name":"A Tumba Abierta","description":"Blog de ciclismo en COPE","potentialAction":[{"@type":"SearchAction","target":{"@type":"EntryPoint","urlTemplate":"https:\/\/www.cope.es\/blogs\/a-tumba-abierta\/?s={search_term_string}"},"query-input":{"@type":"PropertyValueSpecification","valueRequired":true,"valueName":"search_term_string"}}],"inLanguage":"es"},{"@type":"Person","@id":"https:\/\/www.cope.es\/blogs\/a-tumba-abierta\/#\/schema\/person\/413f6566db421693223476f6b63a643b","name":"Crist\u00f3bal Cabezas","image":{"@type":"ImageObject","inLanguage":"es","@id":"https:\/\/secure.gravatar.com\/avatar\/361550a2a3cac91688caa1b00f2a1fa4e89a6c4361562ca29a361ce0041974c2?s=96&d=mm&r=g","url":"https:\/\/secure.gravatar.com\/avatar\/361550a2a3cac91688caa1b00f2a1fa4e89a6c4361562ca29a361ce0041974c2?s=96&d=mm&r=g","contentUrl":"https:\/\/secure.gravatar.com\/avatar\/361550a2a3cac91688caa1b00f2a1fa4e89a6c4361562ca29a361ce0041974c2?s=96&d=mm&r=g","caption":"Crist\u00f3bal Cabezas"},"description":"Crist\u00f3bal Cabezas es Licenciado en Periodismo por la Universidad Complutense de Madrid y T\u00edtulo en T\u00e9cnico en Comunicaci\u00f3n Integral por la Universidad Francisco de Vitoria. Tras desempe\u00f1ar tareas informativas en diferentes medios, recal\u00f3 en la Cadena COPE en el a\u00f1o 2005. Desde entonces, ha trabajado en las emisoras de Madrid, Granada, Jaca (Huesca) y Toledo, en donde se incorpor\u00f3 en 2013 como Jefe de Informativos de la Cadena COPE en Castilla-La Mancha. Siempre tuvo claro que quer\u00eda ser periodista y, a esa afici\u00f3n, se uni\u00f3 la del ciclismo, deporte con el que ha disfrutado mucho, tanto a trav\u00e9s de los medios de comunicaci\u00f3n como asistiendo en directo a diferentes carreras ciclistas. El inter\u00e9s que siempre mostr\u00f3 con todo lo relacionado con Internet y las redes sociales, fue reconocido con el Premio \u201cD\u00eda de Internet\u201d en la categor\u00eda de \u201cMejor Periodista Digital\u201d por sus trabajos en la Cadena COPE. Precisamente, esa pasi\u00f3n por las nuevas tecnolog\u00edas, espera que sea el \u201cveh\u00edculo\u201d para poder contar \u201cA Tumba Abierta\u201d las mejores historias del deporte de las dos ruedas.","sameAs":["http:\/\/www.cope.es","https:\/\/es-es.facebook.com\/cristobal.cabezasmartin","https:\/\/x.com\/cristoblcabezas"],"url":"https:\/\/www.cope.es\/blogs\/a-tumba-abierta\/author\/ccabezas\/"}]}},"amp_enabled":true,"_links":{"self":[{"href":"https:\/\/www.cope.es\/blogs\/a-tumba-abierta\/wp-json\/wp\/v2\/posts\/1587","targetHints":{"allow":["GET"]}}],"collection":[{"href":"https:\/\/www.cope.es\/blogs\/a-tumba-abierta\/wp-json\/wp\/v2\/posts"}],"about":[{"href":"https:\/\/www.cope.es\/blogs\/a-tumba-abierta\/wp-json\/wp\/v2\/types\/post"}],"author":[{"embeddable":true,"href":"https:\/\/www.cope.es\/blogs\/a-tumba-abierta\/wp-json\/wp\/v2\/users\/24"}],"replies":[{"embeddable":true,"href":"https:\/\/www.cope.es\/blogs\/a-tumba-abierta\/wp-json\/wp\/v2\/comments?post=1587"}],"version-history":[{"count":2,"href":"https:\/\/www.cope.es\/blogs\/a-tumba-abierta\/wp-json\/wp\/v2\/posts\/1587\/revisions"}],"predecessor-version":[{"id":1590,"href":"https:\/\/www.cope.es\/blogs\/a-tumba-abierta\/wp-json\/wp\/v2\/posts\/1587\/revisions\/1590"}],"wp:featuredmedia":[{"embeddable":true,"href":"https:\/\/www.cope.es\/blogs\/a-tumba-abierta\/wp-json\/wp\/v2\/media\/1588"}],"wp:attachment":[{"href":"https:\/\/www.cope.es\/blogs\/a-tumba-abierta\/wp-json\/wp\/v2\/media?parent=1587"}],"wp:term":[{"taxonomy":"category","embeddable":true,"href":"https:\/\/www.cope.es\/blogs\/a-tumba-abierta\/wp-json\/wp\/v2\/categories?post=1587"},{"taxonomy":"post_tag","embeddable":true,"href":"https:\/\/www.cope.es\/blogs\/a-tumba-abierta\/wp-json\/wp\/v2\/tags?post=1587"}],"curies":[{"name":"wp","href":"https:\/\/api.w.org\/{rel}","templated":true}]}}