{"id":1577,"date":"2022-10-15T21:30:37","date_gmt":"2022-10-15T19:30:37","guid":{"rendered":"http:\/\/www.cope.es\/blogs\/a-tumba-abierta\/?p=1577"},"modified":"2022-10-15T22:50:07","modified_gmt":"2022-10-15T20:50:07","slug":"alejandro-martinez-bronce-en-el-mundial-de-pista-2022","status":"publish","type":"post","link":"https:\/\/www.cope.es\/blogs\/a-tumba-abierta\/2022\/10\/15\/alejandro-martinez-bronce-en-el-mundial-de-pista-2022\/","title":{"rendered":"Alejandro Mart\u00ednez, bronce en el Mundial de pista"},"content":{"rendered":"<p>El velocista espa\u00f1ol <strong>Alejandro Mart\u00ednez<\/strong> ha conseguido este viernes en el vel\u00f3dromo franc\u00e9s de Saint-Quentin-en-Yvelines la primera medalla para la selecci\u00f3n espa\u00f1ola en el <a href=\"https:\/\/www.cope.es\/blogs\/a-tumba-abierta\/2022\/10\/12\/espana-afronta-el-reto-de-volver-a-las-medallas-en-el-mundial-de-pista\/\" target=\"_blank\">Mundial de pista 2022<\/a> con un sensacional bronce en el kil\u00f3metro contrarreloj.<\/p>\n<p>El vel\u00f3dromo parisino ha sido testigo de la nueva mejor marca nacional conquistada por un enorme Alejandro Mart\u00ednez hasta en dos ocasiones.<\/p>\n<p>El alicantino expuso su mejor versi\u00f3n para parar el reloj en 59.938, situ\u00e1ndose octavo y accediendo a la final, convirti\u00e9ndose en el primer espa\u00f1ol en bajar del minuto en la especialidad.<\/p>\n<p>Ya en la pelea por las medallas, Mart\u00ednez ha puesto de relieve su fabulosa capacidad de recuperaci\u00f3n para volver a mejorar la mejor marca hist\u00f3rica nacional y auparse hasta la tercera plaza final con un extraordinario 59.871.<\/p>\n<p>El velocista espa\u00f1ol solamente ha sido superado por el franc\u00e9s <strong>Melvin<\/strong> <strong>Landerneau<\/strong>, segundo con 59.568, y el inconmensurable neerland\u00e9s <strong>Jeffrey Hoogland<\/strong> con 58.106.<\/p>\n<p>&#8220;Hace menos de un mes hablaba con mi psic\u00f3logo porque no estaba bien, ten\u00eda mucho estr\u00e9s, ha sido una temporada muy larga. Verme en una final era incre\u00edble, pero lo que ha pasado este viernes no tiene nombre&#8221;, declaraba visiblemente feliz Alejandro Mart\u00ednez.<\/p>\n","protected":false},"excerpt":{"rendered":"<p>El velocista espa\u00f1ol Alejandro Mart\u00ednez ha conseguido este viernes en el vel\u00f3dromo franc\u00e9s de Saint-Quentin-en-Yvelines la primera medalla para la selecci\u00f3n espa\u00f1ola en el Mundial de pista 2022 con un sensacional bronce en el kil\u00f3metro contrarreloj. El vel\u00f3dromo parisino ha sido testigo de la nueva mejor marca nacional conquistada por un enorme Alejandro Mart\u00ednez hasta [&hellip;]<\/p>\n","protected":false},"author":24,"featured_media":1578,"comment_status":"open","ping_status":"open","sticky":false,"template":"","format":"standard","meta":{"footnotes":""},"categories":[140],"tags":[280,418,416,417,384],"class_list":["post-1577","post","type-post","status-publish","format-standard","has-post-thumbnail","hentry","category-actualidad","tag-alejandro-martinez","tag-jeffrey-hoogland","tag-kilometro-contrarreloj","tag-melvin-landerneau","tag-saint-quentin-en-yvelines"],"yoast_head":"<!-- This site is optimized with the Yoast SEO plugin v27.4 - https:\/\/yoast.com\/product\/yoast-seo-wordpress\/ -->\n<title>Alejandro Mart\u00ednez, bronce en el Mundial de pista 2022<\/title>\n<meta name=\"description\" content=\"El velocista espa\u00f1ol Alejandro Mart\u00ednez ha conseguido este viernes la primera medalla para la selecci\u00f3n espa\u00f1ola en el Mundial de pista 2022.\" \/>\n<meta name=\"robots\" content=\"index, follow, max-snippet:-1, max-image-preview:large, max-video-preview:-1\" \/>\n<link rel=\"canonical\" href=\"https:\/\/www.cope.es\/blogs\/a-tumba-abierta\/2022\/10\/15\/alejandro-martinez-bronce-en-el-mundial-de-pista-2022\/\" \/>\n<meta property=\"og:locale\" content=\"es_ES\" \/>\n<meta property=\"og:type\" content=\"article\" \/>\n<meta property=\"og:title\" content=\"Alejandro Mart\u00ednez, bronce en el Mundial de pista 2022\" \/>\n<meta property=\"og:description\" content=\"El velocista espa\u00f1ol Alejandro Mart\u00ednez ha conseguido este viernes la primera medalla para la selecci\u00f3n espa\u00f1ola en el Mundial de pista 2022.\" \/>\n<meta property=\"og:url\" content=\"https:\/\/www.cope.es\/blogs\/a-tumba-abierta\/2022\/10\/15\/alejandro-martinez-bronce-en-el-mundial-de-pista-2022\/\" \/>\n<meta property=\"og:site_name\" content=\"A Tumba Abierta\" \/>\n<meta property=\"article:publisher\" content=\"https:\/\/www.facebook.com\/cope\/\" \/>\n<meta property=\"article:author\" content=\"https:\/\/es-es.facebook.com\/cristobal.cabezasmartin\" \/>\n<meta property=\"article:published_time\" content=\"2022-10-15T19:30:37+00:00\" \/>\n<meta property=\"article:modified_time\" content=\"2022-10-15T20:50:07+00:00\" \/>\n<meta property=\"og:image\" content=\"https:\/\/www.cope.es\/blogs\/a-tumba-abierta\/wp-content\/uploads\/sites\/23\/2022\/10\/defff.jpg\" \/>\n\t<meta property=\"og:image:width\" content=\"758\" \/>\n\t<meta property=\"og:image:height\" content=\"359\" \/>\n\t<meta property=\"og:image:type\" content=\"image\/jpeg\" \/>\n<meta name=\"author\" content=\"Crist\u00f3bal Cabezas\" \/>\n<meta name=\"twitter:card\" content=\"summary_large_image\" \/>\n<meta name=\"twitter:creator\" content=\"@cristoblcabezas\" \/>\n<meta name=\"twitter:site\" content=\"@cope_es\" \/>\n<meta name=\"twitter:label1\" content=\"Escrito por\" \/>\n\t<meta name=\"twitter:data1\" content=\"Crist\u00f3bal Cabezas\" \/>\n\t<meta name=\"twitter:label2\" content=\"Tiempo de lectura\" \/>\n\t<meta name=\"twitter:data2\" content=\"1 minuto\" \/>\n<script type=\"application\/ld+json\" class=\"yoast-schema-graph\">{\"@context\":\"https:\\\/\\\/schema.org\",\"@graph\":[{\"@type\":\"Article\",\"@id\":\"https:\\\/\\\/www.cope.es\\\/blogs\\\/a-tumba-abierta\\\/2022\\\/10\\\/15\\\/alejandro-martinez-bronce-en-el-mundial-de-pista-2022\\\/#article\",\"isPartOf\":{\"@id\":\"https:\\\/\\\/www.cope.es\\\/blogs\\\/a-tumba-abierta\\\/2022\\\/10\\\/15\\\/alejandro-martinez-bronce-en-el-mundial-de-pista-2022\\\/\"},\"author\":{\"name\":\"Crist\u00f3bal Cabezas\",\"@id\":\"https:\\\/\\\/www.cope.es\\\/blogs\\\/a-tumba-abierta\\\/#\\\/schema\\\/person\\\/413f6566db421693223476f6b63a643b\"},\"headline\":\"Alejandro Mart\u00ednez, bronce en el Mundial de pista\",\"datePublished\":\"2022-10-15T19:30:37+00:00\",\"dateModified\":\"2022-10-15T20:50:07+00:00\",\"mainEntityOfPage\":{\"@id\":\"https:\\\/\\\/www.cope.es\\\/blogs\\\/a-tumba-abierta\\\/2022\\\/10\\\/15\\\/alejandro-martinez-bronce-en-el-mundial-de-pista-2022\\\/\"},\"wordCount\":220,\"commentCount\":0,\"image\":{\"@id\":\"https:\\\/\\\/www.cope.es\\\/blogs\\\/a-tumba-abierta\\\/2022\\\/10\\\/15\\\/alejandro-martinez-bronce-en-el-mundial-de-pista-2022\\\/#primaryimage\"},\"thumbnailUrl\":\"https:\\\/\\\/www.cope.es\\\/blogs\\\/a-tumba-abierta\\\/wp-content\\\/uploads\\\/sites\\\/23\\\/2022\\\/10\\\/defff.jpg\",\"keywords\":[\"Alejandro Mart\u00ednez\",\"Jeffrey Hoogland\",\"kil\u00f3metro contrarreloj\",\"Melvin Landerneau\",\"Saint-Quentin-en-Yvelines\"],\"articleSection\":[\"Actualidad\"],\"inLanguage\":\"es\",\"potentialAction\":[{\"@type\":\"CommentAction\",\"name\":\"Comment\",\"target\":[\"https:\\\/\\\/www.cope.es\\\/blogs\\\/a-tumba-abierta\\\/2022\\\/10\\\/15\\\/alejandro-martinez-bronce-en-el-mundial-de-pista-2022\\\/#respond\"]}]},{\"@type\":\"WebPage\",\"@id\":\"https:\\\/\\\/www.cope.es\\\/blogs\\\/a-tumba-abierta\\\/2022\\\/10\\\/15\\\/alejandro-martinez-bronce-en-el-mundial-de-pista-2022\\\/\",\"url\":\"https:\\\/\\\/www.cope.es\\\/blogs\\\/a-tumba-abierta\\\/2022\\\/10\\\/15\\\/alejandro-martinez-bronce-en-el-mundial-de-pista-2022\\\/\",\"name\":\"Alejandro Mart\u00ednez, bronce en el Mundial de pista 2022\",\"isPartOf\":{\"@id\":\"https:\\\/\\\/www.cope.es\\\/blogs\\\/a-tumba-abierta\\\/#website\"},\"primaryImageOfPage\":{\"@id\":\"https:\\\/\\\/www.cope.es\\\/blogs\\\/a-tumba-abierta\\\/2022\\\/10\\\/15\\\/alejandro-martinez-bronce-en-el-mundial-de-pista-2022\\\/#primaryimage\"},\"image\":{\"@id\":\"https:\\\/\\\/www.cope.es\\\/blogs\\\/a-tumba-abierta\\\/2022\\\/10\\\/15\\\/alejandro-martinez-bronce-en-el-mundial-de-pista-2022\\\/#primaryimage\"},\"thumbnailUrl\":\"https:\\\/\\\/www.cope.es\\\/blogs\\\/a-tumba-abierta\\\/wp-content\\\/uploads\\\/sites\\\/23\\\/2022\\\/10\\\/defff.jpg\",\"datePublished\":\"2022-10-15T19:30:37+00:00\",\"dateModified\":\"2022-10-15T20:50:07+00:00\",\"author\":{\"@id\":\"https:\\\/\\\/www.cope.es\\\/blogs\\\/a-tumba-abierta\\\/#\\\/schema\\\/person\\\/413f6566db421693223476f6b63a643b\"},\"description\":\"El velocista espa\u00f1ol Alejandro Mart\u00ednez ha conseguido este viernes la primera medalla para la selecci\u00f3n espa\u00f1ola en el Mundial de pista 2022.\",\"breadcrumb\":{\"@id\":\"https:\\\/\\\/www.cope.es\\\/blogs\\\/a-tumba-abierta\\\/2022\\\/10\\\/15\\\/alejandro-martinez-bronce-en-el-mundial-de-pista-2022\\\/#breadcrumb\"},\"inLanguage\":\"es\",\"potentialAction\":[{\"@type\":\"ReadAction\",\"target\":[\"https:\\\/\\\/www.cope.es\\\/blogs\\\/a-tumba-abierta\\\/2022\\\/10\\\/15\\\/alejandro-martinez-bronce-en-el-mundial-de-pista-2022\\\/\"]}]},{\"@type\":\"ImageObject\",\"inLanguage\":\"es\",\"@id\":\"https:\\\/\\\/www.cope.es\\\/blogs\\\/a-tumba-abierta\\\/2022\\\/10\\\/15\\\/alejandro-martinez-bronce-en-el-mundial-de-pista-2022\\\/#primaryimage\",\"url\":\"https:\\\/\\\/www.cope.es\\\/blogs\\\/a-tumba-abierta\\\/wp-content\\\/uploads\\\/sites\\\/23\\\/2022\\\/10\\\/defff.jpg\",\"contentUrl\":\"https:\\\/\\\/www.cope.es\\\/blogs\\\/a-tumba-abierta\\\/wp-content\\\/uploads\\\/sites\\\/23\\\/2022\\\/10\\\/defff.jpg\",\"width\":758,\"height\":359,\"caption\":\"El velocista espa\u00f1ol Alejandro Mart\u00ednez ha conseguido este viernes la primera medalla para la selecci\u00f3n espa\u00f1ola en el Mundial de pista 2022.\"},{\"@type\":\"BreadcrumbList\",\"@id\":\"https:\\\/\\\/www.cope.es\\\/blogs\\\/a-tumba-abierta\\\/2022\\\/10\\\/15\\\/alejandro-martinez-bronce-en-el-mundial-de-pista-2022\\\/#breadcrumb\",\"itemListElement\":[{\"@type\":\"ListItem\",\"position\":1,\"name\":\"Portada\",\"item\":\"https:\\\/\\\/www.cope.es\\\/blogs\\\/a-tumba-abierta\\\/\"},{\"@type\":\"ListItem\",\"position\":2,\"name\":\"Alejandro Mart\u00ednez, bronce en el Mundial de pista\"}]},{\"@type\":\"WebSite\",\"@id\":\"https:\\\/\\\/www.cope.es\\\/blogs\\\/a-tumba-abierta\\\/#website\",\"url\":\"https:\\\/\\\/www.cope.es\\\/blogs\\\/a-tumba-abierta\\\/\",\"name\":\"A Tumba Abierta\",\"description\":\"Blog de ciclismo en COPE\",\"potentialAction\":[{\"@type\":\"SearchAction\",\"target\":{\"@type\":\"EntryPoint\",\"urlTemplate\":\"https:\\\/\\\/www.cope.es\\\/blogs\\\/a-tumba-abierta\\\/?s={search_term_string}\"},\"query-input\":{\"@type\":\"PropertyValueSpecification\",\"valueRequired\":true,\"valueName\":\"search_term_string\"}}],\"inLanguage\":\"es\"},{\"@type\":\"Person\",\"@id\":\"https:\\\/\\\/www.cope.es\\\/blogs\\\/a-tumba-abierta\\\/#\\\/schema\\\/person\\\/413f6566db421693223476f6b63a643b\",\"name\":\"Crist\u00f3bal Cabezas\",\"image\":{\"@type\":\"ImageObject\",\"inLanguage\":\"es\",\"@id\":\"https:\\\/\\\/secure.gravatar.com\\\/avatar\\\/361550a2a3cac91688caa1b00f2a1fa4e89a6c4361562ca29a361ce0041974c2?s=96&d=mm&r=g\",\"url\":\"https:\\\/\\\/secure.gravatar.com\\\/avatar\\\/361550a2a3cac91688caa1b00f2a1fa4e89a6c4361562ca29a361ce0041974c2?s=96&d=mm&r=g\",\"contentUrl\":\"https:\\\/\\\/secure.gravatar.com\\\/avatar\\\/361550a2a3cac91688caa1b00f2a1fa4e89a6c4361562ca29a361ce0041974c2?s=96&d=mm&r=g\",\"caption\":\"Crist\u00f3bal Cabezas\"},\"description\":\"Crist\u00f3bal Cabezas es Licenciado en Periodismo por la Universidad Complutense de Madrid y T\u00edtulo en T\u00e9cnico en Comunicaci\u00f3n Integral por la Universidad Francisco de Vitoria. Tras desempe\u00f1ar tareas informativas en diferentes medios, recal\u00f3 en la Cadena COPE en el a\u00f1o 2005. Desde entonces, ha trabajado en las emisoras de Madrid, Granada, Jaca (Huesca) y Toledo, en donde se incorpor\u00f3 en 2013 como Jefe de Informativos de la Cadena COPE en Castilla-La Mancha. Siempre tuvo claro que quer\u00eda ser periodista y, a esa afici\u00f3n, se uni\u00f3 la del ciclismo, deporte con el que ha disfrutado mucho, tanto a trav\u00e9s de los medios de comunicaci\u00f3n como asistiendo en directo a diferentes carreras ciclistas. El inter\u00e9s que siempre mostr\u00f3 con todo lo relacionado con Internet y las redes sociales, fue reconocido con el Premio \u201cD\u00eda de Internet\u201d en la categor\u00eda de \u201cMejor Periodista Digital\u201d por sus trabajos en la Cadena COPE. Precisamente, esa pasi\u00f3n por las nuevas tecnolog\u00edas, espera que sea el \u201cveh\u00edculo\u201d para poder contar \u201cA Tumba Abierta\u201d las mejores historias del deporte de las dos ruedas.\",\"sameAs\":[\"http:\\\/\\\/www.cope.es\",\"https:\\\/\\\/es-es.facebook.com\\\/cristobal.cabezasmartin\",\"https:\\\/\\\/x.com\\\/cristoblcabezas\"],\"url\":\"https:\\\/\\\/www.cope.es\\\/blogs\\\/a-tumba-abierta\\\/author\\\/ccabezas\\\/\"}]}<\/script>\n<!-- \/ Yoast SEO plugin. -->","yoast_head_json":{"title":"Alejandro Mart\u00ednez, bronce en el Mundial de pista 2022","description":"El velocista espa\u00f1ol Alejandro Mart\u00ednez ha conseguido este viernes la primera medalla para la selecci\u00f3n espa\u00f1ola en el Mundial de pista 2022.","robots":{"index":"index","follow":"follow","max-snippet":"max-snippet:-1","max-image-preview":"max-image-preview:large","max-video-preview":"max-video-preview:-1"},"canonical":"https:\/\/www.cope.es\/blogs\/a-tumba-abierta\/2022\/10\/15\/alejandro-martinez-bronce-en-el-mundial-de-pista-2022\/","og_locale":"es_ES","og_type":"article","og_title":"Alejandro Mart\u00ednez, bronce en el Mundial de pista 2022","og_description":"El velocista espa\u00f1ol Alejandro Mart\u00ednez ha conseguido este viernes la primera medalla para la selecci\u00f3n espa\u00f1ola en el Mundial de pista 2022.","og_url":"https:\/\/www.cope.es\/blogs\/a-tumba-abierta\/2022\/10\/15\/alejandro-martinez-bronce-en-el-mundial-de-pista-2022\/","og_site_name":"A Tumba Abierta","article_publisher":"https:\/\/www.facebook.com\/cope\/","article_author":"https:\/\/es-es.facebook.com\/cristobal.cabezasmartin","article_published_time":"2022-10-15T19:30:37+00:00","article_modified_time":"2022-10-15T20:50:07+00:00","og_image":[{"width":758,"height":359,"url":"https:\/\/www.cope.es\/blogs\/a-tumba-abierta\/wp-content\/uploads\/sites\/23\/2022\/10\/defff.jpg","type":"image\/jpeg"}],"author":"Crist\u00f3bal Cabezas","twitter_card":"summary_large_image","twitter_creator":"@cristoblcabezas","twitter_site":"@cope_es","twitter_misc":{"Escrito por":"Crist\u00f3bal Cabezas","Tiempo de lectura":"1 minuto"},"schema":{"@context":"https:\/\/schema.org","@graph":[{"@type":"Article","@id":"https:\/\/www.cope.es\/blogs\/a-tumba-abierta\/2022\/10\/15\/alejandro-martinez-bronce-en-el-mundial-de-pista-2022\/#article","isPartOf":{"@id":"https:\/\/www.cope.es\/blogs\/a-tumba-abierta\/2022\/10\/15\/alejandro-martinez-bronce-en-el-mundial-de-pista-2022\/"},"author":{"name":"Crist\u00f3bal Cabezas","@id":"https:\/\/www.cope.es\/blogs\/a-tumba-abierta\/#\/schema\/person\/413f6566db421693223476f6b63a643b"},"headline":"Alejandro Mart\u00ednez, bronce en el Mundial de pista","datePublished":"2022-10-15T19:30:37+00:00","dateModified":"2022-10-15T20:50:07+00:00","mainEntityOfPage":{"@id":"https:\/\/www.cope.es\/blogs\/a-tumba-abierta\/2022\/10\/15\/alejandro-martinez-bronce-en-el-mundial-de-pista-2022\/"},"wordCount":220,"commentCount":0,"image":{"@id":"https:\/\/www.cope.es\/blogs\/a-tumba-abierta\/2022\/10\/15\/alejandro-martinez-bronce-en-el-mundial-de-pista-2022\/#primaryimage"},"thumbnailUrl":"https:\/\/www.cope.es\/blogs\/a-tumba-abierta\/wp-content\/uploads\/sites\/23\/2022\/10\/defff.jpg","keywords":["Alejandro Mart\u00ednez","Jeffrey Hoogland","kil\u00f3metro contrarreloj","Melvin Landerneau","Saint-Quentin-en-Yvelines"],"articleSection":["Actualidad"],"inLanguage":"es","potentialAction":[{"@type":"CommentAction","name":"Comment","target":["https:\/\/www.cope.es\/blogs\/a-tumba-abierta\/2022\/10\/15\/alejandro-martinez-bronce-en-el-mundial-de-pista-2022\/#respond"]}]},{"@type":"WebPage","@id":"https:\/\/www.cope.es\/blogs\/a-tumba-abierta\/2022\/10\/15\/alejandro-martinez-bronce-en-el-mundial-de-pista-2022\/","url":"https:\/\/www.cope.es\/blogs\/a-tumba-abierta\/2022\/10\/15\/alejandro-martinez-bronce-en-el-mundial-de-pista-2022\/","name":"Alejandro Mart\u00ednez, bronce en el Mundial de pista 2022","isPartOf":{"@id":"https:\/\/www.cope.es\/blogs\/a-tumba-abierta\/#website"},"primaryImageOfPage":{"@id":"https:\/\/www.cope.es\/blogs\/a-tumba-abierta\/2022\/10\/15\/alejandro-martinez-bronce-en-el-mundial-de-pista-2022\/#primaryimage"},"image":{"@id":"https:\/\/www.cope.es\/blogs\/a-tumba-abierta\/2022\/10\/15\/alejandro-martinez-bronce-en-el-mundial-de-pista-2022\/#primaryimage"},"thumbnailUrl":"https:\/\/www.cope.es\/blogs\/a-tumba-abierta\/wp-content\/uploads\/sites\/23\/2022\/10\/defff.jpg","datePublished":"2022-10-15T19:30:37+00:00","dateModified":"2022-10-15T20:50:07+00:00","author":{"@id":"https:\/\/www.cope.es\/blogs\/a-tumba-abierta\/#\/schema\/person\/413f6566db421693223476f6b63a643b"},"description":"El velocista espa\u00f1ol Alejandro Mart\u00ednez ha conseguido este viernes la primera medalla para la selecci\u00f3n espa\u00f1ola en el Mundial de pista 2022.","breadcrumb":{"@id":"https:\/\/www.cope.es\/blogs\/a-tumba-abierta\/2022\/10\/15\/alejandro-martinez-bronce-en-el-mundial-de-pista-2022\/#breadcrumb"},"inLanguage":"es","potentialAction":[{"@type":"ReadAction","target":["https:\/\/www.cope.es\/blogs\/a-tumba-abierta\/2022\/10\/15\/alejandro-martinez-bronce-en-el-mundial-de-pista-2022\/"]}]},{"@type":"ImageObject","inLanguage":"es","@id":"https:\/\/www.cope.es\/blogs\/a-tumba-abierta\/2022\/10\/15\/alejandro-martinez-bronce-en-el-mundial-de-pista-2022\/#primaryimage","url":"https:\/\/www.cope.es\/blogs\/a-tumba-abierta\/wp-content\/uploads\/sites\/23\/2022\/10\/defff.jpg","contentUrl":"https:\/\/www.cope.es\/blogs\/a-tumba-abierta\/wp-content\/uploads\/sites\/23\/2022\/10\/defff.jpg","width":758,"height":359,"caption":"El velocista espa\u00f1ol Alejandro Mart\u00ednez ha conseguido este viernes la primera medalla para la selecci\u00f3n espa\u00f1ola en el Mundial de pista 2022."},{"@type":"BreadcrumbList","@id":"https:\/\/www.cope.es\/blogs\/a-tumba-abierta\/2022\/10\/15\/alejandro-martinez-bronce-en-el-mundial-de-pista-2022\/#breadcrumb","itemListElement":[{"@type":"ListItem","position":1,"name":"Portada","item":"https:\/\/www.cope.es\/blogs\/a-tumba-abierta\/"},{"@type":"ListItem","position":2,"name":"Alejandro Mart\u00ednez, bronce en el Mundial de pista"}]},{"@type":"WebSite","@id":"https:\/\/www.cope.es\/blogs\/a-tumba-abierta\/#website","url":"https:\/\/www.cope.es\/blogs\/a-tumba-abierta\/","name":"A Tumba Abierta","description":"Blog de ciclismo en COPE","potentialAction":[{"@type":"SearchAction","target":{"@type":"EntryPoint","urlTemplate":"https:\/\/www.cope.es\/blogs\/a-tumba-abierta\/?s={search_term_string}"},"query-input":{"@type":"PropertyValueSpecification","valueRequired":true,"valueName":"search_term_string"}}],"inLanguage":"es"},{"@type":"Person","@id":"https:\/\/www.cope.es\/blogs\/a-tumba-abierta\/#\/schema\/person\/413f6566db421693223476f6b63a643b","name":"Crist\u00f3bal Cabezas","image":{"@type":"ImageObject","inLanguage":"es","@id":"https:\/\/secure.gravatar.com\/avatar\/361550a2a3cac91688caa1b00f2a1fa4e89a6c4361562ca29a361ce0041974c2?s=96&d=mm&r=g","url":"https:\/\/secure.gravatar.com\/avatar\/361550a2a3cac91688caa1b00f2a1fa4e89a6c4361562ca29a361ce0041974c2?s=96&d=mm&r=g","contentUrl":"https:\/\/secure.gravatar.com\/avatar\/361550a2a3cac91688caa1b00f2a1fa4e89a6c4361562ca29a361ce0041974c2?s=96&d=mm&r=g","caption":"Crist\u00f3bal Cabezas"},"description":"Crist\u00f3bal Cabezas es Licenciado en Periodismo por la Universidad Complutense de Madrid y T\u00edtulo en T\u00e9cnico en Comunicaci\u00f3n Integral por la Universidad Francisco de Vitoria. Tras desempe\u00f1ar tareas informativas en diferentes medios, recal\u00f3 en la Cadena COPE en el a\u00f1o 2005. Desde entonces, ha trabajado en las emisoras de Madrid, Granada, Jaca (Huesca) y Toledo, en donde se incorpor\u00f3 en 2013 como Jefe de Informativos de la Cadena COPE en Castilla-La Mancha. Siempre tuvo claro que quer\u00eda ser periodista y, a esa afici\u00f3n, se uni\u00f3 la del ciclismo, deporte con el que ha disfrutado mucho, tanto a trav\u00e9s de los medios de comunicaci\u00f3n como asistiendo en directo a diferentes carreras ciclistas. El inter\u00e9s que siempre mostr\u00f3 con todo lo relacionado con Internet y las redes sociales, fue reconocido con el Premio \u201cD\u00eda de Internet\u201d en la categor\u00eda de \u201cMejor Periodista Digital\u201d por sus trabajos en la Cadena COPE. Precisamente, esa pasi\u00f3n por las nuevas tecnolog\u00edas, espera que sea el \u201cveh\u00edculo\u201d para poder contar \u201cA Tumba Abierta\u201d las mejores historias del deporte de las dos ruedas.","sameAs":["http:\/\/www.cope.es","https:\/\/es-es.facebook.com\/cristobal.cabezasmartin","https:\/\/x.com\/cristoblcabezas"],"url":"https:\/\/www.cope.es\/blogs\/a-tumba-abierta\/author\/ccabezas\/"}]}},"amp_enabled":true,"_links":{"self":[{"href":"https:\/\/www.cope.es\/blogs\/a-tumba-abierta\/wp-json\/wp\/v2\/posts\/1577","targetHints":{"allow":["GET"]}}],"collection":[{"href":"https:\/\/www.cope.es\/blogs\/a-tumba-abierta\/wp-json\/wp\/v2\/posts"}],"about":[{"href":"https:\/\/www.cope.es\/blogs\/a-tumba-abierta\/wp-json\/wp\/v2\/types\/post"}],"author":[{"embeddable":true,"href":"https:\/\/www.cope.es\/blogs\/a-tumba-abierta\/wp-json\/wp\/v2\/users\/24"}],"replies":[{"embeddable":true,"href":"https:\/\/www.cope.es\/blogs\/a-tumba-abierta\/wp-json\/wp\/v2\/comments?post=1577"}],"version-history":[{"count":2,"href":"https:\/\/www.cope.es\/blogs\/a-tumba-abierta\/wp-json\/wp\/v2\/posts\/1577\/revisions"}],"predecessor-version":[{"id":1582,"href":"https:\/\/www.cope.es\/blogs\/a-tumba-abierta\/wp-json\/wp\/v2\/posts\/1577\/revisions\/1582"}],"wp:featuredmedia":[{"embeddable":true,"href":"https:\/\/www.cope.es\/blogs\/a-tumba-abierta\/wp-json\/wp\/v2\/media\/1578"}],"wp:attachment":[{"href":"https:\/\/www.cope.es\/blogs\/a-tumba-abierta\/wp-json\/wp\/v2\/media?parent=1577"}],"wp:term":[{"taxonomy":"category","embeddable":true,"href":"https:\/\/www.cope.es\/blogs\/a-tumba-abierta\/wp-json\/wp\/v2\/categories?post=1577"},{"taxonomy":"post_tag","embeddable":true,"href":"https:\/\/www.cope.es\/blogs\/a-tumba-abierta\/wp-json\/wp\/v2\/tags?post=1577"}],"curies":[{"name":"wp","href":"https:\/\/api.w.org\/{rel}","templated":true}]}}