{"id":1572,"date":"2022-10-13T22:26:33","date_gmt":"2022-10-13T20:26:33","guid":{"rendered":"http:\/\/www.cope.es\/blogs\/a-tumba-abierta\/?p=1572"},"modified":"2022-10-13T22:26:33","modified_gmt":"2022-10-13T20:26:33","slug":"espana-bate-el-record-nacional-de-persecucion-en-el-mundial-de-pista","status":"publish","type":"post","link":"https:\/\/www.cope.es\/blogs\/a-tumba-abierta\/2022\/10\/13\/espana-bate-el-record-nacional-de-persecucion-en-el-mundial-de-pista\/","title":{"rendered":"Espa\u00f1a bate el r\u00e9cord nacional de persecuci\u00f3n en el Mundial de Pista"},"content":{"rendered":"<p>Las cuatro componentes del equipo femenino espa\u00f1ol de persecuci\u00f3n por equipos dejaron este mi\u00e9rcoles la mejor actuaci\u00f3n espa\u00f1ola en el <a href=\"https:\/\/www.cope.es\/blogs\/a-tumba-abierta\/2022\/10\/12\/espana-afronta-el-reto-de-volver-a-las-medallas-en-el-mundial-de-pista\/\" target=\"_blank\">Mundial de Francia de Ciclismo en Pista<\/a> que comenz\u00f3 en el vel\u00f3dromo parisino de Saint-Quentin-en-Yvelines, logrando el r\u00e9cord nacional.<\/p>\n<p><strong>Tania Calvo<\/strong>, <strong>Isabella Escalera<\/strong>, <strong>Ziortza Isasi<\/strong> y <strong>Eukene Larrarte<\/strong> mejoraron la anterior plusmarca nacional (4:36.384) cosechada en la Copa de las Naciones de Glasgow, dej\u00e1ndola ahora en 4:35.662 para firmar el 12\u00ba puesto mundialista.<\/p>\n<p>La cara mala de la actuaci\u00f3n de las espa\u00f1olas fue la ca\u00edda de Eukene Larrarte, disminuyendo notablemente las opciones de hacer un mejor registro.<\/p>\n<p>Por su parte, el equipo masculino de persecuci\u00f3n compuesto por <strong>Alberto P\u00e9rez<\/strong>, <strong>Jaime Romero<\/strong>, <strong>Erik Martorell<\/strong> y <strong>Joan Mart\u00ed Bennassar<\/strong>, uno de los m\u00e1s j\u00f3venes del Mundial con una media de edad de 22 a\u00f1os, completaba su prueba registrando un tiempo de 4:04.753 para ocupar la 15\u00aa plaza final.<\/p>\n<p>En la velocidad por equipos, el tr\u00edo formado por <strong>Ekain Jim\u00e9nez<\/strong>, <strong>Pepe Moreno<\/strong> y <strong>Alejandro Mart\u00ednez<\/strong> conclu\u00eda en 14\u00aa posici\u00f3n con un tiempo de 45.196.<\/p>\n","protected":false},"excerpt":{"rendered":"<p>Las cuatro componentes del equipo femenino espa\u00f1ol de persecuci\u00f3n por equipos dejaron este mi\u00e9rcoles la mejor actuaci\u00f3n espa\u00f1ola en el Mundial de Francia de Ciclismo en Pista que comenz\u00f3 en el vel\u00f3dromo parisino de Saint-Quentin-en-Yvelines, logrando el r\u00e9cord nacional. Tania Calvo, Isabella Escalera, Ziortza Isasi y Eukene Larrarte mejoraron la anterior plusmarca nacional (4:36.384) cosechada [&hellip;]<\/p>\n","protected":false},"author":24,"featured_media":1573,"comment_status":"open","ping_status":"open","sticky":false,"template":"","format":"standard","meta":{"footnotes":""},"categories":[109],"tags":[400,385,384],"class_list":["post-1572","post","type-post","status-publish","format-standard","has-post-thumbnail","hentry","category-pista","tag-francia","tag-mundial","tag-saint-quentin-en-yvelines"],"yoast_head":"<!-- This site is optimized with the Yoast SEO plugin v27.4 - https:\/\/yoast.com\/product\/yoast-seo-wordpress\/ -->\n<title>Espa\u00f1a bate el r\u00e9cord nacional de persecuci\u00f3n en el Mundial de Pista<\/title>\n<meta name=\"description\" content=\"Espa\u00f1a logra el r\u00e9cord nacional de persecuci\u00f3n por equipos en el Mundial de Pista. La competici\u00f3n se disputa en el vel\u00f3dromo de Saint-Quentin-en-Yvelines.\" \/>\n<meta name=\"robots\" content=\"index, follow, max-snippet:-1, max-image-preview:large, max-video-preview:-1\" \/>\n<link rel=\"canonical\" href=\"https:\/\/www.cope.es\/blogs\/a-tumba-abierta\/2022\/10\/13\/espana-bate-el-record-nacional-de-persecucion-en-el-mundial-de-pista\/\" \/>\n<meta property=\"og:locale\" content=\"es_ES\" \/>\n<meta property=\"og:type\" content=\"article\" \/>\n<meta property=\"og:title\" content=\"Espa\u00f1a bate el r\u00e9cord nacional de persecuci\u00f3n en el Mundial de Pista\" \/>\n<meta property=\"og:description\" content=\"Espa\u00f1a logra el r\u00e9cord nacional de persecuci\u00f3n por equipos en el Mundial de Pista. La competici\u00f3n se disputa en el vel\u00f3dromo de Saint-Quentin-en-Yvelines.\" \/>\n<meta property=\"og:url\" content=\"https:\/\/www.cope.es\/blogs\/a-tumba-abierta\/2022\/10\/13\/espana-bate-el-record-nacional-de-persecucion-en-el-mundial-de-pista\/\" \/>\n<meta property=\"og:site_name\" content=\"A Tumba Abierta\" \/>\n<meta property=\"article:publisher\" content=\"https:\/\/www.facebook.com\/cope\/\" \/>\n<meta property=\"article:author\" content=\"https:\/\/es-es.facebook.com\/cristobal.cabezasmartin\" \/>\n<meta property=\"article:published_time\" content=\"2022-10-13T20:26:33+00:00\" \/>\n<meta property=\"og:image\" content=\"https:\/\/www.cope.es\/blogs\/a-tumba-abierta\/wp-content\/uploads\/sites\/23\/2022\/10\/FOTO_NOTICIA_thumb.jpg\" \/>\n\t<meta property=\"og:image:width\" content=\"855\" \/>\n\t<meta property=\"og:image:height\" content=\"481\" \/>\n\t<meta property=\"og:image:type\" content=\"image\/jpeg\" \/>\n<meta name=\"author\" content=\"Crist\u00f3bal Cabezas\" \/>\n<meta name=\"twitter:card\" content=\"summary_large_image\" \/>\n<meta name=\"twitter:creator\" content=\"@cristoblcabezas\" \/>\n<meta name=\"twitter:site\" content=\"@cope_es\" \/>\n<meta name=\"twitter:label1\" content=\"Escrito por\" \/>\n\t<meta name=\"twitter:data1\" content=\"Crist\u00f3bal Cabezas\" \/>\n\t<meta name=\"twitter:label2\" content=\"Tiempo de lectura\" \/>\n\t<meta name=\"twitter:data2\" content=\"1 minuto\" \/>\n<script type=\"application\/ld+json\" class=\"yoast-schema-graph\">{\"@context\":\"https:\\\/\\\/schema.org\",\"@graph\":[{\"@type\":\"Article\",\"@id\":\"https:\\\/\\\/www.cope.es\\\/blogs\\\/a-tumba-abierta\\\/2022\\\/10\\\/13\\\/espana-bate-el-record-nacional-de-persecucion-en-el-mundial-de-pista\\\/#article\",\"isPartOf\":{\"@id\":\"https:\\\/\\\/www.cope.es\\\/blogs\\\/a-tumba-abierta\\\/2022\\\/10\\\/13\\\/espana-bate-el-record-nacional-de-persecucion-en-el-mundial-de-pista\\\/\"},\"author\":{\"name\":\"Crist\u00f3bal Cabezas\",\"@id\":\"https:\\\/\\\/www.cope.es\\\/blogs\\\/a-tumba-abierta\\\/#\\\/schema\\\/person\\\/413f6566db421693223476f6b63a643b\"},\"headline\":\"Espa\u00f1a bate el r\u00e9cord nacional de persecuci\u00f3n en el Mundial de Pista\",\"datePublished\":\"2022-10-13T20:26:33+00:00\",\"mainEntityOfPage\":{\"@id\":\"https:\\\/\\\/www.cope.es\\\/blogs\\\/a-tumba-abierta\\\/2022\\\/10\\\/13\\\/espana-bate-el-record-nacional-de-persecucion-en-el-mundial-de-pista\\\/\"},\"wordCount\":199,\"commentCount\":0,\"image\":{\"@id\":\"https:\\\/\\\/www.cope.es\\\/blogs\\\/a-tumba-abierta\\\/2022\\\/10\\\/13\\\/espana-bate-el-record-nacional-de-persecucion-en-el-mundial-de-pista\\\/#primaryimage\"},\"thumbnailUrl\":\"https:\\\/\\\/www.cope.es\\\/blogs\\\/a-tumba-abierta\\\/wp-content\\\/uploads\\\/sites\\\/23\\\/2022\\\/10\\\/FOTO_NOTICIA_thumb.jpg\",\"keywords\":[\"Francia\",\"Mundial\",\"Saint-Quentin-en-Yvelines\"],\"articleSection\":[\"Pista\"],\"inLanguage\":\"es\",\"potentialAction\":[{\"@type\":\"CommentAction\",\"name\":\"Comment\",\"target\":[\"https:\\\/\\\/www.cope.es\\\/blogs\\\/a-tumba-abierta\\\/2022\\\/10\\\/13\\\/espana-bate-el-record-nacional-de-persecucion-en-el-mundial-de-pista\\\/#respond\"]}]},{\"@type\":\"WebPage\",\"@id\":\"https:\\\/\\\/www.cope.es\\\/blogs\\\/a-tumba-abierta\\\/2022\\\/10\\\/13\\\/espana-bate-el-record-nacional-de-persecucion-en-el-mundial-de-pista\\\/\",\"url\":\"https:\\\/\\\/www.cope.es\\\/blogs\\\/a-tumba-abierta\\\/2022\\\/10\\\/13\\\/espana-bate-el-record-nacional-de-persecucion-en-el-mundial-de-pista\\\/\",\"name\":\"Espa\u00f1a bate el r\u00e9cord nacional de persecuci\u00f3n en el Mundial de Pista\",\"isPartOf\":{\"@id\":\"https:\\\/\\\/www.cope.es\\\/blogs\\\/a-tumba-abierta\\\/#website\"},\"primaryImageOfPage\":{\"@id\":\"https:\\\/\\\/www.cope.es\\\/blogs\\\/a-tumba-abierta\\\/2022\\\/10\\\/13\\\/espana-bate-el-record-nacional-de-persecucion-en-el-mundial-de-pista\\\/#primaryimage\"},\"image\":{\"@id\":\"https:\\\/\\\/www.cope.es\\\/blogs\\\/a-tumba-abierta\\\/2022\\\/10\\\/13\\\/espana-bate-el-record-nacional-de-persecucion-en-el-mundial-de-pista\\\/#primaryimage\"},\"thumbnailUrl\":\"https:\\\/\\\/www.cope.es\\\/blogs\\\/a-tumba-abierta\\\/wp-content\\\/uploads\\\/sites\\\/23\\\/2022\\\/10\\\/FOTO_NOTICIA_thumb.jpg\",\"datePublished\":\"2022-10-13T20:26:33+00:00\",\"author\":{\"@id\":\"https:\\\/\\\/www.cope.es\\\/blogs\\\/a-tumba-abierta\\\/#\\\/schema\\\/person\\\/413f6566db421693223476f6b63a643b\"},\"description\":\"Espa\u00f1a logra el r\u00e9cord nacional de persecuci\u00f3n por equipos en el Mundial de Pista. La competici\u00f3n se disputa en el vel\u00f3dromo de Saint-Quentin-en-Yvelines.\",\"breadcrumb\":{\"@id\":\"https:\\\/\\\/www.cope.es\\\/blogs\\\/a-tumba-abierta\\\/2022\\\/10\\\/13\\\/espana-bate-el-record-nacional-de-persecucion-en-el-mundial-de-pista\\\/#breadcrumb\"},\"inLanguage\":\"es\",\"potentialAction\":[{\"@type\":\"ReadAction\",\"target\":[\"https:\\\/\\\/www.cope.es\\\/blogs\\\/a-tumba-abierta\\\/2022\\\/10\\\/13\\\/espana-bate-el-record-nacional-de-persecucion-en-el-mundial-de-pista\\\/\"]}]},{\"@type\":\"ImageObject\",\"inLanguage\":\"es\",\"@id\":\"https:\\\/\\\/www.cope.es\\\/blogs\\\/a-tumba-abierta\\\/2022\\\/10\\\/13\\\/espana-bate-el-record-nacional-de-persecucion-en-el-mundial-de-pista\\\/#primaryimage\",\"url\":\"https:\\\/\\\/www.cope.es\\\/blogs\\\/a-tumba-abierta\\\/wp-content\\\/uploads\\\/sites\\\/23\\\/2022\\\/10\\\/FOTO_NOTICIA_thumb.jpg\",\"contentUrl\":\"https:\\\/\\\/www.cope.es\\\/blogs\\\/a-tumba-abierta\\\/wp-content\\\/uploads\\\/sites\\\/23\\\/2022\\\/10\\\/FOTO_NOTICIA_thumb.jpg\",\"width\":855,\"height\":481,\"caption\":\"Espa\u00f1a logra el r\u00e9cord nacional de persecuci\u00f3n por equipos en el Mundial de Pista. La competici\u00f3n se disputa en el vel\u00f3dromo de Saint-Quentin-en-Yvelines.\"},{\"@type\":\"BreadcrumbList\",\"@id\":\"https:\\\/\\\/www.cope.es\\\/blogs\\\/a-tumba-abierta\\\/2022\\\/10\\\/13\\\/espana-bate-el-record-nacional-de-persecucion-en-el-mundial-de-pista\\\/#breadcrumb\",\"itemListElement\":[{\"@type\":\"ListItem\",\"position\":1,\"name\":\"Portada\",\"item\":\"https:\\\/\\\/www.cope.es\\\/blogs\\\/a-tumba-abierta\\\/\"},{\"@type\":\"ListItem\",\"position\":2,\"name\":\"Espa\u00f1a bate el r\u00e9cord nacional de persecuci\u00f3n en el Mundial de Pista\"}]},{\"@type\":\"WebSite\",\"@id\":\"https:\\\/\\\/www.cope.es\\\/blogs\\\/a-tumba-abierta\\\/#website\",\"url\":\"https:\\\/\\\/www.cope.es\\\/blogs\\\/a-tumba-abierta\\\/\",\"name\":\"A Tumba Abierta\",\"description\":\"Blog de ciclismo en COPE\",\"potentialAction\":[{\"@type\":\"SearchAction\",\"target\":{\"@type\":\"EntryPoint\",\"urlTemplate\":\"https:\\\/\\\/www.cope.es\\\/blogs\\\/a-tumba-abierta\\\/?s={search_term_string}\"},\"query-input\":{\"@type\":\"PropertyValueSpecification\",\"valueRequired\":true,\"valueName\":\"search_term_string\"}}],\"inLanguage\":\"es\"},{\"@type\":\"Person\",\"@id\":\"https:\\\/\\\/www.cope.es\\\/blogs\\\/a-tumba-abierta\\\/#\\\/schema\\\/person\\\/413f6566db421693223476f6b63a643b\",\"name\":\"Crist\u00f3bal Cabezas\",\"image\":{\"@type\":\"ImageObject\",\"inLanguage\":\"es\",\"@id\":\"https:\\\/\\\/secure.gravatar.com\\\/avatar\\\/361550a2a3cac91688caa1b00f2a1fa4e89a6c4361562ca29a361ce0041974c2?s=96&d=mm&r=g\",\"url\":\"https:\\\/\\\/secure.gravatar.com\\\/avatar\\\/361550a2a3cac91688caa1b00f2a1fa4e89a6c4361562ca29a361ce0041974c2?s=96&d=mm&r=g\",\"contentUrl\":\"https:\\\/\\\/secure.gravatar.com\\\/avatar\\\/361550a2a3cac91688caa1b00f2a1fa4e89a6c4361562ca29a361ce0041974c2?s=96&d=mm&r=g\",\"caption\":\"Crist\u00f3bal Cabezas\"},\"description\":\"Crist\u00f3bal Cabezas es Licenciado en Periodismo por la Universidad Complutense de Madrid y T\u00edtulo en T\u00e9cnico en Comunicaci\u00f3n Integral por la Universidad Francisco de Vitoria. Tras desempe\u00f1ar tareas informativas en diferentes medios, recal\u00f3 en la Cadena COPE en el a\u00f1o 2005. Desde entonces, ha trabajado en las emisoras de Madrid, Granada, Jaca (Huesca) y Toledo, en donde se incorpor\u00f3 en 2013 como Jefe de Informativos de la Cadena COPE en Castilla-La Mancha. Siempre tuvo claro que quer\u00eda ser periodista y, a esa afici\u00f3n, se uni\u00f3 la del ciclismo, deporte con el que ha disfrutado mucho, tanto a trav\u00e9s de los medios de comunicaci\u00f3n como asistiendo en directo a diferentes carreras ciclistas. El inter\u00e9s que siempre mostr\u00f3 con todo lo relacionado con Internet y las redes sociales, fue reconocido con el Premio \u201cD\u00eda de Internet\u201d en la categor\u00eda de \u201cMejor Periodista Digital\u201d por sus trabajos en la Cadena COPE. Precisamente, esa pasi\u00f3n por las nuevas tecnolog\u00edas, espera que sea el \u201cveh\u00edculo\u201d para poder contar \u201cA Tumba Abierta\u201d las mejores historias del deporte de las dos ruedas.\",\"sameAs\":[\"http:\\\/\\\/www.cope.es\",\"https:\\\/\\\/es-es.facebook.com\\\/cristobal.cabezasmartin\",\"https:\\\/\\\/x.com\\\/cristoblcabezas\"],\"url\":\"https:\\\/\\\/www.cope.es\\\/blogs\\\/a-tumba-abierta\\\/author\\\/ccabezas\\\/\"}]}<\/script>\n<!-- \/ Yoast SEO plugin. -->","yoast_head_json":{"title":"Espa\u00f1a bate el r\u00e9cord nacional de persecuci\u00f3n en el Mundial de Pista","description":"Espa\u00f1a logra el r\u00e9cord nacional de persecuci\u00f3n por equipos en el Mundial de Pista. La competici\u00f3n se disputa en el vel\u00f3dromo de Saint-Quentin-en-Yvelines.","robots":{"index":"index","follow":"follow","max-snippet":"max-snippet:-1","max-image-preview":"max-image-preview:large","max-video-preview":"max-video-preview:-1"},"canonical":"https:\/\/www.cope.es\/blogs\/a-tumba-abierta\/2022\/10\/13\/espana-bate-el-record-nacional-de-persecucion-en-el-mundial-de-pista\/","og_locale":"es_ES","og_type":"article","og_title":"Espa\u00f1a bate el r\u00e9cord nacional de persecuci\u00f3n en el Mundial de Pista","og_description":"Espa\u00f1a logra el r\u00e9cord nacional de persecuci\u00f3n por equipos en el Mundial de Pista. La competici\u00f3n se disputa en el vel\u00f3dromo de Saint-Quentin-en-Yvelines.","og_url":"https:\/\/www.cope.es\/blogs\/a-tumba-abierta\/2022\/10\/13\/espana-bate-el-record-nacional-de-persecucion-en-el-mundial-de-pista\/","og_site_name":"A Tumba Abierta","article_publisher":"https:\/\/www.facebook.com\/cope\/","article_author":"https:\/\/es-es.facebook.com\/cristobal.cabezasmartin","article_published_time":"2022-10-13T20:26:33+00:00","og_image":[{"width":855,"height":481,"url":"https:\/\/www.cope.es\/blogs\/a-tumba-abierta\/wp-content\/uploads\/sites\/23\/2022\/10\/FOTO_NOTICIA_thumb.jpg","type":"image\/jpeg"}],"author":"Crist\u00f3bal Cabezas","twitter_card":"summary_large_image","twitter_creator":"@cristoblcabezas","twitter_site":"@cope_es","twitter_misc":{"Escrito por":"Crist\u00f3bal Cabezas","Tiempo de lectura":"1 minuto"},"schema":{"@context":"https:\/\/schema.org","@graph":[{"@type":"Article","@id":"https:\/\/www.cope.es\/blogs\/a-tumba-abierta\/2022\/10\/13\/espana-bate-el-record-nacional-de-persecucion-en-el-mundial-de-pista\/#article","isPartOf":{"@id":"https:\/\/www.cope.es\/blogs\/a-tumba-abierta\/2022\/10\/13\/espana-bate-el-record-nacional-de-persecucion-en-el-mundial-de-pista\/"},"author":{"name":"Crist\u00f3bal Cabezas","@id":"https:\/\/www.cope.es\/blogs\/a-tumba-abierta\/#\/schema\/person\/413f6566db421693223476f6b63a643b"},"headline":"Espa\u00f1a bate el r\u00e9cord nacional de persecuci\u00f3n en el Mundial de Pista","datePublished":"2022-10-13T20:26:33+00:00","mainEntityOfPage":{"@id":"https:\/\/www.cope.es\/blogs\/a-tumba-abierta\/2022\/10\/13\/espana-bate-el-record-nacional-de-persecucion-en-el-mundial-de-pista\/"},"wordCount":199,"commentCount":0,"image":{"@id":"https:\/\/www.cope.es\/blogs\/a-tumba-abierta\/2022\/10\/13\/espana-bate-el-record-nacional-de-persecucion-en-el-mundial-de-pista\/#primaryimage"},"thumbnailUrl":"https:\/\/www.cope.es\/blogs\/a-tumba-abierta\/wp-content\/uploads\/sites\/23\/2022\/10\/FOTO_NOTICIA_thumb.jpg","keywords":["Francia","Mundial","Saint-Quentin-en-Yvelines"],"articleSection":["Pista"],"inLanguage":"es","potentialAction":[{"@type":"CommentAction","name":"Comment","target":["https:\/\/www.cope.es\/blogs\/a-tumba-abierta\/2022\/10\/13\/espana-bate-el-record-nacional-de-persecucion-en-el-mundial-de-pista\/#respond"]}]},{"@type":"WebPage","@id":"https:\/\/www.cope.es\/blogs\/a-tumba-abierta\/2022\/10\/13\/espana-bate-el-record-nacional-de-persecucion-en-el-mundial-de-pista\/","url":"https:\/\/www.cope.es\/blogs\/a-tumba-abierta\/2022\/10\/13\/espana-bate-el-record-nacional-de-persecucion-en-el-mundial-de-pista\/","name":"Espa\u00f1a bate el r\u00e9cord nacional de persecuci\u00f3n en el Mundial de Pista","isPartOf":{"@id":"https:\/\/www.cope.es\/blogs\/a-tumba-abierta\/#website"},"primaryImageOfPage":{"@id":"https:\/\/www.cope.es\/blogs\/a-tumba-abierta\/2022\/10\/13\/espana-bate-el-record-nacional-de-persecucion-en-el-mundial-de-pista\/#primaryimage"},"image":{"@id":"https:\/\/www.cope.es\/blogs\/a-tumba-abierta\/2022\/10\/13\/espana-bate-el-record-nacional-de-persecucion-en-el-mundial-de-pista\/#primaryimage"},"thumbnailUrl":"https:\/\/www.cope.es\/blogs\/a-tumba-abierta\/wp-content\/uploads\/sites\/23\/2022\/10\/FOTO_NOTICIA_thumb.jpg","datePublished":"2022-10-13T20:26:33+00:00","author":{"@id":"https:\/\/www.cope.es\/blogs\/a-tumba-abierta\/#\/schema\/person\/413f6566db421693223476f6b63a643b"},"description":"Espa\u00f1a logra el r\u00e9cord nacional de persecuci\u00f3n por equipos en el Mundial de Pista. La competici\u00f3n se disputa en el vel\u00f3dromo de Saint-Quentin-en-Yvelines.","breadcrumb":{"@id":"https:\/\/www.cope.es\/blogs\/a-tumba-abierta\/2022\/10\/13\/espana-bate-el-record-nacional-de-persecucion-en-el-mundial-de-pista\/#breadcrumb"},"inLanguage":"es","potentialAction":[{"@type":"ReadAction","target":["https:\/\/www.cope.es\/blogs\/a-tumba-abierta\/2022\/10\/13\/espana-bate-el-record-nacional-de-persecucion-en-el-mundial-de-pista\/"]}]},{"@type":"ImageObject","inLanguage":"es","@id":"https:\/\/www.cope.es\/blogs\/a-tumba-abierta\/2022\/10\/13\/espana-bate-el-record-nacional-de-persecucion-en-el-mundial-de-pista\/#primaryimage","url":"https:\/\/www.cope.es\/blogs\/a-tumba-abierta\/wp-content\/uploads\/sites\/23\/2022\/10\/FOTO_NOTICIA_thumb.jpg","contentUrl":"https:\/\/www.cope.es\/blogs\/a-tumba-abierta\/wp-content\/uploads\/sites\/23\/2022\/10\/FOTO_NOTICIA_thumb.jpg","width":855,"height":481,"caption":"Espa\u00f1a logra el r\u00e9cord nacional de persecuci\u00f3n por equipos en el Mundial de Pista. La competici\u00f3n se disputa en el vel\u00f3dromo de Saint-Quentin-en-Yvelines."},{"@type":"BreadcrumbList","@id":"https:\/\/www.cope.es\/blogs\/a-tumba-abierta\/2022\/10\/13\/espana-bate-el-record-nacional-de-persecucion-en-el-mundial-de-pista\/#breadcrumb","itemListElement":[{"@type":"ListItem","position":1,"name":"Portada","item":"https:\/\/www.cope.es\/blogs\/a-tumba-abierta\/"},{"@type":"ListItem","position":2,"name":"Espa\u00f1a bate el r\u00e9cord nacional de persecuci\u00f3n en el Mundial de Pista"}]},{"@type":"WebSite","@id":"https:\/\/www.cope.es\/blogs\/a-tumba-abierta\/#website","url":"https:\/\/www.cope.es\/blogs\/a-tumba-abierta\/","name":"A Tumba Abierta","description":"Blog de ciclismo en COPE","potentialAction":[{"@type":"SearchAction","target":{"@type":"EntryPoint","urlTemplate":"https:\/\/www.cope.es\/blogs\/a-tumba-abierta\/?s={search_term_string}"},"query-input":{"@type":"PropertyValueSpecification","valueRequired":true,"valueName":"search_term_string"}}],"inLanguage":"es"},{"@type":"Person","@id":"https:\/\/www.cope.es\/blogs\/a-tumba-abierta\/#\/schema\/person\/413f6566db421693223476f6b63a643b","name":"Crist\u00f3bal Cabezas","image":{"@type":"ImageObject","inLanguage":"es","@id":"https:\/\/secure.gravatar.com\/avatar\/361550a2a3cac91688caa1b00f2a1fa4e89a6c4361562ca29a361ce0041974c2?s=96&d=mm&r=g","url":"https:\/\/secure.gravatar.com\/avatar\/361550a2a3cac91688caa1b00f2a1fa4e89a6c4361562ca29a361ce0041974c2?s=96&d=mm&r=g","contentUrl":"https:\/\/secure.gravatar.com\/avatar\/361550a2a3cac91688caa1b00f2a1fa4e89a6c4361562ca29a361ce0041974c2?s=96&d=mm&r=g","caption":"Crist\u00f3bal Cabezas"},"description":"Crist\u00f3bal Cabezas es Licenciado en Periodismo por la Universidad Complutense de Madrid y T\u00edtulo en T\u00e9cnico en Comunicaci\u00f3n Integral por la Universidad Francisco de Vitoria. Tras desempe\u00f1ar tareas informativas en diferentes medios, recal\u00f3 en la Cadena COPE en el a\u00f1o 2005. Desde entonces, ha trabajado en las emisoras de Madrid, Granada, Jaca (Huesca) y Toledo, en donde se incorpor\u00f3 en 2013 como Jefe de Informativos de la Cadena COPE en Castilla-La Mancha. Siempre tuvo claro que quer\u00eda ser periodista y, a esa afici\u00f3n, se uni\u00f3 la del ciclismo, deporte con el que ha disfrutado mucho, tanto a trav\u00e9s de los medios de comunicaci\u00f3n como asistiendo en directo a diferentes carreras ciclistas. El inter\u00e9s que siempre mostr\u00f3 con todo lo relacionado con Internet y las redes sociales, fue reconocido con el Premio \u201cD\u00eda de Internet\u201d en la categor\u00eda de \u201cMejor Periodista Digital\u201d por sus trabajos en la Cadena COPE. Precisamente, esa pasi\u00f3n por las nuevas tecnolog\u00edas, espera que sea el \u201cveh\u00edculo\u201d para poder contar \u201cA Tumba Abierta\u201d las mejores historias del deporte de las dos ruedas.","sameAs":["http:\/\/www.cope.es","https:\/\/es-es.facebook.com\/cristobal.cabezasmartin","https:\/\/x.com\/cristoblcabezas"],"url":"https:\/\/www.cope.es\/blogs\/a-tumba-abierta\/author\/ccabezas\/"}]}},"amp_enabled":true,"_links":{"self":[{"href":"https:\/\/www.cope.es\/blogs\/a-tumba-abierta\/wp-json\/wp\/v2\/posts\/1572","targetHints":{"allow":["GET"]}}],"collection":[{"href":"https:\/\/www.cope.es\/blogs\/a-tumba-abierta\/wp-json\/wp\/v2\/posts"}],"about":[{"href":"https:\/\/www.cope.es\/blogs\/a-tumba-abierta\/wp-json\/wp\/v2\/types\/post"}],"author":[{"embeddable":true,"href":"https:\/\/www.cope.es\/blogs\/a-tumba-abierta\/wp-json\/wp\/v2\/users\/24"}],"replies":[{"embeddable":true,"href":"https:\/\/www.cope.es\/blogs\/a-tumba-abierta\/wp-json\/wp\/v2\/comments?post=1572"}],"version-history":[{"count":2,"href":"https:\/\/www.cope.es\/blogs\/a-tumba-abierta\/wp-json\/wp\/v2\/posts\/1572\/revisions"}],"predecessor-version":[{"id":1575,"href":"https:\/\/www.cope.es\/blogs\/a-tumba-abierta\/wp-json\/wp\/v2\/posts\/1572\/revisions\/1575"}],"wp:featuredmedia":[{"embeddable":true,"href":"https:\/\/www.cope.es\/blogs\/a-tumba-abierta\/wp-json\/wp\/v2\/media\/1573"}],"wp:attachment":[{"href":"https:\/\/www.cope.es\/blogs\/a-tumba-abierta\/wp-json\/wp\/v2\/media?parent=1572"}],"wp:term":[{"taxonomy":"category","embeddable":true,"href":"https:\/\/www.cope.es\/blogs\/a-tumba-abierta\/wp-json\/wp\/v2\/categories?post=1572"},{"taxonomy":"post_tag","embeddable":true,"href":"https:\/\/www.cope.es\/blogs\/a-tumba-abierta\/wp-json\/wp\/v2\/tags?post=1572"}],"curies":[{"name":"wp","href":"https:\/\/api.w.org\/{rel}","templated":true}]}}