{"id":1518,"date":"2022-10-03T13:48:17","date_gmt":"2022-10-03T11:48:17","guid":{"rendered":"http:\/\/www.cope.es\/blogs\/a-tumba-abierta\/?p=1518"},"modified":"2022-10-03T13:48:17","modified_gmt":"2022-10-03T11:48:17","slug":"raul-castrillo-vence-en-la-copa-de-espana-de-ultramaraton-de-la-iruela","status":"publish","type":"post","link":"https:\/\/www.cope.es\/blogs\/a-tumba-abierta\/2022\/10\/03\/raul-castrillo-vence-en-la-copa-de-espana-de-ultramaraton-de-la-iruela\/","title":{"rendered":"Ra\u00fal Castrillo vence en la Copa de Espa\u00f1a de Ultramarat\u00f3n de La Iruela"},"content":{"rendered":"<p>La localidad jienense de La Iruela acogi\u00f3 este fin de semana la pen\u00faltima prueba de la Copa de Espa\u00f1a BTT de Ultramarat\u00f3n. <strong>Ra\u00fal Castrillo<\/strong> y <strong>Cristina Mor\u00e1n<\/strong> se impusieron en categor\u00eda absoluta y se afianzan al frente de la general.<\/p>\n<p>La prueba, de 148 kil\u00f3metros y un total de 4.100 metros de desnivel positivo acumulado, depar\u00f3 un enorme espect\u00e1culo entre todos los participantes.<\/p>\n<p>En categor\u00eda \u00e9lite masculina el l\u00edder del certamen nacional, Ra\u00fal Castrillo, hizo valer su condici\u00f3n para imponerse con autoridad. <strong>Brandan M\u00e1rquez<\/strong> y <strong>\u00c1lvaro Nieto<\/strong> acompa\u00f1aron en el podio a Castrillo.<\/p>\n<p>En cuanto a la categor\u00eda \u00e9lite femenina, la tambi\u00e9n l\u00edder del circuito Cristina Mor\u00e1n no dio opci\u00f3n a sus rivales llev\u00e1ndose la victoria, consolidando as\u00ed su liderato. <strong>Marta Ballesteros<\/strong> y <strong>Mar\u00eda del Pilar Fern\u00e1ndez<\/strong> terminaron en segunda y tercera posici\u00f3n, respectivamente.<\/p>\n<p>La siguiente y \u00faltima cita del circuito nacional tendr\u00e1 lugar el 22 de octubre en tierras turolenses con la XII BTT Masadas de Ejulve.<\/p>\n","protected":false},"excerpt":{"rendered":"<p>La localidad jienense de La Iruela acogi\u00f3 este fin de semana la pen\u00faltima prueba de la Copa de Espa\u00f1a BTT de Ultramarat\u00f3n. Ra\u00fal Castrillo y Cristina Mor\u00e1n se impusieron en categor\u00eda absoluta y se afianzan al frente de la general. La prueba, de 148 kil\u00f3metros y un total de 4.100 metros de desnivel positivo acumulado, [&hellip;]<\/p>\n","protected":false},"author":24,"featured_media":1519,"comment_status":"open","ping_status":"open","sticky":false,"template":"","format":"standard","meta":{"footnotes":""},"categories":[140],"tags":[398],"class_list":["post-1518","post","type-post","status-publish","format-standard","has-post-thumbnail","hentry","category-actualidad","tag-btt"],"yoast_head":"<!-- This site is optimized with the Yoast SEO plugin v27.4 - https:\/\/yoast.com\/product\/yoast-seo-wordpress\/ -->\n<title>Ra\u00fal Castrillo vence en la Copa de Espa\u00f1a de Ultramarat\u00f3n de La Iruela<\/title>\n<meta name=\"description\" content=\"La Iruela ha acogido este fin de semana la pen\u00faltima prueba de la Copa de Espa\u00f1a de Ultramarat\u00f3n. Ra\u00fal Castrillo se ha impuesto en categor\u00eda absoluta.\" \/>\n<meta name=\"robots\" content=\"index, follow, max-snippet:-1, max-image-preview:large, max-video-preview:-1\" \/>\n<link rel=\"canonical\" href=\"https:\/\/www.cope.es\/blogs\/a-tumba-abierta\/2022\/10\/03\/raul-castrillo-vence-en-la-copa-de-espana-de-ultramaraton-de-la-iruela\/\" \/>\n<meta property=\"og:locale\" content=\"es_ES\" \/>\n<meta property=\"og:type\" content=\"article\" \/>\n<meta property=\"og:title\" content=\"Ra\u00fal Castrillo vence en la Copa de Espa\u00f1a de Ultramarat\u00f3n de La Iruela\" \/>\n<meta property=\"og:description\" content=\"La Iruela ha acogido este fin de semana la pen\u00faltima prueba de la Copa de Espa\u00f1a de Ultramarat\u00f3n. Ra\u00fal Castrillo se ha impuesto en categor\u00eda absoluta.\" \/>\n<meta property=\"og:url\" content=\"https:\/\/www.cope.es\/blogs\/a-tumba-abierta\/2022\/10\/03\/raul-castrillo-vence-en-la-copa-de-espana-de-ultramaraton-de-la-iruela\/\" \/>\n<meta property=\"og:site_name\" content=\"A Tumba Abierta\" \/>\n<meta property=\"article:publisher\" content=\"https:\/\/www.facebook.com\/cope\/\" \/>\n<meta property=\"article:author\" content=\"https:\/\/es-es.facebook.com\/cristobal.cabezasmartin\" \/>\n<meta property=\"article:published_time\" content=\"2022-10-03T11:48:17+00:00\" \/>\n<meta property=\"og:image\" content=\"https:\/\/www.cope.es\/blogs\/a-tumba-abierta\/wp-content\/uploads\/sites\/23\/2022\/10\/1.jpg\" \/>\n\t<meta property=\"og:image:width\" content=\"854\" \/>\n\t<meta property=\"og:image:height\" content=\"404\" \/>\n\t<meta property=\"og:image:type\" content=\"image\/jpeg\" \/>\n<meta name=\"author\" content=\"Crist\u00f3bal Cabezas\" \/>\n<meta name=\"twitter:card\" content=\"summary_large_image\" \/>\n<meta name=\"twitter:creator\" content=\"@cristoblcabezas\" \/>\n<meta name=\"twitter:site\" content=\"@cope_es\" \/>\n<meta name=\"twitter:label1\" content=\"Escrito por\" \/>\n\t<meta name=\"twitter:data1\" content=\"Crist\u00f3bal Cabezas\" \/>\n\t<meta name=\"twitter:label2\" content=\"Tiempo de lectura\" \/>\n\t<meta name=\"twitter:data2\" content=\"1 minuto\" \/>\n<script type=\"application\/ld+json\" class=\"yoast-schema-graph\">{\"@context\":\"https:\\\/\\\/schema.org\",\"@graph\":[{\"@type\":\"Article\",\"@id\":\"https:\\\/\\\/www.cope.es\\\/blogs\\\/a-tumba-abierta\\\/2022\\\/10\\\/03\\\/raul-castrillo-vence-en-la-copa-de-espana-de-ultramaraton-de-la-iruela\\\/#article\",\"isPartOf\":{\"@id\":\"https:\\\/\\\/www.cope.es\\\/blogs\\\/a-tumba-abierta\\\/2022\\\/10\\\/03\\\/raul-castrillo-vence-en-la-copa-de-espana-de-ultramaraton-de-la-iruela\\\/\"},\"author\":{\"name\":\"Crist\u00f3bal Cabezas\",\"@id\":\"https:\\\/\\\/www.cope.es\\\/blogs\\\/a-tumba-abierta\\\/#\\\/schema\\\/person\\\/413f6566db421693223476f6b63a643b\"},\"headline\":\"Ra\u00fal Castrillo vence en la Copa de Espa\u00f1a de Ultramarat\u00f3n de La Iruela\",\"datePublished\":\"2022-10-03T11:48:17+00:00\",\"mainEntityOfPage\":{\"@id\":\"https:\\\/\\\/www.cope.es\\\/blogs\\\/a-tumba-abierta\\\/2022\\\/10\\\/03\\\/raul-castrillo-vence-en-la-copa-de-espana-de-ultramaraton-de-la-iruela\\\/\"},\"wordCount\":194,\"commentCount\":0,\"image\":{\"@id\":\"https:\\\/\\\/www.cope.es\\\/blogs\\\/a-tumba-abierta\\\/2022\\\/10\\\/03\\\/raul-castrillo-vence-en-la-copa-de-espana-de-ultramaraton-de-la-iruela\\\/#primaryimage\"},\"thumbnailUrl\":\"https:\\\/\\\/www.cope.es\\\/blogs\\\/a-tumba-abierta\\\/wp-content\\\/uploads\\\/sites\\\/23\\\/2022\\\/10\\\/1.jpg\",\"keywords\":[\"BTT\"],\"articleSection\":[\"Actualidad\"],\"inLanguage\":\"es\",\"potentialAction\":[{\"@type\":\"CommentAction\",\"name\":\"Comment\",\"target\":[\"https:\\\/\\\/www.cope.es\\\/blogs\\\/a-tumba-abierta\\\/2022\\\/10\\\/03\\\/raul-castrillo-vence-en-la-copa-de-espana-de-ultramaraton-de-la-iruela\\\/#respond\"]}]},{\"@type\":\"WebPage\",\"@id\":\"https:\\\/\\\/www.cope.es\\\/blogs\\\/a-tumba-abierta\\\/2022\\\/10\\\/03\\\/raul-castrillo-vence-en-la-copa-de-espana-de-ultramaraton-de-la-iruela\\\/\",\"url\":\"https:\\\/\\\/www.cope.es\\\/blogs\\\/a-tumba-abierta\\\/2022\\\/10\\\/03\\\/raul-castrillo-vence-en-la-copa-de-espana-de-ultramaraton-de-la-iruela\\\/\",\"name\":\"Ra\u00fal Castrillo vence en la Copa de Espa\u00f1a de Ultramarat\u00f3n de La Iruela\",\"isPartOf\":{\"@id\":\"https:\\\/\\\/www.cope.es\\\/blogs\\\/a-tumba-abierta\\\/#website\"},\"primaryImageOfPage\":{\"@id\":\"https:\\\/\\\/www.cope.es\\\/blogs\\\/a-tumba-abierta\\\/2022\\\/10\\\/03\\\/raul-castrillo-vence-en-la-copa-de-espana-de-ultramaraton-de-la-iruela\\\/#primaryimage\"},\"image\":{\"@id\":\"https:\\\/\\\/www.cope.es\\\/blogs\\\/a-tumba-abierta\\\/2022\\\/10\\\/03\\\/raul-castrillo-vence-en-la-copa-de-espana-de-ultramaraton-de-la-iruela\\\/#primaryimage\"},\"thumbnailUrl\":\"https:\\\/\\\/www.cope.es\\\/blogs\\\/a-tumba-abierta\\\/wp-content\\\/uploads\\\/sites\\\/23\\\/2022\\\/10\\\/1.jpg\",\"datePublished\":\"2022-10-03T11:48:17+00:00\",\"author\":{\"@id\":\"https:\\\/\\\/www.cope.es\\\/blogs\\\/a-tumba-abierta\\\/#\\\/schema\\\/person\\\/413f6566db421693223476f6b63a643b\"},\"description\":\"La Iruela ha acogido este fin de semana la pen\u00faltima prueba de la Copa de Espa\u00f1a de Ultramarat\u00f3n. Ra\u00fal Castrillo se ha impuesto en categor\u00eda absoluta.\",\"breadcrumb\":{\"@id\":\"https:\\\/\\\/www.cope.es\\\/blogs\\\/a-tumba-abierta\\\/2022\\\/10\\\/03\\\/raul-castrillo-vence-en-la-copa-de-espana-de-ultramaraton-de-la-iruela\\\/#breadcrumb\"},\"inLanguage\":\"es\",\"potentialAction\":[{\"@type\":\"ReadAction\",\"target\":[\"https:\\\/\\\/www.cope.es\\\/blogs\\\/a-tumba-abierta\\\/2022\\\/10\\\/03\\\/raul-castrillo-vence-en-la-copa-de-espana-de-ultramaraton-de-la-iruela\\\/\"]}]},{\"@type\":\"ImageObject\",\"inLanguage\":\"es\",\"@id\":\"https:\\\/\\\/www.cope.es\\\/blogs\\\/a-tumba-abierta\\\/2022\\\/10\\\/03\\\/raul-castrillo-vence-en-la-copa-de-espana-de-ultramaraton-de-la-iruela\\\/#primaryimage\",\"url\":\"https:\\\/\\\/www.cope.es\\\/blogs\\\/a-tumba-abierta\\\/wp-content\\\/uploads\\\/sites\\\/23\\\/2022\\\/10\\\/1.jpg\",\"contentUrl\":\"https:\\\/\\\/www.cope.es\\\/blogs\\\/a-tumba-abierta\\\/wp-content\\\/uploads\\\/sites\\\/23\\\/2022\\\/10\\\/1.jpg\",\"width\":854,\"height\":404,\"caption\":\"La localidad jienense de La Iruela acogi\u00f3 este fin de semana la pen\u00faltima prueba de la Copa de Espa\u00f1a de Ultramarat\u00f3n. Ra\u00fal Castrillo y Cristina Mor\u00e1n se impusieron en categor\u00eda absoluta y se afianzan al frente de la general.\"},{\"@type\":\"BreadcrumbList\",\"@id\":\"https:\\\/\\\/www.cope.es\\\/blogs\\\/a-tumba-abierta\\\/2022\\\/10\\\/03\\\/raul-castrillo-vence-en-la-copa-de-espana-de-ultramaraton-de-la-iruela\\\/#breadcrumb\",\"itemListElement\":[{\"@type\":\"ListItem\",\"position\":1,\"name\":\"Portada\",\"item\":\"https:\\\/\\\/www.cope.es\\\/blogs\\\/a-tumba-abierta\\\/\"},{\"@type\":\"ListItem\",\"position\":2,\"name\":\"Ra\u00fal Castrillo vence en la Copa de Espa\u00f1a de Ultramarat\u00f3n de La Iruela\"}]},{\"@type\":\"WebSite\",\"@id\":\"https:\\\/\\\/www.cope.es\\\/blogs\\\/a-tumba-abierta\\\/#website\",\"url\":\"https:\\\/\\\/www.cope.es\\\/blogs\\\/a-tumba-abierta\\\/\",\"name\":\"A Tumba Abierta\",\"description\":\"Blog de ciclismo en COPE\",\"potentialAction\":[{\"@type\":\"SearchAction\",\"target\":{\"@type\":\"EntryPoint\",\"urlTemplate\":\"https:\\\/\\\/www.cope.es\\\/blogs\\\/a-tumba-abierta\\\/?s={search_term_string}\"},\"query-input\":{\"@type\":\"PropertyValueSpecification\",\"valueRequired\":true,\"valueName\":\"search_term_string\"}}],\"inLanguage\":\"es\"},{\"@type\":\"Person\",\"@id\":\"https:\\\/\\\/www.cope.es\\\/blogs\\\/a-tumba-abierta\\\/#\\\/schema\\\/person\\\/413f6566db421693223476f6b63a643b\",\"name\":\"Crist\u00f3bal Cabezas\",\"image\":{\"@type\":\"ImageObject\",\"inLanguage\":\"es\",\"@id\":\"https:\\\/\\\/secure.gravatar.com\\\/avatar\\\/361550a2a3cac91688caa1b00f2a1fa4e89a6c4361562ca29a361ce0041974c2?s=96&d=mm&r=g\",\"url\":\"https:\\\/\\\/secure.gravatar.com\\\/avatar\\\/361550a2a3cac91688caa1b00f2a1fa4e89a6c4361562ca29a361ce0041974c2?s=96&d=mm&r=g\",\"contentUrl\":\"https:\\\/\\\/secure.gravatar.com\\\/avatar\\\/361550a2a3cac91688caa1b00f2a1fa4e89a6c4361562ca29a361ce0041974c2?s=96&d=mm&r=g\",\"caption\":\"Crist\u00f3bal Cabezas\"},\"description\":\"Crist\u00f3bal Cabezas es Licenciado en Periodismo por la Universidad Complutense de Madrid y T\u00edtulo en T\u00e9cnico en Comunicaci\u00f3n Integral por la Universidad Francisco de Vitoria. Tras desempe\u00f1ar tareas informativas en diferentes medios, recal\u00f3 en la Cadena COPE en el a\u00f1o 2005. Desde entonces, ha trabajado en las emisoras de Madrid, Granada, Jaca (Huesca) y Toledo, en donde se incorpor\u00f3 en 2013 como Jefe de Informativos de la Cadena COPE en Castilla-La Mancha. Siempre tuvo claro que quer\u00eda ser periodista y, a esa afici\u00f3n, se uni\u00f3 la del ciclismo, deporte con el que ha disfrutado mucho, tanto a trav\u00e9s de los medios de comunicaci\u00f3n como asistiendo en directo a diferentes carreras ciclistas. El inter\u00e9s que siempre mostr\u00f3 con todo lo relacionado con Internet y las redes sociales, fue reconocido con el Premio \u201cD\u00eda de Internet\u201d en la categor\u00eda de \u201cMejor Periodista Digital\u201d por sus trabajos en la Cadena COPE. Precisamente, esa pasi\u00f3n por las nuevas tecnolog\u00edas, espera que sea el \u201cveh\u00edculo\u201d para poder contar \u201cA Tumba Abierta\u201d las mejores historias del deporte de las dos ruedas.\",\"sameAs\":[\"http:\\\/\\\/www.cope.es\",\"https:\\\/\\\/es-es.facebook.com\\\/cristobal.cabezasmartin\",\"https:\\\/\\\/x.com\\\/cristoblcabezas\"],\"url\":\"https:\\\/\\\/www.cope.es\\\/blogs\\\/a-tumba-abierta\\\/author\\\/ccabezas\\\/\"}]}<\/script>\n<!-- \/ Yoast SEO plugin. -->","yoast_head_json":{"title":"Ra\u00fal Castrillo vence en la Copa de Espa\u00f1a de Ultramarat\u00f3n de La Iruela","description":"La Iruela ha acogido este fin de semana la pen\u00faltima prueba de la Copa de Espa\u00f1a de Ultramarat\u00f3n. Ra\u00fal Castrillo se ha impuesto en categor\u00eda absoluta.","robots":{"index":"index","follow":"follow","max-snippet":"max-snippet:-1","max-image-preview":"max-image-preview:large","max-video-preview":"max-video-preview:-1"},"canonical":"https:\/\/www.cope.es\/blogs\/a-tumba-abierta\/2022\/10\/03\/raul-castrillo-vence-en-la-copa-de-espana-de-ultramaraton-de-la-iruela\/","og_locale":"es_ES","og_type":"article","og_title":"Ra\u00fal Castrillo vence en la Copa de Espa\u00f1a de Ultramarat\u00f3n de La Iruela","og_description":"La Iruela ha acogido este fin de semana la pen\u00faltima prueba de la Copa de Espa\u00f1a de Ultramarat\u00f3n. Ra\u00fal Castrillo se ha impuesto en categor\u00eda absoluta.","og_url":"https:\/\/www.cope.es\/blogs\/a-tumba-abierta\/2022\/10\/03\/raul-castrillo-vence-en-la-copa-de-espana-de-ultramaraton-de-la-iruela\/","og_site_name":"A Tumba Abierta","article_publisher":"https:\/\/www.facebook.com\/cope\/","article_author":"https:\/\/es-es.facebook.com\/cristobal.cabezasmartin","article_published_time":"2022-10-03T11:48:17+00:00","og_image":[{"width":854,"height":404,"url":"https:\/\/www.cope.es\/blogs\/a-tumba-abierta\/wp-content\/uploads\/sites\/23\/2022\/10\/1.jpg","type":"image\/jpeg"}],"author":"Crist\u00f3bal Cabezas","twitter_card":"summary_large_image","twitter_creator":"@cristoblcabezas","twitter_site":"@cope_es","twitter_misc":{"Escrito por":"Crist\u00f3bal Cabezas","Tiempo de lectura":"1 minuto"},"schema":{"@context":"https:\/\/schema.org","@graph":[{"@type":"Article","@id":"https:\/\/www.cope.es\/blogs\/a-tumba-abierta\/2022\/10\/03\/raul-castrillo-vence-en-la-copa-de-espana-de-ultramaraton-de-la-iruela\/#article","isPartOf":{"@id":"https:\/\/www.cope.es\/blogs\/a-tumba-abierta\/2022\/10\/03\/raul-castrillo-vence-en-la-copa-de-espana-de-ultramaraton-de-la-iruela\/"},"author":{"name":"Crist\u00f3bal Cabezas","@id":"https:\/\/www.cope.es\/blogs\/a-tumba-abierta\/#\/schema\/person\/413f6566db421693223476f6b63a643b"},"headline":"Ra\u00fal Castrillo vence en la Copa de Espa\u00f1a de Ultramarat\u00f3n de La Iruela","datePublished":"2022-10-03T11:48:17+00:00","mainEntityOfPage":{"@id":"https:\/\/www.cope.es\/blogs\/a-tumba-abierta\/2022\/10\/03\/raul-castrillo-vence-en-la-copa-de-espana-de-ultramaraton-de-la-iruela\/"},"wordCount":194,"commentCount":0,"image":{"@id":"https:\/\/www.cope.es\/blogs\/a-tumba-abierta\/2022\/10\/03\/raul-castrillo-vence-en-la-copa-de-espana-de-ultramaraton-de-la-iruela\/#primaryimage"},"thumbnailUrl":"https:\/\/www.cope.es\/blogs\/a-tumba-abierta\/wp-content\/uploads\/sites\/23\/2022\/10\/1.jpg","keywords":["BTT"],"articleSection":["Actualidad"],"inLanguage":"es","potentialAction":[{"@type":"CommentAction","name":"Comment","target":["https:\/\/www.cope.es\/blogs\/a-tumba-abierta\/2022\/10\/03\/raul-castrillo-vence-en-la-copa-de-espana-de-ultramaraton-de-la-iruela\/#respond"]}]},{"@type":"WebPage","@id":"https:\/\/www.cope.es\/blogs\/a-tumba-abierta\/2022\/10\/03\/raul-castrillo-vence-en-la-copa-de-espana-de-ultramaraton-de-la-iruela\/","url":"https:\/\/www.cope.es\/blogs\/a-tumba-abierta\/2022\/10\/03\/raul-castrillo-vence-en-la-copa-de-espana-de-ultramaraton-de-la-iruela\/","name":"Ra\u00fal Castrillo vence en la Copa de Espa\u00f1a de Ultramarat\u00f3n de La Iruela","isPartOf":{"@id":"https:\/\/www.cope.es\/blogs\/a-tumba-abierta\/#website"},"primaryImageOfPage":{"@id":"https:\/\/www.cope.es\/blogs\/a-tumba-abierta\/2022\/10\/03\/raul-castrillo-vence-en-la-copa-de-espana-de-ultramaraton-de-la-iruela\/#primaryimage"},"image":{"@id":"https:\/\/www.cope.es\/blogs\/a-tumba-abierta\/2022\/10\/03\/raul-castrillo-vence-en-la-copa-de-espana-de-ultramaraton-de-la-iruela\/#primaryimage"},"thumbnailUrl":"https:\/\/www.cope.es\/blogs\/a-tumba-abierta\/wp-content\/uploads\/sites\/23\/2022\/10\/1.jpg","datePublished":"2022-10-03T11:48:17+00:00","author":{"@id":"https:\/\/www.cope.es\/blogs\/a-tumba-abierta\/#\/schema\/person\/413f6566db421693223476f6b63a643b"},"description":"La Iruela ha acogido este fin de semana la pen\u00faltima prueba de la Copa de Espa\u00f1a de Ultramarat\u00f3n. Ra\u00fal Castrillo se ha impuesto en categor\u00eda absoluta.","breadcrumb":{"@id":"https:\/\/www.cope.es\/blogs\/a-tumba-abierta\/2022\/10\/03\/raul-castrillo-vence-en-la-copa-de-espana-de-ultramaraton-de-la-iruela\/#breadcrumb"},"inLanguage":"es","potentialAction":[{"@type":"ReadAction","target":["https:\/\/www.cope.es\/blogs\/a-tumba-abierta\/2022\/10\/03\/raul-castrillo-vence-en-la-copa-de-espana-de-ultramaraton-de-la-iruela\/"]}]},{"@type":"ImageObject","inLanguage":"es","@id":"https:\/\/www.cope.es\/blogs\/a-tumba-abierta\/2022\/10\/03\/raul-castrillo-vence-en-la-copa-de-espana-de-ultramaraton-de-la-iruela\/#primaryimage","url":"https:\/\/www.cope.es\/blogs\/a-tumba-abierta\/wp-content\/uploads\/sites\/23\/2022\/10\/1.jpg","contentUrl":"https:\/\/www.cope.es\/blogs\/a-tumba-abierta\/wp-content\/uploads\/sites\/23\/2022\/10\/1.jpg","width":854,"height":404,"caption":"La localidad jienense de La Iruela acogi\u00f3 este fin de semana la pen\u00faltima prueba de la Copa de Espa\u00f1a de Ultramarat\u00f3n. Ra\u00fal Castrillo y Cristina Mor\u00e1n se impusieron en categor\u00eda absoluta y se afianzan al frente de la general."},{"@type":"BreadcrumbList","@id":"https:\/\/www.cope.es\/blogs\/a-tumba-abierta\/2022\/10\/03\/raul-castrillo-vence-en-la-copa-de-espana-de-ultramaraton-de-la-iruela\/#breadcrumb","itemListElement":[{"@type":"ListItem","position":1,"name":"Portada","item":"https:\/\/www.cope.es\/blogs\/a-tumba-abierta\/"},{"@type":"ListItem","position":2,"name":"Ra\u00fal Castrillo vence en la Copa de Espa\u00f1a de Ultramarat\u00f3n de La Iruela"}]},{"@type":"WebSite","@id":"https:\/\/www.cope.es\/blogs\/a-tumba-abierta\/#website","url":"https:\/\/www.cope.es\/blogs\/a-tumba-abierta\/","name":"A Tumba Abierta","description":"Blog de ciclismo en COPE","potentialAction":[{"@type":"SearchAction","target":{"@type":"EntryPoint","urlTemplate":"https:\/\/www.cope.es\/blogs\/a-tumba-abierta\/?s={search_term_string}"},"query-input":{"@type":"PropertyValueSpecification","valueRequired":true,"valueName":"search_term_string"}}],"inLanguage":"es"},{"@type":"Person","@id":"https:\/\/www.cope.es\/blogs\/a-tumba-abierta\/#\/schema\/person\/413f6566db421693223476f6b63a643b","name":"Crist\u00f3bal Cabezas","image":{"@type":"ImageObject","inLanguage":"es","@id":"https:\/\/secure.gravatar.com\/avatar\/361550a2a3cac91688caa1b00f2a1fa4e89a6c4361562ca29a361ce0041974c2?s=96&d=mm&r=g","url":"https:\/\/secure.gravatar.com\/avatar\/361550a2a3cac91688caa1b00f2a1fa4e89a6c4361562ca29a361ce0041974c2?s=96&d=mm&r=g","contentUrl":"https:\/\/secure.gravatar.com\/avatar\/361550a2a3cac91688caa1b00f2a1fa4e89a6c4361562ca29a361ce0041974c2?s=96&d=mm&r=g","caption":"Crist\u00f3bal Cabezas"},"description":"Crist\u00f3bal Cabezas es Licenciado en Periodismo por la Universidad Complutense de Madrid y T\u00edtulo en T\u00e9cnico en Comunicaci\u00f3n Integral por la Universidad Francisco de Vitoria. Tras desempe\u00f1ar tareas informativas en diferentes medios, recal\u00f3 en la Cadena COPE en el a\u00f1o 2005. Desde entonces, ha trabajado en las emisoras de Madrid, Granada, Jaca (Huesca) y Toledo, en donde se incorpor\u00f3 en 2013 como Jefe de Informativos de la Cadena COPE en Castilla-La Mancha. Siempre tuvo claro que quer\u00eda ser periodista y, a esa afici\u00f3n, se uni\u00f3 la del ciclismo, deporte con el que ha disfrutado mucho, tanto a trav\u00e9s de los medios de comunicaci\u00f3n como asistiendo en directo a diferentes carreras ciclistas. El inter\u00e9s que siempre mostr\u00f3 con todo lo relacionado con Internet y las redes sociales, fue reconocido con el Premio \u201cD\u00eda de Internet\u201d en la categor\u00eda de \u201cMejor Periodista Digital\u201d por sus trabajos en la Cadena COPE. Precisamente, esa pasi\u00f3n por las nuevas tecnolog\u00edas, espera que sea el \u201cveh\u00edculo\u201d para poder contar \u201cA Tumba Abierta\u201d las mejores historias del deporte de las dos ruedas.","sameAs":["http:\/\/www.cope.es","https:\/\/es-es.facebook.com\/cristobal.cabezasmartin","https:\/\/x.com\/cristoblcabezas"],"url":"https:\/\/www.cope.es\/blogs\/a-tumba-abierta\/author\/ccabezas\/"}]}},"amp_enabled":true,"_links":{"self":[{"href":"https:\/\/www.cope.es\/blogs\/a-tumba-abierta\/wp-json\/wp\/v2\/posts\/1518","targetHints":{"allow":["GET"]}}],"collection":[{"href":"https:\/\/www.cope.es\/blogs\/a-tumba-abierta\/wp-json\/wp\/v2\/posts"}],"about":[{"href":"https:\/\/www.cope.es\/blogs\/a-tumba-abierta\/wp-json\/wp\/v2\/types\/post"}],"author":[{"embeddable":true,"href":"https:\/\/www.cope.es\/blogs\/a-tumba-abierta\/wp-json\/wp\/v2\/users\/24"}],"replies":[{"embeddable":true,"href":"https:\/\/www.cope.es\/blogs\/a-tumba-abierta\/wp-json\/wp\/v2\/comments?post=1518"}],"version-history":[{"count":1,"href":"https:\/\/www.cope.es\/blogs\/a-tumba-abierta\/wp-json\/wp\/v2\/posts\/1518\/revisions"}],"predecessor-version":[{"id":1520,"href":"https:\/\/www.cope.es\/blogs\/a-tumba-abierta\/wp-json\/wp\/v2\/posts\/1518\/revisions\/1520"}],"wp:featuredmedia":[{"embeddable":true,"href":"https:\/\/www.cope.es\/blogs\/a-tumba-abierta\/wp-json\/wp\/v2\/media\/1519"}],"wp:attachment":[{"href":"https:\/\/www.cope.es\/blogs\/a-tumba-abierta\/wp-json\/wp\/v2\/media?parent=1518"}],"wp:term":[{"taxonomy":"category","embeddable":true,"href":"https:\/\/www.cope.es\/blogs\/a-tumba-abierta\/wp-json\/wp\/v2\/categories?post=1518"},{"taxonomy":"post_tag","embeddable":true,"href":"https:\/\/www.cope.es\/blogs\/a-tumba-abierta\/wp-json\/wp\/v2\/tags?post=1518"}],"curies":[{"name":"wp","href":"https:\/\/api.w.org\/{rel}","templated":true}]}}