{"id":1444,"date":"2022-09-15T14:21:30","date_gmt":"2022-09-15T12:21:30","guid":{"rendered":"http:\/\/www.cope.es\/blogs\/a-tumba-abierta\/?p=1444"},"modified":"2022-09-15T14:21:30","modified_gmt":"2022-09-15T12:21:30","slug":"pedro-delgado-participa-este-fin-de-semana-en-la-marcha-madrid-7-picos","status":"publish","type":"post","link":"https:\/\/www.cope.es\/blogs\/a-tumba-abierta\/2022\/09\/15\/pedro-delgado-participa-este-fin-de-semana-en-la-marcha-madrid-7-picos\/","title":{"rendered":"Pedro Delgado participa este fin de semana en la marcha Madrid 7 Picos"},"content":{"rendered":"<p>Los excorredores <strong>Pedro Delgado<\/strong> y <strong>Joseba Beloki<\/strong> participar\u00e1n en la primera edici\u00f3n de la marcha ciclista <a href=\"https:\/\/madrid7picos.com\/\" target=\"_blank\">Madrid 7 Picos<\/a> en la Sierra de Madrid. La prueba recorrer\u00e1 230 kil\u00f3metros con 4.100 metros de desnivel los d\u00edas 17 y 18 de septiembre.<\/p>\n<p>Cerca de 600 los ciclistas est\u00e1n inscritos en esta primera edici\u00f3n de la marcha, en la que tendr\u00e1n que afrontar la ascensi\u00f3n a las siete monta\u00f1as m\u00e1s ic\u00f3nicas de la Sierra de Madrid, el Puerto de Morcuera, Puerto de Canencia, el Alto de Campadales, el Puerto del Cardoso, La Hiruela, El Alto del Robledillo y el de La Puebla. Las salidas ser\u00e1n tanto el s\u00e1bado como el domingo, a partir de las 8:00 horas, desde Buitrago del Lozoya.<\/p>\n<p>&#8220;El recorrido es muy bonito, la zona norte de Madrid es bastante desconocida y es un espacio en el que desconectas de la gran ciudad. Con la bicicleta, encuentras puertos incre\u00edbles y da la sensaci\u00f3n de que no est\u00e1s en Madrid. Son carreteras duras para ir en bicicleta&#8221;, coment\u00f3 el ganador del Tour de Francia de 1988 y de las Vueltas a Espa\u00f1a de 1985 y <a href=\"https:\/\/www.cope.es\/blogs\/a-tumba-abierta\/2018\/05\/04\/1989-la-vuelta-de-pedro-delgado\/\" target=\"_blank\">1989<\/a>.<\/p>\n","protected":false},"excerpt":{"rendered":"<p>Los excorredores Pedro Delgado y Joseba Beloki participar\u00e1n en la primera edici\u00f3n de la marcha ciclista Madrid 7 Picos en la Sierra de Madrid. La prueba recorrer\u00e1 230 kil\u00f3metros con 4.100 metros de desnivel los d\u00edas 17 y 18 de septiembre. Cerca de 600 los ciclistas est\u00e1n inscritos en esta primera edici\u00f3n de la marcha, [&hellip;]<\/p>\n","protected":false},"author":24,"featured_media":1445,"comment_status":"open","ping_status":"open","sticky":false,"template":"","format":"standard","meta":{"footnotes":""},"categories":[140],"tags":[11],"class_list":["post-1444","post","type-post","status-publish","format-standard","has-post-thumbnail","hentry","category-actualidad","tag-ciclismo"],"yoast_head":"<!-- This site is optimized with the Yoast SEO plugin v27.4 - https:\/\/yoast.com\/product\/yoast-seo-wordpress\/ -->\n<title>Pedro Delgado participa este fin de semana en la marcha Madrid 7 Picos<\/title>\n<meta name=\"description\" content=\"Pedro Delgado participar\u00e1 en la marcha ciclista Madrid 7 Picos en la Sierra de Madrid, que recorrer\u00e1 230 kil\u00f3metros con 4.100 metros de desnivel.\" \/>\n<meta name=\"robots\" content=\"index, follow, max-snippet:-1, max-image-preview:large, max-video-preview:-1\" \/>\n<link rel=\"canonical\" href=\"https:\/\/www.cope.es\/blogs\/a-tumba-abierta\/2022\/09\/15\/pedro-delgado-participa-este-fin-de-semana-en-la-marcha-madrid-7-picos\/\" \/>\n<meta property=\"og:locale\" content=\"es_ES\" \/>\n<meta property=\"og:type\" content=\"article\" \/>\n<meta property=\"og:title\" content=\"Pedro Delgado participa este fin de semana en la marcha Madrid 7 Picos\" \/>\n<meta property=\"og:description\" content=\"Pedro Delgado participar\u00e1 en la marcha ciclista Madrid 7 Picos en la Sierra de Madrid, que recorrer\u00e1 230 kil\u00f3metros con 4.100 metros de desnivel.\" \/>\n<meta property=\"og:url\" content=\"https:\/\/www.cope.es\/blogs\/a-tumba-abierta\/2022\/09\/15\/pedro-delgado-participa-este-fin-de-semana-en-la-marcha-madrid-7-picos\/\" \/>\n<meta property=\"og:site_name\" content=\"A Tumba Abierta\" \/>\n<meta property=\"article:publisher\" content=\"https:\/\/www.facebook.com\/cope\/\" \/>\n<meta property=\"article:author\" content=\"https:\/\/es-es.facebook.com\/cristobal.cabezasmartin\" \/>\n<meta property=\"article:published_time\" content=\"2022-09-15T12:21:30+00:00\" \/>\n<meta property=\"og:image\" content=\"https:\/\/www.cope.es\/blogs\/a-tumba-abierta\/wp-content\/uploads\/sites\/23\/2022\/09\/ttttttt.jpg\" \/>\n\t<meta property=\"og:image:width\" content=\"905\" \/>\n\t<meta property=\"og:image:height\" content=\"542\" \/>\n\t<meta property=\"og:image:type\" content=\"image\/jpeg\" \/>\n<meta name=\"author\" content=\"Crist\u00f3bal Cabezas\" \/>\n<meta name=\"twitter:card\" content=\"summary_large_image\" \/>\n<meta name=\"twitter:creator\" content=\"@cristoblcabezas\" \/>\n<meta name=\"twitter:site\" content=\"@cope_es\" \/>\n<meta name=\"twitter:label1\" content=\"Escrito por\" \/>\n\t<meta name=\"twitter:data1\" content=\"Crist\u00f3bal Cabezas\" \/>\n\t<meta name=\"twitter:label2\" content=\"Tiempo de lectura\" \/>\n\t<meta name=\"twitter:data2\" content=\"1 minuto\" \/>\n<script type=\"application\/ld+json\" class=\"yoast-schema-graph\">{\"@context\":\"https:\\\/\\\/schema.org\",\"@graph\":[{\"@type\":\"Article\",\"@id\":\"https:\\\/\\\/www.cope.es\\\/blogs\\\/a-tumba-abierta\\\/2022\\\/09\\\/15\\\/pedro-delgado-participa-este-fin-de-semana-en-la-marcha-madrid-7-picos\\\/#article\",\"isPartOf\":{\"@id\":\"https:\\\/\\\/www.cope.es\\\/blogs\\\/a-tumba-abierta\\\/2022\\\/09\\\/15\\\/pedro-delgado-participa-este-fin-de-semana-en-la-marcha-madrid-7-picos\\\/\"},\"author\":{\"name\":\"Crist\u00f3bal Cabezas\",\"@id\":\"https:\\\/\\\/www.cope.es\\\/blogs\\\/a-tumba-abierta\\\/#\\\/schema\\\/person\\\/413f6566db421693223476f6b63a643b\"},\"headline\":\"Pedro Delgado participa este fin de semana en la marcha Madrid 7 Picos\",\"datePublished\":\"2022-09-15T12:21:30+00:00\",\"mainEntityOfPage\":{\"@id\":\"https:\\\/\\\/www.cope.es\\\/blogs\\\/a-tumba-abierta\\\/2022\\\/09\\\/15\\\/pedro-delgado-participa-este-fin-de-semana-en-la-marcha-madrid-7-picos\\\/\"},\"wordCount\":205,\"commentCount\":0,\"image\":{\"@id\":\"https:\\\/\\\/www.cope.es\\\/blogs\\\/a-tumba-abierta\\\/2022\\\/09\\\/15\\\/pedro-delgado-participa-este-fin-de-semana-en-la-marcha-madrid-7-picos\\\/#primaryimage\"},\"thumbnailUrl\":\"https:\\\/\\\/www.cope.es\\\/blogs\\\/a-tumba-abierta\\\/wp-content\\\/uploads\\\/sites\\\/23\\\/2022\\\/09\\\/ttttttt.jpg\",\"keywords\":[\"Ciclismo\"],\"articleSection\":[\"Actualidad\"],\"inLanguage\":\"es\",\"potentialAction\":[{\"@type\":\"CommentAction\",\"name\":\"Comment\",\"target\":[\"https:\\\/\\\/www.cope.es\\\/blogs\\\/a-tumba-abierta\\\/2022\\\/09\\\/15\\\/pedro-delgado-participa-este-fin-de-semana-en-la-marcha-madrid-7-picos\\\/#respond\"]}]},{\"@type\":\"WebPage\",\"@id\":\"https:\\\/\\\/www.cope.es\\\/blogs\\\/a-tumba-abierta\\\/2022\\\/09\\\/15\\\/pedro-delgado-participa-este-fin-de-semana-en-la-marcha-madrid-7-picos\\\/\",\"url\":\"https:\\\/\\\/www.cope.es\\\/blogs\\\/a-tumba-abierta\\\/2022\\\/09\\\/15\\\/pedro-delgado-participa-este-fin-de-semana-en-la-marcha-madrid-7-picos\\\/\",\"name\":\"Pedro Delgado participa este fin de semana en la marcha Madrid 7 Picos\",\"isPartOf\":{\"@id\":\"https:\\\/\\\/www.cope.es\\\/blogs\\\/a-tumba-abierta\\\/#website\"},\"primaryImageOfPage\":{\"@id\":\"https:\\\/\\\/www.cope.es\\\/blogs\\\/a-tumba-abierta\\\/2022\\\/09\\\/15\\\/pedro-delgado-participa-este-fin-de-semana-en-la-marcha-madrid-7-picos\\\/#primaryimage\"},\"image\":{\"@id\":\"https:\\\/\\\/www.cope.es\\\/blogs\\\/a-tumba-abierta\\\/2022\\\/09\\\/15\\\/pedro-delgado-participa-este-fin-de-semana-en-la-marcha-madrid-7-picos\\\/#primaryimage\"},\"thumbnailUrl\":\"https:\\\/\\\/www.cope.es\\\/blogs\\\/a-tumba-abierta\\\/wp-content\\\/uploads\\\/sites\\\/23\\\/2022\\\/09\\\/ttttttt.jpg\",\"datePublished\":\"2022-09-15T12:21:30+00:00\",\"author\":{\"@id\":\"https:\\\/\\\/www.cope.es\\\/blogs\\\/a-tumba-abierta\\\/#\\\/schema\\\/person\\\/413f6566db421693223476f6b63a643b\"},\"description\":\"Pedro Delgado participar\u00e1 en la marcha ciclista Madrid 7 Picos en la Sierra de Madrid, que recorrer\u00e1 230 kil\u00f3metros con 4.100 metros de desnivel.\",\"breadcrumb\":{\"@id\":\"https:\\\/\\\/www.cope.es\\\/blogs\\\/a-tumba-abierta\\\/2022\\\/09\\\/15\\\/pedro-delgado-participa-este-fin-de-semana-en-la-marcha-madrid-7-picos\\\/#breadcrumb\"},\"inLanguage\":\"es\",\"potentialAction\":[{\"@type\":\"ReadAction\",\"target\":[\"https:\\\/\\\/www.cope.es\\\/blogs\\\/a-tumba-abierta\\\/2022\\\/09\\\/15\\\/pedro-delgado-participa-este-fin-de-semana-en-la-marcha-madrid-7-picos\\\/\"]}]},{\"@type\":\"ImageObject\",\"inLanguage\":\"es\",\"@id\":\"https:\\\/\\\/www.cope.es\\\/blogs\\\/a-tumba-abierta\\\/2022\\\/09\\\/15\\\/pedro-delgado-participa-este-fin-de-semana-en-la-marcha-madrid-7-picos\\\/#primaryimage\",\"url\":\"https:\\\/\\\/www.cope.es\\\/blogs\\\/a-tumba-abierta\\\/wp-content\\\/uploads\\\/sites\\\/23\\\/2022\\\/09\\\/ttttttt.jpg\",\"contentUrl\":\"https:\\\/\\\/www.cope.es\\\/blogs\\\/a-tumba-abierta\\\/wp-content\\\/uploads\\\/sites\\\/23\\\/2022\\\/09\\\/ttttttt.jpg\",\"width\":905,\"height\":542,\"caption\":\"Pedro Delgado\"},{\"@type\":\"BreadcrumbList\",\"@id\":\"https:\\\/\\\/www.cope.es\\\/blogs\\\/a-tumba-abierta\\\/2022\\\/09\\\/15\\\/pedro-delgado-participa-este-fin-de-semana-en-la-marcha-madrid-7-picos\\\/#breadcrumb\",\"itemListElement\":[{\"@type\":\"ListItem\",\"position\":1,\"name\":\"Portada\",\"item\":\"https:\\\/\\\/www.cope.es\\\/blogs\\\/a-tumba-abierta\\\/\"},{\"@type\":\"ListItem\",\"position\":2,\"name\":\"Pedro Delgado participa este fin de semana en la marcha Madrid 7 Picos\"}]},{\"@type\":\"WebSite\",\"@id\":\"https:\\\/\\\/www.cope.es\\\/blogs\\\/a-tumba-abierta\\\/#website\",\"url\":\"https:\\\/\\\/www.cope.es\\\/blogs\\\/a-tumba-abierta\\\/\",\"name\":\"A Tumba Abierta\",\"description\":\"Blog de ciclismo en COPE\",\"potentialAction\":[{\"@type\":\"SearchAction\",\"target\":{\"@type\":\"EntryPoint\",\"urlTemplate\":\"https:\\\/\\\/www.cope.es\\\/blogs\\\/a-tumba-abierta\\\/?s={search_term_string}\"},\"query-input\":{\"@type\":\"PropertyValueSpecification\",\"valueRequired\":true,\"valueName\":\"search_term_string\"}}],\"inLanguage\":\"es\"},{\"@type\":\"Person\",\"@id\":\"https:\\\/\\\/www.cope.es\\\/blogs\\\/a-tumba-abierta\\\/#\\\/schema\\\/person\\\/413f6566db421693223476f6b63a643b\",\"name\":\"Crist\u00f3bal Cabezas\",\"image\":{\"@type\":\"ImageObject\",\"inLanguage\":\"es\",\"@id\":\"https:\\\/\\\/secure.gravatar.com\\\/avatar\\\/361550a2a3cac91688caa1b00f2a1fa4e89a6c4361562ca29a361ce0041974c2?s=96&d=mm&r=g\",\"url\":\"https:\\\/\\\/secure.gravatar.com\\\/avatar\\\/361550a2a3cac91688caa1b00f2a1fa4e89a6c4361562ca29a361ce0041974c2?s=96&d=mm&r=g\",\"contentUrl\":\"https:\\\/\\\/secure.gravatar.com\\\/avatar\\\/361550a2a3cac91688caa1b00f2a1fa4e89a6c4361562ca29a361ce0041974c2?s=96&d=mm&r=g\",\"caption\":\"Crist\u00f3bal Cabezas\"},\"description\":\"Crist\u00f3bal Cabezas es Licenciado en Periodismo por la Universidad Complutense de Madrid y T\u00edtulo en T\u00e9cnico en Comunicaci\u00f3n Integral por la Universidad Francisco de Vitoria. Tras desempe\u00f1ar tareas informativas en diferentes medios, recal\u00f3 en la Cadena COPE en el a\u00f1o 2005. Desde entonces, ha trabajado en las emisoras de Madrid, Granada, Jaca (Huesca) y Toledo, en donde se incorpor\u00f3 en 2013 como Jefe de Informativos de la Cadena COPE en Castilla-La Mancha. Siempre tuvo claro que quer\u00eda ser periodista y, a esa afici\u00f3n, se uni\u00f3 la del ciclismo, deporte con el que ha disfrutado mucho, tanto a trav\u00e9s de los medios de comunicaci\u00f3n como asistiendo en directo a diferentes carreras ciclistas. El inter\u00e9s que siempre mostr\u00f3 con todo lo relacionado con Internet y las redes sociales, fue reconocido con el Premio \u201cD\u00eda de Internet\u201d en la categor\u00eda de \u201cMejor Periodista Digital\u201d por sus trabajos en la Cadena COPE. Precisamente, esa pasi\u00f3n por las nuevas tecnolog\u00edas, espera que sea el \u201cveh\u00edculo\u201d para poder contar \u201cA Tumba Abierta\u201d las mejores historias del deporte de las dos ruedas.\",\"sameAs\":[\"http:\\\/\\\/www.cope.es\",\"https:\\\/\\\/es-es.facebook.com\\\/cristobal.cabezasmartin\",\"https:\\\/\\\/x.com\\\/cristoblcabezas\"],\"url\":\"https:\\\/\\\/www.cope.es\\\/blogs\\\/a-tumba-abierta\\\/author\\\/ccabezas\\\/\"}]}<\/script>\n<!-- \/ Yoast SEO plugin. -->","yoast_head_json":{"title":"Pedro Delgado participa este fin de semana en la marcha Madrid 7 Picos","description":"Pedro Delgado participar\u00e1 en la marcha ciclista Madrid 7 Picos en la Sierra de Madrid, que recorrer\u00e1 230 kil\u00f3metros con 4.100 metros de desnivel.","robots":{"index":"index","follow":"follow","max-snippet":"max-snippet:-1","max-image-preview":"max-image-preview:large","max-video-preview":"max-video-preview:-1"},"canonical":"https:\/\/www.cope.es\/blogs\/a-tumba-abierta\/2022\/09\/15\/pedro-delgado-participa-este-fin-de-semana-en-la-marcha-madrid-7-picos\/","og_locale":"es_ES","og_type":"article","og_title":"Pedro Delgado participa este fin de semana en la marcha Madrid 7 Picos","og_description":"Pedro Delgado participar\u00e1 en la marcha ciclista Madrid 7 Picos en la Sierra de Madrid, que recorrer\u00e1 230 kil\u00f3metros con 4.100 metros de desnivel.","og_url":"https:\/\/www.cope.es\/blogs\/a-tumba-abierta\/2022\/09\/15\/pedro-delgado-participa-este-fin-de-semana-en-la-marcha-madrid-7-picos\/","og_site_name":"A Tumba Abierta","article_publisher":"https:\/\/www.facebook.com\/cope\/","article_author":"https:\/\/es-es.facebook.com\/cristobal.cabezasmartin","article_published_time":"2022-09-15T12:21:30+00:00","og_image":[{"width":905,"height":542,"url":"https:\/\/www.cope.es\/blogs\/a-tumba-abierta\/wp-content\/uploads\/sites\/23\/2022\/09\/ttttttt.jpg","type":"image\/jpeg"}],"author":"Crist\u00f3bal Cabezas","twitter_card":"summary_large_image","twitter_creator":"@cristoblcabezas","twitter_site":"@cope_es","twitter_misc":{"Escrito por":"Crist\u00f3bal Cabezas","Tiempo de lectura":"1 minuto"},"schema":{"@context":"https:\/\/schema.org","@graph":[{"@type":"Article","@id":"https:\/\/www.cope.es\/blogs\/a-tumba-abierta\/2022\/09\/15\/pedro-delgado-participa-este-fin-de-semana-en-la-marcha-madrid-7-picos\/#article","isPartOf":{"@id":"https:\/\/www.cope.es\/blogs\/a-tumba-abierta\/2022\/09\/15\/pedro-delgado-participa-este-fin-de-semana-en-la-marcha-madrid-7-picos\/"},"author":{"name":"Crist\u00f3bal Cabezas","@id":"https:\/\/www.cope.es\/blogs\/a-tumba-abierta\/#\/schema\/person\/413f6566db421693223476f6b63a643b"},"headline":"Pedro Delgado participa este fin de semana en la marcha Madrid 7 Picos","datePublished":"2022-09-15T12:21:30+00:00","mainEntityOfPage":{"@id":"https:\/\/www.cope.es\/blogs\/a-tumba-abierta\/2022\/09\/15\/pedro-delgado-participa-este-fin-de-semana-en-la-marcha-madrid-7-picos\/"},"wordCount":205,"commentCount":0,"image":{"@id":"https:\/\/www.cope.es\/blogs\/a-tumba-abierta\/2022\/09\/15\/pedro-delgado-participa-este-fin-de-semana-en-la-marcha-madrid-7-picos\/#primaryimage"},"thumbnailUrl":"https:\/\/www.cope.es\/blogs\/a-tumba-abierta\/wp-content\/uploads\/sites\/23\/2022\/09\/ttttttt.jpg","keywords":["Ciclismo"],"articleSection":["Actualidad"],"inLanguage":"es","potentialAction":[{"@type":"CommentAction","name":"Comment","target":["https:\/\/www.cope.es\/blogs\/a-tumba-abierta\/2022\/09\/15\/pedro-delgado-participa-este-fin-de-semana-en-la-marcha-madrid-7-picos\/#respond"]}]},{"@type":"WebPage","@id":"https:\/\/www.cope.es\/blogs\/a-tumba-abierta\/2022\/09\/15\/pedro-delgado-participa-este-fin-de-semana-en-la-marcha-madrid-7-picos\/","url":"https:\/\/www.cope.es\/blogs\/a-tumba-abierta\/2022\/09\/15\/pedro-delgado-participa-este-fin-de-semana-en-la-marcha-madrid-7-picos\/","name":"Pedro Delgado participa este fin de semana en la marcha Madrid 7 Picos","isPartOf":{"@id":"https:\/\/www.cope.es\/blogs\/a-tumba-abierta\/#website"},"primaryImageOfPage":{"@id":"https:\/\/www.cope.es\/blogs\/a-tumba-abierta\/2022\/09\/15\/pedro-delgado-participa-este-fin-de-semana-en-la-marcha-madrid-7-picos\/#primaryimage"},"image":{"@id":"https:\/\/www.cope.es\/blogs\/a-tumba-abierta\/2022\/09\/15\/pedro-delgado-participa-este-fin-de-semana-en-la-marcha-madrid-7-picos\/#primaryimage"},"thumbnailUrl":"https:\/\/www.cope.es\/blogs\/a-tumba-abierta\/wp-content\/uploads\/sites\/23\/2022\/09\/ttttttt.jpg","datePublished":"2022-09-15T12:21:30+00:00","author":{"@id":"https:\/\/www.cope.es\/blogs\/a-tumba-abierta\/#\/schema\/person\/413f6566db421693223476f6b63a643b"},"description":"Pedro Delgado participar\u00e1 en la marcha ciclista Madrid 7 Picos en la Sierra de Madrid, que recorrer\u00e1 230 kil\u00f3metros con 4.100 metros de desnivel.","breadcrumb":{"@id":"https:\/\/www.cope.es\/blogs\/a-tumba-abierta\/2022\/09\/15\/pedro-delgado-participa-este-fin-de-semana-en-la-marcha-madrid-7-picos\/#breadcrumb"},"inLanguage":"es","potentialAction":[{"@type":"ReadAction","target":["https:\/\/www.cope.es\/blogs\/a-tumba-abierta\/2022\/09\/15\/pedro-delgado-participa-este-fin-de-semana-en-la-marcha-madrid-7-picos\/"]}]},{"@type":"ImageObject","inLanguage":"es","@id":"https:\/\/www.cope.es\/blogs\/a-tumba-abierta\/2022\/09\/15\/pedro-delgado-participa-este-fin-de-semana-en-la-marcha-madrid-7-picos\/#primaryimage","url":"https:\/\/www.cope.es\/blogs\/a-tumba-abierta\/wp-content\/uploads\/sites\/23\/2022\/09\/ttttttt.jpg","contentUrl":"https:\/\/www.cope.es\/blogs\/a-tumba-abierta\/wp-content\/uploads\/sites\/23\/2022\/09\/ttttttt.jpg","width":905,"height":542,"caption":"Pedro Delgado"},{"@type":"BreadcrumbList","@id":"https:\/\/www.cope.es\/blogs\/a-tumba-abierta\/2022\/09\/15\/pedro-delgado-participa-este-fin-de-semana-en-la-marcha-madrid-7-picos\/#breadcrumb","itemListElement":[{"@type":"ListItem","position":1,"name":"Portada","item":"https:\/\/www.cope.es\/blogs\/a-tumba-abierta\/"},{"@type":"ListItem","position":2,"name":"Pedro Delgado participa este fin de semana en la marcha Madrid 7 Picos"}]},{"@type":"WebSite","@id":"https:\/\/www.cope.es\/blogs\/a-tumba-abierta\/#website","url":"https:\/\/www.cope.es\/blogs\/a-tumba-abierta\/","name":"A Tumba Abierta","description":"Blog de ciclismo en COPE","potentialAction":[{"@type":"SearchAction","target":{"@type":"EntryPoint","urlTemplate":"https:\/\/www.cope.es\/blogs\/a-tumba-abierta\/?s={search_term_string}"},"query-input":{"@type":"PropertyValueSpecification","valueRequired":true,"valueName":"search_term_string"}}],"inLanguage":"es"},{"@type":"Person","@id":"https:\/\/www.cope.es\/blogs\/a-tumba-abierta\/#\/schema\/person\/413f6566db421693223476f6b63a643b","name":"Crist\u00f3bal Cabezas","image":{"@type":"ImageObject","inLanguage":"es","@id":"https:\/\/secure.gravatar.com\/avatar\/361550a2a3cac91688caa1b00f2a1fa4e89a6c4361562ca29a361ce0041974c2?s=96&d=mm&r=g","url":"https:\/\/secure.gravatar.com\/avatar\/361550a2a3cac91688caa1b00f2a1fa4e89a6c4361562ca29a361ce0041974c2?s=96&d=mm&r=g","contentUrl":"https:\/\/secure.gravatar.com\/avatar\/361550a2a3cac91688caa1b00f2a1fa4e89a6c4361562ca29a361ce0041974c2?s=96&d=mm&r=g","caption":"Crist\u00f3bal Cabezas"},"description":"Crist\u00f3bal Cabezas es Licenciado en Periodismo por la Universidad Complutense de Madrid y T\u00edtulo en T\u00e9cnico en Comunicaci\u00f3n Integral por la Universidad Francisco de Vitoria. Tras desempe\u00f1ar tareas informativas en diferentes medios, recal\u00f3 en la Cadena COPE en el a\u00f1o 2005. Desde entonces, ha trabajado en las emisoras de Madrid, Granada, Jaca (Huesca) y Toledo, en donde se incorpor\u00f3 en 2013 como Jefe de Informativos de la Cadena COPE en Castilla-La Mancha. Siempre tuvo claro que quer\u00eda ser periodista y, a esa afici\u00f3n, se uni\u00f3 la del ciclismo, deporte con el que ha disfrutado mucho, tanto a trav\u00e9s de los medios de comunicaci\u00f3n como asistiendo en directo a diferentes carreras ciclistas. El inter\u00e9s que siempre mostr\u00f3 con todo lo relacionado con Internet y las redes sociales, fue reconocido con el Premio \u201cD\u00eda de Internet\u201d en la categor\u00eda de \u201cMejor Periodista Digital\u201d por sus trabajos en la Cadena COPE. Precisamente, esa pasi\u00f3n por las nuevas tecnolog\u00edas, espera que sea el \u201cveh\u00edculo\u201d para poder contar \u201cA Tumba Abierta\u201d las mejores historias del deporte de las dos ruedas.","sameAs":["http:\/\/www.cope.es","https:\/\/es-es.facebook.com\/cristobal.cabezasmartin","https:\/\/x.com\/cristoblcabezas"],"url":"https:\/\/www.cope.es\/blogs\/a-tumba-abierta\/author\/ccabezas\/"}]}},"amp_enabled":true,"_links":{"self":[{"href":"https:\/\/www.cope.es\/blogs\/a-tumba-abierta\/wp-json\/wp\/v2\/posts\/1444","targetHints":{"allow":["GET"]}}],"collection":[{"href":"https:\/\/www.cope.es\/blogs\/a-tumba-abierta\/wp-json\/wp\/v2\/posts"}],"about":[{"href":"https:\/\/www.cope.es\/blogs\/a-tumba-abierta\/wp-json\/wp\/v2\/types\/post"}],"author":[{"embeddable":true,"href":"https:\/\/www.cope.es\/blogs\/a-tumba-abierta\/wp-json\/wp\/v2\/users\/24"}],"replies":[{"embeddable":true,"href":"https:\/\/www.cope.es\/blogs\/a-tumba-abierta\/wp-json\/wp\/v2\/comments?post=1444"}],"version-history":[{"count":1,"href":"https:\/\/www.cope.es\/blogs\/a-tumba-abierta\/wp-json\/wp\/v2\/posts\/1444\/revisions"}],"predecessor-version":[{"id":1446,"href":"https:\/\/www.cope.es\/blogs\/a-tumba-abierta\/wp-json\/wp\/v2\/posts\/1444\/revisions\/1446"}],"wp:featuredmedia":[{"embeddable":true,"href":"https:\/\/www.cope.es\/blogs\/a-tumba-abierta\/wp-json\/wp\/v2\/media\/1445"}],"wp:attachment":[{"href":"https:\/\/www.cope.es\/blogs\/a-tumba-abierta\/wp-json\/wp\/v2\/media?parent=1444"}],"wp:term":[{"taxonomy":"category","embeddable":true,"href":"https:\/\/www.cope.es\/blogs\/a-tumba-abierta\/wp-json\/wp\/v2\/categories?post=1444"},{"taxonomy":"post_tag","embeddable":true,"href":"https:\/\/www.cope.es\/blogs\/a-tumba-abierta\/wp-json\/wp\/v2\/tags?post=1444"}],"curies":[{"name":"wp","href":"https:\/\/api.w.org\/{rel}","templated":true}]}}