{"id":1409,"date":"2022-09-02T13:11:39","date_gmt":"2022-09-02T11:11:39","guid":{"rendered":"http:\/\/www.cope.es\/blogs\/a-tumba-abierta\/?p=1409"},"modified":"2022-09-02T13:11:39","modified_gmt":"2022-09-02T11:11:39","slug":"richard-carapaz-logra-su-primera-victoria-de-etapa-en-la-vuelta","status":"publish","type":"post","link":"https:\/\/www.cope.es\/blogs\/a-tumba-abierta\/2022\/09\/02\/richard-carapaz-logra-su-primera-victoria-de-etapa-en-la-vuelta\/","title":{"rendered":"Richard Carapaz logra su primera victoria de etapa en La Vuelta"},"content":{"rendered":"<p>El ciclista ecuatoriano <strong>Richard Carapaz<\/strong> (<a href=\"https:\/\/ineosgrenadier.com\/es\/es\/explora\/ineos-grupo\/equipo-ciclista-ineos-grenadiers\" target=\"_blank\">INEOS Grenadiers<\/a>) se ha adjudicado este jueves la duod\u00e9cima etapa de la <a href=\"https:\/\/www.lavuelta.es\/es\" target=\"_blank\">Vuelta a Espa\u00f1a<\/a>, que ha recorrido 192,7 kil\u00f3metros entre Salobre\u00f1a y el puerto de primera categor\u00eda de Pe\u00f1as Blancas, en un d\u00eda donde el maillot rojo sigue siendo <a href=\"https:\/\/www.cope.es\/blogs\/a-tumba-abierta\/2022\/08\/31\/remco-evenepoel-rompe-el-crono-en-la-vuelta\/\" target=\"_blank\"><strong>Remco Evenepoel<\/strong><\/a> (<a href=\"https:\/\/www.quickstep-alphavinylteam.com\/en\" target=\"_blank\">Quick-Step Quick-Step Alpha Vinyl<\/a>), que ha sufrido una ca\u00edda. Richard Carapaz ha hecho historia, ya que es el primer ecuatoriano que gana una etapa en La Vuelta.<\/p>\n<p>Carapaz ha aprovechado una multitudinaria fuga para conseguir una ventaja de casi diez minutos donde luego ha tenido que resolver contra corredores de mucho nivel como el neerland\u00e9s <strong>Wilco Kelderman<\/strong> (Bora Hansgrohe), que ha entrado segundo. Ambos se reincorporan a la clasificaci\u00f3n general, objetivo inicial de ambos.<\/p>\n<p>Entre los favoritos, Evenepoel no ha demostrado en la subida la misma facilidad que en otras ocasiones para ampliar sus diferencias, seguramente mermado por la ca\u00edda que ha sufrido lejos de la meta y que le ha provocado algunas magulladuras.<\/p>\n","protected":false},"excerpt":{"rendered":"<p>El ciclista ecuatoriano Richard Carapaz (INEOS Grenadiers) se ha adjudicado este jueves la duod\u00e9cima etapa de la Vuelta a Espa\u00f1a, que ha recorrido 192,7 kil\u00f3metros entre Salobre\u00f1a y el puerto de primera categor\u00eda de Pe\u00f1as Blancas, en un d\u00eda donde el maillot rojo sigue siendo Remco Evenepoel (Quick-Step Quick-Step Alpha Vinyl), que ha sufrido una [&hellip;]<\/p>\n","protected":false},"author":24,"featured_media":1410,"comment_status":"open","ping_status":"open","sticky":false,"template":"","format":"standard","meta":{"footnotes":""},"categories":[38],"tags":[285],"class_list":["post-1409","post","type-post","status-publish","format-standard","has-post-thumbnail","hentry","category-vuelta-a-espana","tag-actualidad"],"yoast_head":"<!-- This site is optimized with the Yoast SEO plugin v27.4 - https:\/\/yoast.com\/product\/yoast-seo-wordpress\/ -->\n<title>Richard Carapaz logra su primera victoria de etapa en La Vuelta<\/title>\n<meta name=\"description\" content=\"El ciclista ecuatoriano Richard Carapaz se ha adjudicado la duod\u00e9cima etapa de La Vuelta, que ha recorrido 192,7 kil\u00f3metros entre Salobre\u00f1a y Pe\u00f1as Blancas.\" \/>\n<meta name=\"robots\" content=\"index, follow, max-snippet:-1, max-image-preview:large, max-video-preview:-1\" \/>\n<link rel=\"canonical\" href=\"https:\/\/www.cope.es\/blogs\/a-tumba-abierta\/2022\/09\/02\/richard-carapaz-logra-su-primera-victoria-de-etapa-en-la-vuelta\/\" \/>\n<meta property=\"og:locale\" content=\"es_ES\" \/>\n<meta property=\"og:type\" content=\"article\" \/>\n<meta property=\"og:title\" content=\"Richard Carapaz logra su primera victoria de etapa en La Vuelta\" \/>\n<meta property=\"og:description\" content=\"El ciclista ecuatoriano Richard Carapaz se ha adjudicado la duod\u00e9cima etapa de La Vuelta, que ha recorrido 192,7 kil\u00f3metros entre Salobre\u00f1a y Pe\u00f1as Blancas.\" \/>\n<meta property=\"og:url\" content=\"https:\/\/www.cope.es\/blogs\/a-tumba-abierta\/2022\/09\/02\/richard-carapaz-logra-su-primera-victoria-de-etapa-en-la-vuelta\/\" \/>\n<meta property=\"og:site_name\" content=\"A Tumba Abierta\" \/>\n<meta property=\"article:publisher\" content=\"https:\/\/www.facebook.com\/cope\/\" \/>\n<meta property=\"article:author\" content=\"https:\/\/es-es.facebook.com\/cristobal.cabezasmartin\" \/>\n<meta property=\"article:published_time\" content=\"2022-09-02T11:11:39+00:00\" \/>\n<meta property=\"og:image\" content=\"https:\/\/www.cope.es\/blogs\/a-tumba-abierta\/wp-content\/uploads\/sites\/23\/2022\/09\/def-scaled.jpg\" \/>\n\t<meta property=\"og:image:width\" content=\"2560\" \/>\n\t<meta property=\"og:image:height\" content=\"1462\" \/>\n\t<meta property=\"og:image:type\" content=\"image\/jpeg\" \/>\n<meta name=\"author\" content=\"Crist\u00f3bal Cabezas\" \/>\n<meta name=\"twitter:card\" content=\"summary_large_image\" \/>\n<meta name=\"twitter:creator\" content=\"@cristoblcabezas\" \/>\n<meta name=\"twitter:site\" content=\"@cope_es\" \/>\n<meta name=\"twitter:label1\" content=\"Escrito por\" \/>\n\t<meta name=\"twitter:data1\" content=\"Crist\u00f3bal Cabezas\" \/>\n\t<meta name=\"twitter:label2\" content=\"Tiempo de lectura\" \/>\n\t<meta name=\"twitter:data2\" content=\"1 minuto\" \/>\n<script type=\"application\/ld+json\" class=\"yoast-schema-graph\">{\"@context\":\"https:\\\/\\\/schema.org\",\"@graph\":[{\"@type\":\"Article\",\"@id\":\"https:\\\/\\\/www.cope.es\\\/blogs\\\/a-tumba-abierta\\\/2022\\\/09\\\/02\\\/richard-carapaz-logra-su-primera-victoria-de-etapa-en-la-vuelta\\\/#article\",\"isPartOf\":{\"@id\":\"https:\\\/\\\/www.cope.es\\\/blogs\\\/a-tumba-abierta\\\/2022\\\/09\\\/02\\\/richard-carapaz-logra-su-primera-victoria-de-etapa-en-la-vuelta\\\/\"},\"author\":{\"name\":\"Crist\u00f3bal Cabezas\",\"@id\":\"https:\\\/\\\/www.cope.es\\\/blogs\\\/a-tumba-abierta\\\/#\\\/schema\\\/person\\\/413f6566db421693223476f6b63a643b\"},\"headline\":\"Richard Carapaz logra su primera victoria de etapa en La Vuelta\",\"datePublished\":\"2022-09-02T11:11:39+00:00\",\"mainEntityOfPage\":{\"@id\":\"https:\\\/\\\/www.cope.es\\\/blogs\\\/a-tumba-abierta\\\/2022\\\/09\\\/02\\\/richard-carapaz-logra-su-primera-victoria-de-etapa-en-la-vuelta\\\/\"},\"wordCount\":182,\"commentCount\":0,\"image\":{\"@id\":\"https:\\\/\\\/www.cope.es\\\/blogs\\\/a-tumba-abierta\\\/2022\\\/09\\\/02\\\/richard-carapaz-logra-su-primera-victoria-de-etapa-en-la-vuelta\\\/#primaryimage\"},\"thumbnailUrl\":\"https:\\\/\\\/www.cope.es\\\/blogs\\\/a-tumba-abierta\\\/wp-content\\\/uploads\\\/sites\\\/23\\\/2022\\\/09\\\/def-scaled.jpg\",\"keywords\":[\"Actualidad\"],\"articleSection\":[\"Vuelta a Espa\u00f1a\"],\"inLanguage\":\"es\",\"potentialAction\":[{\"@type\":\"CommentAction\",\"name\":\"Comment\",\"target\":[\"https:\\\/\\\/www.cope.es\\\/blogs\\\/a-tumba-abierta\\\/2022\\\/09\\\/02\\\/richard-carapaz-logra-su-primera-victoria-de-etapa-en-la-vuelta\\\/#respond\"]}]},{\"@type\":\"WebPage\",\"@id\":\"https:\\\/\\\/www.cope.es\\\/blogs\\\/a-tumba-abierta\\\/2022\\\/09\\\/02\\\/richard-carapaz-logra-su-primera-victoria-de-etapa-en-la-vuelta\\\/\",\"url\":\"https:\\\/\\\/www.cope.es\\\/blogs\\\/a-tumba-abierta\\\/2022\\\/09\\\/02\\\/richard-carapaz-logra-su-primera-victoria-de-etapa-en-la-vuelta\\\/\",\"name\":\"Richard Carapaz logra su primera victoria de etapa en La Vuelta\",\"isPartOf\":{\"@id\":\"https:\\\/\\\/www.cope.es\\\/blogs\\\/a-tumba-abierta\\\/#website\"},\"primaryImageOfPage\":{\"@id\":\"https:\\\/\\\/www.cope.es\\\/blogs\\\/a-tumba-abierta\\\/2022\\\/09\\\/02\\\/richard-carapaz-logra-su-primera-victoria-de-etapa-en-la-vuelta\\\/#primaryimage\"},\"image\":{\"@id\":\"https:\\\/\\\/www.cope.es\\\/blogs\\\/a-tumba-abierta\\\/2022\\\/09\\\/02\\\/richard-carapaz-logra-su-primera-victoria-de-etapa-en-la-vuelta\\\/#primaryimage\"},\"thumbnailUrl\":\"https:\\\/\\\/www.cope.es\\\/blogs\\\/a-tumba-abierta\\\/wp-content\\\/uploads\\\/sites\\\/23\\\/2022\\\/09\\\/def-scaled.jpg\",\"datePublished\":\"2022-09-02T11:11:39+00:00\",\"author\":{\"@id\":\"https:\\\/\\\/www.cope.es\\\/blogs\\\/a-tumba-abierta\\\/#\\\/schema\\\/person\\\/413f6566db421693223476f6b63a643b\"},\"description\":\"El ciclista ecuatoriano Richard Carapaz se ha adjudicado la duod\u00e9cima etapa de La Vuelta, que ha recorrido 192,7 kil\u00f3metros entre Salobre\u00f1a y Pe\u00f1as Blancas.\",\"breadcrumb\":{\"@id\":\"https:\\\/\\\/www.cope.es\\\/blogs\\\/a-tumba-abierta\\\/2022\\\/09\\\/02\\\/richard-carapaz-logra-su-primera-victoria-de-etapa-en-la-vuelta\\\/#breadcrumb\"},\"inLanguage\":\"es\",\"potentialAction\":[{\"@type\":\"ReadAction\",\"target\":[\"https:\\\/\\\/www.cope.es\\\/blogs\\\/a-tumba-abierta\\\/2022\\\/09\\\/02\\\/richard-carapaz-logra-su-primera-victoria-de-etapa-en-la-vuelta\\\/\"]}]},{\"@type\":\"ImageObject\",\"inLanguage\":\"es\",\"@id\":\"https:\\\/\\\/www.cope.es\\\/blogs\\\/a-tumba-abierta\\\/2022\\\/09\\\/02\\\/richard-carapaz-logra-su-primera-victoria-de-etapa-en-la-vuelta\\\/#primaryimage\",\"url\":\"https:\\\/\\\/www.cope.es\\\/blogs\\\/a-tumba-abierta\\\/wp-content\\\/uploads\\\/sites\\\/23\\\/2022\\\/09\\\/def-scaled.jpg\",\"contentUrl\":\"https:\\\/\\\/www.cope.es\\\/blogs\\\/a-tumba-abierta\\\/wp-content\\\/uploads\\\/sites\\\/23\\\/2022\\\/09\\\/def-scaled.jpg\",\"width\":2560,\"height\":1462,\"caption\":\"Richard Carapaz\"},{\"@type\":\"BreadcrumbList\",\"@id\":\"https:\\\/\\\/www.cope.es\\\/blogs\\\/a-tumba-abierta\\\/2022\\\/09\\\/02\\\/richard-carapaz-logra-su-primera-victoria-de-etapa-en-la-vuelta\\\/#breadcrumb\",\"itemListElement\":[{\"@type\":\"ListItem\",\"position\":1,\"name\":\"Portada\",\"item\":\"https:\\\/\\\/www.cope.es\\\/blogs\\\/a-tumba-abierta\\\/\"},{\"@type\":\"ListItem\",\"position\":2,\"name\":\"Richard Carapaz logra su primera victoria de etapa en La Vuelta\"}]},{\"@type\":\"WebSite\",\"@id\":\"https:\\\/\\\/www.cope.es\\\/blogs\\\/a-tumba-abierta\\\/#website\",\"url\":\"https:\\\/\\\/www.cope.es\\\/blogs\\\/a-tumba-abierta\\\/\",\"name\":\"A Tumba Abierta\",\"description\":\"Blog de ciclismo en COPE\",\"potentialAction\":[{\"@type\":\"SearchAction\",\"target\":{\"@type\":\"EntryPoint\",\"urlTemplate\":\"https:\\\/\\\/www.cope.es\\\/blogs\\\/a-tumba-abierta\\\/?s={search_term_string}\"},\"query-input\":{\"@type\":\"PropertyValueSpecification\",\"valueRequired\":true,\"valueName\":\"search_term_string\"}}],\"inLanguage\":\"es\"},{\"@type\":\"Person\",\"@id\":\"https:\\\/\\\/www.cope.es\\\/blogs\\\/a-tumba-abierta\\\/#\\\/schema\\\/person\\\/413f6566db421693223476f6b63a643b\",\"name\":\"Crist\u00f3bal Cabezas\",\"image\":{\"@type\":\"ImageObject\",\"inLanguage\":\"es\",\"@id\":\"https:\\\/\\\/secure.gravatar.com\\\/avatar\\\/361550a2a3cac91688caa1b00f2a1fa4e89a6c4361562ca29a361ce0041974c2?s=96&d=mm&r=g\",\"url\":\"https:\\\/\\\/secure.gravatar.com\\\/avatar\\\/361550a2a3cac91688caa1b00f2a1fa4e89a6c4361562ca29a361ce0041974c2?s=96&d=mm&r=g\",\"contentUrl\":\"https:\\\/\\\/secure.gravatar.com\\\/avatar\\\/361550a2a3cac91688caa1b00f2a1fa4e89a6c4361562ca29a361ce0041974c2?s=96&d=mm&r=g\",\"caption\":\"Crist\u00f3bal Cabezas\"},\"description\":\"Crist\u00f3bal Cabezas es Licenciado en Periodismo por la Universidad Complutense de Madrid y T\u00edtulo en T\u00e9cnico en Comunicaci\u00f3n Integral por la Universidad Francisco de Vitoria. Tras desempe\u00f1ar tareas informativas en diferentes medios, recal\u00f3 en la Cadena COPE en el a\u00f1o 2005. Desde entonces, ha trabajado en las emisoras de Madrid, Granada, Jaca (Huesca) y Toledo, en donde se incorpor\u00f3 en 2013 como Jefe de Informativos de la Cadena COPE en Castilla-La Mancha. Siempre tuvo claro que quer\u00eda ser periodista y, a esa afici\u00f3n, se uni\u00f3 la del ciclismo, deporte con el que ha disfrutado mucho, tanto a trav\u00e9s de los medios de comunicaci\u00f3n como asistiendo en directo a diferentes carreras ciclistas. El inter\u00e9s que siempre mostr\u00f3 con todo lo relacionado con Internet y las redes sociales, fue reconocido con el Premio \u201cD\u00eda de Internet\u201d en la categor\u00eda de \u201cMejor Periodista Digital\u201d por sus trabajos en la Cadena COPE. Precisamente, esa pasi\u00f3n por las nuevas tecnolog\u00edas, espera que sea el \u201cveh\u00edculo\u201d para poder contar \u201cA Tumba Abierta\u201d las mejores historias del deporte de las dos ruedas.\",\"sameAs\":[\"http:\\\/\\\/www.cope.es\",\"https:\\\/\\\/es-es.facebook.com\\\/cristobal.cabezasmartin\",\"https:\\\/\\\/x.com\\\/cristoblcabezas\"],\"url\":\"https:\\\/\\\/www.cope.es\\\/blogs\\\/a-tumba-abierta\\\/author\\\/ccabezas\\\/\"}]}<\/script>\n<!-- \/ Yoast SEO plugin. -->","yoast_head_json":{"title":"Richard Carapaz logra su primera victoria de etapa en La Vuelta","description":"El ciclista ecuatoriano Richard Carapaz se ha adjudicado la duod\u00e9cima etapa de La Vuelta, que ha recorrido 192,7 kil\u00f3metros entre Salobre\u00f1a y Pe\u00f1as Blancas.","robots":{"index":"index","follow":"follow","max-snippet":"max-snippet:-1","max-image-preview":"max-image-preview:large","max-video-preview":"max-video-preview:-1"},"canonical":"https:\/\/www.cope.es\/blogs\/a-tumba-abierta\/2022\/09\/02\/richard-carapaz-logra-su-primera-victoria-de-etapa-en-la-vuelta\/","og_locale":"es_ES","og_type":"article","og_title":"Richard Carapaz logra su primera victoria de etapa en La Vuelta","og_description":"El ciclista ecuatoriano Richard Carapaz se ha adjudicado la duod\u00e9cima etapa de La Vuelta, que ha recorrido 192,7 kil\u00f3metros entre Salobre\u00f1a y Pe\u00f1as Blancas.","og_url":"https:\/\/www.cope.es\/blogs\/a-tumba-abierta\/2022\/09\/02\/richard-carapaz-logra-su-primera-victoria-de-etapa-en-la-vuelta\/","og_site_name":"A Tumba Abierta","article_publisher":"https:\/\/www.facebook.com\/cope\/","article_author":"https:\/\/es-es.facebook.com\/cristobal.cabezasmartin","article_published_time":"2022-09-02T11:11:39+00:00","og_image":[{"width":2560,"height":1462,"url":"https:\/\/www.cope.es\/blogs\/a-tumba-abierta\/wp-content\/uploads\/sites\/23\/2022\/09\/def-scaled.jpg","type":"image\/jpeg"}],"author":"Crist\u00f3bal Cabezas","twitter_card":"summary_large_image","twitter_creator":"@cristoblcabezas","twitter_site":"@cope_es","twitter_misc":{"Escrito por":"Crist\u00f3bal Cabezas","Tiempo de lectura":"1 minuto"},"schema":{"@context":"https:\/\/schema.org","@graph":[{"@type":"Article","@id":"https:\/\/www.cope.es\/blogs\/a-tumba-abierta\/2022\/09\/02\/richard-carapaz-logra-su-primera-victoria-de-etapa-en-la-vuelta\/#article","isPartOf":{"@id":"https:\/\/www.cope.es\/blogs\/a-tumba-abierta\/2022\/09\/02\/richard-carapaz-logra-su-primera-victoria-de-etapa-en-la-vuelta\/"},"author":{"name":"Crist\u00f3bal Cabezas","@id":"https:\/\/www.cope.es\/blogs\/a-tumba-abierta\/#\/schema\/person\/413f6566db421693223476f6b63a643b"},"headline":"Richard Carapaz logra su primera victoria de etapa en La Vuelta","datePublished":"2022-09-02T11:11:39+00:00","mainEntityOfPage":{"@id":"https:\/\/www.cope.es\/blogs\/a-tumba-abierta\/2022\/09\/02\/richard-carapaz-logra-su-primera-victoria-de-etapa-en-la-vuelta\/"},"wordCount":182,"commentCount":0,"image":{"@id":"https:\/\/www.cope.es\/blogs\/a-tumba-abierta\/2022\/09\/02\/richard-carapaz-logra-su-primera-victoria-de-etapa-en-la-vuelta\/#primaryimage"},"thumbnailUrl":"https:\/\/www.cope.es\/blogs\/a-tumba-abierta\/wp-content\/uploads\/sites\/23\/2022\/09\/def-scaled.jpg","keywords":["Actualidad"],"articleSection":["Vuelta a Espa\u00f1a"],"inLanguage":"es","potentialAction":[{"@type":"CommentAction","name":"Comment","target":["https:\/\/www.cope.es\/blogs\/a-tumba-abierta\/2022\/09\/02\/richard-carapaz-logra-su-primera-victoria-de-etapa-en-la-vuelta\/#respond"]}]},{"@type":"WebPage","@id":"https:\/\/www.cope.es\/blogs\/a-tumba-abierta\/2022\/09\/02\/richard-carapaz-logra-su-primera-victoria-de-etapa-en-la-vuelta\/","url":"https:\/\/www.cope.es\/blogs\/a-tumba-abierta\/2022\/09\/02\/richard-carapaz-logra-su-primera-victoria-de-etapa-en-la-vuelta\/","name":"Richard Carapaz logra su primera victoria de etapa en La Vuelta","isPartOf":{"@id":"https:\/\/www.cope.es\/blogs\/a-tumba-abierta\/#website"},"primaryImageOfPage":{"@id":"https:\/\/www.cope.es\/blogs\/a-tumba-abierta\/2022\/09\/02\/richard-carapaz-logra-su-primera-victoria-de-etapa-en-la-vuelta\/#primaryimage"},"image":{"@id":"https:\/\/www.cope.es\/blogs\/a-tumba-abierta\/2022\/09\/02\/richard-carapaz-logra-su-primera-victoria-de-etapa-en-la-vuelta\/#primaryimage"},"thumbnailUrl":"https:\/\/www.cope.es\/blogs\/a-tumba-abierta\/wp-content\/uploads\/sites\/23\/2022\/09\/def-scaled.jpg","datePublished":"2022-09-02T11:11:39+00:00","author":{"@id":"https:\/\/www.cope.es\/blogs\/a-tumba-abierta\/#\/schema\/person\/413f6566db421693223476f6b63a643b"},"description":"El ciclista ecuatoriano Richard Carapaz se ha adjudicado la duod\u00e9cima etapa de La Vuelta, que ha recorrido 192,7 kil\u00f3metros entre Salobre\u00f1a y Pe\u00f1as Blancas.","breadcrumb":{"@id":"https:\/\/www.cope.es\/blogs\/a-tumba-abierta\/2022\/09\/02\/richard-carapaz-logra-su-primera-victoria-de-etapa-en-la-vuelta\/#breadcrumb"},"inLanguage":"es","potentialAction":[{"@type":"ReadAction","target":["https:\/\/www.cope.es\/blogs\/a-tumba-abierta\/2022\/09\/02\/richard-carapaz-logra-su-primera-victoria-de-etapa-en-la-vuelta\/"]}]},{"@type":"ImageObject","inLanguage":"es","@id":"https:\/\/www.cope.es\/blogs\/a-tumba-abierta\/2022\/09\/02\/richard-carapaz-logra-su-primera-victoria-de-etapa-en-la-vuelta\/#primaryimage","url":"https:\/\/www.cope.es\/blogs\/a-tumba-abierta\/wp-content\/uploads\/sites\/23\/2022\/09\/def-scaled.jpg","contentUrl":"https:\/\/www.cope.es\/blogs\/a-tumba-abierta\/wp-content\/uploads\/sites\/23\/2022\/09\/def-scaled.jpg","width":2560,"height":1462,"caption":"Richard Carapaz"},{"@type":"BreadcrumbList","@id":"https:\/\/www.cope.es\/blogs\/a-tumba-abierta\/2022\/09\/02\/richard-carapaz-logra-su-primera-victoria-de-etapa-en-la-vuelta\/#breadcrumb","itemListElement":[{"@type":"ListItem","position":1,"name":"Portada","item":"https:\/\/www.cope.es\/blogs\/a-tumba-abierta\/"},{"@type":"ListItem","position":2,"name":"Richard Carapaz logra su primera victoria de etapa en La Vuelta"}]},{"@type":"WebSite","@id":"https:\/\/www.cope.es\/blogs\/a-tumba-abierta\/#website","url":"https:\/\/www.cope.es\/blogs\/a-tumba-abierta\/","name":"A Tumba Abierta","description":"Blog de ciclismo en COPE","potentialAction":[{"@type":"SearchAction","target":{"@type":"EntryPoint","urlTemplate":"https:\/\/www.cope.es\/blogs\/a-tumba-abierta\/?s={search_term_string}"},"query-input":{"@type":"PropertyValueSpecification","valueRequired":true,"valueName":"search_term_string"}}],"inLanguage":"es"},{"@type":"Person","@id":"https:\/\/www.cope.es\/blogs\/a-tumba-abierta\/#\/schema\/person\/413f6566db421693223476f6b63a643b","name":"Crist\u00f3bal Cabezas","image":{"@type":"ImageObject","inLanguage":"es","@id":"https:\/\/secure.gravatar.com\/avatar\/361550a2a3cac91688caa1b00f2a1fa4e89a6c4361562ca29a361ce0041974c2?s=96&d=mm&r=g","url":"https:\/\/secure.gravatar.com\/avatar\/361550a2a3cac91688caa1b00f2a1fa4e89a6c4361562ca29a361ce0041974c2?s=96&d=mm&r=g","contentUrl":"https:\/\/secure.gravatar.com\/avatar\/361550a2a3cac91688caa1b00f2a1fa4e89a6c4361562ca29a361ce0041974c2?s=96&d=mm&r=g","caption":"Crist\u00f3bal Cabezas"},"description":"Crist\u00f3bal Cabezas es Licenciado en Periodismo por la Universidad Complutense de Madrid y T\u00edtulo en T\u00e9cnico en Comunicaci\u00f3n Integral por la Universidad Francisco de Vitoria. Tras desempe\u00f1ar tareas informativas en diferentes medios, recal\u00f3 en la Cadena COPE en el a\u00f1o 2005. Desde entonces, ha trabajado en las emisoras de Madrid, Granada, Jaca (Huesca) y Toledo, en donde se incorpor\u00f3 en 2013 como Jefe de Informativos de la Cadena COPE en Castilla-La Mancha. Siempre tuvo claro que quer\u00eda ser periodista y, a esa afici\u00f3n, se uni\u00f3 la del ciclismo, deporte con el que ha disfrutado mucho, tanto a trav\u00e9s de los medios de comunicaci\u00f3n como asistiendo en directo a diferentes carreras ciclistas. El inter\u00e9s que siempre mostr\u00f3 con todo lo relacionado con Internet y las redes sociales, fue reconocido con el Premio \u201cD\u00eda de Internet\u201d en la categor\u00eda de \u201cMejor Periodista Digital\u201d por sus trabajos en la Cadena COPE. Precisamente, esa pasi\u00f3n por las nuevas tecnolog\u00edas, espera que sea el \u201cveh\u00edculo\u201d para poder contar \u201cA Tumba Abierta\u201d las mejores historias del deporte de las dos ruedas.","sameAs":["http:\/\/www.cope.es","https:\/\/es-es.facebook.com\/cristobal.cabezasmartin","https:\/\/x.com\/cristoblcabezas"],"url":"https:\/\/www.cope.es\/blogs\/a-tumba-abierta\/author\/ccabezas\/"}]}},"amp_enabled":true,"_links":{"self":[{"href":"https:\/\/www.cope.es\/blogs\/a-tumba-abierta\/wp-json\/wp\/v2\/posts\/1409","targetHints":{"allow":["GET"]}}],"collection":[{"href":"https:\/\/www.cope.es\/blogs\/a-tumba-abierta\/wp-json\/wp\/v2\/posts"}],"about":[{"href":"https:\/\/www.cope.es\/blogs\/a-tumba-abierta\/wp-json\/wp\/v2\/types\/post"}],"author":[{"embeddable":true,"href":"https:\/\/www.cope.es\/blogs\/a-tumba-abierta\/wp-json\/wp\/v2\/users\/24"}],"replies":[{"embeddable":true,"href":"https:\/\/www.cope.es\/blogs\/a-tumba-abierta\/wp-json\/wp\/v2\/comments?post=1409"}],"version-history":[{"count":2,"href":"https:\/\/www.cope.es\/blogs\/a-tumba-abierta\/wp-json\/wp\/v2\/posts\/1409\/revisions"}],"predecessor-version":[{"id":1412,"href":"https:\/\/www.cope.es\/blogs\/a-tumba-abierta\/wp-json\/wp\/v2\/posts\/1409\/revisions\/1412"}],"wp:featuredmedia":[{"embeddable":true,"href":"https:\/\/www.cope.es\/blogs\/a-tumba-abierta\/wp-json\/wp\/v2\/media\/1410"}],"wp:attachment":[{"href":"https:\/\/www.cope.es\/blogs\/a-tumba-abierta\/wp-json\/wp\/v2\/media?parent=1409"}],"wp:term":[{"taxonomy":"category","embeddable":true,"href":"https:\/\/www.cope.es\/blogs\/a-tumba-abierta\/wp-json\/wp\/v2\/categories?post=1409"},{"taxonomy":"post_tag","embeddable":true,"href":"https:\/\/www.cope.es\/blogs\/a-tumba-abierta\/wp-json\/wp\/v2\/tags?post=1409"}],"curies":[{"name":"wp","href":"https:\/\/api.w.org\/{rel}","templated":true}]}}