{"id":1401,"date":"2022-08-31T12:23:33","date_gmt":"2022-08-31T10:23:33","guid":{"rendered":"http:\/\/www.cope.es\/blogs\/a-tumba-abierta\/?p=1401"},"modified":"2022-09-01T10:11:36","modified_gmt":"2022-09-01T08:11:36","slug":"remco-evenepoel-rompe-el-crono-en-la-vuelta","status":"publish","type":"post","link":"https:\/\/www.cope.es\/blogs\/a-tumba-abierta\/2022\/08\/31\/remco-evenepoel-rompe-el-crono-en-la-vuelta\/","title":{"rendered":"Remco Evenepoel rompe el crono en La Vuelta"},"content":{"rendered":"<p>El ciclista belga <strong>Remco Evenepoel<\/strong> (<a href=\"https:\/\/www.quickstep-alphavinylteam.com\/en\" target=\"_blank\">Quick-Step Alpha Vinyl<\/a>) ha ganado este martes la contrarreloj individual de la d\u00e9cima etapa de la <a href=\"https:\/\/www.cope.es\/blogs\/a-tumba-abierta\/2022\/08\/25\/marc-soler-rompe-la-sequia-del-ciclismo-espanol-en-las-grandes-vueltas\/\" target=\"_blank\">Vuelta Ciclista a Espa\u00f1a<\/a>, sobre 30,9 kil\u00f3metros con salida en Elche y meta en Alicante, para afianzar su liderato en la clasificaci\u00f3n general tras el d\u00eda de descanso.<\/p>\n<p>No dio opci\u00f3n Evenepoel al resto. El campe\u00f3n europeo y subcampe\u00f3n mundial de la especialidad rompi\u00f3 el cron\u00f3metro con 33:18 minutos. Un ritmo que super\u00f3 por 48 segundos al imbatible <strong>Primoz Roglic<\/strong> (Jumbo-Visma) en las cronos de La Vuelta hasta la fecha, quien marc\u00f3 el segundo mejor tiempo. Precisamente, el esloveno y tres veces campe\u00f3n de la ronda se qued\u00f3 a las puertas de defender su racha en las cronos espa\u00f1olas, que hasta la fecha hab\u00eda ganado todas y cada una de ellas, con cuatro victorias en La Vuelta y en la Itzulia.<\/p>\n<p>&#8220;\u00a1Es una gran sorpresa!&#8221;, reconoci\u00f3 Remco Evenepoel al ser preguntado por la ventaja sobre Roglic. &#8220;Vi que mi compa\u00f1ero <strong>R\u00e9mi Cavagna<\/strong> lo hizo muy bien, fue perfecto que hiciera una crono tan buena para que yo tuviera buenas referencias&#8221;, reconoci\u00f3. &#8220;Cuando todav\u00eda estaba en el bus, ve\u00eda que todo el mundo iba a menos en la segunda parte comparado con su referencia, as\u00ed que sab\u00eda que ten\u00eda que apretar todo el rato, porque era un recorrido llano con un final duro. Las piernas me dol\u00edan en esa \u00faltima subida, ha sido duro&#8221;, a\u00f1adi\u00f3 sobre la d\u00e9cima etapa de La Vuelta.<\/p>\n<p>Adem\u00e1s, Evenepoel apunt\u00f3 que es &#8220;muy bonito ganar esta crono vistiendo de l\u00edder, es una gran sensaci\u00f3n&#8221;. &#8220;Estoy muy contento de lograr la victoria de etapa. He logrado mi sue\u00f1o, y ahora vamos a luchar e intentar ganar esta Vuelta Ciclista a Espa\u00f1a. La presi\u00f3n ya ha desaparecido, ya he ganado una etapa. Todo el equipo est\u00e1 con mucha confianza y rindiendo muy bien&#8221;, sentenci\u00f3 el belga.<\/p>\n","protected":false},"excerpt":{"rendered":"<p>El ciclista belga Remco Evenepoel (Quick-Step Alpha Vinyl) ha ganado este martes la contrarreloj individual de la d\u00e9cima etapa de la Vuelta Ciclista a Espa\u00f1a, sobre 30,9 kil\u00f3metros con salida en Elche y meta en Alicante, para afianzar su liderato en la clasificaci\u00f3n general tras el d\u00eda de descanso. No dio opci\u00f3n Evenepoel al resto. [&hellip;]<\/p>\n","protected":false},"author":24,"featured_media":1402,"comment_status":"open","ping_status":"open","sticky":false,"template":"","format":"standard","meta":{"footnotes":""},"categories":[38],"tags":[285],"class_list":["post-1401","post","type-post","status-publish","format-standard","has-post-thumbnail","hentry","category-vuelta-a-espana","tag-actualidad"],"yoast_head":"<!-- This site is optimized with the Yoast SEO plugin v27.4 - https:\/\/yoast.com\/product\/yoast-seo-wordpress\/ -->\n<title>Remco Evenepoel rompe el cron\u00f3metro en La Vuelta<\/title>\n<meta name=\"description\" content=\"El ciclista belga Remco Evenepoel ha ganado este martes la contrarreloj individual de la d\u00e9cima etapa de la Vuelta Ciclista a Espa\u00f1a.\" \/>\n<meta name=\"robots\" content=\"index, follow, max-snippet:-1, max-image-preview:large, max-video-preview:-1\" \/>\n<link rel=\"canonical\" href=\"https:\/\/www.cope.es\/blogs\/a-tumba-abierta\/2022\/08\/31\/remco-evenepoel-rompe-el-crono-en-la-vuelta\/\" \/>\n<meta property=\"og:locale\" content=\"es_ES\" \/>\n<meta property=\"og:type\" content=\"article\" \/>\n<meta property=\"og:title\" content=\"Remco Evenepoel rompe el cron\u00f3metro en La Vuelta\" \/>\n<meta property=\"og:description\" content=\"El ciclista belga Remco Evenepoel ha ganado este martes la contrarreloj individual de la d\u00e9cima etapa de la Vuelta Ciclista a Espa\u00f1a.\" \/>\n<meta property=\"og:url\" content=\"https:\/\/www.cope.es\/blogs\/a-tumba-abierta\/2022\/08\/31\/remco-evenepoel-rompe-el-crono-en-la-vuelta\/\" \/>\n<meta property=\"og:site_name\" content=\"A Tumba Abierta\" \/>\n<meta property=\"article:publisher\" content=\"https:\/\/www.facebook.com\/cope\/\" \/>\n<meta property=\"article:author\" content=\"https:\/\/es-es.facebook.com\/cristobal.cabezasmartin\" \/>\n<meta property=\"article:published_time\" content=\"2022-08-31T10:23:33+00:00\" \/>\n<meta property=\"article:modified_time\" content=\"2022-09-01T08:11:36+00:00\" \/>\n<meta property=\"og:image\" content=\"https:\/\/www.cope.es\/blogs\/a-tumba-abierta\/wp-content\/uploads\/sites\/23\/2022\/08\/def-2.jpg\" \/>\n\t<meta property=\"og:image:width\" content=\"2047\" \/>\n\t<meta property=\"og:image:height\" content=\"1259\" \/>\n\t<meta property=\"og:image:type\" content=\"image\/jpeg\" \/>\n<meta name=\"author\" content=\"Crist\u00f3bal Cabezas\" \/>\n<meta name=\"twitter:card\" content=\"summary_large_image\" \/>\n<meta name=\"twitter:creator\" content=\"@cristoblcabezas\" \/>\n<meta name=\"twitter:site\" content=\"@cope_es\" \/>\n<meta name=\"twitter:label1\" content=\"Escrito por\" \/>\n\t<meta name=\"twitter:data1\" content=\"Crist\u00f3bal Cabezas\" \/>\n\t<meta name=\"twitter:label2\" content=\"Tiempo de lectura\" \/>\n\t<meta name=\"twitter:data2\" content=\"2 minutos\" \/>\n<script type=\"application\/ld+json\" class=\"yoast-schema-graph\">{\"@context\":\"https:\\\/\\\/schema.org\",\"@graph\":[{\"@type\":\"Article\",\"@id\":\"https:\\\/\\\/www.cope.es\\\/blogs\\\/a-tumba-abierta\\\/2022\\\/08\\\/31\\\/remco-evenepoel-rompe-el-crono-en-la-vuelta\\\/#article\",\"isPartOf\":{\"@id\":\"https:\\\/\\\/www.cope.es\\\/blogs\\\/a-tumba-abierta\\\/2022\\\/08\\\/31\\\/remco-evenepoel-rompe-el-crono-en-la-vuelta\\\/\"},\"author\":{\"name\":\"Crist\u00f3bal Cabezas\",\"@id\":\"https:\\\/\\\/www.cope.es\\\/blogs\\\/a-tumba-abierta\\\/#\\\/schema\\\/person\\\/413f6566db421693223476f6b63a643b\"},\"headline\":\"Remco Evenepoel rompe el crono en La Vuelta\",\"datePublished\":\"2022-08-31T10:23:33+00:00\",\"dateModified\":\"2022-09-01T08:11:36+00:00\",\"mainEntityOfPage\":{\"@id\":\"https:\\\/\\\/www.cope.es\\\/blogs\\\/a-tumba-abierta\\\/2022\\\/08\\\/31\\\/remco-evenepoel-rompe-el-crono-en-la-vuelta\\\/\"},\"wordCount\":341,\"commentCount\":0,\"image\":{\"@id\":\"https:\\\/\\\/www.cope.es\\\/blogs\\\/a-tumba-abierta\\\/2022\\\/08\\\/31\\\/remco-evenepoel-rompe-el-crono-en-la-vuelta\\\/#primaryimage\"},\"thumbnailUrl\":\"https:\\\/\\\/www.cope.es\\\/blogs\\\/a-tumba-abierta\\\/wp-content\\\/uploads\\\/sites\\\/23\\\/2022\\\/08\\\/def-2.jpg\",\"keywords\":[\"Actualidad\"],\"articleSection\":[\"Vuelta a Espa\u00f1a\"],\"inLanguage\":\"es\",\"potentialAction\":[{\"@type\":\"CommentAction\",\"name\":\"Comment\",\"target\":[\"https:\\\/\\\/www.cope.es\\\/blogs\\\/a-tumba-abierta\\\/2022\\\/08\\\/31\\\/remco-evenepoel-rompe-el-crono-en-la-vuelta\\\/#respond\"]}]},{\"@type\":\"WebPage\",\"@id\":\"https:\\\/\\\/www.cope.es\\\/blogs\\\/a-tumba-abierta\\\/2022\\\/08\\\/31\\\/remco-evenepoel-rompe-el-crono-en-la-vuelta\\\/\",\"url\":\"https:\\\/\\\/www.cope.es\\\/blogs\\\/a-tumba-abierta\\\/2022\\\/08\\\/31\\\/remco-evenepoel-rompe-el-crono-en-la-vuelta\\\/\",\"name\":\"Remco Evenepoel rompe el cron\u00f3metro en La Vuelta\",\"isPartOf\":{\"@id\":\"https:\\\/\\\/www.cope.es\\\/blogs\\\/a-tumba-abierta\\\/#website\"},\"primaryImageOfPage\":{\"@id\":\"https:\\\/\\\/www.cope.es\\\/blogs\\\/a-tumba-abierta\\\/2022\\\/08\\\/31\\\/remco-evenepoel-rompe-el-crono-en-la-vuelta\\\/#primaryimage\"},\"image\":{\"@id\":\"https:\\\/\\\/www.cope.es\\\/blogs\\\/a-tumba-abierta\\\/2022\\\/08\\\/31\\\/remco-evenepoel-rompe-el-crono-en-la-vuelta\\\/#primaryimage\"},\"thumbnailUrl\":\"https:\\\/\\\/www.cope.es\\\/blogs\\\/a-tumba-abierta\\\/wp-content\\\/uploads\\\/sites\\\/23\\\/2022\\\/08\\\/def-2.jpg\",\"datePublished\":\"2022-08-31T10:23:33+00:00\",\"dateModified\":\"2022-09-01T08:11:36+00:00\",\"author\":{\"@id\":\"https:\\\/\\\/www.cope.es\\\/blogs\\\/a-tumba-abierta\\\/#\\\/schema\\\/person\\\/413f6566db421693223476f6b63a643b\"},\"description\":\"El ciclista belga Remco Evenepoel ha ganado este martes la contrarreloj individual de la d\u00e9cima etapa de la Vuelta Ciclista a Espa\u00f1a.\",\"breadcrumb\":{\"@id\":\"https:\\\/\\\/www.cope.es\\\/blogs\\\/a-tumba-abierta\\\/2022\\\/08\\\/31\\\/remco-evenepoel-rompe-el-crono-en-la-vuelta\\\/#breadcrumb\"},\"inLanguage\":\"es\",\"potentialAction\":[{\"@type\":\"ReadAction\",\"target\":[\"https:\\\/\\\/www.cope.es\\\/blogs\\\/a-tumba-abierta\\\/2022\\\/08\\\/31\\\/remco-evenepoel-rompe-el-crono-en-la-vuelta\\\/\"]}]},{\"@type\":\"ImageObject\",\"inLanguage\":\"es\",\"@id\":\"https:\\\/\\\/www.cope.es\\\/blogs\\\/a-tumba-abierta\\\/2022\\\/08\\\/31\\\/remco-evenepoel-rompe-el-crono-en-la-vuelta\\\/#primaryimage\",\"url\":\"https:\\\/\\\/www.cope.es\\\/blogs\\\/a-tumba-abierta\\\/wp-content\\\/uploads\\\/sites\\\/23\\\/2022\\\/08\\\/def-2.jpg\",\"contentUrl\":\"https:\\\/\\\/www.cope.es\\\/blogs\\\/a-tumba-abierta\\\/wp-content\\\/uploads\\\/sites\\\/23\\\/2022\\\/08\\\/def-2.jpg\",\"width\":2047,\"height\":1259,\"caption\":\"El ciclista belga Remco Evenepoel ha ganado este martes la contrarreloj individual de la d\u00e9cima etapa de la Vuelta Ciclista a Espa\u00f1a.\"},{\"@type\":\"BreadcrumbList\",\"@id\":\"https:\\\/\\\/www.cope.es\\\/blogs\\\/a-tumba-abierta\\\/2022\\\/08\\\/31\\\/remco-evenepoel-rompe-el-crono-en-la-vuelta\\\/#breadcrumb\",\"itemListElement\":[{\"@type\":\"ListItem\",\"position\":1,\"name\":\"Portada\",\"item\":\"https:\\\/\\\/www.cope.es\\\/blogs\\\/a-tumba-abierta\\\/\"},{\"@type\":\"ListItem\",\"position\":2,\"name\":\"Remco Evenepoel rompe el crono en La Vuelta\"}]},{\"@type\":\"WebSite\",\"@id\":\"https:\\\/\\\/www.cope.es\\\/blogs\\\/a-tumba-abierta\\\/#website\",\"url\":\"https:\\\/\\\/www.cope.es\\\/blogs\\\/a-tumba-abierta\\\/\",\"name\":\"A Tumba Abierta\",\"description\":\"Blog de ciclismo en COPE\",\"potentialAction\":[{\"@type\":\"SearchAction\",\"target\":{\"@type\":\"EntryPoint\",\"urlTemplate\":\"https:\\\/\\\/www.cope.es\\\/blogs\\\/a-tumba-abierta\\\/?s={search_term_string}\"},\"query-input\":{\"@type\":\"PropertyValueSpecification\",\"valueRequired\":true,\"valueName\":\"search_term_string\"}}],\"inLanguage\":\"es\"},{\"@type\":\"Person\",\"@id\":\"https:\\\/\\\/www.cope.es\\\/blogs\\\/a-tumba-abierta\\\/#\\\/schema\\\/person\\\/413f6566db421693223476f6b63a643b\",\"name\":\"Crist\u00f3bal Cabezas\",\"image\":{\"@type\":\"ImageObject\",\"inLanguage\":\"es\",\"@id\":\"https:\\\/\\\/secure.gravatar.com\\\/avatar\\\/361550a2a3cac91688caa1b00f2a1fa4e89a6c4361562ca29a361ce0041974c2?s=96&d=mm&r=g\",\"url\":\"https:\\\/\\\/secure.gravatar.com\\\/avatar\\\/361550a2a3cac91688caa1b00f2a1fa4e89a6c4361562ca29a361ce0041974c2?s=96&d=mm&r=g\",\"contentUrl\":\"https:\\\/\\\/secure.gravatar.com\\\/avatar\\\/361550a2a3cac91688caa1b00f2a1fa4e89a6c4361562ca29a361ce0041974c2?s=96&d=mm&r=g\",\"caption\":\"Crist\u00f3bal Cabezas\"},\"description\":\"Crist\u00f3bal Cabezas es Licenciado en Periodismo por la Universidad Complutense de Madrid y T\u00edtulo en T\u00e9cnico en Comunicaci\u00f3n Integral por la Universidad Francisco de Vitoria. Tras desempe\u00f1ar tareas informativas en diferentes medios, recal\u00f3 en la Cadena COPE en el a\u00f1o 2005. Desde entonces, ha trabajado en las emisoras de Madrid, Granada, Jaca (Huesca) y Toledo, en donde se incorpor\u00f3 en 2013 como Jefe de Informativos de la Cadena COPE en Castilla-La Mancha. Siempre tuvo claro que quer\u00eda ser periodista y, a esa afici\u00f3n, se uni\u00f3 la del ciclismo, deporte con el que ha disfrutado mucho, tanto a trav\u00e9s de los medios de comunicaci\u00f3n como asistiendo en directo a diferentes carreras ciclistas. El inter\u00e9s que siempre mostr\u00f3 con todo lo relacionado con Internet y las redes sociales, fue reconocido con el Premio \u201cD\u00eda de Internet\u201d en la categor\u00eda de \u201cMejor Periodista Digital\u201d por sus trabajos en la Cadena COPE. Precisamente, esa pasi\u00f3n por las nuevas tecnolog\u00edas, espera que sea el \u201cveh\u00edculo\u201d para poder contar \u201cA Tumba Abierta\u201d las mejores historias del deporte de las dos ruedas.\",\"sameAs\":[\"http:\\\/\\\/www.cope.es\",\"https:\\\/\\\/es-es.facebook.com\\\/cristobal.cabezasmartin\",\"https:\\\/\\\/x.com\\\/cristoblcabezas\"],\"url\":\"https:\\\/\\\/www.cope.es\\\/blogs\\\/a-tumba-abierta\\\/author\\\/ccabezas\\\/\"}]}<\/script>\n<!-- \/ Yoast SEO plugin. -->","yoast_head_json":{"title":"Remco Evenepoel rompe el cron\u00f3metro en La Vuelta","description":"El ciclista belga Remco Evenepoel ha ganado este martes la contrarreloj individual de la d\u00e9cima etapa de la Vuelta Ciclista a Espa\u00f1a.","robots":{"index":"index","follow":"follow","max-snippet":"max-snippet:-1","max-image-preview":"max-image-preview:large","max-video-preview":"max-video-preview:-1"},"canonical":"https:\/\/www.cope.es\/blogs\/a-tumba-abierta\/2022\/08\/31\/remco-evenepoel-rompe-el-crono-en-la-vuelta\/","og_locale":"es_ES","og_type":"article","og_title":"Remco Evenepoel rompe el cron\u00f3metro en La Vuelta","og_description":"El ciclista belga Remco Evenepoel ha ganado este martes la contrarreloj individual de la d\u00e9cima etapa de la Vuelta Ciclista a Espa\u00f1a.","og_url":"https:\/\/www.cope.es\/blogs\/a-tumba-abierta\/2022\/08\/31\/remco-evenepoel-rompe-el-crono-en-la-vuelta\/","og_site_name":"A Tumba Abierta","article_publisher":"https:\/\/www.facebook.com\/cope\/","article_author":"https:\/\/es-es.facebook.com\/cristobal.cabezasmartin","article_published_time":"2022-08-31T10:23:33+00:00","article_modified_time":"2022-09-01T08:11:36+00:00","og_image":[{"width":2047,"height":1259,"url":"https:\/\/www.cope.es\/blogs\/a-tumba-abierta\/wp-content\/uploads\/sites\/23\/2022\/08\/def-2.jpg","type":"image\/jpeg"}],"author":"Crist\u00f3bal Cabezas","twitter_card":"summary_large_image","twitter_creator":"@cristoblcabezas","twitter_site":"@cope_es","twitter_misc":{"Escrito por":"Crist\u00f3bal Cabezas","Tiempo de lectura":"2 minutos"},"schema":{"@context":"https:\/\/schema.org","@graph":[{"@type":"Article","@id":"https:\/\/www.cope.es\/blogs\/a-tumba-abierta\/2022\/08\/31\/remco-evenepoel-rompe-el-crono-en-la-vuelta\/#article","isPartOf":{"@id":"https:\/\/www.cope.es\/blogs\/a-tumba-abierta\/2022\/08\/31\/remco-evenepoel-rompe-el-crono-en-la-vuelta\/"},"author":{"name":"Crist\u00f3bal Cabezas","@id":"https:\/\/www.cope.es\/blogs\/a-tumba-abierta\/#\/schema\/person\/413f6566db421693223476f6b63a643b"},"headline":"Remco Evenepoel rompe el crono en La Vuelta","datePublished":"2022-08-31T10:23:33+00:00","dateModified":"2022-09-01T08:11:36+00:00","mainEntityOfPage":{"@id":"https:\/\/www.cope.es\/blogs\/a-tumba-abierta\/2022\/08\/31\/remco-evenepoel-rompe-el-crono-en-la-vuelta\/"},"wordCount":341,"commentCount":0,"image":{"@id":"https:\/\/www.cope.es\/blogs\/a-tumba-abierta\/2022\/08\/31\/remco-evenepoel-rompe-el-crono-en-la-vuelta\/#primaryimage"},"thumbnailUrl":"https:\/\/www.cope.es\/blogs\/a-tumba-abierta\/wp-content\/uploads\/sites\/23\/2022\/08\/def-2.jpg","keywords":["Actualidad"],"articleSection":["Vuelta a Espa\u00f1a"],"inLanguage":"es","potentialAction":[{"@type":"CommentAction","name":"Comment","target":["https:\/\/www.cope.es\/blogs\/a-tumba-abierta\/2022\/08\/31\/remco-evenepoel-rompe-el-crono-en-la-vuelta\/#respond"]}]},{"@type":"WebPage","@id":"https:\/\/www.cope.es\/blogs\/a-tumba-abierta\/2022\/08\/31\/remco-evenepoel-rompe-el-crono-en-la-vuelta\/","url":"https:\/\/www.cope.es\/blogs\/a-tumba-abierta\/2022\/08\/31\/remco-evenepoel-rompe-el-crono-en-la-vuelta\/","name":"Remco Evenepoel rompe el cron\u00f3metro en La Vuelta","isPartOf":{"@id":"https:\/\/www.cope.es\/blogs\/a-tumba-abierta\/#website"},"primaryImageOfPage":{"@id":"https:\/\/www.cope.es\/blogs\/a-tumba-abierta\/2022\/08\/31\/remco-evenepoel-rompe-el-crono-en-la-vuelta\/#primaryimage"},"image":{"@id":"https:\/\/www.cope.es\/blogs\/a-tumba-abierta\/2022\/08\/31\/remco-evenepoel-rompe-el-crono-en-la-vuelta\/#primaryimage"},"thumbnailUrl":"https:\/\/www.cope.es\/blogs\/a-tumba-abierta\/wp-content\/uploads\/sites\/23\/2022\/08\/def-2.jpg","datePublished":"2022-08-31T10:23:33+00:00","dateModified":"2022-09-01T08:11:36+00:00","author":{"@id":"https:\/\/www.cope.es\/blogs\/a-tumba-abierta\/#\/schema\/person\/413f6566db421693223476f6b63a643b"},"description":"El ciclista belga Remco Evenepoel ha ganado este martes la contrarreloj individual de la d\u00e9cima etapa de la Vuelta Ciclista a Espa\u00f1a.","breadcrumb":{"@id":"https:\/\/www.cope.es\/blogs\/a-tumba-abierta\/2022\/08\/31\/remco-evenepoel-rompe-el-crono-en-la-vuelta\/#breadcrumb"},"inLanguage":"es","potentialAction":[{"@type":"ReadAction","target":["https:\/\/www.cope.es\/blogs\/a-tumba-abierta\/2022\/08\/31\/remco-evenepoel-rompe-el-crono-en-la-vuelta\/"]}]},{"@type":"ImageObject","inLanguage":"es","@id":"https:\/\/www.cope.es\/blogs\/a-tumba-abierta\/2022\/08\/31\/remco-evenepoel-rompe-el-crono-en-la-vuelta\/#primaryimage","url":"https:\/\/www.cope.es\/blogs\/a-tumba-abierta\/wp-content\/uploads\/sites\/23\/2022\/08\/def-2.jpg","contentUrl":"https:\/\/www.cope.es\/blogs\/a-tumba-abierta\/wp-content\/uploads\/sites\/23\/2022\/08\/def-2.jpg","width":2047,"height":1259,"caption":"El ciclista belga Remco Evenepoel ha ganado este martes la contrarreloj individual de la d\u00e9cima etapa de la Vuelta Ciclista a Espa\u00f1a."},{"@type":"BreadcrumbList","@id":"https:\/\/www.cope.es\/blogs\/a-tumba-abierta\/2022\/08\/31\/remco-evenepoel-rompe-el-crono-en-la-vuelta\/#breadcrumb","itemListElement":[{"@type":"ListItem","position":1,"name":"Portada","item":"https:\/\/www.cope.es\/blogs\/a-tumba-abierta\/"},{"@type":"ListItem","position":2,"name":"Remco Evenepoel rompe el crono en La Vuelta"}]},{"@type":"WebSite","@id":"https:\/\/www.cope.es\/blogs\/a-tumba-abierta\/#website","url":"https:\/\/www.cope.es\/blogs\/a-tumba-abierta\/","name":"A Tumba Abierta","description":"Blog de ciclismo en COPE","potentialAction":[{"@type":"SearchAction","target":{"@type":"EntryPoint","urlTemplate":"https:\/\/www.cope.es\/blogs\/a-tumba-abierta\/?s={search_term_string}"},"query-input":{"@type":"PropertyValueSpecification","valueRequired":true,"valueName":"search_term_string"}}],"inLanguage":"es"},{"@type":"Person","@id":"https:\/\/www.cope.es\/blogs\/a-tumba-abierta\/#\/schema\/person\/413f6566db421693223476f6b63a643b","name":"Crist\u00f3bal Cabezas","image":{"@type":"ImageObject","inLanguage":"es","@id":"https:\/\/secure.gravatar.com\/avatar\/361550a2a3cac91688caa1b00f2a1fa4e89a6c4361562ca29a361ce0041974c2?s=96&d=mm&r=g","url":"https:\/\/secure.gravatar.com\/avatar\/361550a2a3cac91688caa1b00f2a1fa4e89a6c4361562ca29a361ce0041974c2?s=96&d=mm&r=g","contentUrl":"https:\/\/secure.gravatar.com\/avatar\/361550a2a3cac91688caa1b00f2a1fa4e89a6c4361562ca29a361ce0041974c2?s=96&d=mm&r=g","caption":"Crist\u00f3bal Cabezas"},"description":"Crist\u00f3bal Cabezas es Licenciado en Periodismo por la Universidad Complutense de Madrid y T\u00edtulo en T\u00e9cnico en Comunicaci\u00f3n Integral por la Universidad Francisco de Vitoria. Tras desempe\u00f1ar tareas informativas en diferentes medios, recal\u00f3 en la Cadena COPE en el a\u00f1o 2005. Desde entonces, ha trabajado en las emisoras de Madrid, Granada, Jaca (Huesca) y Toledo, en donde se incorpor\u00f3 en 2013 como Jefe de Informativos de la Cadena COPE en Castilla-La Mancha. Siempre tuvo claro que quer\u00eda ser periodista y, a esa afici\u00f3n, se uni\u00f3 la del ciclismo, deporte con el que ha disfrutado mucho, tanto a trav\u00e9s de los medios de comunicaci\u00f3n como asistiendo en directo a diferentes carreras ciclistas. El inter\u00e9s que siempre mostr\u00f3 con todo lo relacionado con Internet y las redes sociales, fue reconocido con el Premio \u201cD\u00eda de Internet\u201d en la categor\u00eda de \u201cMejor Periodista Digital\u201d por sus trabajos en la Cadena COPE. Precisamente, esa pasi\u00f3n por las nuevas tecnolog\u00edas, espera que sea el \u201cveh\u00edculo\u201d para poder contar \u201cA Tumba Abierta\u201d las mejores historias del deporte de las dos ruedas.","sameAs":["http:\/\/www.cope.es","https:\/\/es-es.facebook.com\/cristobal.cabezasmartin","https:\/\/x.com\/cristoblcabezas"],"url":"https:\/\/www.cope.es\/blogs\/a-tumba-abierta\/author\/ccabezas\/"}]}},"amp_enabled":true,"_links":{"self":[{"href":"https:\/\/www.cope.es\/blogs\/a-tumba-abierta\/wp-json\/wp\/v2\/posts\/1401","targetHints":{"allow":["GET"]}}],"collection":[{"href":"https:\/\/www.cope.es\/blogs\/a-tumba-abierta\/wp-json\/wp\/v2\/posts"}],"about":[{"href":"https:\/\/www.cope.es\/blogs\/a-tumba-abierta\/wp-json\/wp\/v2\/types\/post"}],"author":[{"embeddable":true,"href":"https:\/\/www.cope.es\/blogs\/a-tumba-abierta\/wp-json\/wp\/v2\/users\/24"}],"replies":[{"embeddable":true,"href":"https:\/\/www.cope.es\/blogs\/a-tumba-abierta\/wp-json\/wp\/v2\/comments?post=1401"}],"version-history":[{"count":2,"href":"https:\/\/www.cope.es\/blogs\/a-tumba-abierta\/wp-json\/wp\/v2\/posts\/1401\/revisions"}],"predecessor-version":[{"id":1407,"href":"https:\/\/www.cope.es\/blogs\/a-tumba-abierta\/wp-json\/wp\/v2\/posts\/1401\/revisions\/1407"}],"wp:featuredmedia":[{"embeddable":true,"href":"https:\/\/www.cope.es\/blogs\/a-tumba-abierta\/wp-json\/wp\/v2\/media\/1402"}],"wp:attachment":[{"href":"https:\/\/www.cope.es\/blogs\/a-tumba-abierta\/wp-json\/wp\/v2\/media?parent=1401"}],"wp:term":[{"taxonomy":"category","embeddable":true,"href":"https:\/\/www.cope.es\/blogs\/a-tumba-abierta\/wp-json\/wp\/v2\/categories?post=1401"},{"taxonomy":"post_tag","embeddable":true,"href":"https:\/\/www.cope.es\/blogs\/a-tumba-abierta\/wp-json\/wp\/v2\/tags?post=1401"}],"curies":[{"name":"wp","href":"https:\/\/api.w.org\/{rel}","templated":true}]}}