{"id":1381,"date":"2022-07-22T10:38:39","date_gmt":"2022-07-22T08:38:39","guid":{"rendered":"http:\/\/www.cope.es\/blogs\/a-tumba-abierta\/?p=1381"},"modified":"2022-07-22T10:38:39","modified_gmt":"2022-07-22T08:38:39","slug":"vingegaard-sentencia-el-tour-en-hautacam","status":"publish","type":"post","link":"https:\/\/www.cope.es\/blogs\/a-tumba-abierta\/2022\/07\/22\/vingegaard-sentencia-el-tour-en-hautacam\/","title":{"rendered":"Vingegaard sentencia el Tour en Hautacam"},"content":{"rendered":"<p>El ciclista dan\u00e9s <strong>Jonas Vingegaard<\/strong> (<a href=\"https:\/\/www.teamjumbovisma.nl\/\" target=\"_blank\">Jumbo-Visma<\/a>), ha ganado este jueves la decimoctava etapa del <a href=\"https:\/\/www.letour.fr\/es\" target=\"_blank\">Tour de Francia<\/a> disputada entre Lourdes y Hautacam, de 143,5 kil\u00f3metros, para sentenciar el maillot amarillo y dar un golpe sobre la mesa ante su duro oponente <strong>Tadej Pogacar<\/strong> (<a href=\"http:\/\/www.uaeteamemirates.com\/\" target=\"_blank\">UAE Team Emirates<\/a>), quien pag\u00f3 el desgaste de sus ataques para quedarse pr\u00e1cticamente sin opciones de la general al ceder m\u00e1s de un minuto.<\/p>\n<p>El dan\u00e9s lidi\u00f3 con la ambici\u00f3n de Pogacar y en la carretera de Hautacam hizo historia para dejar listo para sentencia un Tour que lidera con 3 minutos y 26 segundos respecto al dos veces campe\u00f3n de la ronda gala a falta de tres jornadas, entre ellas la crono de 40 kil\u00f3metros de este s\u00e1bado.<\/p>\n<p>Los Pirineos vivieron el destrono del vigente rey en la ronda gala en una etapa fren\u00e9tica que mostr\u00f3 la clase y deportividad de los dos combatientes por el maillot amarillo. El defensor de la general supo sufrir ante la combatitividad de Pogacar, que pag\u00f3 el precio de sus sucesivos ataques al caer al suelo en el descenso al Col de Spandelles.<\/p>\n<p>Vingegaard fren\u00f3 el ritmo, en vez de aprovechar el desliz, y esper\u00f3 a su oponente para mostrar el absoluto &#8216;fair play&#8217; entre ambos. Una vez en fila, el esloveno agradeci\u00f3 el gesto y le choc\u00f3 la mano para continuar el duelo con un final inmejorable para el Jumbo-Visma.<\/p>\n","protected":false},"excerpt":{"rendered":"<p>El ciclista dan\u00e9s Jonas Vingegaard (Jumbo-Visma), ha ganado este jueves la decimoctava etapa del Tour de Francia disputada entre Lourdes y Hautacam, de 143,5 kil\u00f3metros, para sentenciar el maillot amarillo y dar un golpe sobre la mesa ante su duro oponente Tadej Pogacar (UAE Team Emirates), quien pag\u00f3 el desgaste de sus ataques para quedarse [&hellip;]<\/p>\n","protected":false},"author":24,"featured_media":1382,"comment_status":"open","ping_status":"open","sticky":false,"template":"","format":"standard","meta":{"footnotes":""},"categories":[3],"tags":[285],"class_list":["post-1381","post","type-post","status-publish","format-standard","has-post-thumbnail","hentry","category-tour-de-francia","tag-actualidad"],"yoast_head":"<!-- This site is optimized with the Yoast SEO plugin v27.4 - https:\/\/yoast.com\/product\/yoast-seo-wordpress\/ -->\n<title>Vingegaard sentencia el Tour de Francia en Hautacam<\/title>\n<meta name=\"description\" content=\"El ciclista dan\u00e9s Jonas Vingegaard (Jumbo-Visma), ha ganado este jueves la decimoctava etapa del Tour de Francia disputada entre Lourdes y Hautacam.\" \/>\n<meta name=\"robots\" content=\"index, follow, max-snippet:-1, max-image-preview:large, max-video-preview:-1\" \/>\n<link rel=\"canonical\" href=\"https:\/\/www.cope.es\/blogs\/a-tumba-abierta\/2022\/07\/22\/vingegaard-sentencia-el-tour-en-hautacam\/\" \/>\n<meta property=\"og:locale\" content=\"es_ES\" \/>\n<meta property=\"og:type\" content=\"article\" \/>\n<meta property=\"og:title\" content=\"Vingegaard sentencia el Tour de Francia en Hautacam\" \/>\n<meta property=\"og:description\" content=\"El ciclista dan\u00e9s Jonas Vingegaard (Jumbo-Visma), ha ganado este jueves la decimoctava etapa del Tour de Francia disputada entre Lourdes y Hautacam.\" \/>\n<meta property=\"og:url\" content=\"https:\/\/www.cope.es\/blogs\/a-tumba-abierta\/2022\/07\/22\/vingegaard-sentencia-el-tour-en-hautacam\/\" \/>\n<meta property=\"og:site_name\" content=\"A Tumba Abierta\" \/>\n<meta property=\"article:publisher\" content=\"https:\/\/www.facebook.com\/cope\/\" \/>\n<meta property=\"article:author\" content=\"https:\/\/es-es.facebook.com\/cristobal.cabezasmartin\" \/>\n<meta property=\"article:published_time\" content=\"2022-07-22T08:38:39+00:00\" \/>\n<meta property=\"og:image\" content=\"https:\/\/www.cope.es\/blogs\/a-tumba-abierta\/wp-content\/uploads\/sites\/23\/2022\/07\/EuropaPress_4575746_14_july_2022_france_alpe_dhuez_danish_cyclist_jonas_vingegaard_of-scaled.jpg\" \/>\n\t<meta property=\"og:image:width\" content=\"2560\" \/>\n\t<meta property=\"og:image:height\" content=\"1703\" \/>\n\t<meta property=\"og:image:type\" content=\"image\/jpeg\" \/>\n<meta name=\"author\" content=\"Crist\u00f3bal Cabezas\" \/>\n<meta name=\"twitter:card\" content=\"summary_large_image\" \/>\n<meta name=\"twitter:creator\" content=\"@cristoblcabezas\" \/>\n<meta name=\"twitter:site\" content=\"@cope_es\" \/>\n<meta name=\"twitter:label1\" content=\"Escrito por\" \/>\n\t<meta name=\"twitter:data1\" content=\"Crist\u00f3bal Cabezas\" \/>\n\t<meta name=\"twitter:label2\" content=\"Tiempo de lectura\" \/>\n\t<meta name=\"twitter:data2\" content=\"1 minuto\" \/>\n<script type=\"application\/ld+json\" class=\"yoast-schema-graph\">{\"@context\":\"https:\\\/\\\/schema.org\",\"@graph\":[{\"@type\":\"Article\",\"@id\":\"https:\\\/\\\/www.cope.es\\\/blogs\\\/a-tumba-abierta\\\/2022\\\/07\\\/22\\\/vingegaard-sentencia-el-tour-en-hautacam\\\/#article\",\"isPartOf\":{\"@id\":\"https:\\\/\\\/www.cope.es\\\/blogs\\\/a-tumba-abierta\\\/2022\\\/07\\\/22\\\/vingegaard-sentencia-el-tour-en-hautacam\\\/\"},\"author\":{\"name\":\"Crist\u00f3bal Cabezas\",\"@id\":\"https:\\\/\\\/www.cope.es\\\/blogs\\\/a-tumba-abierta\\\/#\\\/schema\\\/person\\\/413f6566db421693223476f6b63a643b\"},\"headline\":\"Vingegaard sentencia el Tour en Hautacam\",\"datePublished\":\"2022-07-22T08:38:39+00:00\",\"mainEntityOfPage\":{\"@id\":\"https:\\\/\\\/www.cope.es\\\/blogs\\\/a-tumba-abierta\\\/2022\\\/07\\\/22\\\/vingegaard-sentencia-el-tour-en-hautacam\\\/\"},\"wordCount\":243,\"commentCount\":0,\"image\":{\"@id\":\"https:\\\/\\\/www.cope.es\\\/blogs\\\/a-tumba-abierta\\\/2022\\\/07\\\/22\\\/vingegaard-sentencia-el-tour-en-hautacam\\\/#primaryimage\"},\"thumbnailUrl\":\"https:\\\/\\\/www.cope.es\\\/blogs\\\/a-tumba-abierta\\\/wp-content\\\/uploads\\\/sites\\\/23\\\/2022\\\/07\\\/EuropaPress_4575746_14_july_2022_france_alpe_dhuez_danish_cyclist_jonas_vingegaard_of-scaled.jpg\",\"keywords\":[\"Actualidad\"],\"articleSection\":[\"Tour de Francia\"],\"inLanguage\":\"es\",\"potentialAction\":[{\"@type\":\"CommentAction\",\"name\":\"Comment\",\"target\":[\"https:\\\/\\\/www.cope.es\\\/blogs\\\/a-tumba-abierta\\\/2022\\\/07\\\/22\\\/vingegaard-sentencia-el-tour-en-hautacam\\\/#respond\"]}]},{\"@type\":\"WebPage\",\"@id\":\"https:\\\/\\\/www.cope.es\\\/blogs\\\/a-tumba-abierta\\\/2022\\\/07\\\/22\\\/vingegaard-sentencia-el-tour-en-hautacam\\\/\",\"url\":\"https:\\\/\\\/www.cope.es\\\/blogs\\\/a-tumba-abierta\\\/2022\\\/07\\\/22\\\/vingegaard-sentencia-el-tour-en-hautacam\\\/\",\"name\":\"Vingegaard sentencia el Tour de Francia en Hautacam\",\"isPartOf\":{\"@id\":\"https:\\\/\\\/www.cope.es\\\/blogs\\\/a-tumba-abierta\\\/#website\"},\"primaryImageOfPage\":{\"@id\":\"https:\\\/\\\/www.cope.es\\\/blogs\\\/a-tumba-abierta\\\/2022\\\/07\\\/22\\\/vingegaard-sentencia-el-tour-en-hautacam\\\/#primaryimage\"},\"image\":{\"@id\":\"https:\\\/\\\/www.cope.es\\\/blogs\\\/a-tumba-abierta\\\/2022\\\/07\\\/22\\\/vingegaard-sentencia-el-tour-en-hautacam\\\/#primaryimage\"},\"thumbnailUrl\":\"https:\\\/\\\/www.cope.es\\\/blogs\\\/a-tumba-abierta\\\/wp-content\\\/uploads\\\/sites\\\/23\\\/2022\\\/07\\\/EuropaPress_4575746_14_july_2022_france_alpe_dhuez_danish_cyclist_jonas_vingegaard_of-scaled.jpg\",\"datePublished\":\"2022-07-22T08:38:39+00:00\",\"author\":{\"@id\":\"https:\\\/\\\/www.cope.es\\\/blogs\\\/a-tumba-abierta\\\/#\\\/schema\\\/person\\\/413f6566db421693223476f6b63a643b\"},\"description\":\"El ciclista dan\u00e9s Jonas Vingegaard (Jumbo-Visma), ha ganado este jueves la decimoctava etapa del Tour de Francia disputada entre Lourdes y Hautacam.\",\"breadcrumb\":{\"@id\":\"https:\\\/\\\/www.cope.es\\\/blogs\\\/a-tumba-abierta\\\/2022\\\/07\\\/22\\\/vingegaard-sentencia-el-tour-en-hautacam\\\/#breadcrumb\"},\"inLanguage\":\"es\",\"potentialAction\":[{\"@type\":\"ReadAction\",\"target\":[\"https:\\\/\\\/www.cope.es\\\/blogs\\\/a-tumba-abierta\\\/2022\\\/07\\\/22\\\/vingegaard-sentencia-el-tour-en-hautacam\\\/\"]}]},{\"@type\":\"ImageObject\",\"inLanguage\":\"es\",\"@id\":\"https:\\\/\\\/www.cope.es\\\/blogs\\\/a-tumba-abierta\\\/2022\\\/07\\\/22\\\/vingegaard-sentencia-el-tour-en-hautacam\\\/#primaryimage\",\"url\":\"https:\\\/\\\/www.cope.es\\\/blogs\\\/a-tumba-abierta\\\/wp-content\\\/uploads\\\/sites\\\/23\\\/2022\\\/07\\\/EuropaPress_4575746_14_july_2022_france_alpe_dhuez_danish_cyclist_jonas_vingegaard_of-scaled.jpg\",\"contentUrl\":\"https:\\\/\\\/www.cope.es\\\/blogs\\\/a-tumba-abierta\\\/wp-content\\\/uploads\\\/sites\\\/23\\\/2022\\\/07\\\/EuropaPress_4575746_14_july_2022_france_alpe_dhuez_danish_cyclist_jonas_vingegaard_of-scaled.jpg\",\"width\":2560,\"height\":1703,\"caption\":\"El ciclista dan\u00e9s Jonas Vingegaard (Jumbo-Visma), ha ganado este jueves la decimoctava etapa del Tour de Francia disputada entre Lourdes y Hautacam\"},{\"@type\":\"BreadcrumbList\",\"@id\":\"https:\\\/\\\/www.cope.es\\\/blogs\\\/a-tumba-abierta\\\/2022\\\/07\\\/22\\\/vingegaard-sentencia-el-tour-en-hautacam\\\/#breadcrumb\",\"itemListElement\":[{\"@type\":\"ListItem\",\"position\":1,\"name\":\"Portada\",\"item\":\"https:\\\/\\\/www.cope.es\\\/blogs\\\/a-tumba-abierta\\\/\"},{\"@type\":\"ListItem\",\"position\":2,\"name\":\"Vingegaard sentencia el Tour en Hautacam\"}]},{\"@type\":\"WebSite\",\"@id\":\"https:\\\/\\\/www.cope.es\\\/blogs\\\/a-tumba-abierta\\\/#website\",\"url\":\"https:\\\/\\\/www.cope.es\\\/blogs\\\/a-tumba-abierta\\\/\",\"name\":\"A Tumba Abierta\",\"description\":\"Blog de ciclismo en COPE\",\"potentialAction\":[{\"@type\":\"SearchAction\",\"target\":{\"@type\":\"EntryPoint\",\"urlTemplate\":\"https:\\\/\\\/www.cope.es\\\/blogs\\\/a-tumba-abierta\\\/?s={search_term_string}\"},\"query-input\":{\"@type\":\"PropertyValueSpecification\",\"valueRequired\":true,\"valueName\":\"search_term_string\"}}],\"inLanguage\":\"es\"},{\"@type\":\"Person\",\"@id\":\"https:\\\/\\\/www.cope.es\\\/blogs\\\/a-tumba-abierta\\\/#\\\/schema\\\/person\\\/413f6566db421693223476f6b63a643b\",\"name\":\"Crist\u00f3bal Cabezas\",\"image\":{\"@type\":\"ImageObject\",\"inLanguage\":\"es\",\"@id\":\"https:\\\/\\\/secure.gravatar.com\\\/avatar\\\/361550a2a3cac91688caa1b00f2a1fa4e89a6c4361562ca29a361ce0041974c2?s=96&d=mm&r=g\",\"url\":\"https:\\\/\\\/secure.gravatar.com\\\/avatar\\\/361550a2a3cac91688caa1b00f2a1fa4e89a6c4361562ca29a361ce0041974c2?s=96&d=mm&r=g\",\"contentUrl\":\"https:\\\/\\\/secure.gravatar.com\\\/avatar\\\/361550a2a3cac91688caa1b00f2a1fa4e89a6c4361562ca29a361ce0041974c2?s=96&d=mm&r=g\",\"caption\":\"Crist\u00f3bal Cabezas\"},\"description\":\"Crist\u00f3bal Cabezas es Licenciado en Periodismo por la Universidad Complutense de Madrid y T\u00edtulo en T\u00e9cnico en Comunicaci\u00f3n Integral por la Universidad Francisco de Vitoria. Tras desempe\u00f1ar tareas informativas en diferentes medios, recal\u00f3 en la Cadena COPE en el a\u00f1o 2005. Desde entonces, ha trabajado en las emisoras de Madrid, Granada, Jaca (Huesca) y Toledo, en donde se incorpor\u00f3 en 2013 como Jefe de Informativos de la Cadena COPE en Castilla-La Mancha. Siempre tuvo claro que quer\u00eda ser periodista y, a esa afici\u00f3n, se uni\u00f3 la del ciclismo, deporte con el que ha disfrutado mucho, tanto a trav\u00e9s de los medios de comunicaci\u00f3n como asistiendo en directo a diferentes carreras ciclistas. El inter\u00e9s que siempre mostr\u00f3 con todo lo relacionado con Internet y las redes sociales, fue reconocido con el Premio \u201cD\u00eda de Internet\u201d en la categor\u00eda de \u201cMejor Periodista Digital\u201d por sus trabajos en la Cadena COPE. Precisamente, esa pasi\u00f3n por las nuevas tecnolog\u00edas, espera que sea el \u201cveh\u00edculo\u201d para poder contar \u201cA Tumba Abierta\u201d las mejores historias del deporte de las dos ruedas.\",\"sameAs\":[\"http:\\\/\\\/www.cope.es\",\"https:\\\/\\\/es-es.facebook.com\\\/cristobal.cabezasmartin\",\"https:\\\/\\\/x.com\\\/cristoblcabezas\"],\"url\":\"https:\\\/\\\/www.cope.es\\\/blogs\\\/a-tumba-abierta\\\/author\\\/ccabezas\\\/\"}]}<\/script>\n<!-- \/ Yoast SEO plugin. -->","yoast_head_json":{"title":"Vingegaard sentencia el Tour de Francia en Hautacam","description":"El ciclista dan\u00e9s Jonas Vingegaard (Jumbo-Visma), ha ganado este jueves la decimoctava etapa del Tour de Francia disputada entre Lourdes y Hautacam.","robots":{"index":"index","follow":"follow","max-snippet":"max-snippet:-1","max-image-preview":"max-image-preview:large","max-video-preview":"max-video-preview:-1"},"canonical":"https:\/\/www.cope.es\/blogs\/a-tumba-abierta\/2022\/07\/22\/vingegaard-sentencia-el-tour-en-hautacam\/","og_locale":"es_ES","og_type":"article","og_title":"Vingegaard sentencia el Tour de Francia en Hautacam","og_description":"El ciclista dan\u00e9s Jonas Vingegaard (Jumbo-Visma), ha ganado este jueves la decimoctava etapa del Tour de Francia disputada entre Lourdes y Hautacam.","og_url":"https:\/\/www.cope.es\/blogs\/a-tumba-abierta\/2022\/07\/22\/vingegaard-sentencia-el-tour-en-hautacam\/","og_site_name":"A Tumba Abierta","article_publisher":"https:\/\/www.facebook.com\/cope\/","article_author":"https:\/\/es-es.facebook.com\/cristobal.cabezasmartin","article_published_time":"2022-07-22T08:38:39+00:00","og_image":[{"width":2560,"height":1703,"url":"https:\/\/www.cope.es\/blogs\/a-tumba-abierta\/wp-content\/uploads\/sites\/23\/2022\/07\/EuropaPress_4575746_14_july_2022_france_alpe_dhuez_danish_cyclist_jonas_vingegaard_of-scaled.jpg","type":"image\/jpeg"}],"author":"Crist\u00f3bal Cabezas","twitter_card":"summary_large_image","twitter_creator":"@cristoblcabezas","twitter_site":"@cope_es","twitter_misc":{"Escrito por":"Crist\u00f3bal Cabezas","Tiempo de lectura":"1 minuto"},"schema":{"@context":"https:\/\/schema.org","@graph":[{"@type":"Article","@id":"https:\/\/www.cope.es\/blogs\/a-tumba-abierta\/2022\/07\/22\/vingegaard-sentencia-el-tour-en-hautacam\/#article","isPartOf":{"@id":"https:\/\/www.cope.es\/blogs\/a-tumba-abierta\/2022\/07\/22\/vingegaard-sentencia-el-tour-en-hautacam\/"},"author":{"name":"Crist\u00f3bal Cabezas","@id":"https:\/\/www.cope.es\/blogs\/a-tumba-abierta\/#\/schema\/person\/413f6566db421693223476f6b63a643b"},"headline":"Vingegaard sentencia el Tour en Hautacam","datePublished":"2022-07-22T08:38:39+00:00","mainEntityOfPage":{"@id":"https:\/\/www.cope.es\/blogs\/a-tumba-abierta\/2022\/07\/22\/vingegaard-sentencia-el-tour-en-hautacam\/"},"wordCount":243,"commentCount":0,"image":{"@id":"https:\/\/www.cope.es\/blogs\/a-tumba-abierta\/2022\/07\/22\/vingegaard-sentencia-el-tour-en-hautacam\/#primaryimage"},"thumbnailUrl":"https:\/\/www.cope.es\/blogs\/a-tumba-abierta\/wp-content\/uploads\/sites\/23\/2022\/07\/EuropaPress_4575746_14_july_2022_france_alpe_dhuez_danish_cyclist_jonas_vingegaard_of-scaled.jpg","keywords":["Actualidad"],"articleSection":["Tour de Francia"],"inLanguage":"es","potentialAction":[{"@type":"CommentAction","name":"Comment","target":["https:\/\/www.cope.es\/blogs\/a-tumba-abierta\/2022\/07\/22\/vingegaard-sentencia-el-tour-en-hautacam\/#respond"]}]},{"@type":"WebPage","@id":"https:\/\/www.cope.es\/blogs\/a-tumba-abierta\/2022\/07\/22\/vingegaard-sentencia-el-tour-en-hautacam\/","url":"https:\/\/www.cope.es\/blogs\/a-tumba-abierta\/2022\/07\/22\/vingegaard-sentencia-el-tour-en-hautacam\/","name":"Vingegaard sentencia el Tour de Francia en Hautacam","isPartOf":{"@id":"https:\/\/www.cope.es\/blogs\/a-tumba-abierta\/#website"},"primaryImageOfPage":{"@id":"https:\/\/www.cope.es\/blogs\/a-tumba-abierta\/2022\/07\/22\/vingegaard-sentencia-el-tour-en-hautacam\/#primaryimage"},"image":{"@id":"https:\/\/www.cope.es\/blogs\/a-tumba-abierta\/2022\/07\/22\/vingegaard-sentencia-el-tour-en-hautacam\/#primaryimage"},"thumbnailUrl":"https:\/\/www.cope.es\/blogs\/a-tumba-abierta\/wp-content\/uploads\/sites\/23\/2022\/07\/EuropaPress_4575746_14_july_2022_france_alpe_dhuez_danish_cyclist_jonas_vingegaard_of-scaled.jpg","datePublished":"2022-07-22T08:38:39+00:00","author":{"@id":"https:\/\/www.cope.es\/blogs\/a-tumba-abierta\/#\/schema\/person\/413f6566db421693223476f6b63a643b"},"description":"El ciclista dan\u00e9s Jonas Vingegaard (Jumbo-Visma), ha ganado este jueves la decimoctava etapa del Tour de Francia disputada entre Lourdes y Hautacam.","breadcrumb":{"@id":"https:\/\/www.cope.es\/blogs\/a-tumba-abierta\/2022\/07\/22\/vingegaard-sentencia-el-tour-en-hautacam\/#breadcrumb"},"inLanguage":"es","potentialAction":[{"@type":"ReadAction","target":["https:\/\/www.cope.es\/blogs\/a-tumba-abierta\/2022\/07\/22\/vingegaard-sentencia-el-tour-en-hautacam\/"]}]},{"@type":"ImageObject","inLanguage":"es","@id":"https:\/\/www.cope.es\/blogs\/a-tumba-abierta\/2022\/07\/22\/vingegaard-sentencia-el-tour-en-hautacam\/#primaryimage","url":"https:\/\/www.cope.es\/blogs\/a-tumba-abierta\/wp-content\/uploads\/sites\/23\/2022\/07\/EuropaPress_4575746_14_july_2022_france_alpe_dhuez_danish_cyclist_jonas_vingegaard_of-scaled.jpg","contentUrl":"https:\/\/www.cope.es\/blogs\/a-tumba-abierta\/wp-content\/uploads\/sites\/23\/2022\/07\/EuropaPress_4575746_14_july_2022_france_alpe_dhuez_danish_cyclist_jonas_vingegaard_of-scaled.jpg","width":2560,"height":1703,"caption":"El ciclista dan\u00e9s Jonas Vingegaard (Jumbo-Visma), ha ganado este jueves la decimoctava etapa del Tour de Francia disputada entre Lourdes y Hautacam"},{"@type":"BreadcrumbList","@id":"https:\/\/www.cope.es\/blogs\/a-tumba-abierta\/2022\/07\/22\/vingegaard-sentencia-el-tour-en-hautacam\/#breadcrumb","itemListElement":[{"@type":"ListItem","position":1,"name":"Portada","item":"https:\/\/www.cope.es\/blogs\/a-tumba-abierta\/"},{"@type":"ListItem","position":2,"name":"Vingegaard sentencia el Tour en Hautacam"}]},{"@type":"WebSite","@id":"https:\/\/www.cope.es\/blogs\/a-tumba-abierta\/#website","url":"https:\/\/www.cope.es\/blogs\/a-tumba-abierta\/","name":"A Tumba Abierta","description":"Blog de ciclismo en COPE","potentialAction":[{"@type":"SearchAction","target":{"@type":"EntryPoint","urlTemplate":"https:\/\/www.cope.es\/blogs\/a-tumba-abierta\/?s={search_term_string}"},"query-input":{"@type":"PropertyValueSpecification","valueRequired":true,"valueName":"search_term_string"}}],"inLanguage":"es"},{"@type":"Person","@id":"https:\/\/www.cope.es\/blogs\/a-tumba-abierta\/#\/schema\/person\/413f6566db421693223476f6b63a643b","name":"Crist\u00f3bal Cabezas","image":{"@type":"ImageObject","inLanguage":"es","@id":"https:\/\/secure.gravatar.com\/avatar\/361550a2a3cac91688caa1b00f2a1fa4e89a6c4361562ca29a361ce0041974c2?s=96&d=mm&r=g","url":"https:\/\/secure.gravatar.com\/avatar\/361550a2a3cac91688caa1b00f2a1fa4e89a6c4361562ca29a361ce0041974c2?s=96&d=mm&r=g","contentUrl":"https:\/\/secure.gravatar.com\/avatar\/361550a2a3cac91688caa1b00f2a1fa4e89a6c4361562ca29a361ce0041974c2?s=96&d=mm&r=g","caption":"Crist\u00f3bal Cabezas"},"description":"Crist\u00f3bal Cabezas es Licenciado en Periodismo por la Universidad Complutense de Madrid y T\u00edtulo en T\u00e9cnico en Comunicaci\u00f3n Integral por la Universidad Francisco de Vitoria. Tras desempe\u00f1ar tareas informativas en diferentes medios, recal\u00f3 en la Cadena COPE en el a\u00f1o 2005. Desde entonces, ha trabajado en las emisoras de Madrid, Granada, Jaca (Huesca) y Toledo, en donde se incorpor\u00f3 en 2013 como Jefe de Informativos de la Cadena COPE en Castilla-La Mancha. Siempre tuvo claro que quer\u00eda ser periodista y, a esa afici\u00f3n, se uni\u00f3 la del ciclismo, deporte con el que ha disfrutado mucho, tanto a trav\u00e9s de los medios de comunicaci\u00f3n como asistiendo en directo a diferentes carreras ciclistas. El inter\u00e9s que siempre mostr\u00f3 con todo lo relacionado con Internet y las redes sociales, fue reconocido con el Premio \u201cD\u00eda de Internet\u201d en la categor\u00eda de \u201cMejor Periodista Digital\u201d por sus trabajos en la Cadena COPE. Precisamente, esa pasi\u00f3n por las nuevas tecnolog\u00edas, espera que sea el \u201cveh\u00edculo\u201d para poder contar \u201cA Tumba Abierta\u201d las mejores historias del deporte de las dos ruedas.","sameAs":["http:\/\/www.cope.es","https:\/\/es-es.facebook.com\/cristobal.cabezasmartin","https:\/\/x.com\/cristoblcabezas"],"url":"https:\/\/www.cope.es\/blogs\/a-tumba-abierta\/author\/ccabezas\/"}]}},"amp_enabled":true,"_links":{"self":[{"href":"https:\/\/www.cope.es\/blogs\/a-tumba-abierta\/wp-json\/wp\/v2\/posts\/1381","targetHints":{"allow":["GET"]}}],"collection":[{"href":"https:\/\/www.cope.es\/blogs\/a-tumba-abierta\/wp-json\/wp\/v2\/posts"}],"about":[{"href":"https:\/\/www.cope.es\/blogs\/a-tumba-abierta\/wp-json\/wp\/v2\/types\/post"}],"author":[{"embeddable":true,"href":"https:\/\/www.cope.es\/blogs\/a-tumba-abierta\/wp-json\/wp\/v2\/users\/24"}],"replies":[{"embeddable":true,"href":"https:\/\/www.cope.es\/blogs\/a-tumba-abierta\/wp-json\/wp\/v2\/comments?post=1381"}],"version-history":[{"count":2,"href":"https:\/\/www.cope.es\/blogs\/a-tumba-abierta\/wp-json\/wp\/v2\/posts\/1381\/revisions"}],"predecessor-version":[{"id":1384,"href":"https:\/\/www.cope.es\/blogs\/a-tumba-abierta\/wp-json\/wp\/v2\/posts\/1381\/revisions\/1384"}],"wp:featuredmedia":[{"embeddable":true,"href":"https:\/\/www.cope.es\/blogs\/a-tumba-abierta\/wp-json\/wp\/v2\/media\/1382"}],"wp:attachment":[{"href":"https:\/\/www.cope.es\/blogs\/a-tumba-abierta\/wp-json\/wp\/v2\/media?parent=1381"}],"wp:term":[{"taxonomy":"category","embeddable":true,"href":"https:\/\/www.cope.es\/blogs\/a-tumba-abierta\/wp-json\/wp\/v2\/categories?post=1381"},{"taxonomy":"post_tag","embeddable":true,"href":"https:\/\/www.cope.es\/blogs\/a-tumba-abierta\/wp-json\/wp\/v2\/tags?post=1381"}],"curies":[{"name":"wp","href":"https:\/\/api.w.org\/{rel}","templated":true}]}}