{"id":1366,"date":"2022-04-29T19:36:02","date_gmt":"2022-04-29T17:36:02","guid":{"rendered":"http:\/\/www.cope.es\/blogs\/a-tumba-abierta\/?p=1366"},"modified":"2022-04-29T19:36:02","modified_gmt":"2022-04-29T17:36:02","slug":"basso-indurain-y-contador-participan-este-sabado-en-la-mallorca-312","status":"publish","type":"post","link":"https:\/\/www.cope.es\/blogs\/a-tumba-abierta\/2022\/04\/29\/basso-indurain-y-contador-participan-este-sabado-en-la-mallorca-312\/","title":{"rendered":"Basso, Indur\u00e1in y Contador participan este s\u00e1bado en la Mallorca 312"},"content":{"rendered":"<p>Los excorredores <strong>Ivan Basso<\/strong>, homenajeado, <strong>Miguel Indur\u00e1in<\/strong> y <strong>Alberto Contador<\/strong> y cerca de 8.000 cicloturistas participan en la duod\u00e9cima edici\u00f3n de la marcha <a href=\"https:\/\/mallorca312.com\/es\/\" target=\"_blank\">Mallorca 312<\/a>, que se disputa este s\u00e1bado 30 de abril desde Playa de Muro sobre tres distancias de 312, 225 y 167 kil\u00f3metros.<\/p>\n<p>Al acto, celebrado este viernes en la Expo Mallorca, han acudido el dorsal 312, Ivan Basso, el CEO de la Mallorca 312, <strong>Xisco Lliteras<\/strong>, el alcalde de Muro, <strong>Miquel Porquer<\/strong>, el CEO de Supersapiens, <strong>Phil Sutherland<\/strong>, el director gerente de la Agencia Estrategia Tur\u00edstica de les Illes Balears, <strong>Francesc Mateu<\/strong> y los consellers <strong>Andreu Serra<\/strong>, <strong>Iv\u00e1n Sevillano<\/strong>\u00a0y <strong>Fina Santiago<\/strong>.<\/p>\n<p>Junto a las autoridades han asistido, adem\u00e1s de Basso, Indur\u00e1in y Contador, los excorredores <strong>Tony Rominger<\/strong>, <strong>Joseba Beloki<\/strong>, <strong>Miquel Alzamora<\/strong>, <strong>Toni Tauler<\/strong> y <strong>Max H\u00fcrzeler<\/strong>.<\/p>\n<p>Contador ha entregado el dorsal 312 a su compa\u00f1ero Ivan Basso. &#8220;Es un aut\u00e9ntico honor ser el homenajeado porque aunque he estado en m\u00e1s ediciones, la llamada de Xisco me hizo mucha ilusi\u00f3n. Mi estrategia es salir conservador porque la Mallorca 312 es muy larga y primero son piernas, luego coraz\u00f3n y, por \u00faltimo, cabeza&#8221;, explic\u00f3 el italiano.<\/p>\n<p>El CEO de la Mallorca 312, Xisco Lliteras, ha deseado una buena jornada de ciclismo a todos los participantes. &#8220;Se lo merecen todos despu\u00e9s de todo lo que hemos pasado estos a\u00f1os con la emergencia sanitaria. Gracias a las autoridades y patrocinadores podemos dinamizar este inicio de temporada en la isla de Mallorca&#8221;, coment\u00f3.<\/p>\n<p>Por su parte, el alcalde de Muro, Miquel Porquer, tambi\u00e9n ha querido dar las gracias a todas las localidades por las que pasa la Mallorca 312. &#8220;Sabemos que es un esfuerzo muy grande y sin su ayuda no hubiese sido posible&#8221;, concluy\u00f3.<\/p>\n","protected":false},"excerpt":{"rendered":"<p>Los excorredores Ivan Basso, homenajeado, Miguel Indur\u00e1in y Alberto Contador y cerca de 8.000 cicloturistas participan en la duod\u00e9cima edici\u00f3n de la marcha Mallorca 312, que se disputa este s\u00e1bado 30 de abril desde Playa de Muro sobre tres distancias de 312, 225 y 167 kil\u00f3metros. Al acto, celebrado este viernes en la Expo Mallorca, [&hellip;]<\/p>\n","protected":false},"author":24,"featured_media":1367,"comment_status":"open","ping_status":"open","sticky":false,"template":"","format":"standard","meta":{"footnotes":""},"categories":[140],"tags":[376],"class_list":["post-1366","post","type-post","status-publish","format-standard","has-post-thumbnail","hentry","category-actualidad","tag-cicloturismo"],"yoast_head":"<!-- This site is optimized with the Yoast SEO plugin v27.4 - https:\/\/yoast.com\/product\/yoast-seo-wordpress\/ -->\n<title>Basso, Indur\u00e1in y Contador participan este s\u00e1bado en la Mallorca 312<\/title>\n<meta name=\"description\" content=\"Ivan Basso, Miguel Indur\u00e1in y Alberto Contador participan este s\u00e1bado 30 de abril en la duod\u00e9cima edici\u00f3n de la marcha Mallorca 312.\" \/>\n<meta name=\"robots\" content=\"index, follow, max-snippet:-1, max-image-preview:large, max-video-preview:-1\" \/>\n<link rel=\"canonical\" href=\"https:\/\/www.cope.es\/blogs\/a-tumba-abierta\/2022\/04\/29\/basso-indurain-y-contador-participan-este-sabado-en-la-mallorca-312\/\" \/>\n<meta property=\"og:locale\" content=\"es_ES\" \/>\n<meta property=\"og:type\" content=\"article\" \/>\n<meta property=\"og:title\" content=\"Basso, Indur\u00e1in y Contador participan este s\u00e1bado en la Mallorca 312\" \/>\n<meta property=\"og:description\" content=\"Ivan Basso, Miguel Indur\u00e1in y Alberto Contador participan este s\u00e1bado 30 de abril en la duod\u00e9cima edici\u00f3n de la marcha Mallorca 312.\" \/>\n<meta property=\"og:url\" content=\"https:\/\/www.cope.es\/blogs\/a-tumba-abierta\/2022\/04\/29\/basso-indurain-y-contador-participan-este-sabado-en-la-mallorca-312\/\" \/>\n<meta property=\"og:site_name\" content=\"A Tumba Abierta\" \/>\n<meta property=\"article:publisher\" content=\"https:\/\/www.facebook.com\/cope\/\" \/>\n<meta property=\"article:author\" content=\"https:\/\/es-es.facebook.com\/cristobal.cabezasmartin\" \/>\n<meta property=\"article:published_time\" content=\"2022-04-29T17:36:02+00:00\" \/>\n<meta property=\"og:image\" content=\"https:\/\/www.cope.es\/blogs\/a-tumba-abierta\/wp-content\/uploads\/sites\/23\/2022\/04\/EuropaPress_4415902_alberto_contador_entrega_dorsal_312_excorredor_italiano_ivan_basso.jpg\" \/>\n\t<meta property=\"og:image:width\" content=\"2048\" \/>\n\t<meta property=\"og:image:height\" content=\"1365\" \/>\n\t<meta property=\"og:image:type\" content=\"image\/jpeg\" \/>\n<meta name=\"author\" content=\"Crist\u00f3bal Cabezas\" \/>\n<meta name=\"twitter:card\" content=\"summary_large_image\" \/>\n<meta name=\"twitter:creator\" content=\"@cristoblcabezas\" \/>\n<meta name=\"twitter:site\" content=\"@cope_es\" \/>\n<meta name=\"twitter:label1\" content=\"Escrito por\" \/>\n\t<meta name=\"twitter:data1\" content=\"Crist\u00f3bal Cabezas\" \/>\n\t<meta name=\"twitter:label2\" content=\"Tiempo de lectura\" \/>\n\t<meta name=\"twitter:data2\" content=\"1 minuto\" \/>\n<script type=\"application\/ld+json\" class=\"yoast-schema-graph\">{\"@context\":\"https:\\\/\\\/schema.org\",\"@graph\":[{\"@type\":\"Article\",\"@id\":\"https:\\\/\\\/www.cope.es\\\/blogs\\\/a-tumba-abierta\\\/2022\\\/04\\\/29\\\/basso-indurain-y-contador-participan-este-sabado-en-la-mallorca-312\\\/#article\",\"isPartOf\":{\"@id\":\"https:\\\/\\\/www.cope.es\\\/blogs\\\/a-tumba-abierta\\\/2022\\\/04\\\/29\\\/basso-indurain-y-contador-participan-este-sabado-en-la-mallorca-312\\\/\"},\"author\":{\"name\":\"Crist\u00f3bal Cabezas\",\"@id\":\"https:\\\/\\\/www.cope.es\\\/blogs\\\/a-tumba-abierta\\\/#\\\/schema\\\/person\\\/413f6566db421693223476f6b63a643b\"},\"headline\":\"Basso, Indur\u00e1in y Contador participan este s\u00e1bado en la Mallorca 312\",\"datePublished\":\"2022-04-29T17:36:02+00:00\",\"mainEntityOfPage\":{\"@id\":\"https:\\\/\\\/www.cope.es\\\/blogs\\\/a-tumba-abierta\\\/2022\\\/04\\\/29\\\/basso-indurain-y-contador-participan-este-sabado-en-la-mallorca-312\\\/\"},\"wordCount\":303,\"commentCount\":0,\"image\":{\"@id\":\"https:\\\/\\\/www.cope.es\\\/blogs\\\/a-tumba-abierta\\\/2022\\\/04\\\/29\\\/basso-indurain-y-contador-participan-este-sabado-en-la-mallorca-312\\\/#primaryimage\"},\"thumbnailUrl\":\"https:\\\/\\\/www.cope.es\\\/blogs\\\/a-tumba-abierta\\\/wp-content\\\/uploads\\\/sites\\\/23\\\/2022\\\/04\\\/EuropaPress_4415902_alberto_contador_entrega_dorsal_312_excorredor_italiano_ivan_basso.jpg\",\"keywords\":[\"Cicloturismo\"],\"articleSection\":[\"Actualidad\"],\"inLanguage\":\"es\",\"potentialAction\":[{\"@type\":\"CommentAction\",\"name\":\"Comment\",\"target\":[\"https:\\\/\\\/www.cope.es\\\/blogs\\\/a-tumba-abierta\\\/2022\\\/04\\\/29\\\/basso-indurain-y-contador-participan-este-sabado-en-la-mallorca-312\\\/#respond\"]}]},{\"@type\":\"WebPage\",\"@id\":\"https:\\\/\\\/www.cope.es\\\/blogs\\\/a-tumba-abierta\\\/2022\\\/04\\\/29\\\/basso-indurain-y-contador-participan-este-sabado-en-la-mallorca-312\\\/\",\"url\":\"https:\\\/\\\/www.cope.es\\\/blogs\\\/a-tumba-abierta\\\/2022\\\/04\\\/29\\\/basso-indurain-y-contador-participan-este-sabado-en-la-mallorca-312\\\/\",\"name\":\"Basso, Indur\u00e1in y Contador participan este s\u00e1bado en la Mallorca 312\",\"isPartOf\":{\"@id\":\"https:\\\/\\\/www.cope.es\\\/blogs\\\/a-tumba-abierta\\\/#website\"},\"primaryImageOfPage\":{\"@id\":\"https:\\\/\\\/www.cope.es\\\/blogs\\\/a-tumba-abierta\\\/2022\\\/04\\\/29\\\/basso-indurain-y-contador-participan-este-sabado-en-la-mallorca-312\\\/#primaryimage\"},\"image\":{\"@id\":\"https:\\\/\\\/www.cope.es\\\/blogs\\\/a-tumba-abierta\\\/2022\\\/04\\\/29\\\/basso-indurain-y-contador-participan-este-sabado-en-la-mallorca-312\\\/#primaryimage\"},\"thumbnailUrl\":\"https:\\\/\\\/www.cope.es\\\/blogs\\\/a-tumba-abierta\\\/wp-content\\\/uploads\\\/sites\\\/23\\\/2022\\\/04\\\/EuropaPress_4415902_alberto_contador_entrega_dorsal_312_excorredor_italiano_ivan_basso.jpg\",\"datePublished\":\"2022-04-29T17:36:02+00:00\",\"author\":{\"@id\":\"https:\\\/\\\/www.cope.es\\\/blogs\\\/a-tumba-abierta\\\/#\\\/schema\\\/person\\\/413f6566db421693223476f6b63a643b\"},\"description\":\"Ivan Basso, Miguel Indur\u00e1in y Alberto Contador participan este s\u00e1bado 30 de abril en la duod\u00e9cima edici\u00f3n de la marcha Mallorca 312.\",\"breadcrumb\":{\"@id\":\"https:\\\/\\\/www.cope.es\\\/blogs\\\/a-tumba-abierta\\\/2022\\\/04\\\/29\\\/basso-indurain-y-contador-participan-este-sabado-en-la-mallorca-312\\\/#breadcrumb\"},\"inLanguage\":\"es\",\"potentialAction\":[{\"@type\":\"ReadAction\",\"target\":[\"https:\\\/\\\/www.cope.es\\\/blogs\\\/a-tumba-abierta\\\/2022\\\/04\\\/29\\\/basso-indurain-y-contador-participan-este-sabado-en-la-mallorca-312\\\/\"]}]},{\"@type\":\"ImageObject\",\"inLanguage\":\"es\",\"@id\":\"https:\\\/\\\/www.cope.es\\\/blogs\\\/a-tumba-abierta\\\/2022\\\/04\\\/29\\\/basso-indurain-y-contador-participan-este-sabado-en-la-mallorca-312\\\/#primaryimage\",\"url\":\"https:\\\/\\\/www.cope.es\\\/blogs\\\/a-tumba-abierta\\\/wp-content\\\/uploads\\\/sites\\\/23\\\/2022\\\/04\\\/EuropaPress_4415902_alberto_contador_entrega_dorsal_312_excorredor_italiano_ivan_basso.jpg\",\"contentUrl\":\"https:\\\/\\\/www.cope.es\\\/blogs\\\/a-tumba-abierta\\\/wp-content\\\/uploads\\\/sites\\\/23\\\/2022\\\/04\\\/EuropaPress_4415902_alberto_contador_entrega_dorsal_312_excorredor_italiano_ivan_basso.jpg\",\"width\":2048,\"height\":1365,\"caption\":\"Los excorredores Ivan Basso, homenajeado, Miguel Indur\u00e1in y Alberto Contador y cerca de 8.000 cicloturistas participan en la duod\u00e9cima edici\u00f3n de la marcha Mallorca 312, que se disputa este s\u00e1bado 30 de abril desde Playa de Muro sobre tres distancias de 312, 225 y 167 kil\u00f3metros.\"},{\"@type\":\"BreadcrumbList\",\"@id\":\"https:\\\/\\\/www.cope.es\\\/blogs\\\/a-tumba-abierta\\\/2022\\\/04\\\/29\\\/basso-indurain-y-contador-participan-este-sabado-en-la-mallorca-312\\\/#breadcrumb\",\"itemListElement\":[{\"@type\":\"ListItem\",\"position\":1,\"name\":\"Portada\",\"item\":\"https:\\\/\\\/www.cope.es\\\/blogs\\\/a-tumba-abierta\\\/\"},{\"@type\":\"ListItem\",\"position\":2,\"name\":\"Basso, Indur\u00e1in y Contador participan este s\u00e1bado en la Mallorca 312\"}]},{\"@type\":\"WebSite\",\"@id\":\"https:\\\/\\\/www.cope.es\\\/blogs\\\/a-tumba-abierta\\\/#website\",\"url\":\"https:\\\/\\\/www.cope.es\\\/blogs\\\/a-tumba-abierta\\\/\",\"name\":\"A Tumba Abierta\",\"description\":\"Blog de ciclismo en COPE\",\"potentialAction\":[{\"@type\":\"SearchAction\",\"target\":{\"@type\":\"EntryPoint\",\"urlTemplate\":\"https:\\\/\\\/www.cope.es\\\/blogs\\\/a-tumba-abierta\\\/?s={search_term_string}\"},\"query-input\":{\"@type\":\"PropertyValueSpecification\",\"valueRequired\":true,\"valueName\":\"search_term_string\"}}],\"inLanguage\":\"es\"},{\"@type\":\"Person\",\"@id\":\"https:\\\/\\\/www.cope.es\\\/blogs\\\/a-tumba-abierta\\\/#\\\/schema\\\/person\\\/413f6566db421693223476f6b63a643b\",\"name\":\"Crist\u00f3bal Cabezas\",\"image\":{\"@type\":\"ImageObject\",\"inLanguage\":\"es\",\"@id\":\"https:\\\/\\\/secure.gravatar.com\\\/avatar\\\/361550a2a3cac91688caa1b00f2a1fa4e89a6c4361562ca29a361ce0041974c2?s=96&d=mm&r=g\",\"url\":\"https:\\\/\\\/secure.gravatar.com\\\/avatar\\\/361550a2a3cac91688caa1b00f2a1fa4e89a6c4361562ca29a361ce0041974c2?s=96&d=mm&r=g\",\"contentUrl\":\"https:\\\/\\\/secure.gravatar.com\\\/avatar\\\/361550a2a3cac91688caa1b00f2a1fa4e89a6c4361562ca29a361ce0041974c2?s=96&d=mm&r=g\",\"caption\":\"Crist\u00f3bal Cabezas\"},\"description\":\"Crist\u00f3bal Cabezas es Licenciado en Periodismo por la Universidad Complutense de Madrid y T\u00edtulo en T\u00e9cnico en Comunicaci\u00f3n Integral por la Universidad Francisco de Vitoria. Tras desempe\u00f1ar tareas informativas en diferentes medios, recal\u00f3 en la Cadena COPE en el a\u00f1o 2005. Desde entonces, ha trabajado en las emisoras de Madrid, Granada, Jaca (Huesca) y Toledo, en donde se incorpor\u00f3 en 2013 como Jefe de Informativos de la Cadena COPE en Castilla-La Mancha. Siempre tuvo claro que quer\u00eda ser periodista y, a esa afici\u00f3n, se uni\u00f3 la del ciclismo, deporte con el que ha disfrutado mucho, tanto a trav\u00e9s de los medios de comunicaci\u00f3n como asistiendo en directo a diferentes carreras ciclistas. El inter\u00e9s que siempre mostr\u00f3 con todo lo relacionado con Internet y las redes sociales, fue reconocido con el Premio \u201cD\u00eda de Internet\u201d en la categor\u00eda de \u201cMejor Periodista Digital\u201d por sus trabajos en la Cadena COPE. Precisamente, esa pasi\u00f3n por las nuevas tecnolog\u00edas, espera que sea el \u201cveh\u00edculo\u201d para poder contar \u201cA Tumba Abierta\u201d las mejores historias del deporte de las dos ruedas.\",\"sameAs\":[\"http:\\\/\\\/www.cope.es\",\"https:\\\/\\\/es-es.facebook.com\\\/cristobal.cabezasmartin\",\"https:\\\/\\\/x.com\\\/cristoblcabezas\"],\"url\":\"https:\\\/\\\/www.cope.es\\\/blogs\\\/a-tumba-abierta\\\/author\\\/ccabezas\\\/\"}]}<\/script>\n<!-- \/ Yoast SEO plugin. -->","yoast_head_json":{"title":"Basso, Indur\u00e1in y Contador participan este s\u00e1bado en la Mallorca 312","description":"Ivan Basso, Miguel Indur\u00e1in y Alberto Contador participan este s\u00e1bado 30 de abril en la duod\u00e9cima edici\u00f3n de la marcha Mallorca 312.","robots":{"index":"index","follow":"follow","max-snippet":"max-snippet:-1","max-image-preview":"max-image-preview:large","max-video-preview":"max-video-preview:-1"},"canonical":"https:\/\/www.cope.es\/blogs\/a-tumba-abierta\/2022\/04\/29\/basso-indurain-y-contador-participan-este-sabado-en-la-mallorca-312\/","og_locale":"es_ES","og_type":"article","og_title":"Basso, Indur\u00e1in y Contador participan este s\u00e1bado en la Mallorca 312","og_description":"Ivan Basso, Miguel Indur\u00e1in y Alberto Contador participan este s\u00e1bado 30 de abril en la duod\u00e9cima edici\u00f3n de la marcha Mallorca 312.","og_url":"https:\/\/www.cope.es\/blogs\/a-tumba-abierta\/2022\/04\/29\/basso-indurain-y-contador-participan-este-sabado-en-la-mallorca-312\/","og_site_name":"A Tumba Abierta","article_publisher":"https:\/\/www.facebook.com\/cope\/","article_author":"https:\/\/es-es.facebook.com\/cristobal.cabezasmartin","article_published_time":"2022-04-29T17:36:02+00:00","og_image":[{"width":2048,"height":1365,"url":"https:\/\/www.cope.es\/blogs\/a-tumba-abierta\/wp-content\/uploads\/sites\/23\/2022\/04\/EuropaPress_4415902_alberto_contador_entrega_dorsal_312_excorredor_italiano_ivan_basso.jpg","type":"image\/jpeg"}],"author":"Crist\u00f3bal Cabezas","twitter_card":"summary_large_image","twitter_creator":"@cristoblcabezas","twitter_site":"@cope_es","twitter_misc":{"Escrito por":"Crist\u00f3bal Cabezas","Tiempo de lectura":"1 minuto"},"schema":{"@context":"https:\/\/schema.org","@graph":[{"@type":"Article","@id":"https:\/\/www.cope.es\/blogs\/a-tumba-abierta\/2022\/04\/29\/basso-indurain-y-contador-participan-este-sabado-en-la-mallorca-312\/#article","isPartOf":{"@id":"https:\/\/www.cope.es\/blogs\/a-tumba-abierta\/2022\/04\/29\/basso-indurain-y-contador-participan-este-sabado-en-la-mallorca-312\/"},"author":{"name":"Crist\u00f3bal Cabezas","@id":"https:\/\/www.cope.es\/blogs\/a-tumba-abierta\/#\/schema\/person\/413f6566db421693223476f6b63a643b"},"headline":"Basso, Indur\u00e1in y Contador participan este s\u00e1bado en la Mallorca 312","datePublished":"2022-04-29T17:36:02+00:00","mainEntityOfPage":{"@id":"https:\/\/www.cope.es\/blogs\/a-tumba-abierta\/2022\/04\/29\/basso-indurain-y-contador-participan-este-sabado-en-la-mallorca-312\/"},"wordCount":303,"commentCount":0,"image":{"@id":"https:\/\/www.cope.es\/blogs\/a-tumba-abierta\/2022\/04\/29\/basso-indurain-y-contador-participan-este-sabado-en-la-mallorca-312\/#primaryimage"},"thumbnailUrl":"https:\/\/www.cope.es\/blogs\/a-tumba-abierta\/wp-content\/uploads\/sites\/23\/2022\/04\/EuropaPress_4415902_alberto_contador_entrega_dorsal_312_excorredor_italiano_ivan_basso.jpg","keywords":["Cicloturismo"],"articleSection":["Actualidad"],"inLanguage":"es","potentialAction":[{"@type":"CommentAction","name":"Comment","target":["https:\/\/www.cope.es\/blogs\/a-tumba-abierta\/2022\/04\/29\/basso-indurain-y-contador-participan-este-sabado-en-la-mallorca-312\/#respond"]}]},{"@type":"WebPage","@id":"https:\/\/www.cope.es\/blogs\/a-tumba-abierta\/2022\/04\/29\/basso-indurain-y-contador-participan-este-sabado-en-la-mallorca-312\/","url":"https:\/\/www.cope.es\/blogs\/a-tumba-abierta\/2022\/04\/29\/basso-indurain-y-contador-participan-este-sabado-en-la-mallorca-312\/","name":"Basso, Indur\u00e1in y Contador participan este s\u00e1bado en la Mallorca 312","isPartOf":{"@id":"https:\/\/www.cope.es\/blogs\/a-tumba-abierta\/#website"},"primaryImageOfPage":{"@id":"https:\/\/www.cope.es\/blogs\/a-tumba-abierta\/2022\/04\/29\/basso-indurain-y-contador-participan-este-sabado-en-la-mallorca-312\/#primaryimage"},"image":{"@id":"https:\/\/www.cope.es\/blogs\/a-tumba-abierta\/2022\/04\/29\/basso-indurain-y-contador-participan-este-sabado-en-la-mallorca-312\/#primaryimage"},"thumbnailUrl":"https:\/\/www.cope.es\/blogs\/a-tumba-abierta\/wp-content\/uploads\/sites\/23\/2022\/04\/EuropaPress_4415902_alberto_contador_entrega_dorsal_312_excorredor_italiano_ivan_basso.jpg","datePublished":"2022-04-29T17:36:02+00:00","author":{"@id":"https:\/\/www.cope.es\/blogs\/a-tumba-abierta\/#\/schema\/person\/413f6566db421693223476f6b63a643b"},"description":"Ivan Basso, Miguel Indur\u00e1in y Alberto Contador participan este s\u00e1bado 30 de abril en la duod\u00e9cima edici\u00f3n de la marcha Mallorca 312.","breadcrumb":{"@id":"https:\/\/www.cope.es\/blogs\/a-tumba-abierta\/2022\/04\/29\/basso-indurain-y-contador-participan-este-sabado-en-la-mallorca-312\/#breadcrumb"},"inLanguage":"es","potentialAction":[{"@type":"ReadAction","target":["https:\/\/www.cope.es\/blogs\/a-tumba-abierta\/2022\/04\/29\/basso-indurain-y-contador-participan-este-sabado-en-la-mallorca-312\/"]}]},{"@type":"ImageObject","inLanguage":"es","@id":"https:\/\/www.cope.es\/blogs\/a-tumba-abierta\/2022\/04\/29\/basso-indurain-y-contador-participan-este-sabado-en-la-mallorca-312\/#primaryimage","url":"https:\/\/www.cope.es\/blogs\/a-tumba-abierta\/wp-content\/uploads\/sites\/23\/2022\/04\/EuropaPress_4415902_alberto_contador_entrega_dorsal_312_excorredor_italiano_ivan_basso.jpg","contentUrl":"https:\/\/www.cope.es\/blogs\/a-tumba-abierta\/wp-content\/uploads\/sites\/23\/2022\/04\/EuropaPress_4415902_alberto_contador_entrega_dorsal_312_excorredor_italiano_ivan_basso.jpg","width":2048,"height":1365,"caption":"Los excorredores Ivan Basso, homenajeado, Miguel Indur\u00e1in y Alberto Contador y cerca de 8.000 cicloturistas participan en la duod\u00e9cima edici\u00f3n de la marcha Mallorca 312, que se disputa este s\u00e1bado 30 de abril desde Playa de Muro sobre tres distancias de 312, 225 y 167 kil\u00f3metros."},{"@type":"BreadcrumbList","@id":"https:\/\/www.cope.es\/blogs\/a-tumba-abierta\/2022\/04\/29\/basso-indurain-y-contador-participan-este-sabado-en-la-mallorca-312\/#breadcrumb","itemListElement":[{"@type":"ListItem","position":1,"name":"Portada","item":"https:\/\/www.cope.es\/blogs\/a-tumba-abierta\/"},{"@type":"ListItem","position":2,"name":"Basso, Indur\u00e1in y Contador participan este s\u00e1bado en la Mallorca 312"}]},{"@type":"WebSite","@id":"https:\/\/www.cope.es\/blogs\/a-tumba-abierta\/#website","url":"https:\/\/www.cope.es\/blogs\/a-tumba-abierta\/","name":"A Tumba Abierta","description":"Blog de ciclismo en COPE","potentialAction":[{"@type":"SearchAction","target":{"@type":"EntryPoint","urlTemplate":"https:\/\/www.cope.es\/blogs\/a-tumba-abierta\/?s={search_term_string}"},"query-input":{"@type":"PropertyValueSpecification","valueRequired":true,"valueName":"search_term_string"}}],"inLanguage":"es"},{"@type":"Person","@id":"https:\/\/www.cope.es\/blogs\/a-tumba-abierta\/#\/schema\/person\/413f6566db421693223476f6b63a643b","name":"Crist\u00f3bal Cabezas","image":{"@type":"ImageObject","inLanguage":"es","@id":"https:\/\/secure.gravatar.com\/avatar\/361550a2a3cac91688caa1b00f2a1fa4e89a6c4361562ca29a361ce0041974c2?s=96&d=mm&r=g","url":"https:\/\/secure.gravatar.com\/avatar\/361550a2a3cac91688caa1b00f2a1fa4e89a6c4361562ca29a361ce0041974c2?s=96&d=mm&r=g","contentUrl":"https:\/\/secure.gravatar.com\/avatar\/361550a2a3cac91688caa1b00f2a1fa4e89a6c4361562ca29a361ce0041974c2?s=96&d=mm&r=g","caption":"Crist\u00f3bal Cabezas"},"description":"Crist\u00f3bal Cabezas es Licenciado en Periodismo por la Universidad Complutense de Madrid y T\u00edtulo en T\u00e9cnico en Comunicaci\u00f3n Integral por la Universidad Francisco de Vitoria. Tras desempe\u00f1ar tareas informativas en diferentes medios, recal\u00f3 en la Cadena COPE en el a\u00f1o 2005. Desde entonces, ha trabajado en las emisoras de Madrid, Granada, Jaca (Huesca) y Toledo, en donde se incorpor\u00f3 en 2013 como Jefe de Informativos de la Cadena COPE en Castilla-La Mancha. Siempre tuvo claro que quer\u00eda ser periodista y, a esa afici\u00f3n, se uni\u00f3 la del ciclismo, deporte con el que ha disfrutado mucho, tanto a trav\u00e9s de los medios de comunicaci\u00f3n como asistiendo en directo a diferentes carreras ciclistas. El inter\u00e9s que siempre mostr\u00f3 con todo lo relacionado con Internet y las redes sociales, fue reconocido con el Premio \u201cD\u00eda de Internet\u201d en la categor\u00eda de \u201cMejor Periodista Digital\u201d por sus trabajos en la Cadena COPE. Precisamente, esa pasi\u00f3n por las nuevas tecnolog\u00edas, espera que sea el \u201cveh\u00edculo\u201d para poder contar \u201cA Tumba Abierta\u201d las mejores historias del deporte de las dos ruedas.","sameAs":["http:\/\/www.cope.es","https:\/\/es-es.facebook.com\/cristobal.cabezasmartin","https:\/\/x.com\/cristoblcabezas"],"url":"https:\/\/www.cope.es\/blogs\/a-tumba-abierta\/author\/ccabezas\/"}]}},"amp_enabled":true,"_links":{"self":[{"href":"https:\/\/www.cope.es\/blogs\/a-tumba-abierta\/wp-json\/wp\/v2\/posts\/1366","targetHints":{"allow":["GET"]}}],"collection":[{"href":"https:\/\/www.cope.es\/blogs\/a-tumba-abierta\/wp-json\/wp\/v2\/posts"}],"about":[{"href":"https:\/\/www.cope.es\/blogs\/a-tumba-abierta\/wp-json\/wp\/v2\/types\/post"}],"author":[{"embeddable":true,"href":"https:\/\/www.cope.es\/blogs\/a-tumba-abierta\/wp-json\/wp\/v2\/users\/24"}],"replies":[{"embeddable":true,"href":"https:\/\/www.cope.es\/blogs\/a-tumba-abierta\/wp-json\/wp\/v2\/comments?post=1366"}],"version-history":[{"count":2,"href":"https:\/\/www.cope.es\/blogs\/a-tumba-abierta\/wp-json\/wp\/v2\/posts\/1366\/revisions"}],"predecessor-version":[{"id":1373,"href":"https:\/\/www.cope.es\/blogs\/a-tumba-abierta\/wp-json\/wp\/v2\/posts\/1366\/revisions\/1373"}],"wp:featuredmedia":[{"embeddable":true,"href":"https:\/\/www.cope.es\/blogs\/a-tumba-abierta\/wp-json\/wp\/v2\/media\/1367"}],"wp:attachment":[{"href":"https:\/\/www.cope.es\/blogs\/a-tumba-abierta\/wp-json\/wp\/v2\/media?parent=1366"}],"wp:term":[{"taxonomy":"category","embeddable":true,"href":"https:\/\/www.cope.es\/blogs\/a-tumba-abierta\/wp-json\/wp\/v2\/categories?post=1366"},{"taxonomy":"post_tag","embeddable":true,"href":"https:\/\/www.cope.es\/blogs\/a-tumba-abierta\/wp-json\/wp\/v2\/tags?post=1366"}],"curies":[{"name":"wp","href":"https:\/\/api.w.org\/{rel}","templated":true}]}}