{"id":1355,"date":"2022-03-21T14:35:24","date_gmt":"2022-03-21T13:35:24","guid":{"rendered":"http:\/\/www.cope.es\/blogs\/a-tumba-abierta\/?p=1355"},"modified":"2022-03-21T14:35:24","modified_gmt":"2022-03-21T13:35:24","slug":"la-macha-cicloturista-eroica-hispania-de-haro-regresa-el-5-de-junio","status":"publish","type":"post","link":"https:\/\/www.cope.es\/blogs\/a-tumba-abierta\/2022\/03\/21\/la-macha-cicloturista-eroica-hispania-de-haro-regresa-el-5-de-junio\/","title":{"rendered":"La macha cicloturista Eroica Hispania de Haro regresa el 5 de junio"},"content":{"rendered":"<p>La marcha cicloturista de \u00e9poca Eroica Hispania ha confirmado que regresa el 5 de junio despu\u00e9s de dos a\u00f1os de ausencia debido a la pandemia de la COVID-19, con cuatro recorridos de 25, 74, 124 y 184 kil\u00f3metros por los alrededores de Haro (La Rioja), seg\u00fan han anunciado este lunes los organizadores.<\/p>\n<p>Esta nueva edici\u00f3n incluye el dise\u00f1o de un p\u00f3ster oficial, nuevamente realizado por <strong>Gonzalo Herrero Tambo<\/strong>, en el que la ciudad de Haro es la principal protagonista y en el que la concha compostelana tiene una mayor presencia, coincidiendo con la celebraci\u00f3n del A\u00f1o Santo Xacobeo en 2022.<\/p>\n<p>Los cuatro recorridos se mantienen, y todos los inscritos en la edici\u00f3n que no pudo celebrarse en 2021 podr\u00e1n participar gratuitamente este mes de junio. Adem\u00e1s, podr\u00e1n invitar a participar de forma gratuita a cualquier persona para &#8220;fomentar el esp\u00edritu de amistad y fraternidad&#8221; del movimiento de L&#8217;Eroica en el mundo.<\/p>\n","protected":false},"excerpt":{"rendered":"<p>La marcha cicloturista de \u00e9poca Eroica Hispania ha confirmado que regresa el 5 de junio despu\u00e9s de dos a\u00f1os de ausencia debido a la pandemia de la COVID-19, con cuatro recorridos de 25, 74, 124 y 184 kil\u00f3metros por los alrededores de Haro (La Rioja), seg\u00fan han anunciado este lunes los organizadores. Esta nueva edici\u00f3n [&hellip;]<\/p>\n","protected":false},"author":24,"featured_media":1356,"comment_status":"open","ping_status":"open","sticky":false,"template":"","format":"standard","meta":{"footnotes":""},"categories":[140],"tags":[376],"class_list":["post-1355","post","type-post","status-publish","format-standard","has-post-thumbnail","hentry","category-actualidad","tag-cicloturismo"],"yoast_head":"<!-- This site is optimized with the Yoast SEO plugin v27.4 - https:\/\/yoast.com\/product\/yoast-seo-wordpress\/ -->\n<title>La macha cicloturista Eroica Hispania regresa el 5 de junio<\/title>\n<meta name=\"description\" content=\"La marcha cicloturista de \u00e9poca Eroica Hispania ha confirmado que regresa el 5 de junio despu\u00e9s de dos a\u00f1os de ausencia debido a la pandemia de la COVID-19\" \/>\n<meta name=\"robots\" content=\"index, follow, max-snippet:-1, max-image-preview:large, max-video-preview:-1\" \/>\n<link rel=\"canonical\" href=\"https:\/\/www.cope.es\/blogs\/a-tumba-abierta\/2022\/03\/21\/la-macha-cicloturista-eroica-hispania-de-haro-regresa-el-5-de-junio\/\" \/>\n<meta property=\"og:locale\" content=\"es_ES\" \/>\n<meta property=\"og:type\" content=\"article\" \/>\n<meta property=\"og:title\" content=\"La macha cicloturista Eroica Hispania regresa el 5 de junio\" \/>\n<meta property=\"og:description\" content=\"La marcha cicloturista de \u00e9poca Eroica Hispania ha confirmado que regresa el 5 de junio despu\u00e9s de dos a\u00f1os de ausencia debido a la pandemia de la COVID-19\" \/>\n<meta property=\"og:url\" content=\"https:\/\/www.cope.es\/blogs\/a-tumba-abierta\/2022\/03\/21\/la-macha-cicloturista-eroica-hispania-de-haro-regresa-el-5-de-junio\/\" \/>\n<meta property=\"og:site_name\" content=\"A Tumba Abierta\" \/>\n<meta property=\"article:publisher\" content=\"https:\/\/www.facebook.com\/cope\/\" \/>\n<meta property=\"article:author\" content=\"https:\/\/es-es.facebook.com\/cristobal.cabezasmartin\" \/>\n<meta property=\"article:published_time\" content=\"2022-03-21T13:35:24+00:00\" \/>\n<meta property=\"og:image\" content=\"https:\/\/www.cope.es\/blogs\/a-tumba-abierta\/wp-content\/uploads\/sites\/23\/2022\/03\/DEF.jpg\" \/>\n\t<meta property=\"og:image:width\" content=\"1019\" \/>\n\t<meta property=\"og:image:height\" content=\"600\" \/>\n\t<meta property=\"og:image:type\" content=\"image\/jpeg\" \/>\n<meta name=\"author\" content=\"Crist\u00f3bal Cabezas\" \/>\n<meta name=\"twitter:card\" content=\"summary_large_image\" \/>\n<meta name=\"twitter:creator\" content=\"@cristoblcabezas\" \/>\n<meta name=\"twitter:site\" content=\"@cope_es\" \/>\n<meta name=\"twitter:label1\" content=\"Escrito por\" \/>\n\t<meta name=\"twitter:data1\" content=\"Crist\u00f3bal Cabezas\" \/>\n\t<meta name=\"twitter:label2\" content=\"Tiempo de lectura\" \/>\n\t<meta name=\"twitter:data2\" content=\"1 minuto\" \/>\n<script type=\"application\/ld+json\" class=\"yoast-schema-graph\">{\"@context\":\"https:\\\/\\\/schema.org\",\"@graph\":[{\"@type\":\"Article\",\"@id\":\"https:\\\/\\\/www.cope.es\\\/blogs\\\/a-tumba-abierta\\\/2022\\\/03\\\/21\\\/la-macha-cicloturista-eroica-hispania-de-haro-regresa-el-5-de-junio\\\/#article\",\"isPartOf\":{\"@id\":\"https:\\\/\\\/www.cope.es\\\/blogs\\\/a-tumba-abierta\\\/2022\\\/03\\\/21\\\/la-macha-cicloturista-eroica-hispania-de-haro-regresa-el-5-de-junio\\\/\"},\"author\":{\"name\":\"Crist\u00f3bal Cabezas\",\"@id\":\"https:\\\/\\\/www.cope.es\\\/blogs\\\/a-tumba-abierta\\\/#\\\/schema\\\/person\\\/413f6566db421693223476f6b63a643b\"},\"headline\":\"La macha cicloturista Eroica Hispania de Haro regresa el 5 de junio\",\"datePublished\":\"2022-03-21T13:35:24+00:00\",\"mainEntityOfPage\":{\"@id\":\"https:\\\/\\\/www.cope.es\\\/blogs\\\/a-tumba-abierta\\\/2022\\\/03\\\/21\\\/la-macha-cicloturista-eroica-hispania-de-haro-regresa-el-5-de-junio\\\/\"},\"wordCount\":169,\"commentCount\":0,\"image\":{\"@id\":\"https:\\\/\\\/www.cope.es\\\/blogs\\\/a-tumba-abierta\\\/2022\\\/03\\\/21\\\/la-macha-cicloturista-eroica-hispania-de-haro-regresa-el-5-de-junio\\\/#primaryimage\"},\"thumbnailUrl\":\"https:\\\/\\\/www.cope.es\\\/blogs\\\/a-tumba-abierta\\\/wp-content\\\/uploads\\\/sites\\\/23\\\/2022\\\/03\\\/DEF.jpg\",\"keywords\":[\"Cicloturismo\"],\"articleSection\":[\"Actualidad\"],\"inLanguage\":\"es\",\"potentialAction\":[{\"@type\":\"CommentAction\",\"name\":\"Comment\",\"target\":[\"https:\\\/\\\/www.cope.es\\\/blogs\\\/a-tumba-abierta\\\/2022\\\/03\\\/21\\\/la-macha-cicloturista-eroica-hispania-de-haro-regresa-el-5-de-junio\\\/#respond\"]}]},{\"@type\":\"WebPage\",\"@id\":\"https:\\\/\\\/www.cope.es\\\/blogs\\\/a-tumba-abierta\\\/2022\\\/03\\\/21\\\/la-macha-cicloturista-eroica-hispania-de-haro-regresa-el-5-de-junio\\\/\",\"url\":\"https:\\\/\\\/www.cope.es\\\/blogs\\\/a-tumba-abierta\\\/2022\\\/03\\\/21\\\/la-macha-cicloturista-eroica-hispania-de-haro-regresa-el-5-de-junio\\\/\",\"name\":\"La macha cicloturista Eroica Hispania regresa el 5 de junio\",\"isPartOf\":{\"@id\":\"https:\\\/\\\/www.cope.es\\\/blogs\\\/a-tumba-abierta\\\/#website\"},\"primaryImageOfPage\":{\"@id\":\"https:\\\/\\\/www.cope.es\\\/blogs\\\/a-tumba-abierta\\\/2022\\\/03\\\/21\\\/la-macha-cicloturista-eroica-hispania-de-haro-regresa-el-5-de-junio\\\/#primaryimage\"},\"image\":{\"@id\":\"https:\\\/\\\/www.cope.es\\\/blogs\\\/a-tumba-abierta\\\/2022\\\/03\\\/21\\\/la-macha-cicloturista-eroica-hispania-de-haro-regresa-el-5-de-junio\\\/#primaryimage\"},\"thumbnailUrl\":\"https:\\\/\\\/www.cope.es\\\/blogs\\\/a-tumba-abierta\\\/wp-content\\\/uploads\\\/sites\\\/23\\\/2022\\\/03\\\/DEF.jpg\",\"datePublished\":\"2022-03-21T13:35:24+00:00\",\"author\":{\"@id\":\"https:\\\/\\\/www.cope.es\\\/blogs\\\/a-tumba-abierta\\\/#\\\/schema\\\/person\\\/413f6566db421693223476f6b63a643b\"},\"description\":\"La marcha cicloturista de \u00e9poca Eroica Hispania ha confirmado que regresa el 5 de junio despu\u00e9s de dos a\u00f1os de ausencia debido a la pandemia de la COVID-19\",\"breadcrumb\":{\"@id\":\"https:\\\/\\\/www.cope.es\\\/blogs\\\/a-tumba-abierta\\\/2022\\\/03\\\/21\\\/la-macha-cicloturista-eroica-hispania-de-haro-regresa-el-5-de-junio\\\/#breadcrumb\"},\"inLanguage\":\"es\",\"potentialAction\":[{\"@type\":\"ReadAction\",\"target\":[\"https:\\\/\\\/www.cope.es\\\/blogs\\\/a-tumba-abierta\\\/2022\\\/03\\\/21\\\/la-macha-cicloturista-eroica-hispania-de-haro-regresa-el-5-de-junio\\\/\"]}]},{\"@type\":\"ImageObject\",\"inLanguage\":\"es\",\"@id\":\"https:\\\/\\\/www.cope.es\\\/blogs\\\/a-tumba-abierta\\\/2022\\\/03\\\/21\\\/la-macha-cicloturista-eroica-hispania-de-haro-regresa-el-5-de-junio\\\/#primaryimage\",\"url\":\"https:\\\/\\\/www.cope.es\\\/blogs\\\/a-tumba-abierta\\\/wp-content\\\/uploads\\\/sites\\\/23\\\/2022\\\/03\\\/DEF.jpg\",\"contentUrl\":\"https:\\\/\\\/www.cope.es\\\/blogs\\\/a-tumba-abierta\\\/wp-content\\\/uploads\\\/sites\\\/23\\\/2022\\\/03\\\/DEF.jpg\",\"width\":1019,\"height\":600,\"caption\":\"La marcha cicloturista de \u00e9poca Eroica Hispania ha confirmado que regresa el 5 de junio despu\u00e9s de dos a\u00f1os de ausencia debido a la pandemia de la COVID-19\"},{\"@type\":\"BreadcrumbList\",\"@id\":\"https:\\\/\\\/www.cope.es\\\/blogs\\\/a-tumba-abierta\\\/2022\\\/03\\\/21\\\/la-macha-cicloturista-eroica-hispania-de-haro-regresa-el-5-de-junio\\\/#breadcrumb\",\"itemListElement\":[{\"@type\":\"ListItem\",\"position\":1,\"name\":\"Portada\",\"item\":\"https:\\\/\\\/www.cope.es\\\/blogs\\\/a-tumba-abierta\\\/\"},{\"@type\":\"ListItem\",\"position\":2,\"name\":\"La macha cicloturista Eroica Hispania de Haro regresa el 5 de junio\"}]},{\"@type\":\"WebSite\",\"@id\":\"https:\\\/\\\/www.cope.es\\\/blogs\\\/a-tumba-abierta\\\/#website\",\"url\":\"https:\\\/\\\/www.cope.es\\\/blogs\\\/a-tumba-abierta\\\/\",\"name\":\"A Tumba Abierta\",\"description\":\"Blog de ciclismo en COPE\",\"potentialAction\":[{\"@type\":\"SearchAction\",\"target\":{\"@type\":\"EntryPoint\",\"urlTemplate\":\"https:\\\/\\\/www.cope.es\\\/blogs\\\/a-tumba-abierta\\\/?s={search_term_string}\"},\"query-input\":{\"@type\":\"PropertyValueSpecification\",\"valueRequired\":true,\"valueName\":\"search_term_string\"}}],\"inLanguage\":\"es\"},{\"@type\":\"Person\",\"@id\":\"https:\\\/\\\/www.cope.es\\\/blogs\\\/a-tumba-abierta\\\/#\\\/schema\\\/person\\\/413f6566db421693223476f6b63a643b\",\"name\":\"Crist\u00f3bal Cabezas\",\"image\":{\"@type\":\"ImageObject\",\"inLanguage\":\"es\",\"@id\":\"https:\\\/\\\/secure.gravatar.com\\\/avatar\\\/361550a2a3cac91688caa1b00f2a1fa4e89a6c4361562ca29a361ce0041974c2?s=96&d=mm&r=g\",\"url\":\"https:\\\/\\\/secure.gravatar.com\\\/avatar\\\/361550a2a3cac91688caa1b00f2a1fa4e89a6c4361562ca29a361ce0041974c2?s=96&d=mm&r=g\",\"contentUrl\":\"https:\\\/\\\/secure.gravatar.com\\\/avatar\\\/361550a2a3cac91688caa1b00f2a1fa4e89a6c4361562ca29a361ce0041974c2?s=96&d=mm&r=g\",\"caption\":\"Crist\u00f3bal Cabezas\"},\"description\":\"Crist\u00f3bal Cabezas es Licenciado en Periodismo por la Universidad Complutense de Madrid y T\u00edtulo en T\u00e9cnico en Comunicaci\u00f3n Integral por la Universidad Francisco de Vitoria. Tras desempe\u00f1ar tareas informativas en diferentes medios, recal\u00f3 en la Cadena COPE en el a\u00f1o 2005. Desde entonces, ha trabajado en las emisoras de Madrid, Granada, Jaca (Huesca) y Toledo, en donde se incorpor\u00f3 en 2013 como Jefe de Informativos de la Cadena COPE en Castilla-La Mancha. Siempre tuvo claro que quer\u00eda ser periodista y, a esa afici\u00f3n, se uni\u00f3 la del ciclismo, deporte con el que ha disfrutado mucho, tanto a trav\u00e9s de los medios de comunicaci\u00f3n como asistiendo en directo a diferentes carreras ciclistas. El inter\u00e9s que siempre mostr\u00f3 con todo lo relacionado con Internet y las redes sociales, fue reconocido con el Premio \u201cD\u00eda de Internet\u201d en la categor\u00eda de \u201cMejor Periodista Digital\u201d por sus trabajos en la Cadena COPE. Precisamente, esa pasi\u00f3n por las nuevas tecnolog\u00edas, espera que sea el \u201cveh\u00edculo\u201d para poder contar \u201cA Tumba Abierta\u201d las mejores historias del deporte de las dos ruedas.\",\"sameAs\":[\"http:\\\/\\\/www.cope.es\",\"https:\\\/\\\/es-es.facebook.com\\\/cristobal.cabezasmartin\",\"https:\\\/\\\/x.com\\\/cristoblcabezas\"],\"url\":\"https:\\\/\\\/www.cope.es\\\/blogs\\\/a-tumba-abierta\\\/author\\\/ccabezas\\\/\"}]}<\/script>\n<!-- \/ Yoast SEO plugin. -->","yoast_head_json":{"title":"La macha cicloturista Eroica Hispania regresa el 5 de junio","description":"La marcha cicloturista de \u00e9poca Eroica Hispania ha confirmado que regresa el 5 de junio despu\u00e9s de dos a\u00f1os de ausencia debido a la pandemia de la COVID-19","robots":{"index":"index","follow":"follow","max-snippet":"max-snippet:-1","max-image-preview":"max-image-preview:large","max-video-preview":"max-video-preview:-1"},"canonical":"https:\/\/www.cope.es\/blogs\/a-tumba-abierta\/2022\/03\/21\/la-macha-cicloturista-eroica-hispania-de-haro-regresa-el-5-de-junio\/","og_locale":"es_ES","og_type":"article","og_title":"La macha cicloturista Eroica Hispania regresa el 5 de junio","og_description":"La marcha cicloturista de \u00e9poca Eroica Hispania ha confirmado que regresa el 5 de junio despu\u00e9s de dos a\u00f1os de ausencia debido a la pandemia de la COVID-19","og_url":"https:\/\/www.cope.es\/blogs\/a-tumba-abierta\/2022\/03\/21\/la-macha-cicloturista-eroica-hispania-de-haro-regresa-el-5-de-junio\/","og_site_name":"A Tumba Abierta","article_publisher":"https:\/\/www.facebook.com\/cope\/","article_author":"https:\/\/es-es.facebook.com\/cristobal.cabezasmartin","article_published_time":"2022-03-21T13:35:24+00:00","og_image":[{"width":1019,"height":600,"url":"https:\/\/www.cope.es\/blogs\/a-tumba-abierta\/wp-content\/uploads\/sites\/23\/2022\/03\/DEF.jpg","type":"image\/jpeg"}],"author":"Crist\u00f3bal Cabezas","twitter_card":"summary_large_image","twitter_creator":"@cristoblcabezas","twitter_site":"@cope_es","twitter_misc":{"Escrito por":"Crist\u00f3bal Cabezas","Tiempo de lectura":"1 minuto"},"schema":{"@context":"https:\/\/schema.org","@graph":[{"@type":"Article","@id":"https:\/\/www.cope.es\/blogs\/a-tumba-abierta\/2022\/03\/21\/la-macha-cicloturista-eroica-hispania-de-haro-regresa-el-5-de-junio\/#article","isPartOf":{"@id":"https:\/\/www.cope.es\/blogs\/a-tumba-abierta\/2022\/03\/21\/la-macha-cicloturista-eroica-hispania-de-haro-regresa-el-5-de-junio\/"},"author":{"name":"Crist\u00f3bal Cabezas","@id":"https:\/\/www.cope.es\/blogs\/a-tumba-abierta\/#\/schema\/person\/413f6566db421693223476f6b63a643b"},"headline":"La macha cicloturista Eroica Hispania de Haro regresa el 5 de junio","datePublished":"2022-03-21T13:35:24+00:00","mainEntityOfPage":{"@id":"https:\/\/www.cope.es\/blogs\/a-tumba-abierta\/2022\/03\/21\/la-macha-cicloturista-eroica-hispania-de-haro-regresa-el-5-de-junio\/"},"wordCount":169,"commentCount":0,"image":{"@id":"https:\/\/www.cope.es\/blogs\/a-tumba-abierta\/2022\/03\/21\/la-macha-cicloturista-eroica-hispania-de-haro-regresa-el-5-de-junio\/#primaryimage"},"thumbnailUrl":"https:\/\/www.cope.es\/blogs\/a-tumba-abierta\/wp-content\/uploads\/sites\/23\/2022\/03\/DEF.jpg","keywords":["Cicloturismo"],"articleSection":["Actualidad"],"inLanguage":"es","potentialAction":[{"@type":"CommentAction","name":"Comment","target":["https:\/\/www.cope.es\/blogs\/a-tumba-abierta\/2022\/03\/21\/la-macha-cicloturista-eroica-hispania-de-haro-regresa-el-5-de-junio\/#respond"]}]},{"@type":"WebPage","@id":"https:\/\/www.cope.es\/blogs\/a-tumba-abierta\/2022\/03\/21\/la-macha-cicloturista-eroica-hispania-de-haro-regresa-el-5-de-junio\/","url":"https:\/\/www.cope.es\/blogs\/a-tumba-abierta\/2022\/03\/21\/la-macha-cicloturista-eroica-hispania-de-haro-regresa-el-5-de-junio\/","name":"La macha cicloturista Eroica Hispania regresa el 5 de junio","isPartOf":{"@id":"https:\/\/www.cope.es\/blogs\/a-tumba-abierta\/#website"},"primaryImageOfPage":{"@id":"https:\/\/www.cope.es\/blogs\/a-tumba-abierta\/2022\/03\/21\/la-macha-cicloturista-eroica-hispania-de-haro-regresa-el-5-de-junio\/#primaryimage"},"image":{"@id":"https:\/\/www.cope.es\/blogs\/a-tumba-abierta\/2022\/03\/21\/la-macha-cicloturista-eroica-hispania-de-haro-regresa-el-5-de-junio\/#primaryimage"},"thumbnailUrl":"https:\/\/www.cope.es\/blogs\/a-tumba-abierta\/wp-content\/uploads\/sites\/23\/2022\/03\/DEF.jpg","datePublished":"2022-03-21T13:35:24+00:00","author":{"@id":"https:\/\/www.cope.es\/blogs\/a-tumba-abierta\/#\/schema\/person\/413f6566db421693223476f6b63a643b"},"description":"La marcha cicloturista de \u00e9poca Eroica Hispania ha confirmado que regresa el 5 de junio despu\u00e9s de dos a\u00f1os de ausencia debido a la pandemia de la COVID-19","breadcrumb":{"@id":"https:\/\/www.cope.es\/blogs\/a-tumba-abierta\/2022\/03\/21\/la-macha-cicloturista-eroica-hispania-de-haro-regresa-el-5-de-junio\/#breadcrumb"},"inLanguage":"es","potentialAction":[{"@type":"ReadAction","target":["https:\/\/www.cope.es\/blogs\/a-tumba-abierta\/2022\/03\/21\/la-macha-cicloturista-eroica-hispania-de-haro-regresa-el-5-de-junio\/"]}]},{"@type":"ImageObject","inLanguage":"es","@id":"https:\/\/www.cope.es\/blogs\/a-tumba-abierta\/2022\/03\/21\/la-macha-cicloturista-eroica-hispania-de-haro-regresa-el-5-de-junio\/#primaryimage","url":"https:\/\/www.cope.es\/blogs\/a-tumba-abierta\/wp-content\/uploads\/sites\/23\/2022\/03\/DEF.jpg","contentUrl":"https:\/\/www.cope.es\/blogs\/a-tumba-abierta\/wp-content\/uploads\/sites\/23\/2022\/03\/DEF.jpg","width":1019,"height":600,"caption":"La marcha cicloturista de \u00e9poca Eroica Hispania ha confirmado que regresa el 5 de junio despu\u00e9s de dos a\u00f1os de ausencia debido a la pandemia de la COVID-19"},{"@type":"BreadcrumbList","@id":"https:\/\/www.cope.es\/blogs\/a-tumba-abierta\/2022\/03\/21\/la-macha-cicloturista-eroica-hispania-de-haro-regresa-el-5-de-junio\/#breadcrumb","itemListElement":[{"@type":"ListItem","position":1,"name":"Portada","item":"https:\/\/www.cope.es\/blogs\/a-tumba-abierta\/"},{"@type":"ListItem","position":2,"name":"La macha cicloturista Eroica Hispania de Haro regresa el 5 de junio"}]},{"@type":"WebSite","@id":"https:\/\/www.cope.es\/blogs\/a-tumba-abierta\/#website","url":"https:\/\/www.cope.es\/blogs\/a-tumba-abierta\/","name":"A Tumba Abierta","description":"Blog de ciclismo en COPE","potentialAction":[{"@type":"SearchAction","target":{"@type":"EntryPoint","urlTemplate":"https:\/\/www.cope.es\/blogs\/a-tumba-abierta\/?s={search_term_string}"},"query-input":{"@type":"PropertyValueSpecification","valueRequired":true,"valueName":"search_term_string"}}],"inLanguage":"es"},{"@type":"Person","@id":"https:\/\/www.cope.es\/blogs\/a-tumba-abierta\/#\/schema\/person\/413f6566db421693223476f6b63a643b","name":"Crist\u00f3bal Cabezas","image":{"@type":"ImageObject","inLanguage":"es","@id":"https:\/\/secure.gravatar.com\/avatar\/361550a2a3cac91688caa1b00f2a1fa4e89a6c4361562ca29a361ce0041974c2?s=96&d=mm&r=g","url":"https:\/\/secure.gravatar.com\/avatar\/361550a2a3cac91688caa1b00f2a1fa4e89a6c4361562ca29a361ce0041974c2?s=96&d=mm&r=g","contentUrl":"https:\/\/secure.gravatar.com\/avatar\/361550a2a3cac91688caa1b00f2a1fa4e89a6c4361562ca29a361ce0041974c2?s=96&d=mm&r=g","caption":"Crist\u00f3bal Cabezas"},"description":"Crist\u00f3bal Cabezas es Licenciado en Periodismo por la Universidad Complutense de Madrid y T\u00edtulo en T\u00e9cnico en Comunicaci\u00f3n Integral por la Universidad Francisco de Vitoria. Tras desempe\u00f1ar tareas informativas en diferentes medios, recal\u00f3 en la Cadena COPE en el a\u00f1o 2005. Desde entonces, ha trabajado en las emisoras de Madrid, Granada, Jaca (Huesca) y Toledo, en donde se incorpor\u00f3 en 2013 como Jefe de Informativos de la Cadena COPE en Castilla-La Mancha. Siempre tuvo claro que quer\u00eda ser periodista y, a esa afici\u00f3n, se uni\u00f3 la del ciclismo, deporte con el que ha disfrutado mucho, tanto a trav\u00e9s de los medios de comunicaci\u00f3n como asistiendo en directo a diferentes carreras ciclistas. El inter\u00e9s que siempre mostr\u00f3 con todo lo relacionado con Internet y las redes sociales, fue reconocido con el Premio \u201cD\u00eda de Internet\u201d en la categor\u00eda de \u201cMejor Periodista Digital\u201d por sus trabajos en la Cadena COPE. Precisamente, esa pasi\u00f3n por las nuevas tecnolog\u00edas, espera que sea el \u201cveh\u00edculo\u201d para poder contar \u201cA Tumba Abierta\u201d las mejores historias del deporte de las dos ruedas.","sameAs":["http:\/\/www.cope.es","https:\/\/es-es.facebook.com\/cristobal.cabezasmartin","https:\/\/x.com\/cristoblcabezas"],"url":"https:\/\/www.cope.es\/blogs\/a-tumba-abierta\/author\/ccabezas\/"}]}},"amp_enabled":true,"_links":{"self":[{"href":"https:\/\/www.cope.es\/blogs\/a-tumba-abierta\/wp-json\/wp\/v2\/posts\/1355","targetHints":{"allow":["GET"]}}],"collection":[{"href":"https:\/\/www.cope.es\/blogs\/a-tumba-abierta\/wp-json\/wp\/v2\/posts"}],"about":[{"href":"https:\/\/www.cope.es\/blogs\/a-tumba-abierta\/wp-json\/wp\/v2\/types\/post"}],"author":[{"embeddable":true,"href":"https:\/\/www.cope.es\/blogs\/a-tumba-abierta\/wp-json\/wp\/v2\/users\/24"}],"replies":[{"embeddable":true,"href":"https:\/\/www.cope.es\/blogs\/a-tumba-abierta\/wp-json\/wp\/v2\/comments?post=1355"}],"version-history":[{"count":2,"href":"https:\/\/www.cope.es\/blogs\/a-tumba-abierta\/wp-json\/wp\/v2\/posts\/1355\/revisions"}],"predecessor-version":[{"id":1359,"href":"https:\/\/www.cope.es\/blogs\/a-tumba-abierta\/wp-json\/wp\/v2\/posts\/1355\/revisions\/1359"}],"wp:featuredmedia":[{"embeddable":true,"href":"https:\/\/www.cope.es\/blogs\/a-tumba-abierta\/wp-json\/wp\/v2\/media\/1356"}],"wp:attachment":[{"href":"https:\/\/www.cope.es\/blogs\/a-tumba-abierta\/wp-json\/wp\/v2\/media?parent=1355"}],"wp:term":[{"taxonomy":"category","embeddable":true,"href":"https:\/\/www.cope.es\/blogs\/a-tumba-abierta\/wp-json\/wp\/v2\/categories?post=1355"},{"taxonomy":"post_tag","embeddable":true,"href":"https:\/\/www.cope.es\/blogs\/a-tumba-abierta\/wp-json\/wp\/v2\/tags?post=1355"}],"curies":[{"name":"wp","href":"https:\/\/api.w.org\/{rel}","templated":true}]}}