{"id":1338,"date":"2022-01-24T13:51:52","date_gmt":"2022-01-24T12:51:52","guid":{"rendered":"http:\/\/www.cope.es\/blogs\/a-tumba-abierta\/?p=1338"},"modified":"2022-01-24T13:51:52","modified_gmt":"2022-01-24T12:51:52","slug":"la-vuelta-2023-saldra-de-barcelona","status":"publish","type":"post","link":"https:\/\/www.cope.es\/blogs\/a-tumba-abierta\/2022\/01\/24\/la-vuelta-2023-saldra-de-barcelona\/","title":{"rendered":"La Vuelta 2023 saldr\u00e1 de Barcelona"},"content":{"rendered":"<p>La ciudad de Barcelona acoger\u00e1 la salida de La Vuelta 2023 y adem\u00e1s acoger\u00e1 las dos primeras etapas de la ronda espa\u00f1ola, quien tras la escapada a Utrecht (Pa\u00edses Bajos) para su &#8216;gran salida&#8217; regresar\u00e1 a Barcelona, que \u00fanicamente dio el pistoletazo de salida a la prueba en 1962.<\/p>\n<p>&#8220;Hoy es un d\u00eda grande para el ciclismo catal\u00e1n y espa\u00f1ol. Hoy es un d\u00eda grande para Barcelona. El mundo del ciclismo requer\u00eda que Barcelona volviera a acoger grandes eventos&#8221;, se\u00f1al\u00f3 el primer teniente de alcalde de Barcelona, Jaume Collboni, en rueda de prensa.<\/p>\n<p>Una comparecencia este lunes, en el Museu Ol\u00edmpic i de l&#8217;Esport de la Ciudad Condal, en la que tambi\u00e9n estuvo presente el director de La Vuelta, Javier Guill\u00e9n.<\/p>\n","protected":false},"excerpt":{"rendered":"<p>La ciudad de Barcelona acoger\u00e1 la salida de La Vuelta 2023 y adem\u00e1s acoger\u00e1 las dos primeras etapas de la ronda espa\u00f1ola, quien tras la escapada a Utrecht (Pa\u00edses Bajos) para su &#8216;gran salida&#8217; regresar\u00e1 a Barcelona, que \u00fanicamente dio el pistoletazo de salida a la prueba en 1962. &#8220;Hoy es un d\u00eda grande para [&hellip;]<\/p>\n","protected":false},"author":24,"featured_media":1339,"comment_status":"open","ping_status":"open","sticky":false,"template":"","format":"standard","meta":{"footnotes":""},"categories":[140],"tags":[11],"class_list":["post-1338","post","type-post","status-publish","format-standard","has-post-thumbnail","hentry","category-actualidad","tag-ciclismo"],"yoast_head":"<!-- This site is optimized with the Yoast SEO plugin v27.4 - https:\/\/yoast.com\/product\/yoast-seo-wordpress\/ -->\n<title>La Vuelta 2023 saldr\u00e1 de Barcelona, que acoger\u00e1 dos etapas<\/title>\n<meta name=\"description\" content=\"La ciudad de Barcelona acoger\u00e1 la salida de La Vuelta 2023 y adem\u00e1s acoger\u00e1 las dos primeras jornadas de la ronda espa\u00f1ola\" \/>\n<meta name=\"robots\" content=\"index, follow, max-snippet:-1, max-image-preview:large, max-video-preview:-1\" \/>\n<link rel=\"canonical\" href=\"https:\/\/www.cope.es\/blogs\/a-tumba-abierta\/2022\/01\/24\/la-vuelta-2023-saldra-de-barcelona\/\" \/>\n<meta property=\"og:locale\" content=\"es_ES\" \/>\n<meta property=\"og:type\" content=\"article\" \/>\n<meta property=\"og:title\" content=\"La Vuelta 2023 saldr\u00e1 de Barcelona, que acoger\u00e1 dos etapas\" \/>\n<meta property=\"og:description\" content=\"La ciudad de Barcelona acoger\u00e1 la salida de La Vuelta 2023 y adem\u00e1s acoger\u00e1 las dos primeras jornadas de la ronda espa\u00f1ola\" \/>\n<meta property=\"og:url\" content=\"https:\/\/www.cope.es\/blogs\/a-tumba-abierta\/2022\/01\/24\/la-vuelta-2023-saldra-de-barcelona\/\" \/>\n<meta property=\"og:site_name\" content=\"A Tumba Abierta\" \/>\n<meta property=\"article:publisher\" content=\"https:\/\/www.facebook.com\/cope\/\" \/>\n<meta property=\"article:author\" content=\"https:\/\/es-es.facebook.com\/cristobal.cabezasmartin\" \/>\n<meta property=\"article:published_time\" content=\"2022-01-24T12:51:52+00:00\" \/>\n<meta property=\"og:image\" content=\"https:\/\/www.cope.es\/blogs\/a-tumba-abierta\/wp-content\/uploads\/sites\/23\/2022\/01\/defff.jpg\" \/>\n\t<meta property=\"og:image:width\" content=\"2045\" \/>\n\t<meta property=\"og:image:height\" content=\"1297\" \/>\n\t<meta property=\"og:image:type\" content=\"image\/jpeg\" \/>\n<meta name=\"author\" content=\"Crist\u00f3bal Cabezas\" \/>\n<meta name=\"twitter:card\" content=\"summary_large_image\" \/>\n<meta name=\"twitter:creator\" content=\"@cristoblcabezas\" \/>\n<meta name=\"twitter:site\" content=\"@cope_es\" \/>\n<meta name=\"twitter:label1\" content=\"Escrito por\" \/>\n\t<meta name=\"twitter:data1\" content=\"Crist\u00f3bal Cabezas\" \/>\n\t<meta name=\"twitter:label2\" content=\"Tiempo de lectura\" \/>\n\t<meta name=\"twitter:data2\" content=\"1 minuto\" \/>\n<script type=\"application\/ld+json\" class=\"yoast-schema-graph\">{\"@context\":\"https:\\\/\\\/schema.org\",\"@graph\":[{\"@type\":\"Article\",\"@id\":\"https:\\\/\\\/www.cope.es\\\/blogs\\\/a-tumba-abierta\\\/2022\\\/01\\\/24\\\/la-vuelta-2023-saldra-de-barcelona\\\/#article\",\"isPartOf\":{\"@id\":\"https:\\\/\\\/www.cope.es\\\/blogs\\\/a-tumba-abierta\\\/2022\\\/01\\\/24\\\/la-vuelta-2023-saldra-de-barcelona\\\/\"},\"author\":{\"name\":\"Crist\u00f3bal Cabezas\",\"@id\":\"https:\\\/\\\/www.cope.es\\\/blogs\\\/a-tumba-abierta\\\/#\\\/schema\\\/person\\\/413f6566db421693223476f6b63a643b\"},\"headline\":\"La Vuelta 2023 saldr\u00e1 de Barcelona\",\"datePublished\":\"2022-01-24T12:51:52+00:00\",\"mainEntityOfPage\":{\"@id\":\"https:\\\/\\\/www.cope.es\\\/blogs\\\/a-tumba-abierta\\\/2022\\\/01\\\/24\\\/la-vuelta-2023-saldra-de-barcelona\\\/\"},\"wordCount\":136,\"commentCount\":0,\"image\":{\"@id\":\"https:\\\/\\\/www.cope.es\\\/blogs\\\/a-tumba-abierta\\\/2022\\\/01\\\/24\\\/la-vuelta-2023-saldra-de-barcelona\\\/#primaryimage\"},\"thumbnailUrl\":\"https:\\\/\\\/www.cope.es\\\/blogs\\\/a-tumba-abierta\\\/wp-content\\\/uploads\\\/sites\\\/23\\\/2022\\\/01\\\/defff.jpg\",\"keywords\":[\"Ciclismo\"],\"articleSection\":[\"Actualidad\"],\"inLanguage\":\"es\",\"potentialAction\":[{\"@type\":\"CommentAction\",\"name\":\"Comment\",\"target\":[\"https:\\\/\\\/www.cope.es\\\/blogs\\\/a-tumba-abierta\\\/2022\\\/01\\\/24\\\/la-vuelta-2023-saldra-de-barcelona\\\/#respond\"]}]},{\"@type\":\"WebPage\",\"@id\":\"https:\\\/\\\/www.cope.es\\\/blogs\\\/a-tumba-abierta\\\/2022\\\/01\\\/24\\\/la-vuelta-2023-saldra-de-barcelona\\\/\",\"url\":\"https:\\\/\\\/www.cope.es\\\/blogs\\\/a-tumba-abierta\\\/2022\\\/01\\\/24\\\/la-vuelta-2023-saldra-de-barcelona\\\/\",\"name\":\"La Vuelta 2023 saldr\u00e1 de Barcelona, que acoger\u00e1 dos etapas\",\"isPartOf\":{\"@id\":\"https:\\\/\\\/www.cope.es\\\/blogs\\\/a-tumba-abierta\\\/#website\"},\"primaryImageOfPage\":{\"@id\":\"https:\\\/\\\/www.cope.es\\\/blogs\\\/a-tumba-abierta\\\/2022\\\/01\\\/24\\\/la-vuelta-2023-saldra-de-barcelona\\\/#primaryimage\"},\"image\":{\"@id\":\"https:\\\/\\\/www.cope.es\\\/blogs\\\/a-tumba-abierta\\\/2022\\\/01\\\/24\\\/la-vuelta-2023-saldra-de-barcelona\\\/#primaryimage\"},\"thumbnailUrl\":\"https:\\\/\\\/www.cope.es\\\/blogs\\\/a-tumba-abierta\\\/wp-content\\\/uploads\\\/sites\\\/23\\\/2022\\\/01\\\/defff.jpg\",\"datePublished\":\"2022-01-24T12:51:52+00:00\",\"author\":{\"@id\":\"https:\\\/\\\/www.cope.es\\\/blogs\\\/a-tumba-abierta\\\/#\\\/schema\\\/person\\\/413f6566db421693223476f6b63a643b\"},\"description\":\"La ciudad de Barcelona acoger\u00e1 la salida de La Vuelta 2023 y adem\u00e1s acoger\u00e1 las dos primeras jornadas de la ronda espa\u00f1ola\",\"breadcrumb\":{\"@id\":\"https:\\\/\\\/www.cope.es\\\/blogs\\\/a-tumba-abierta\\\/2022\\\/01\\\/24\\\/la-vuelta-2023-saldra-de-barcelona\\\/#breadcrumb\"},\"inLanguage\":\"es\",\"potentialAction\":[{\"@type\":\"ReadAction\",\"target\":[\"https:\\\/\\\/www.cope.es\\\/blogs\\\/a-tumba-abierta\\\/2022\\\/01\\\/24\\\/la-vuelta-2023-saldra-de-barcelona\\\/\"]}]},{\"@type\":\"ImageObject\",\"inLanguage\":\"es\",\"@id\":\"https:\\\/\\\/www.cope.es\\\/blogs\\\/a-tumba-abierta\\\/2022\\\/01\\\/24\\\/la-vuelta-2023-saldra-de-barcelona\\\/#primaryimage\",\"url\":\"https:\\\/\\\/www.cope.es\\\/blogs\\\/a-tumba-abierta\\\/wp-content\\\/uploads\\\/sites\\\/23\\\/2022\\\/01\\\/defff.jpg\",\"contentUrl\":\"https:\\\/\\\/www.cope.es\\\/blogs\\\/a-tumba-abierta\\\/wp-content\\\/uploads\\\/sites\\\/23\\\/2022\\\/01\\\/defff.jpg\",\"width\":2045,\"height\":1297,\"caption\":\"La ciudad de Barcelona acoger\u00e1 la salida de La Vuelta 2023 y adem\u00e1s acoger\u00e1 las dos primeras etapas de la ronda espa\u00f1ola\"},{\"@type\":\"BreadcrumbList\",\"@id\":\"https:\\\/\\\/www.cope.es\\\/blogs\\\/a-tumba-abierta\\\/2022\\\/01\\\/24\\\/la-vuelta-2023-saldra-de-barcelona\\\/#breadcrumb\",\"itemListElement\":[{\"@type\":\"ListItem\",\"position\":1,\"name\":\"Portada\",\"item\":\"https:\\\/\\\/www.cope.es\\\/blogs\\\/a-tumba-abierta\\\/\"},{\"@type\":\"ListItem\",\"position\":2,\"name\":\"La Vuelta 2023 saldr\u00e1 de Barcelona\"}]},{\"@type\":\"WebSite\",\"@id\":\"https:\\\/\\\/www.cope.es\\\/blogs\\\/a-tumba-abierta\\\/#website\",\"url\":\"https:\\\/\\\/www.cope.es\\\/blogs\\\/a-tumba-abierta\\\/\",\"name\":\"A Tumba Abierta\",\"description\":\"Blog de ciclismo en COPE\",\"potentialAction\":[{\"@type\":\"SearchAction\",\"target\":{\"@type\":\"EntryPoint\",\"urlTemplate\":\"https:\\\/\\\/www.cope.es\\\/blogs\\\/a-tumba-abierta\\\/?s={search_term_string}\"},\"query-input\":{\"@type\":\"PropertyValueSpecification\",\"valueRequired\":true,\"valueName\":\"search_term_string\"}}],\"inLanguage\":\"es\"},{\"@type\":\"Person\",\"@id\":\"https:\\\/\\\/www.cope.es\\\/blogs\\\/a-tumba-abierta\\\/#\\\/schema\\\/person\\\/413f6566db421693223476f6b63a643b\",\"name\":\"Crist\u00f3bal Cabezas\",\"image\":{\"@type\":\"ImageObject\",\"inLanguage\":\"es\",\"@id\":\"https:\\\/\\\/secure.gravatar.com\\\/avatar\\\/361550a2a3cac91688caa1b00f2a1fa4e89a6c4361562ca29a361ce0041974c2?s=96&d=mm&r=g\",\"url\":\"https:\\\/\\\/secure.gravatar.com\\\/avatar\\\/361550a2a3cac91688caa1b00f2a1fa4e89a6c4361562ca29a361ce0041974c2?s=96&d=mm&r=g\",\"contentUrl\":\"https:\\\/\\\/secure.gravatar.com\\\/avatar\\\/361550a2a3cac91688caa1b00f2a1fa4e89a6c4361562ca29a361ce0041974c2?s=96&d=mm&r=g\",\"caption\":\"Crist\u00f3bal Cabezas\"},\"description\":\"Crist\u00f3bal Cabezas es Licenciado en Periodismo por la Universidad Complutense de Madrid y T\u00edtulo en T\u00e9cnico en Comunicaci\u00f3n Integral por la Universidad Francisco de Vitoria. Tras desempe\u00f1ar tareas informativas en diferentes medios, recal\u00f3 en la Cadena COPE en el a\u00f1o 2005. Desde entonces, ha trabajado en las emisoras de Madrid, Granada, Jaca (Huesca) y Toledo, en donde se incorpor\u00f3 en 2013 como Jefe de Informativos de la Cadena COPE en Castilla-La Mancha. Siempre tuvo claro que quer\u00eda ser periodista y, a esa afici\u00f3n, se uni\u00f3 la del ciclismo, deporte con el que ha disfrutado mucho, tanto a trav\u00e9s de los medios de comunicaci\u00f3n como asistiendo en directo a diferentes carreras ciclistas. El inter\u00e9s que siempre mostr\u00f3 con todo lo relacionado con Internet y las redes sociales, fue reconocido con el Premio \u201cD\u00eda de Internet\u201d en la categor\u00eda de \u201cMejor Periodista Digital\u201d por sus trabajos en la Cadena COPE. Precisamente, esa pasi\u00f3n por las nuevas tecnolog\u00edas, espera que sea el \u201cveh\u00edculo\u201d para poder contar \u201cA Tumba Abierta\u201d las mejores historias del deporte de las dos ruedas.\",\"sameAs\":[\"http:\\\/\\\/www.cope.es\",\"https:\\\/\\\/es-es.facebook.com\\\/cristobal.cabezasmartin\",\"https:\\\/\\\/x.com\\\/cristoblcabezas\"],\"url\":\"https:\\\/\\\/www.cope.es\\\/blogs\\\/a-tumba-abierta\\\/author\\\/ccabezas\\\/\"}]}<\/script>\n<!-- \/ Yoast SEO plugin. -->","yoast_head_json":{"title":"La Vuelta 2023 saldr\u00e1 de Barcelona, que acoger\u00e1 dos etapas","description":"La ciudad de Barcelona acoger\u00e1 la salida de La Vuelta 2023 y adem\u00e1s acoger\u00e1 las dos primeras jornadas de la ronda espa\u00f1ola","robots":{"index":"index","follow":"follow","max-snippet":"max-snippet:-1","max-image-preview":"max-image-preview:large","max-video-preview":"max-video-preview:-1"},"canonical":"https:\/\/www.cope.es\/blogs\/a-tumba-abierta\/2022\/01\/24\/la-vuelta-2023-saldra-de-barcelona\/","og_locale":"es_ES","og_type":"article","og_title":"La Vuelta 2023 saldr\u00e1 de Barcelona, que acoger\u00e1 dos etapas","og_description":"La ciudad de Barcelona acoger\u00e1 la salida de La Vuelta 2023 y adem\u00e1s acoger\u00e1 las dos primeras jornadas de la ronda espa\u00f1ola","og_url":"https:\/\/www.cope.es\/blogs\/a-tumba-abierta\/2022\/01\/24\/la-vuelta-2023-saldra-de-barcelona\/","og_site_name":"A Tumba Abierta","article_publisher":"https:\/\/www.facebook.com\/cope\/","article_author":"https:\/\/es-es.facebook.com\/cristobal.cabezasmartin","article_published_time":"2022-01-24T12:51:52+00:00","og_image":[{"width":2045,"height":1297,"url":"https:\/\/www.cope.es\/blogs\/a-tumba-abierta\/wp-content\/uploads\/sites\/23\/2022\/01\/defff.jpg","type":"image\/jpeg"}],"author":"Crist\u00f3bal Cabezas","twitter_card":"summary_large_image","twitter_creator":"@cristoblcabezas","twitter_site":"@cope_es","twitter_misc":{"Escrito por":"Crist\u00f3bal Cabezas","Tiempo de lectura":"1 minuto"},"schema":{"@context":"https:\/\/schema.org","@graph":[{"@type":"Article","@id":"https:\/\/www.cope.es\/blogs\/a-tumba-abierta\/2022\/01\/24\/la-vuelta-2023-saldra-de-barcelona\/#article","isPartOf":{"@id":"https:\/\/www.cope.es\/blogs\/a-tumba-abierta\/2022\/01\/24\/la-vuelta-2023-saldra-de-barcelona\/"},"author":{"name":"Crist\u00f3bal Cabezas","@id":"https:\/\/www.cope.es\/blogs\/a-tumba-abierta\/#\/schema\/person\/413f6566db421693223476f6b63a643b"},"headline":"La Vuelta 2023 saldr\u00e1 de Barcelona","datePublished":"2022-01-24T12:51:52+00:00","mainEntityOfPage":{"@id":"https:\/\/www.cope.es\/blogs\/a-tumba-abierta\/2022\/01\/24\/la-vuelta-2023-saldra-de-barcelona\/"},"wordCount":136,"commentCount":0,"image":{"@id":"https:\/\/www.cope.es\/blogs\/a-tumba-abierta\/2022\/01\/24\/la-vuelta-2023-saldra-de-barcelona\/#primaryimage"},"thumbnailUrl":"https:\/\/www.cope.es\/blogs\/a-tumba-abierta\/wp-content\/uploads\/sites\/23\/2022\/01\/defff.jpg","keywords":["Ciclismo"],"articleSection":["Actualidad"],"inLanguage":"es","potentialAction":[{"@type":"CommentAction","name":"Comment","target":["https:\/\/www.cope.es\/blogs\/a-tumba-abierta\/2022\/01\/24\/la-vuelta-2023-saldra-de-barcelona\/#respond"]}]},{"@type":"WebPage","@id":"https:\/\/www.cope.es\/blogs\/a-tumba-abierta\/2022\/01\/24\/la-vuelta-2023-saldra-de-barcelona\/","url":"https:\/\/www.cope.es\/blogs\/a-tumba-abierta\/2022\/01\/24\/la-vuelta-2023-saldra-de-barcelona\/","name":"La Vuelta 2023 saldr\u00e1 de Barcelona, que acoger\u00e1 dos etapas","isPartOf":{"@id":"https:\/\/www.cope.es\/blogs\/a-tumba-abierta\/#website"},"primaryImageOfPage":{"@id":"https:\/\/www.cope.es\/blogs\/a-tumba-abierta\/2022\/01\/24\/la-vuelta-2023-saldra-de-barcelona\/#primaryimage"},"image":{"@id":"https:\/\/www.cope.es\/blogs\/a-tumba-abierta\/2022\/01\/24\/la-vuelta-2023-saldra-de-barcelona\/#primaryimage"},"thumbnailUrl":"https:\/\/www.cope.es\/blogs\/a-tumba-abierta\/wp-content\/uploads\/sites\/23\/2022\/01\/defff.jpg","datePublished":"2022-01-24T12:51:52+00:00","author":{"@id":"https:\/\/www.cope.es\/blogs\/a-tumba-abierta\/#\/schema\/person\/413f6566db421693223476f6b63a643b"},"description":"La ciudad de Barcelona acoger\u00e1 la salida de La Vuelta 2023 y adem\u00e1s acoger\u00e1 las dos primeras jornadas de la ronda espa\u00f1ola","breadcrumb":{"@id":"https:\/\/www.cope.es\/blogs\/a-tumba-abierta\/2022\/01\/24\/la-vuelta-2023-saldra-de-barcelona\/#breadcrumb"},"inLanguage":"es","potentialAction":[{"@type":"ReadAction","target":["https:\/\/www.cope.es\/blogs\/a-tumba-abierta\/2022\/01\/24\/la-vuelta-2023-saldra-de-barcelona\/"]}]},{"@type":"ImageObject","inLanguage":"es","@id":"https:\/\/www.cope.es\/blogs\/a-tumba-abierta\/2022\/01\/24\/la-vuelta-2023-saldra-de-barcelona\/#primaryimage","url":"https:\/\/www.cope.es\/blogs\/a-tumba-abierta\/wp-content\/uploads\/sites\/23\/2022\/01\/defff.jpg","contentUrl":"https:\/\/www.cope.es\/blogs\/a-tumba-abierta\/wp-content\/uploads\/sites\/23\/2022\/01\/defff.jpg","width":2045,"height":1297,"caption":"La ciudad de Barcelona acoger\u00e1 la salida de La Vuelta 2023 y adem\u00e1s acoger\u00e1 las dos primeras etapas de la ronda espa\u00f1ola"},{"@type":"BreadcrumbList","@id":"https:\/\/www.cope.es\/blogs\/a-tumba-abierta\/2022\/01\/24\/la-vuelta-2023-saldra-de-barcelona\/#breadcrumb","itemListElement":[{"@type":"ListItem","position":1,"name":"Portada","item":"https:\/\/www.cope.es\/blogs\/a-tumba-abierta\/"},{"@type":"ListItem","position":2,"name":"La Vuelta 2023 saldr\u00e1 de Barcelona"}]},{"@type":"WebSite","@id":"https:\/\/www.cope.es\/blogs\/a-tumba-abierta\/#website","url":"https:\/\/www.cope.es\/blogs\/a-tumba-abierta\/","name":"A Tumba Abierta","description":"Blog de ciclismo en COPE","potentialAction":[{"@type":"SearchAction","target":{"@type":"EntryPoint","urlTemplate":"https:\/\/www.cope.es\/blogs\/a-tumba-abierta\/?s={search_term_string}"},"query-input":{"@type":"PropertyValueSpecification","valueRequired":true,"valueName":"search_term_string"}}],"inLanguage":"es"},{"@type":"Person","@id":"https:\/\/www.cope.es\/blogs\/a-tumba-abierta\/#\/schema\/person\/413f6566db421693223476f6b63a643b","name":"Crist\u00f3bal Cabezas","image":{"@type":"ImageObject","inLanguage":"es","@id":"https:\/\/secure.gravatar.com\/avatar\/361550a2a3cac91688caa1b00f2a1fa4e89a6c4361562ca29a361ce0041974c2?s=96&d=mm&r=g","url":"https:\/\/secure.gravatar.com\/avatar\/361550a2a3cac91688caa1b00f2a1fa4e89a6c4361562ca29a361ce0041974c2?s=96&d=mm&r=g","contentUrl":"https:\/\/secure.gravatar.com\/avatar\/361550a2a3cac91688caa1b00f2a1fa4e89a6c4361562ca29a361ce0041974c2?s=96&d=mm&r=g","caption":"Crist\u00f3bal Cabezas"},"description":"Crist\u00f3bal Cabezas es Licenciado en Periodismo por la Universidad Complutense de Madrid y T\u00edtulo en T\u00e9cnico en Comunicaci\u00f3n Integral por la Universidad Francisco de Vitoria. Tras desempe\u00f1ar tareas informativas en diferentes medios, recal\u00f3 en la Cadena COPE en el a\u00f1o 2005. Desde entonces, ha trabajado en las emisoras de Madrid, Granada, Jaca (Huesca) y Toledo, en donde se incorpor\u00f3 en 2013 como Jefe de Informativos de la Cadena COPE en Castilla-La Mancha. Siempre tuvo claro que quer\u00eda ser periodista y, a esa afici\u00f3n, se uni\u00f3 la del ciclismo, deporte con el que ha disfrutado mucho, tanto a trav\u00e9s de los medios de comunicaci\u00f3n como asistiendo en directo a diferentes carreras ciclistas. El inter\u00e9s que siempre mostr\u00f3 con todo lo relacionado con Internet y las redes sociales, fue reconocido con el Premio \u201cD\u00eda de Internet\u201d en la categor\u00eda de \u201cMejor Periodista Digital\u201d por sus trabajos en la Cadena COPE. Precisamente, esa pasi\u00f3n por las nuevas tecnolog\u00edas, espera que sea el \u201cveh\u00edculo\u201d para poder contar \u201cA Tumba Abierta\u201d las mejores historias del deporte de las dos ruedas.","sameAs":["http:\/\/www.cope.es","https:\/\/es-es.facebook.com\/cristobal.cabezasmartin","https:\/\/x.com\/cristoblcabezas"],"url":"https:\/\/www.cope.es\/blogs\/a-tumba-abierta\/author\/ccabezas\/"}]}},"amp_enabled":true,"_links":{"self":[{"href":"https:\/\/www.cope.es\/blogs\/a-tumba-abierta\/wp-json\/wp\/v2\/posts\/1338","targetHints":{"allow":["GET"]}}],"collection":[{"href":"https:\/\/www.cope.es\/blogs\/a-tumba-abierta\/wp-json\/wp\/v2\/posts"}],"about":[{"href":"https:\/\/www.cope.es\/blogs\/a-tumba-abierta\/wp-json\/wp\/v2\/types\/post"}],"author":[{"embeddable":true,"href":"https:\/\/www.cope.es\/blogs\/a-tumba-abierta\/wp-json\/wp\/v2\/users\/24"}],"replies":[{"embeddable":true,"href":"https:\/\/www.cope.es\/blogs\/a-tumba-abierta\/wp-json\/wp\/v2\/comments?post=1338"}],"version-history":[{"count":2,"href":"https:\/\/www.cope.es\/blogs\/a-tumba-abierta\/wp-json\/wp\/v2\/posts\/1338\/revisions"}],"predecessor-version":[{"id":1342,"href":"https:\/\/www.cope.es\/blogs\/a-tumba-abierta\/wp-json\/wp\/v2\/posts\/1338\/revisions\/1342"}],"wp:featuredmedia":[{"embeddable":true,"href":"https:\/\/www.cope.es\/blogs\/a-tumba-abierta\/wp-json\/wp\/v2\/media\/1339"}],"wp:attachment":[{"href":"https:\/\/www.cope.es\/blogs\/a-tumba-abierta\/wp-json\/wp\/v2\/media?parent=1338"}],"wp:term":[{"taxonomy":"category","embeddable":true,"href":"https:\/\/www.cope.es\/blogs\/a-tumba-abierta\/wp-json\/wp\/v2\/categories?post=1338"},{"taxonomy":"post_tag","embeddable":true,"href":"https:\/\/www.cope.es\/blogs\/a-tumba-abierta\/wp-json\/wp\/v2\/tags?post=1338"}],"curies":[{"name":"wp","href":"https:\/\/api.w.org\/{rel}","templated":true}]}}