{"id":1242,"date":"2021-03-18T23:12:59","date_gmt":"2021-03-18T22:12:59","guid":{"rendered":"http:\/\/www.cope.es\/blogs\/a-tumba-abierta\/?p=1242"},"modified":"2021-03-18T23:12:59","modified_gmt":"2021-03-18T22:12:59","slug":"la-seleccion-espanola-de-ciclismo-adaptado-se-concentrara-el-proximo-lunes-en-valencia","status":"publish","type":"post","link":"https:\/\/www.cope.es\/blogs\/a-tumba-abierta\/2021\/03\/18\/la-seleccion-espanola-de-ciclismo-adaptado-se-concentrara-el-proximo-lunes-en-valencia\/","title":{"rendered":"La selecci\u00f3n espa\u00f1ola de ciclismo adaptado se concentrar\u00e1 el pr\u00f3ximo lunes en Valencia"},"content":{"rendered":"<p>La selecci\u00f3n espa\u00f1ola de ciclismo adaptado en pista celebrar\u00e1 la pr\u00f3xima semana, del 22 al 26 de marzo, una nueva concentraci\u00f3n en el Vel\u00f3dromo Lluis Puig de Valencia de cara a seguir trabajando en la preparaci\u00f3n para los Juegos Paral\u00edmpicos de Tokio del pr\u00f3ximo verano.<\/p>\n<p>Los &#8216;pistards&#8217; de la selecci\u00f3n ya tuvieron una primera concentraci\u00f3n la semana pasada en el mismo escenario y ahora se volver\u00e1n a juntar para continuar con el programa de trabajo dise\u00f1ado por el seleccionador <strong>F\u00e9lix Garc\u00eda Casas<\/strong>, que con estas reuniones intenta suplir en parte lo que supuso la suspensi\u00f3n del Campeonato del Mundo de ciclismo adaptado en pista, que deb\u00eda haberse celebrado esa misma semana, del 25 al 28 de marzo.<\/p>\n<p>El t\u00e9cnico contar\u00e1 en esta &#8216;stage&#8217; con <strong>Ricardo Ten<\/strong> (C1), <strong>Maurice Eckhard<\/strong> (C2), <strong>Eduardo Santas<\/strong> (C3), <strong>Amador Granados<\/strong> (C3), <strong>\u00d3scar Higuera<\/strong> (C4), <strong>Pablo Jaramillo<\/strong> (C5), <strong>Alfonso Cabello<\/strong> (C5), <strong>Adolfo Bellido<\/strong>&#8211;<strong>Eloy Teruel<\/strong> (MB) y <strong>Christian Venge<\/strong>&#8211;<strong>Noel Mart\u00edn<\/strong> (MB), mientras que, &#8220;por motivos laborales&#8221;, seg\u00fan indic\u00f3 la Real Federacion Espa\u00f1ola de Ciclismo (RFEC), se ausentar\u00e1n los t\u00e1ndems integrados por <strong>Ginesa &#8216;Kuki&#8217; L\u00f3pez<\/strong> e <strong>Irene M\u00e9ndez<\/strong> y por <strong>Ignacio \u00c1vila<\/strong> y <strong>Joan Font<\/strong>.<\/p>\n<p>La RFEC inform\u00f3 que durante estos cinco d\u00edas, los convocados se centrar\u00e1n en la realizaci\u00f3n de entrenamientos espec\u00edficos y tomas de tiempos, as\u00ed como en dar continuidad al trabajo realizado por los tercetos de la Velocidad por Equipos.<\/p>\n","protected":false},"excerpt":{"rendered":"<p>La selecci\u00f3n espa\u00f1ola de ciclismo adaptado en pista celebrar\u00e1 la pr\u00f3xima semana, del 22 al 26 de marzo, una nueva concentraci\u00f3n en el Vel\u00f3dromo Lluis Puig de Valencia de cara a seguir trabajando en la preparaci\u00f3n para los Juegos Paral\u00edmpicos de Tokio del pr\u00f3ximo verano. Los &#8216;pistards&#8217; de la selecci\u00f3n ya tuvieron una primera concentraci\u00f3n [&hellip;]<\/p>\n","protected":false},"author":24,"featured_media":1246,"comment_status":"open","ping_status":"open","sticky":false,"template":"","format":"standard","meta":{"footnotes":""},"categories":[109],"tags":[285],"class_list":["post-1242","post","type-post","status-publish","format-standard","has-post-thumbnail","hentry","category-pista","tag-actualidad"],"yoast_head":"<!-- This site is optimized with the Yoast SEO plugin v27.4 - https:\/\/yoast.com\/product\/yoast-seo-wordpress\/ -->\n<title>La selecci\u00f3n de ciclismo adaptado se concentrar\u00e1 el lunes en Valencia<\/title>\n<meta name=\"description\" content=\"La selecci\u00f3n espa\u00f1ola de ciclismo adaptado en pista celebrar\u00e1 del 22 al 26 de marzo, una nueva concentraci\u00f3n en el Vel\u00f3dromo Lluis Puig de Valencia.\" \/>\n<meta name=\"robots\" content=\"index, follow, max-snippet:-1, max-image-preview:large, max-video-preview:-1\" \/>\n<link rel=\"canonical\" href=\"https:\/\/www.cope.es\/blogs\/a-tumba-abierta\/2021\/03\/18\/la-seleccion-espanola-de-ciclismo-adaptado-se-concentrara-el-proximo-lunes-en-valencia\/\" \/>\n<meta property=\"og:locale\" content=\"es_ES\" \/>\n<meta property=\"og:type\" content=\"article\" \/>\n<meta property=\"og:title\" content=\"La selecci\u00f3n de ciclismo adaptado se concentrar\u00e1 el lunes en Valencia\" \/>\n<meta property=\"og:description\" content=\"La selecci\u00f3n espa\u00f1ola de ciclismo adaptado en pista celebrar\u00e1 del 22 al 26 de marzo, una nueva concentraci\u00f3n en el Vel\u00f3dromo Lluis Puig de Valencia.\" \/>\n<meta property=\"og:url\" content=\"https:\/\/www.cope.es\/blogs\/a-tumba-abierta\/2021\/03\/18\/la-seleccion-espanola-de-ciclismo-adaptado-se-concentrara-el-proximo-lunes-en-valencia\/\" \/>\n<meta property=\"og:site_name\" content=\"A Tumba Abierta\" \/>\n<meta property=\"article:publisher\" content=\"https:\/\/www.facebook.com\/cope\/\" \/>\n<meta property=\"article:author\" content=\"https:\/\/es-es.facebook.com\/cristobal.cabezasmartin\" \/>\n<meta property=\"article:published_time\" content=\"2021-03-18T22:12:59+00:00\" \/>\n<meta property=\"og:image\" content=\"https:\/\/www.cope.es\/blogs\/a-tumba-abierta\/wp-content\/uploads\/sites\/23\/2021\/03\/fotonoticia_20210318141140_1920-e1616105277248.jpg\" \/>\n\t<meta property=\"og:image:width\" content=\"1920\" \/>\n\t<meta property=\"og:image:height\" content=\"1209\" \/>\n\t<meta property=\"og:image:type\" content=\"image\/jpeg\" \/>\n<meta name=\"author\" content=\"Crist\u00f3bal Cabezas\" \/>\n<meta name=\"twitter:card\" content=\"summary_large_image\" \/>\n<meta name=\"twitter:creator\" content=\"@cristoblcabezas\" \/>\n<meta name=\"twitter:site\" content=\"@cope_es\" \/>\n<meta name=\"twitter:label1\" content=\"Escrito por\" \/>\n\t<meta name=\"twitter:data1\" content=\"Crist\u00f3bal Cabezas\" \/>\n\t<meta name=\"twitter:label2\" content=\"Tiempo de lectura\" \/>\n\t<meta name=\"twitter:data2\" content=\"1 minuto\" \/>\n<script type=\"application\/ld+json\" class=\"yoast-schema-graph\">{\"@context\":\"https:\\\/\\\/schema.org\",\"@graph\":[{\"@type\":\"Article\",\"@id\":\"https:\\\/\\\/www.cope.es\\\/blogs\\\/a-tumba-abierta\\\/2021\\\/03\\\/18\\\/la-seleccion-espanola-de-ciclismo-adaptado-se-concentrara-el-proximo-lunes-en-valencia\\\/#article\",\"isPartOf\":{\"@id\":\"https:\\\/\\\/www.cope.es\\\/blogs\\\/a-tumba-abierta\\\/2021\\\/03\\\/18\\\/la-seleccion-espanola-de-ciclismo-adaptado-se-concentrara-el-proximo-lunes-en-valencia\\\/\"},\"author\":{\"name\":\"Crist\u00f3bal Cabezas\",\"@id\":\"https:\\\/\\\/www.cope.es\\\/blogs\\\/a-tumba-abierta\\\/#\\\/schema\\\/person\\\/413f6566db421693223476f6b63a643b\"},\"headline\":\"La selecci\u00f3n espa\u00f1ola de ciclismo adaptado se concentrar\u00e1 el pr\u00f3ximo lunes en Valencia\",\"datePublished\":\"2021-03-18T22:12:59+00:00\",\"mainEntityOfPage\":{\"@id\":\"https:\\\/\\\/www.cope.es\\\/blogs\\\/a-tumba-abierta\\\/2021\\\/03\\\/18\\\/la-seleccion-espanola-de-ciclismo-adaptado-se-concentrara-el-proximo-lunes-en-valencia\\\/\"},\"wordCount\":265,\"commentCount\":0,\"image\":{\"@id\":\"https:\\\/\\\/www.cope.es\\\/blogs\\\/a-tumba-abierta\\\/2021\\\/03\\\/18\\\/la-seleccion-espanola-de-ciclismo-adaptado-se-concentrara-el-proximo-lunes-en-valencia\\\/#primaryimage\"},\"thumbnailUrl\":\"https:\\\/\\\/www.cope.es\\\/blogs\\\/a-tumba-abierta\\\/wp-content\\\/uploads\\\/sites\\\/23\\\/2021\\\/03\\\/fotonoticia_20210318141140_1920-e1616105277248.jpg\",\"keywords\":[\"Actualidad\"],\"articleSection\":[\"Pista\"],\"inLanguage\":\"es\",\"potentialAction\":[{\"@type\":\"CommentAction\",\"name\":\"Comment\",\"target\":[\"https:\\\/\\\/www.cope.es\\\/blogs\\\/a-tumba-abierta\\\/2021\\\/03\\\/18\\\/la-seleccion-espanola-de-ciclismo-adaptado-se-concentrara-el-proximo-lunes-en-valencia\\\/#respond\"]}]},{\"@type\":\"WebPage\",\"@id\":\"https:\\\/\\\/www.cope.es\\\/blogs\\\/a-tumba-abierta\\\/2021\\\/03\\\/18\\\/la-seleccion-espanola-de-ciclismo-adaptado-se-concentrara-el-proximo-lunes-en-valencia\\\/\",\"url\":\"https:\\\/\\\/www.cope.es\\\/blogs\\\/a-tumba-abierta\\\/2021\\\/03\\\/18\\\/la-seleccion-espanola-de-ciclismo-adaptado-se-concentrara-el-proximo-lunes-en-valencia\\\/\",\"name\":\"La selecci\u00f3n de ciclismo adaptado se concentrar\u00e1 el lunes en Valencia\",\"isPartOf\":{\"@id\":\"https:\\\/\\\/www.cope.es\\\/blogs\\\/a-tumba-abierta\\\/#website\"},\"primaryImageOfPage\":{\"@id\":\"https:\\\/\\\/www.cope.es\\\/blogs\\\/a-tumba-abierta\\\/2021\\\/03\\\/18\\\/la-seleccion-espanola-de-ciclismo-adaptado-se-concentrara-el-proximo-lunes-en-valencia\\\/#primaryimage\"},\"image\":{\"@id\":\"https:\\\/\\\/www.cope.es\\\/blogs\\\/a-tumba-abierta\\\/2021\\\/03\\\/18\\\/la-seleccion-espanola-de-ciclismo-adaptado-se-concentrara-el-proximo-lunes-en-valencia\\\/#primaryimage\"},\"thumbnailUrl\":\"https:\\\/\\\/www.cope.es\\\/blogs\\\/a-tumba-abierta\\\/wp-content\\\/uploads\\\/sites\\\/23\\\/2021\\\/03\\\/fotonoticia_20210318141140_1920-e1616105277248.jpg\",\"datePublished\":\"2021-03-18T22:12:59+00:00\",\"author\":{\"@id\":\"https:\\\/\\\/www.cope.es\\\/blogs\\\/a-tumba-abierta\\\/#\\\/schema\\\/person\\\/413f6566db421693223476f6b63a643b\"},\"description\":\"La selecci\u00f3n espa\u00f1ola de ciclismo adaptado en pista celebrar\u00e1 del 22 al 26 de marzo, una nueva concentraci\u00f3n en el Vel\u00f3dromo Lluis Puig de Valencia.\",\"breadcrumb\":{\"@id\":\"https:\\\/\\\/www.cope.es\\\/blogs\\\/a-tumba-abierta\\\/2021\\\/03\\\/18\\\/la-seleccion-espanola-de-ciclismo-adaptado-se-concentrara-el-proximo-lunes-en-valencia\\\/#breadcrumb\"},\"inLanguage\":\"es\",\"potentialAction\":[{\"@type\":\"ReadAction\",\"target\":[\"https:\\\/\\\/www.cope.es\\\/blogs\\\/a-tumba-abierta\\\/2021\\\/03\\\/18\\\/la-seleccion-espanola-de-ciclismo-adaptado-se-concentrara-el-proximo-lunes-en-valencia\\\/\"]}]},{\"@type\":\"ImageObject\",\"inLanguage\":\"es\",\"@id\":\"https:\\\/\\\/www.cope.es\\\/blogs\\\/a-tumba-abierta\\\/2021\\\/03\\\/18\\\/la-seleccion-espanola-de-ciclismo-adaptado-se-concentrara-el-proximo-lunes-en-valencia\\\/#primaryimage\",\"url\":\"https:\\\/\\\/www.cope.es\\\/blogs\\\/a-tumba-abierta\\\/wp-content\\\/uploads\\\/sites\\\/23\\\/2021\\\/03\\\/fotonoticia_20210318141140_1920-e1616105277248.jpg\",\"contentUrl\":\"https:\\\/\\\/www.cope.es\\\/blogs\\\/a-tumba-abierta\\\/wp-content\\\/uploads\\\/sites\\\/23\\\/2021\\\/03\\\/fotonoticia_20210318141140_1920-e1616105277248.jpg\",\"width\":1920,\"height\":1209,\"caption\":\"La selecci\u00f3n espa\u00f1ola de ciclismo adaptado se concentrar\u00e1 el pr\u00f3ximo lunes en Valencia\"},{\"@type\":\"BreadcrumbList\",\"@id\":\"https:\\\/\\\/www.cope.es\\\/blogs\\\/a-tumba-abierta\\\/2021\\\/03\\\/18\\\/la-seleccion-espanola-de-ciclismo-adaptado-se-concentrara-el-proximo-lunes-en-valencia\\\/#breadcrumb\",\"itemListElement\":[{\"@type\":\"ListItem\",\"position\":1,\"name\":\"Portada\",\"item\":\"https:\\\/\\\/www.cope.es\\\/blogs\\\/a-tumba-abierta\\\/\"},{\"@type\":\"ListItem\",\"position\":2,\"name\":\"La selecci\u00f3n espa\u00f1ola de ciclismo adaptado se concentrar\u00e1 el pr\u00f3ximo lunes en Valencia\"}]},{\"@type\":\"WebSite\",\"@id\":\"https:\\\/\\\/www.cope.es\\\/blogs\\\/a-tumba-abierta\\\/#website\",\"url\":\"https:\\\/\\\/www.cope.es\\\/blogs\\\/a-tumba-abierta\\\/\",\"name\":\"A Tumba Abierta\",\"description\":\"Blog de ciclismo en COPE\",\"potentialAction\":[{\"@type\":\"SearchAction\",\"target\":{\"@type\":\"EntryPoint\",\"urlTemplate\":\"https:\\\/\\\/www.cope.es\\\/blogs\\\/a-tumba-abierta\\\/?s={search_term_string}\"},\"query-input\":{\"@type\":\"PropertyValueSpecification\",\"valueRequired\":true,\"valueName\":\"search_term_string\"}}],\"inLanguage\":\"es\"},{\"@type\":\"Person\",\"@id\":\"https:\\\/\\\/www.cope.es\\\/blogs\\\/a-tumba-abierta\\\/#\\\/schema\\\/person\\\/413f6566db421693223476f6b63a643b\",\"name\":\"Crist\u00f3bal Cabezas\",\"image\":{\"@type\":\"ImageObject\",\"inLanguage\":\"es\",\"@id\":\"https:\\\/\\\/secure.gravatar.com\\\/avatar\\\/361550a2a3cac91688caa1b00f2a1fa4e89a6c4361562ca29a361ce0041974c2?s=96&d=mm&r=g\",\"url\":\"https:\\\/\\\/secure.gravatar.com\\\/avatar\\\/361550a2a3cac91688caa1b00f2a1fa4e89a6c4361562ca29a361ce0041974c2?s=96&d=mm&r=g\",\"contentUrl\":\"https:\\\/\\\/secure.gravatar.com\\\/avatar\\\/361550a2a3cac91688caa1b00f2a1fa4e89a6c4361562ca29a361ce0041974c2?s=96&d=mm&r=g\",\"caption\":\"Crist\u00f3bal Cabezas\"},\"description\":\"Crist\u00f3bal Cabezas es Licenciado en Periodismo por la Universidad Complutense de Madrid y T\u00edtulo en T\u00e9cnico en Comunicaci\u00f3n Integral por la Universidad Francisco de Vitoria. Tras desempe\u00f1ar tareas informativas en diferentes medios, recal\u00f3 en la Cadena COPE en el a\u00f1o 2005. Desde entonces, ha trabajado en las emisoras de Madrid, Granada, Jaca (Huesca) y Toledo, en donde se incorpor\u00f3 en 2013 como Jefe de Informativos de la Cadena COPE en Castilla-La Mancha. Siempre tuvo claro que quer\u00eda ser periodista y, a esa afici\u00f3n, se uni\u00f3 la del ciclismo, deporte con el que ha disfrutado mucho, tanto a trav\u00e9s de los medios de comunicaci\u00f3n como asistiendo en directo a diferentes carreras ciclistas. El inter\u00e9s que siempre mostr\u00f3 con todo lo relacionado con Internet y las redes sociales, fue reconocido con el Premio \u201cD\u00eda de Internet\u201d en la categor\u00eda de \u201cMejor Periodista Digital\u201d por sus trabajos en la Cadena COPE. Precisamente, esa pasi\u00f3n por las nuevas tecnolog\u00edas, espera que sea el \u201cveh\u00edculo\u201d para poder contar \u201cA Tumba Abierta\u201d las mejores historias del deporte de las dos ruedas.\",\"sameAs\":[\"http:\\\/\\\/www.cope.es\",\"https:\\\/\\\/es-es.facebook.com\\\/cristobal.cabezasmartin\",\"https:\\\/\\\/x.com\\\/cristoblcabezas\"],\"url\":\"https:\\\/\\\/www.cope.es\\\/blogs\\\/a-tumba-abierta\\\/author\\\/ccabezas\\\/\"}]}<\/script>\n<!-- \/ Yoast SEO plugin. -->","yoast_head_json":{"title":"La selecci\u00f3n de ciclismo adaptado se concentrar\u00e1 el lunes en Valencia","description":"La selecci\u00f3n espa\u00f1ola de ciclismo adaptado en pista celebrar\u00e1 del 22 al 26 de marzo, una nueva concentraci\u00f3n en el Vel\u00f3dromo Lluis Puig de Valencia.","robots":{"index":"index","follow":"follow","max-snippet":"max-snippet:-1","max-image-preview":"max-image-preview:large","max-video-preview":"max-video-preview:-1"},"canonical":"https:\/\/www.cope.es\/blogs\/a-tumba-abierta\/2021\/03\/18\/la-seleccion-espanola-de-ciclismo-adaptado-se-concentrara-el-proximo-lunes-en-valencia\/","og_locale":"es_ES","og_type":"article","og_title":"La selecci\u00f3n de ciclismo adaptado se concentrar\u00e1 el lunes en Valencia","og_description":"La selecci\u00f3n espa\u00f1ola de ciclismo adaptado en pista celebrar\u00e1 del 22 al 26 de marzo, una nueva concentraci\u00f3n en el Vel\u00f3dromo Lluis Puig de Valencia.","og_url":"https:\/\/www.cope.es\/blogs\/a-tumba-abierta\/2021\/03\/18\/la-seleccion-espanola-de-ciclismo-adaptado-se-concentrara-el-proximo-lunes-en-valencia\/","og_site_name":"A Tumba Abierta","article_publisher":"https:\/\/www.facebook.com\/cope\/","article_author":"https:\/\/es-es.facebook.com\/cristobal.cabezasmartin","article_published_time":"2021-03-18T22:12:59+00:00","og_image":[{"width":1920,"height":1209,"url":"https:\/\/www.cope.es\/blogs\/a-tumba-abierta\/wp-content\/uploads\/sites\/23\/2021\/03\/fotonoticia_20210318141140_1920-e1616105277248.jpg","type":"image\/jpeg"}],"author":"Crist\u00f3bal Cabezas","twitter_card":"summary_large_image","twitter_creator":"@cristoblcabezas","twitter_site":"@cope_es","twitter_misc":{"Escrito por":"Crist\u00f3bal Cabezas","Tiempo de lectura":"1 minuto"},"schema":{"@context":"https:\/\/schema.org","@graph":[{"@type":"Article","@id":"https:\/\/www.cope.es\/blogs\/a-tumba-abierta\/2021\/03\/18\/la-seleccion-espanola-de-ciclismo-adaptado-se-concentrara-el-proximo-lunes-en-valencia\/#article","isPartOf":{"@id":"https:\/\/www.cope.es\/blogs\/a-tumba-abierta\/2021\/03\/18\/la-seleccion-espanola-de-ciclismo-adaptado-se-concentrara-el-proximo-lunes-en-valencia\/"},"author":{"name":"Crist\u00f3bal Cabezas","@id":"https:\/\/www.cope.es\/blogs\/a-tumba-abierta\/#\/schema\/person\/413f6566db421693223476f6b63a643b"},"headline":"La selecci\u00f3n espa\u00f1ola de ciclismo adaptado se concentrar\u00e1 el pr\u00f3ximo lunes en Valencia","datePublished":"2021-03-18T22:12:59+00:00","mainEntityOfPage":{"@id":"https:\/\/www.cope.es\/blogs\/a-tumba-abierta\/2021\/03\/18\/la-seleccion-espanola-de-ciclismo-adaptado-se-concentrara-el-proximo-lunes-en-valencia\/"},"wordCount":265,"commentCount":0,"image":{"@id":"https:\/\/www.cope.es\/blogs\/a-tumba-abierta\/2021\/03\/18\/la-seleccion-espanola-de-ciclismo-adaptado-se-concentrara-el-proximo-lunes-en-valencia\/#primaryimage"},"thumbnailUrl":"https:\/\/www.cope.es\/blogs\/a-tumba-abierta\/wp-content\/uploads\/sites\/23\/2021\/03\/fotonoticia_20210318141140_1920-e1616105277248.jpg","keywords":["Actualidad"],"articleSection":["Pista"],"inLanguage":"es","potentialAction":[{"@type":"CommentAction","name":"Comment","target":["https:\/\/www.cope.es\/blogs\/a-tumba-abierta\/2021\/03\/18\/la-seleccion-espanola-de-ciclismo-adaptado-se-concentrara-el-proximo-lunes-en-valencia\/#respond"]}]},{"@type":"WebPage","@id":"https:\/\/www.cope.es\/blogs\/a-tumba-abierta\/2021\/03\/18\/la-seleccion-espanola-de-ciclismo-adaptado-se-concentrara-el-proximo-lunes-en-valencia\/","url":"https:\/\/www.cope.es\/blogs\/a-tumba-abierta\/2021\/03\/18\/la-seleccion-espanola-de-ciclismo-adaptado-se-concentrara-el-proximo-lunes-en-valencia\/","name":"La selecci\u00f3n de ciclismo adaptado se concentrar\u00e1 el lunes en Valencia","isPartOf":{"@id":"https:\/\/www.cope.es\/blogs\/a-tumba-abierta\/#website"},"primaryImageOfPage":{"@id":"https:\/\/www.cope.es\/blogs\/a-tumba-abierta\/2021\/03\/18\/la-seleccion-espanola-de-ciclismo-adaptado-se-concentrara-el-proximo-lunes-en-valencia\/#primaryimage"},"image":{"@id":"https:\/\/www.cope.es\/blogs\/a-tumba-abierta\/2021\/03\/18\/la-seleccion-espanola-de-ciclismo-adaptado-se-concentrara-el-proximo-lunes-en-valencia\/#primaryimage"},"thumbnailUrl":"https:\/\/www.cope.es\/blogs\/a-tumba-abierta\/wp-content\/uploads\/sites\/23\/2021\/03\/fotonoticia_20210318141140_1920-e1616105277248.jpg","datePublished":"2021-03-18T22:12:59+00:00","author":{"@id":"https:\/\/www.cope.es\/blogs\/a-tumba-abierta\/#\/schema\/person\/413f6566db421693223476f6b63a643b"},"description":"La selecci\u00f3n espa\u00f1ola de ciclismo adaptado en pista celebrar\u00e1 del 22 al 26 de marzo, una nueva concentraci\u00f3n en el Vel\u00f3dromo Lluis Puig de Valencia.","breadcrumb":{"@id":"https:\/\/www.cope.es\/blogs\/a-tumba-abierta\/2021\/03\/18\/la-seleccion-espanola-de-ciclismo-adaptado-se-concentrara-el-proximo-lunes-en-valencia\/#breadcrumb"},"inLanguage":"es","potentialAction":[{"@type":"ReadAction","target":["https:\/\/www.cope.es\/blogs\/a-tumba-abierta\/2021\/03\/18\/la-seleccion-espanola-de-ciclismo-adaptado-se-concentrara-el-proximo-lunes-en-valencia\/"]}]},{"@type":"ImageObject","inLanguage":"es","@id":"https:\/\/www.cope.es\/blogs\/a-tumba-abierta\/2021\/03\/18\/la-seleccion-espanola-de-ciclismo-adaptado-se-concentrara-el-proximo-lunes-en-valencia\/#primaryimage","url":"https:\/\/www.cope.es\/blogs\/a-tumba-abierta\/wp-content\/uploads\/sites\/23\/2021\/03\/fotonoticia_20210318141140_1920-e1616105277248.jpg","contentUrl":"https:\/\/www.cope.es\/blogs\/a-tumba-abierta\/wp-content\/uploads\/sites\/23\/2021\/03\/fotonoticia_20210318141140_1920-e1616105277248.jpg","width":1920,"height":1209,"caption":"La selecci\u00f3n espa\u00f1ola de ciclismo adaptado se concentrar\u00e1 el pr\u00f3ximo lunes en Valencia"},{"@type":"BreadcrumbList","@id":"https:\/\/www.cope.es\/blogs\/a-tumba-abierta\/2021\/03\/18\/la-seleccion-espanola-de-ciclismo-adaptado-se-concentrara-el-proximo-lunes-en-valencia\/#breadcrumb","itemListElement":[{"@type":"ListItem","position":1,"name":"Portada","item":"https:\/\/www.cope.es\/blogs\/a-tumba-abierta\/"},{"@type":"ListItem","position":2,"name":"La selecci\u00f3n espa\u00f1ola de ciclismo adaptado se concentrar\u00e1 el pr\u00f3ximo lunes en Valencia"}]},{"@type":"WebSite","@id":"https:\/\/www.cope.es\/blogs\/a-tumba-abierta\/#website","url":"https:\/\/www.cope.es\/blogs\/a-tumba-abierta\/","name":"A Tumba Abierta","description":"Blog de ciclismo en COPE","potentialAction":[{"@type":"SearchAction","target":{"@type":"EntryPoint","urlTemplate":"https:\/\/www.cope.es\/blogs\/a-tumba-abierta\/?s={search_term_string}"},"query-input":{"@type":"PropertyValueSpecification","valueRequired":true,"valueName":"search_term_string"}}],"inLanguage":"es"},{"@type":"Person","@id":"https:\/\/www.cope.es\/blogs\/a-tumba-abierta\/#\/schema\/person\/413f6566db421693223476f6b63a643b","name":"Crist\u00f3bal Cabezas","image":{"@type":"ImageObject","inLanguage":"es","@id":"https:\/\/secure.gravatar.com\/avatar\/361550a2a3cac91688caa1b00f2a1fa4e89a6c4361562ca29a361ce0041974c2?s=96&d=mm&r=g","url":"https:\/\/secure.gravatar.com\/avatar\/361550a2a3cac91688caa1b00f2a1fa4e89a6c4361562ca29a361ce0041974c2?s=96&d=mm&r=g","contentUrl":"https:\/\/secure.gravatar.com\/avatar\/361550a2a3cac91688caa1b00f2a1fa4e89a6c4361562ca29a361ce0041974c2?s=96&d=mm&r=g","caption":"Crist\u00f3bal Cabezas"},"description":"Crist\u00f3bal Cabezas es Licenciado en Periodismo por la Universidad Complutense de Madrid y T\u00edtulo en T\u00e9cnico en Comunicaci\u00f3n Integral por la Universidad Francisco de Vitoria. Tras desempe\u00f1ar tareas informativas en diferentes medios, recal\u00f3 en la Cadena COPE en el a\u00f1o 2005. Desde entonces, ha trabajado en las emisoras de Madrid, Granada, Jaca (Huesca) y Toledo, en donde se incorpor\u00f3 en 2013 como Jefe de Informativos de la Cadena COPE en Castilla-La Mancha. Siempre tuvo claro que quer\u00eda ser periodista y, a esa afici\u00f3n, se uni\u00f3 la del ciclismo, deporte con el que ha disfrutado mucho, tanto a trav\u00e9s de los medios de comunicaci\u00f3n como asistiendo en directo a diferentes carreras ciclistas. El inter\u00e9s que siempre mostr\u00f3 con todo lo relacionado con Internet y las redes sociales, fue reconocido con el Premio \u201cD\u00eda de Internet\u201d en la categor\u00eda de \u201cMejor Periodista Digital\u201d por sus trabajos en la Cadena COPE. Precisamente, esa pasi\u00f3n por las nuevas tecnolog\u00edas, espera que sea el \u201cveh\u00edculo\u201d para poder contar \u201cA Tumba Abierta\u201d las mejores historias del deporte de las dos ruedas.","sameAs":["http:\/\/www.cope.es","https:\/\/es-es.facebook.com\/cristobal.cabezasmartin","https:\/\/x.com\/cristoblcabezas"],"url":"https:\/\/www.cope.es\/blogs\/a-tumba-abierta\/author\/ccabezas\/"}]}},"amp_enabled":true,"_links":{"self":[{"href":"https:\/\/www.cope.es\/blogs\/a-tumba-abierta\/wp-json\/wp\/v2\/posts\/1242","targetHints":{"allow":["GET"]}}],"collection":[{"href":"https:\/\/www.cope.es\/blogs\/a-tumba-abierta\/wp-json\/wp\/v2\/posts"}],"about":[{"href":"https:\/\/www.cope.es\/blogs\/a-tumba-abierta\/wp-json\/wp\/v2\/types\/post"}],"author":[{"embeddable":true,"href":"https:\/\/www.cope.es\/blogs\/a-tumba-abierta\/wp-json\/wp\/v2\/users\/24"}],"replies":[{"embeddable":true,"href":"https:\/\/www.cope.es\/blogs\/a-tumba-abierta\/wp-json\/wp\/v2\/comments?post=1242"}],"version-history":[{"count":2,"href":"https:\/\/www.cope.es\/blogs\/a-tumba-abierta\/wp-json\/wp\/v2\/posts\/1242\/revisions"}],"predecessor-version":[{"id":1247,"href":"https:\/\/www.cope.es\/blogs\/a-tumba-abierta\/wp-json\/wp\/v2\/posts\/1242\/revisions\/1247"}],"wp:featuredmedia":[{"embeddable":true,"href":"https:\/\/www.cope.es\/blogs\/a-tumba-abierta\/wp-json\/wp\/v2\/media\/1246"}],"wp:attachment":[{"href":"https:\/\/www.cope.es\/blogs\/a-tumba-abierta\/wp-json\/wp\/v2\/media?parent=1242"}],"wp:term":[{"taxonomy":"category","embeddable":true,"href":"https:\/\/www.cope.es\/blogs\/a-tumba-abierta\/wp-json\/wp\/v2\/categories?post=1242"},{"taxonomy":"post_tag","embeddable":true,"href":"https:\/\/www.cope.es\/blogs\/a-tumba-abierta\/wp-json\/wp\/v2\/tags?post=1242"}],"curies":[{"name":"wp","href":"https:\/\/api.w.org\/{rel}","templated":true}]}}