{"id":1210,"date":"2021-03-09T22:59:06","date_gmt":"2021-03-09T21:59:06","guid":{"rendered":"http:\/\/www.cope.es\/blogs\/a-tumba-abierta\/?p=1210"},"modified":"2021-03-09T22:59:06","modified_gmt":"2021-03-09T21:59:06","slug":"yates-pogacar-bernal-y-thomas-poker-de-ases-en-la-tirreno-adriatico","status":"publish","type":"post","link":"https:\/\/www.cope.es\/blogs\/a-tumba-abierta\/2021\/03\/09\/yates-pogacar-bernal-y-thomas-poker-de-ases-en-la-tirreno-adriatico\/","title":{"rendered":"Yates, Pogacar, Bernal y Thomas, p\u00f3ker de ases en la Tirreno-Adri\u00e1tico"},"content":{"rendered":"<p>La 56\u00aa edici\u00f3n de la <a href=\"https:\/\/www.tirrenoadriatico.it\/en\/\" target=\"_blank\">Tirreno-Adri\u00e1tico<\/a>, que empieza este mi\u00e9rcoles y se celebra hasta el 16 de marzo, contar\u00e1 con algunos de los primeras espadas del pelot\u00f3n internacional como el vigente poseedor del tridente, el brit\u00e1nico <strong>Simon Yates<\/strong>, o <strong>Tadej Pogacar<\/strong>, vigente ganador del Tour de Francia.<\/p>\n<p>Yates defender\u00e1 el &#8216;Tridente di Nettuno&#8217; ante corredores como el mencionado Pogacar, <strong>Egan Bernal<\/strong> o <strong>Geraint Thomas<\/strong>. La &#8216;Carrera de los dos Mares&#8217; tambi\u00e9n contar\u00e1 con el &#8216;tibur\u00f3n&#8217; <strong>Vincenzo Nibali<\/strong> &#8211;ganador en 2012 y 2013&#8211;, <strong>Nairo Quintana<\/strong> &#8211;ganador en 2015 y 2017&#8211; as\u00ed como <strong>Jo\u00e3o Almeida<\/strong>, <strong>Jakob Fuglsang<\/strong>, <strong>Romain Bardet<\/strong>, <strong>Mikel Landa<\/strong>, <strong>Wout Van Aert<\/strong>, <strong>Mathieu van der Poel<\/strong> y <strong>Julian Alaphilippe<\/strong>.<\/p>\n<p>En cuanto a velocistas puros, estar\u00e1n <strong>Caleb Ewan<\/strong>, <strong>Fernando Gaviria<\/strong>, <strong>Davide Ballerini<\/strong>, <strong>Elia Viviani<\/strong> o <strong>Tim Merlier<\/strong>, mientras que el campe\u00f3n mundial de contrarreloj <strong>Filippo Ganna<\/strong> buscar\u00e1 aprovechar su momento contra el &#8216;crono&#8217; en San Benedetto del Tronto.<\/p>\n","protected":false},"excerpt":{"rendered":"<p>La 56\u00aa edici\u00f3n de la Tirreno-Adri\u00e1tico, que empieza este mi\u00e9rcoles y se celebra hasta el 16 de marzo, contar\u00e1 con algunos de los primeras espadas del pelot\u00f3n internacional como el vigente poseedor del tridente, el brit\u00e1nico Simon Yates, o Tadej Pogacar, vigente ganador del Tour de Francia. Yates defender\u00e1 el &#8216;Tridente di Nettuno&#8217; ante corredores [&hellip;]<\/p>\n","protected":false},"author":24,"featured_media":1214,"comment_status":"open","ping_status":"open","sticky":false,"template":"","format":"standard","meta":{"footnotes":""},"categories":[75],"tags":[11],"class_list":["post-1210","post","type-post","status-publish","format-standard","has-post-thumbnail","hentry","category-calendario","tag-ciclismo"],"yoast_head":"<!-- This site is optimized with the Yoast SEO plugin v27.4 - https:\/\/yoast.com\/product\/yoast-seo-wordpress\/ -->\n<title>Yates, Pogacar, Bernal y Thomas, p\u00f3ker de ases en la Tirreno-Adri\u00e1tico<\/title>\n<meta name=\"description\" content=\"La prueba contar\u00e1 a partir de este mi\u00e9rcoles con algunos de los primeras espadas del pelot\u00f3n internacional como Yates, Pogacar, Bernal y Thomas.\" \/>\n<meta name=\"robots\" content=\"index, follow, max-snippet:-1, max-image-preview:large, max-video-preview:-1\" \/>\n<link rel=\"canonical\" href=\"https:\/\/www.cope.es\/blogs\/a-tumba-abierta\/2021\/03\/09\/yates-pogacar-bernal-y-thomas-poker-de-ases-en-la-tirreno-adriatico\/\" \/>\n<meta property=\"og:locale\" content=\"es_ES\" \/>\n<meta property=\"og:type\" content=\"article\" \/>\n<meta property=\"og:title\" content=\"Yates, Pogacar, Bernal y Thomas, p\u00f3ker de ases en la Tirreno-Adri\u00e1tico\" \/>\n<meta property=\"og:description\" content=\"La prueba contar\u00e1 a partir de este mi\u00e9rcoles con algunos de los primeras espadas del pelot\u00f3n internacional como Yates, Pogacar, Bernal y Thomas.\" \/>\n<meta property=\"og:url\" content=\"https:\/\/www.cope.es\/blogs\/a-tumba-abierta\/2021\/03\/09\/yates-pogacar-bernal-y-thomas-poker-de-ases-en-la-tirreno-adriatico\/\" \/>\n<meta property=\"og:site_name\" content=\"A Tumba Abierta\" \/>\n<meta property=\"article:publisher\" content=\"https:\/\/www.facebook.com\/cope\/\" \/>\n<meta property=\"article:author\" content=\"https:\/\/es-es.facebook.com\/cristobal.cabezasmartin\" \/>\n<meta property=\"article:published_time\" content=\"2021-03-09T21:59:06+00:00\" \/>\n<meta property=\"og:image\" content=\"https:\/\/www.cope.es\/blogs\/a-tumba-abierta\/wp-content\/uploads\/sites\/23\/2021\/03\/fotonoticia_20210309181217_1920-e1615326928188.jpg\" \/>\n\t<meta property=\"og:image:width\" content=\"1920\" \/>\n\t<meta property=\"og:image:height\" content=\"1156\" \/>\n\t<meta property=\"og:image:type\" content=\"image\/jpeg\" \/>\n<meta name=\"author\" content=\"Crist\u00f3bal Cabezas\" \/>\n<meta name=\"twitter:card\" content=\"summary_large_image\" \/>\n<meta name=\"twitter:creator\" content=\"@cristoblcabezas\" \/>\n<meta name=\"twitter:site\" content=\"@cope_es\" \/>\n<meta name=\"twitter:label1\" content=\"Escrito por\" \/>\n\t<meta name=\"twitter:data1\" content=\"Crist\u00f3bal Cabezas\" \/>\n\t<meta name=\"twitter:label2\" content=\"Tiempo de lectura\" \/>\n\t<meta name=\"twitter:data2\" content=\"1 minuto\" \/>\n<script type=\"application\/ld+json\" class=\"yoast-schema-graph\">{\"@context\":\"https:\\\/\\\/schema.org\",\"@graph\":[{\"@type\":\"Article\",\"@id\":\"https:\\\/\\\/www.cope.es\\\/blogs\\\/a-tumba-abierta\\\/2021\\\/03\\\/09\\\/yates-pogacar-bernal-y-thomas-poker-de-ases-en-la-tirreno-adriatico\\\/#article\",\"isPartOf\":{\"@id\":\"https:\\\/\\\/www.cope.es\\\/blogs\\\/a-tumba-abierta\\\/2021\\\/03\\\/09\\\/yates-pogacar-bernal-y-thomas-poker-de-ases-en-la-tirreno-adriatico\\\/\"},\"author\":{\"name\":\"Crist\u00f3bal Cabezas\",\"@id\":\"https:\\\/\\\/www.cope.es\\\/blogs\\\/a-tumba-abierta\\\/#\\\/schema\\\/person\\\/413f6566db421693223476f6b63a643b\"},\"headline\":\"Yates, Pogacar, Bernal y Thomas, p\u00f3ker de ases en la Tirreno-Adri\u00e1tico\",\"datePublished\":\"2021-03-09T21:59:06+00:00\",\"mainEntityOfPage\":{\"@id\":\"https:\\\/\\\/www.cope.es\\\/blogs\\\/a-tumba-abierta\\\/2021\\\/03\\\/09\\\/yates-pogacar-bernal-y-thomas-poker-de-ases-en-la-tirreno-adriatico\\\/\"},\"wordCount\":166,\"commentCount\":0,\"image\":{\"@id\":\"https:\\\/\\\/www.cope.es\\\/blogs\\\/a-tumba-abierta\\\/2021\\\/03\\\/09\\\/yates-pogacar-bernal-y-thomas-poker-de-ases-en-la-tirreno-adriatico\\\/#primaryimage\"},\"thumbnailUrl\":\"https:\\\/\\\/www.cope.es\\\/blogs\\\/a-tumba-abierta\\\/wp-content\\\/uploads\\\/sites\\\/23\\\/2021\\\/03\\\/fotonoticia_20210309181217_1920-e1615326928188.jpg\",\"keywords\":[\"Ciclismo\"],\"articleSection\":[\"Calendario\"],\"inLanguage\":\"es\",\"potentialAction\":[{\"@type\":\"CommentAction\",\"name\":\"Comment\",\"target\":[\"https:\\\/\\\/www.cope.es\\\/blogs\\\/a-tumba-abierta\\\/2021\\\/03\\\/09\\\/yates-pogacar-bernal-y-thomas-poker-de-ases-en-la-tirreno-adriatico\\\/#respond\"]}]},{\"@type\":\"WebPage\",\"@id\":\"https:\\\/\\\/www.cope.es\\\/blogs\\\/a-tumba-abierta\\\/2021\\\/03\\\/09\\\/yates-pogacar-bernal-y-thomas-poker-de-ases-en-la-tirreno-adriatico\\\/\",\"url\":\"https:\\\/\\\/www.cope.es\\\/blogs\\\/a-tumba-abierta\\\/2021\\\/03\\\/09\\\/yates-pogacar-bernal-y-thomas-poker-de-ases-en-la-tirreno-adriatico\\\/\",\"name\":\"Yates, Pogacar, Bernal y Thomas, p\u00f3ker de ases en la Tirreno-Adri\u00e1tico\",\"isPartOf\":{\"@id\":\"https:\\\/\\\/www.cope.es\\\/blogs\\\/a-tumba-abierta\\\/#website\"},\"primaryImageOfPage\":{\"@id\":\"https:\\\/\\\/www.cope.es\\\/blogs\\\/a-tumba-abierta\\\/2021\\\/03\\\/09\\\/yates-pogacar-bernal-y-thomas-poker-de-ases-en-la-tirreno-adriatico\\\/#primaryimage\"},\"image\":{\"@id\":\"https:\\\/\\\/www.cope.es\\\/blogs\\\/a-tumba-abierta\\\/2021\\\/03\\\/09\\\/yates-pogacar-bernal-y-thomas-poker-de-ases-en-la-tirreno-adriatico\\\/#primaryimage\"},\"thumbnailUrl\":\"https:\\\/\\\/www.cope.es\\\/blogs\\\/a-tumba-abierta\\\/wp-content\\\/uploads\\\/sites\\\/23\\\/2021\\\/03\\\/fotonoticia_20210309181217_1920-e1615326928188.jpg\",\"datePublished\":\"2021-03-09T21:59:06+00:00\",\"author\":{\"@id\":\"https:\\\/\\\/www.cope.es\\\/blogs\\\/a-tumba-abierta\\\/#\\\/schema\\\/person\\\/413f6566db421693223476f6b63a643b\"},\"description\":\"La prueba contar\u00e1 a partir de este mi\u00e9rcoles con algunos de los primeras espadas del pelot\u00f3n internacional como Yates, Pogacar, Bernal y Thomas.\",\"breadcrumb\":{\"@id\":\"https:\\\/\\\/www.cope.es\\\/blogs\\\/a-tumba-abierta\\\/2021\\\/03\\\/09\\\/yates-pogacar-bernal-y-thomas-poker-de-ases-en-la-tirreno-adriatico\\\/#breadcrumb\"},\"inLanguage\":\"es\",\"potentialAction\":[{\"@type\":\"ReadAction\",\"target\":[\"https:\\\/\\\/www.cope.es\\\/blogs\\\/a-tumba-abierta\\\/2021\\\/03\\\/09\\\/yates-pogacar-bernal-y-thomas-poker-de-ases-en-la-tirreno-adriatico\\\/\"]}]},{\"@type\":\"ImageObject\",\"inLanguage\":\"es\",\"@id\":\"https:\\\/\\\/www.cope.es\\\/blogs\\\/a-tumba-abierta\\\/2021\\\/03\\\/09\\\/yates-pogacar-bernal-y-thomas-poker-de-ases-en-la-tirreno-adriatico\\\/#primaryimage\",\"url\":\"https:\\\/\\\/www.cope.es\\\/blogs\\\/a-tumba-abierta\\\/wp-content\\\/uploads\\\/sites\\\/23\\\/2021\\\/03\\\/fotonoticia_20210309181217_1920-e1615326928188.jpg\",\"contentUrl\":\"https:\\\/\\\/www.cope.es\\\/blogs\\\/a-tumba-abierta\\\/wp-content\\\/uploads\\\/sites\\\/23\\\/2021\\\/03\\\/fotonoticia_20210309181217_1920-e1615326928188.jpg\",\"width\":1920,\"height\":1156,\"caption\":\"09\\\/03\\\/2021 Podio de la Tirreno-Adri\u00e1tico 2020, con Simon Yates (en el centro) como ganador, por delante de Geraint Thomas (izquierda) y de Rafal Majka (derecha) DEPORTES TIRRENO-ADRIATICO\"},{\"@type\":\"BreadcrumbList\",\"@id\":\"https:\\\/\\\/www.cope.es\\\/blogs\\\/a-tumba-abierta\\\/2021\\\/03\\\/09\\\/yates-pogacar-bernal-y-thomas-poker-de-ases-en-la-tirreno-adriatico\\\/#breadcrumb\",\"itemListElement\":[{\"@type\":\"ListItem\",\"position\":1,\"name\":\"Portada\",\"item\":\"https:\\\/\\\/www.cope.es\\\/blogs\\\/a-tumba-abierta\\\/\"},{\"@type\":\"ListItem\",\"position\":2,\"name\":\"Yates, Pogacar, Bernal y Thomas, p\u00f3ker de ases en la Tirreno-Adri\u00e1tico\"}]},{\"@type\":\"WebSite\",\"@id\":\"https:\\\/\\\/www.cope.es\\\/blogs\\\/a-tumba-abierta\\\/#website\",\"url\":\"https:\\\/\\\/www.cope.es\\\/blogs\\\/a-tumba-abierta\\\/\",\"name\":\"A Tumba Abierta\",\"description\":\"Blog de ciclismo en COPE\",\"potentialAction\":[{\"@type\":\"SearchAction\",\"target\":{\"@type\":\"EntryPoint\",\"urlTemplate\":\"https:\\\/\\\/www.cope.es\\\/blogs\\\/a-tumba-abierta\\\/?s={search_term_string}\"},\"query-input\":{\"@type\":\"PropertyValueSpecification\",\"valueRequired\":true,\"valueName\":\"search_term_string\"}}],\"inLanguage\":\"es\"},{\"@type\":\"Person\",\"@id\":\"https:\\\/\\\/www.cope.es\\\/blogs\\\/a-tumba-abierta\\\/#\\\/schema\\\/person\\\/413f6566db421693223476f6b63a643b\",\"name\":\"Crist\u00f3bal Cabezas\",\"image\":{\"@type\":\"ImageObject\",\"inLanguage\":\"es\",\"@id\":\"https:\\\/\\\/secure.gravatar.com\\\/avatar\\\/361550a2a3cac91688caa1b00f2a1fa4e89a6c4361562ca29a361ce0041974c2?s=96&d=mm&r=g\",\"url\":\"https:\\\/\\\/secure.gravatar.com\\\/avatar\\\/361550a2a3cac91688caa1b00f2a1fa4e89a6c4361562ca29a361ce0041974c2?s=96&d=mm&r=g\",\"contentUrl\":\"https:\\\/\\\/secure.gravatar.com\\\/avatar\\\/361550a2a3cac91688caa1b00f2a1fa4e89a6c4361562ca29a361ce0041974c2?s=96&d=mm&r=g\",\"caption\":\"Crist\u00f3bal Cabezas\"},\"description\":\"Crist\u00f3bal Cabezas es Licenciado en Periodismo por la Universidad Complutense de Madrid y T\u00edtulo en T\u00e9cnico en Comunicaci\u00f3n Integral por la Universidad Francisco de Vitoria. Tras desempe\u00f1ar tareas informativas en diferentes medios, recal\u00f3 en la Cadena COPE en el a\u00f1o 2005. Desde entonces, ha trabajado en las emisoras de Madrid, Granada, Jaca (Huesca) y Toledo, en donde se incorpor\u00f3 en 2013 como Jefe de Informativos de la Cadena COPE en Castilla-La Mancha. Siempre tuvo claro que quer\u00eda ser periodista y, a esa afici\u00f3n, se uni\u00f3 la del ciclismo, deporte con el que ha disfrutado mucho, tanto a trav\u00e9s de los medios de comunicaci\u00f3n como asistiendo en directo a diferentes carreras ciclistas. El inter\u00e9s que siempre mostr\u00f3 con todo lo relacionado con Internet y las redes sociales, fue reconocido con el Premio \u201cD\u00eda de Internet\u201d en la categor\u00eda de \u201cMejor Periodista Digital\u201d por sus trabajos en la Cadena COPE. Precisamente, esa pasi\u00f3n por las nuevas tecnolog\u00edas, espera que sea el \u201cveh\u00edculo\u201d para poder contar \u201cA Tumba Abierta\u201d las mejores historias del deporte de las dos ruedas.\",\"sameAs\":[\"http:\\\/\\\/www.cope.es\",\"https:\\\/\\\/es-es.facebook.com\\\/cristobal.cabezasmartin\",\"https:\\\/\\\/x.com\\\/cristoblcabezas\"],\"url\":\"https:\\\/\\\/www.cope.es\\\/blogs\\\/a-tumba-abierta\\\/author\\\/ccabezas\\\/\"}]}<\/script>\n<!-- \/ Yoast SEO plugin. -->","yoast_head_json":{"title":"Yates, Pogacar, Bernal y Thomas, p\u00f3ker de ases en la Tirreno-Adri\u00e1tico","description":"La prueba contar\u00e1 a partir de este mi\u00e9rcoles con algunos de los primeras espadas del pelot\u00f3n internacional como Yates, Pogacar, Bernal y Thomas.","robots":{"index":"index","follow":"follow","max-snippet":"max-snippet:-1","max-image-preview":"max-image-preview:large","max-video-preview":"max-video-preview:-1"},"canonical":"https:\/\/www.cope.es\/blogs\/a-tumba-abierta\/2021\/03\/09\/yates-pogacar-bernal-y-thomas-poker-de-ases-en-la-tirreno-adriatico\/","og_locale":"es_ES","og_type":"article","og_title":"Yates, Pogacar, Bernal y Thomas, p\u00f3ker de ases en la Tirreno-Adri\u00e1tico","og_description":"La prueba contar\u00e1 a partir de este mi\u00e9rcoles con algunos de los primeras espadas del pelot\u00f3n internacional como Yates, Pogacar, Bernal y Thomas.","og_url":"https:\/\/www.cope.es\/blogs\/a-tumba-abierta\/2021\/03\/09\/yates-pogacar-bernal-y-thomas-poker-de-ases-en-la-tirreno-adriatico\/","og_site_name":"A Tumba Abierta","article_publisher":"https:\/\/www.facebook.com\/cope\/","article_author":"https:\/\/es-es.facebook.com\/cristobal.cabezasmartin","article_published_time":"2021-03-09T21:59:06+00:00","og_image":[{"width":1920,"height":1156,"url":"https:\/\/www.cope.es\/blogs\/a-tumba-abierta\/wp-content\/uploads\/sites\/23\/2021\/03\/fotonoticia_20210309181217_1920-e1615326928188.jpg","type":"image\/jpeg"}],"author":"Crist\u00f3bal Cabezas","twitter_card":"summary_large_image","twitter_creator":"@cristoblcabezas","twitter_site":"@cope_es","twitter_misc":{"Escrito por":"Crist\u00f3bal Cabezas","Tiempo de lectura":"1 minuto"},"schema":{"@context":"https:\/\/schema.org","@graph":[{"@type":"Article","@id":"https:\/\/www.cope.es\/blogs\/a-tumba-abierta\/2021\/03\/09\/yates-pogacar-bernal-y-thomas-poker-de-ases-en-la-tirreno-adriatico\/#article","isPartOf":{"@id":"https:\/\/www.cope.es\/blogs\/a-tumba-abierta\/2021\/03\/09\/yates-pogacar-bernal-y-thomas-poker-de-ases-en-la-tirreno-adriatico\/"},"author":{"name":"Crist\u00f3bal Cabezas","@id":"https:\/\/www.cope.es\/blogs\/a-tumba-abierta\/#\/schema\/person\/413f6566db421693223476f6b63a643b"},"headline":"Yates, Pogacar, Bernal y Thomas, p\u00f3ker de ases en la Tirreno-Adri\u00e1tico","datePublished":"2021-03-09T21:59:06+00:00","mainEntityOfPage":{"@id":"https:\/\/www.cope.es\/blogs\/a-tumba-abierta\/2021\/03\/09\/yates-pogacar-bernal-y-thomas-poker-de-ases-en-la-tirreno-adriatico\/"},"wordCount":166,"commentCount":0,"image":{"@id":"https:\/\/www.cope.es\/blogs\/a-tumba-abierta\/2021\/03\/09\/yates-pogacar-bernal-y-thomas-poker-de-ases-en-la-tirreno-adriatico\/#primaryimage"},"thumbnailUrl":"https:\/\/www.cope.es\/blogs\/a-tumba-abierta\/wp-content\/uploads\/sites\/23\/2021\/03\/fotonoticia_20210309181217_1920-e1615326928188.jpg","keywords":["Ciclismo"],"articleSection":["Calendario"],"inLanguage":"es","potentialAction":[{"@type":"CommentAction","name":"Comment","target":["https:\/\/www.cope.es\/blogs\/a-tumba-abierta\/2021\/03\/09\/yates-pogacar-bernal-y-thomas-poker-de-ases-en-la-tirreno-adriatico\/#respond"]}]},{"@type":"WebPage","@id":"https:\/\/www.cope.es\/blogs\/a-tumba-abierta\/2021\/03\/09\/yates-pogacar-bernal-y-thomas-poker-de-ases-en-la-tirreno-adriatico\/","url":"https:\/\/www.cope.es\/blogs\/a-tumba-abierta\/2021\/03\/09\/yates-pogacar-bernal-y-thomas-poker-de-ases-en-la-tirreno-adriatico\/","name":"Yates, Pogacar, Bernal y Thomas, p\u00f3ker de ases en la Tirreno-Adri\u00e1tico","isPartOf":{"@id":"https:\/\/www.cope.es\/blogs\/a-tumba-abierta\/#website"},"primaryImageOfPage":{"@id":"https:\/\/www.cope.es\/blogs\/a-tumba-abierta\/2021\/03\/09\/yates-pogacar-bernal-y-thomas-poker-de-ases-en-la-tirreno-adriatico\/#primaryimage"},"image":{"@id":"https:\/\/www.cope.es\/blogs\/a-tumba-abierta\/2021\/03\/09\/yates-pogacar-bernal-y-thomas-poker-de-ases-en-la-tirreno-adriatico\/#primaryimage"},"thumbnailUrl":"https:\/\/www.cope.es\/blogs\/a-tumba-abierta\/wp-content\/uploads\/sites\/23\/2021\/03\/fotonoticia_20210309181217_1920-e1615326928188.jpg","datePublished":"2021-03-09T21:59:06+00:00","author":{"@id":"https:\/\/www.cope.es\/blogs\/a-tumba-abierta\/#\/schema\/person\/413f6566db421693223476f6b63a643b"},"description":"La prueba contar\u00e1 a partir de este mi\u00e9rcoles con algunos de los primeras espadas del pelot\u00f3n internacional como Yates, Pogacar, Bernal y Thomas.","breadcrumb":{"@id":"https:\/\/www.cope.es\/blogs\/a-tumba-abierta\/2021\/03\/09\/yates-pogacar-bernal-y-thomas-poker-de-ases-en-la-tirreno-adriatico\/#breadcrumb"},"inLanguage":"es","potentialAction":[{"@type":"ReadAction","target":["https:\/\/www.cope.es\/blogs\/a-tumba-abierta\/2021\/03\/09\/yates-pogacar-bernal-y-thomas-poker-de-ases-en-la-tirreno-adriatico\/"]}]},{"@type":"ImageObject","inLanguage":"es","@id":"https:\/\/www.cope.es\/blogs\/a-tumba-abierta\/2021\/03\/09\/yates-pogacar-bernal-y-thomas-poker-de-ases-en-la-tirreno-adriatico\/#primaryimage","url":"https:\/\/www.cope.es\/blogs\/a-tumba-abierta\/wp-content\/uploads\/sites\/23\/2021\/03\/fotonoticia_20210309181217_1920-e1615326928188.jpg","contentUrl":"https:\/\/www.cope.es\/blogs\/a-tumba-abierta\/wp-content\/uploads\/sites\/23\/2021\/03\/fotonoticia_20210309181217_1920-e1615326928188.jpg","width":1920,"height":1156,"caption":"09\/03\/2021 Podio de la Tirreno-Adri\u00e1tico 2020, con Simon Yates (en el centro) como ganador, por delante de Geraint Thomas (izquierda) y de Rafal Majka (derecha) DEPORTES TIRRENO-ADRIATICO"},{"@type":"BreadcrumbList","@id":"https:\/\/www.cope.es\/blogs\/a-tumba-abierta\/2021\/03\/09\/yates-pogacar-bernal-y-thomas-poker-de-ases-en-la-tirreno-adriatico\/#breadcrumb","itemListElement":[{"@type":"ListItem","position":1,"name":"Portada","item":"https:\/\/www.cope.es\/blogs\/a-tumba-abierta\/"},{"@type":"ListItem","position":2,"name":"Yates, Pogacar, Bernal y Thomas, p\u00f3ker de ases en la Tirreno-Adri\u00e1tico"}]},{"@type":"WebSite","@id":"https:\/\/www.cope.es\/blogs\/a-tumba-abierta\/#website","url":"https:\/\/www.cope.es\/blogs\/a-tumba-abierta\/","name":"A Tumba Abierta","description":"Blog de ciclismo en COPE","potentialAction":[{"@type":"SearchAction","target":{"@type":"EntryPoint","urlTemplate":"https:\/\/www.cope.es\/blogs\/a-tumba-abierta\/?s={search_term_string}"},"query-input":{"@type":"PropertyValueSpecification","valueRequired":true,"valueName":"search_term_string"}}],"inLanguage":"es"},{"@type":"Person","@id":"https:\/\/www.cope.es\/blogs\/a-tumba-abierta\/#\/schema\/person\/413f6566db421693223476f6b63a643b","name":"Crist\u00f3bal Cabezas","image":{"@type":"ImageObject","inLanguage":"es","@id":"https:\/\/secure.gravatar.com\/avatar\/361550a2a3cac91688caa1b00f2a1fa4e89a6c4361562ca29a361ce0041974c2?s=96&d=mm&r=g","url":"https:\/\/secure.gravatar.com\/avatar\/361550a2a3cac91688caa1b00f2a1fa4e89a6c4361562ca29a361ce0041974c2?s=96&d=mm&r=g","contentUrl":"https:\/\/secure.gravatar.com\/avatar\/361550a2a3cac91688caa1b00f2a1fa4e89a6c4361562ca29a361ce0041974c2?s=96&d=mm&r=g","caption":"Crist\u00f3bal Cabezas"},"description":"Crist\u00f3bal Cabezas es Licenciado en Periodismo por la Universidad Complutense de Madrid y T\u00edtulo en T\u00e9cnico en Comunicaci\u00f3n Integral por la Universidad Francisco de Vitoria. Tras desempe\u00f1ar tareas informativas en diferentes medios, recal\u00f3 en la Cadena COPE en el a\u00f1o 2005. Desde entonces, ha trabajado en las emisoras de Madrid, Granada, Jaca (Huesca) y Toledo, en donde se incorpor\u00f3 en 2013 como Jefe de Informativos de la Cadena COPE en Castilla-La Mancha. Siempre tuvo claro que quer\u00eda ser periodista y, a esa afici\u00f3n, se uni\u00f3 la del ciclismo, deporte con el que ha disfrutado mucho, tanto a trav\u00e9s de los medios de comunicaci\u00f3n como asistiendo en directo a diferentes carreras ciclistas. El inter\u00e9s que siempre mostr\u00f3 con todo lo relacionado con Internet y las redes sociales, fue reconocido con el Premio \u201cD\u00eda de Internet\u201d en la categor\u00eda de \u201cMejor Periodista Digital\u201d por sus trabajos en la Cadena COPE. Precisamente, esa pasi\u00f3n por las nuevas tecnolog\u00edas, espera que sea el \u201cveh\u00edculo\u201d para poder contar \u201cA Tumba Abierta\u201d las mejores historias del deporte de las dos ruedas.","sameAs":["http:\/\/www.cope.es","https:\/\/es-es.facebook.com\/cristobal.cabezasmartin","https:\/\/x.com\/cristoblcabezas"],"url":"https:\/\/www.cope.es\/blogs\/a-tumba-abierta\/author\/ccabezas\/"}]}},"amp_enabled":true,"_links":{"self":[{"href":"https:\/\/www.cope.es\/blogs\/a-tumba-abierta\/wp-json\/wp\/v2\/posts\/1210","targetHints":{"allow":["GET"]}}],"collection":[{"href":"https:\/\/www.cope.es\/blogs\/a-tumba-abierta\/wp-json\/wp\/v2\/posts"}],"about":[{"href":"https:\/\/www.cope.es\/blogs\/a-tumba-abierta\/wp-json\/wp\/v2\/types\/post"}],"author":[{"embeddable":true,"href":"https:\/\/www.cope.es\/blogs\/a-tumba-abierta\/wp-json\/wp\/v2\/users\/24"}],"replies":[{"embeddable":true,"href":"https:\/\/www.cope.es\/blogs\/a-tumba-abierta\/wp-json\/wp\/v2\/comments?post=1210"}],"version-history":[{"count":2,"href":"https:\/\/www.cope.es\/blogs\/a-tumba-abierta\/wp-json\/wp\/v2\/posts\/1210\/revisions"}],"predecessor-version":[{"id":1213,"href":"https:\/\/www.cope.es\/blogs\/a-tumba-abierta\/wp-json\/wp\/v2\/posts\/1210\/revisions\/1213"}],"wp:featuredmedia":[{"embeddable":true,"href":"https:\/\/www.cope.es\/blogs\/a-tumba-abierta\/wp-json\/wp\/v2\/media\/1214"}],"wp:attachment":[{"href":"https:\/\/www.cope.es\/blogs\/a-tumba-abierta\/wp-json\/wp\/v2\/media?parent=1210"}],"wp:term":[{"taxonomy":"category","embeddable":true,"href":"https:\/\/www.cope.es\/blogs\/a-tumba-abierta\/wp-json\/wp\/v2\/categories?post=1210"},{"taxonomy":"post_tag","embeddable":true,"href":"https:\/\/www.cope.es\/blogs\/a-tumba-abierta\/wp-json\/wp\/v2\/tags?post=1210"}],"curies":[{"name":"wp","href":"https:\/\/api.w.org\/{rel}","templated":true}]}}