{"id":1193,"date":"2021-03-06T21:51:09","date_gmt":"2021-03-06T20:51:09","guid":{"rendered":"http:\/\/www.cope.es\/blogs\/a-tumba-abierta\/?p=1193"},"modified":"2021-03-06T21:51:09","modified_gmt":"2021-03-06T20:51:09","slug":"van-der-poel-gana-la-strade-bianche-con-un-espectacular-hachazo","status":"publish","type":"post","link":"https:\/\/www.cope.es\/blogs\/a-tumba-abierta\/2021\/03\/06\/van-der-poel-gana-la-strade-bianche-con-un-espectacular-hachazo\/","title":{"rendered":"Van der Poel gana la Strade Bianche con un espectacular &#8220;hachazo&#8221;"},"content":{"rendered":"<p>El corredor neerland\u00e9s <strong>Mathieu Van der Poel<\/strong> (Alpecin-F\u00e9nix) conquist\u00f3 este s\u00e1bado la <a href=\"https:\/\/www.strade-bianche.it\/en\/\" target=\"_blank\">Strade Bianche<\/a>, la cl\u00e1sica italiana que termina en las rampas adoquinadas de Siena, tras un &#8220;hachazo&#8221; brutal que acab\u00f3 con el franc\u00e9s <strong>Julien Alaphilippe<\/strong> (Quick-Step) segundo, y el colombiano <strong>Egan Bernal<\/strong>, tercero.<\/p>\n<p>Van der Poel, de 26 a\u00f1os, no tuvo rival en un final apote\u00f3sico, un premio al esfuerzo del corredor del Alpecin, que hizo el vac\u00edo a sus rivales en la \u00faltima subida a Santa Caterina para llegar en solitario a la &#8216;Piazza del Campo&#8217; de la bella ciudad italiana.<\/p>\n<p>La estocada le permiti\u00f3 aventajar a Alaphilippe en cinco segundos y en veinte a Egan Bernal. El vigente campe\u00f3n del mundo de cross, un t\u00edtulo que logr\u00f3 el pasado mes de enero, se estrena as\u00ed en el palmar\u00e9s de la cl\u00e1sica transalpina, dando relevo al belga <strong>Wout van Aert<\/strong>, cuarto este s\u00e1bado.<\/p>\n<p>Adem\u00e1s, el vigente campe\u00f3n del Tour de los Emiratos, <strong>Tadej Pogacar<\/strong> (UAE Emirates Team) concluy\u00f3 s\u00e9ptimo, lejos de los m\u00e1s punteros, mientras que el mejor espa\u00f1ol de la prueba fue <strong>Pello Bilbao<\/strong> (Bahrain Victorius) que acab\u00f3 en la d\u00e9cima posici\u00f3n.<\/p>\n<p>Por su parte, la excampeona mundial <strong>Chantal van den Broek-Blaak<\/strong> (SDW) se llev\u00f3 la 7\u00aa edici\u00f3n de la Strade Bianche femenina, primera prueba del UCI Women&#8217;s WorldTour 2021, gracias a una postrera fuga junto a <strong>Elisa Longo Borghini<\/strong> (TFS) que salt\u00f3 despu\u00e9s de los \u00faltimos tramos de &#8216;sterrato&#8217;.<\/p>\n<p>Las victorias de Mathieu Van der Poel y Chantal van den Broek-Blaak en la Strade Bianche son el principal asunto que hoy te contamos en <a href=\"https:\/\/www.cope.es\/blogs\/a-tumba-abierta\/\" target=\"_blank\">\u201cA Tumba Abierta\u201d<\/a>, un blog dirigido por Crist\u00f3bal Cabezas en el que el ciclismo es siempre el gran protagonista.<\/p>\n","protected":false},"excerpt":{"rendered":"<p>El corredor neerland\u00e9s Mathieu Van der Poel (Alpecin-F\u00e9nix) conquist\u00f3 este s\u00e1bado la Strade Bianche, la cl\u00e1sica italiana que termina en las rampas adoquinadas de Siena, tras un &#8220;hachazo&#8221; brutal que acab\u00f3 con el franc\u00e9s Julien Alaphilippe (Quick-Step) segundo, y el colombiano Egan Bernal, tercero. Van der Poel, de 26 a\u00f1os, no tuvo rival en un [&hellip;]<\/p>\n","protected":false},"author":24,"featured_media":1194,"comment_status":"open","ping_status":"open","sticky":false,"template":"","format":"standard","meta":{"footnotes":""},"categories":[140],"tags":[11],"class_list":["post-1193","post","type-post","status-publish","format-standard","has-post-thumbnail","hentry","category-actualidad","tag-ciclismo"],"yoast_head":"<!-- This site is optimized with the Yoast SEO plugin v27.4 - https:\/\/yoast.com\/product\/yoast-seo-wordpress\/ -->\n<title>Van der Poel gana la Strade Bianche con un espectacular &quot;hachazo&quot;<\/title>\n<meta name=\"description\" content=\"Mathieu Van der Poel (Alpecin-F\u00e9nix) conquist\u00f3 este s\u00e1bado la Strade Bianche, la cl\u00e1sica italiana que termina en las rampas adoquinadas de Siena.\" \/>\n<meta name=\"robots\" content=\"index, follow, max-snippet:-1, max-image-preview:large, max-video-preview:-1\" \/>\n<link rel=\"canonical\" href=\"https:\/\/www.cope.es\/blogs\/a-tumba-abierta\/2021\/03\/06\/van-der-poel-gana-la-strade-bianche-con-un-espectacular-hachazo\/\" \/>\n<meta property=\"og:locale\" content=\"es_ES\" \/>\n<meta property=\"og:type\" content=\"article\" \/>\n<meta property=\"og:title\" content=\"Van der Poel gana la Strade Bianche con un espectacular &quot;hachazo&quot;\" \/>\n<meta property=\"og:description\" content=\"Mathieu Van der Poel (Alpecin-F\u00e9nix) conquist\u00f3 este s\u00e1bado la Strade Bianche, la cl\u00e1sica italiana que termina en las rampas adoquinadas de Siena.\" \/>\n<meta property=\"og:url\" content=\"https:\/\/www.cope.es\/blogs\/a-tumba-abierta\/2021\/03\/06\/van-der-poel-gana-la-strade-bianche-con-un-espectacular-hachazo\/\" \/>\n<meta property=\"og:site_name\" content=\"A Tumba Abierta\" \/>\n<meta property=\"article:publisher\" content=\"https:\/\/www.facebook.com\/cope\/\" \/>\n<meta property=\"article:author\" content=\"https:\/\/es-es.facebook.com\/cristobal.cabezasmartin\" \/>\n<meta property=\"article:published_time\" content=\"2021-03-06T20:51:09+00:00\" \/>\n<meta property=\"og:image\" content=\"https:\/\/www.cope.es\/blogs\/a-tumba-abierta\/wp-content\/uploads\/sites\/23\/2021\/03\/DEF-scaled-e1615062743936.jpg\" \/>\n\t<meta property=\"og:image:width\" content=\"2560\" \/>\n\t<meta property=\"og:image:height\" content=\"1388\" \/>\n\t<meta property=\"og:image:type\" content=\"image\/jpeg\" \/>\n<meta name=\"author\" content=\"Crist\u00f3bal Cabezas\" \/>\n<meta name=\"twitter:card\" content=\"summary_large_image\" \/>\n<meta name=\"twitter:creator\" content=\"@cristoblcabezas\" \/>\n<meta name=\"twitter:site\" content=\"@cope_es\" \/>\n<meta name=\"twitter:label1\" content=\"Escrito por\" \/>\n\t<meta name=\"twitter:data1\" content=\"Crist\u00f3bal Cabezas\" \/>\n\t<meta name=\"twitter:label2\" content=\"Tiempo de lectura\" \/>\n\t<meta name=\"twitter:data2\" content=\"1 minuto\" \/>\n<script type=\"application\/ld+json\" class=\"yoast-schema-graph\">{\"@context\":\"https:\\\/\\\/schema.org\",\"@graph\":[{\"@type\":\"Article\",\"@id\":\"https:\\\/\\\/www.cope.es\\\/blogs\\\/a-tumba-abierta\\\/2021\\\/03\\\/06\\\/van-der-poel-gana-la-strade-bianche-con-un-espectacular-hachazo\\\/#article\",\"isPartOf\":{\"@id\":\"https:\\\/\\\/www.cope.es\\\/blogs\\\/a-tumba-abierta\\\/2021\\\/03\\\/06\\\/van-der-poel-gana-la-strade-bianche-con-un-espectacular-hachazo\\\/\"},\"author\":{\"name\":\"Crist\u00f3bal Cabezas\",\"@id\":\"https:\\\/\\\/www.cope.es\\\/blogs\\\/a-tumba-abierta\\\/#\\\/schema\\\/person\\\/413f6566db421693223476f6b63a643b\"},\"headline\":\"Van der Poel gana la Strade Bianche con un espectacular &#8220;hachazo&#8221;\",\"datePublished\":\"2021-03-06T20:51:09+00:00\",\"mainEntityOfPage\":{\"@id\":\"https:\\\/\\\/www.cope.es\\\/blogs\\\/a-tumba-abierta\\\/2021\\\/03\\\/06\\\/van-der-poel-gana-la-strade-bianche-con-un-espectacular-hachazo\\\/\"},\"wordCount\":308,\"commentCount\":0,\"image\":{\"@id\":\"https:\\\/\\\/www.cope.es\\\/blogs\\\/a-tumba-abierta\\\/2021\\\/03\\\/06\\\/van-der-poel-gana-la-strade-bianche-con-un-espectacular-hachazo\\\/#primaryimage\"},\"thumbnailUrl\":\"https:\\\/\\\/www.cope.es\\\/blogs\\\/a-tumba-abierta\\\/wp-content\\\/uploads\\\/sites\\\/23\\\/2021\\\/03\\\/DEF-scaled-e1615062743936.jpg\",\"keywords\":[\"Ciclismo\"],\"articleSection\":[\"Actualidad\"],\"inLanguage\":\"es\",\"potentialAction\":[{\"@type\":\"CommentAction\",\"name\":\"Comment\",\"target\":[\"https:\\\/\\\/www.cope.es\\\/blogs\\\/a-tumba-abierta\\\/2021\\\/03\\\/06\\\/van-der-poel-gana-la-strade-bianche-con-un-espectacular-hachazo\\\/#respond\"]}]},{\"@type\":\"WebPage\",\"@id\":\"https:\\\/\\\/www.cope.es\\\/blogs\\\/a-tumba-abierta\\\/2021\\\/03\\\/06\\\/van-der-poel-gana-la-strade-bianche-con-un-espectacular-hachazo\\\/\",\"url\":\"https:\\\/\\\/www.cope.es\\\/blogs\\\/a-tumba-abierta\\\/2021\\\/03\\\/06\\\/van-der-poel-gana-la-strade-bianche-con-un-espectacular-hachazo\\\/\",\"name\":\"Van der Poel gana la Strade Bianche con un espectacular \\\"hachazo\\\"\",\"isPartOf\":{\"@id\":\"https:\\\/\\\/www.cope.es\\\/blogs\\\/a-tumba-abierta\\\/#website\"},\"primaryImageOfPage\":{\"@id\":\"https:\\\/\\\/www.cope.es\\\/blogs\\\/a-tumba-abierta\\\/2021\\\/03\\\/06\\\/van-der-poel-gana-la-strade-bianche-con-un-espectacular-hachazo\\\/#primaryimage\"},\"image\":{\"@id\":\"https:\\\/\\\/www.cope.es\\\/blogs\\\/a-tumba-abierta\\\/2021\\\/03\\\/06\\\/van-der-poel-gana-la-strade-bianche-con-un-espectacular-hachazo\\\/#primaryimage\"},\"thumbnailUrl\":\"https:\\\/\\\/www.cope.es\\\/blogs\\\/a-tumba-abierta\\\/wp-content\\\/uploads\\\/sites\\\/23\\\/2021\\\/03\\\/DEF-scaled-e1615062743936.jpg\",\"datePublished\":\"2021-03-06T20:51:09+00:00\",\"author\":{\"@id\":\"https:\\\/\\\/www.cope.es\\\/blogs\\\/a-tumba-abierta\\\/#\\\/schema\\\/person\\\/413f6566db421693223476f6b63a643b\"},\"description\":\"Mathieu Van der Poel (Alpecin-F\u00e9nix) conquist\u00f3 este s\u00e1bado la Strade Bianche, la cl\u00e1sica italiana que termina en las rampas adoquinadas de Siena.\",\"breadcrumb\":{\"@id\":\"https:\\\/\\\/www.cope.es\\\/blogs\\\/a-tumba-abierta\\\/2021\\\/03\\\/06\\\/van-der-poel-gana-la-strade-bianche-con-un-espectacular-hachazo\\\/#breadcrumb\"},\"inLanguage\":\"es\",\"potentialAction\":[{\"@type\":\"ReadAction\",\"target\":[\"https:\\\/\\\/www.cope.es\\\/blogs\\\/a-tumba-abierta\\\/2021\\\/03\\\/06\\\/van-der-poel-gana-la-strade-bianche-con-un-espectacular-hachazo\\\/\"]}]},{\"@type\":\"ImageObject\",\"inLanguage\":\"es\",\"@id\":\"https:\\\/\\\/www.cope.es\\\/blogs\\\/a-tumba-abierta\\\/2021\\\/03\\\/06\\\/van-der-poel-gana-la-strade-bianche-con-un-espectacular-hachazo\\\/#primaryimage\",\"url\":\"https:\\\/\\\/www.cope.es\\\/blogs\\\/a-tumba-abierta\\\/wp-content\\\/uploads\\\/sites\\\/23\\\/2021\\\/03\\\/DEF-scaled-e1615062743936.jpg\",\"contentUrl\":\"https:\\\/\\\/www.cope.es\\\/blogs\\\/a-tumba-abierta\\\/wp-content\\\/uploads\\\/sites\\\/23\\\/2021\\\/03\\\/DEF-scaled-e1615062743936.jpg\",\"width\":2560,\"height\":1388,\"caption\":\"El corredor neerland\u00e9s Mathieu Van der Poel (Alpecin-F\u00e9nix) conquist\u00f3 este s\u00e1bado la Strade Bianche, la cl\u00e1sica italiana que termina por las rampas adoquinadas de Siena, tras un ataque brutal que acab\u00f3 con el franc\u00e9s Julien Alaphilippe (Quick-Step) segundo, y el colombiano Egan Bernal, tercero.\"},{\"@type\":\"BreadcrumbList\",\"@id\":\"https:\\\/\\\/www.cope.es\\\/blogs\\\/a-tumba-abierta\\\/2021\\\/03\\\/06\\\/van-der-poel-gana-la-strade-bianche-con-un-espectacular-hachazo\\\/#breadcrumb\",\"itemListElement\":[{\"@type\":\"ListItem\",\"position\":1,\"name\":\"Portada\",\"item\":\"https:\\\/\\\/www.cope.es\\\/blogs\\\/a-tumba-abierta\\\/\"},{\"@type\":\"ListItem\",\"position\":2,\"name\":\"Van der Poel gana la Strade Bianche con un espectacular &#8220;hachazo&#8221;\"}]},{\"@type\":\"WebSite\",\"@id\":\"https:\\\/\\\/www.cope.es\\\/blogs\\\/a-tumba-abierta\\\/#website\",\"url\":\"https:\\\/\\\/www.cope.es\\\/blogs\\\/a-tumba-abierta\\\/\",\"name\":\"A Tumba Abierta\",\"description\":\"Blog de ciclismo en COPE\",\"potentialAction\":[{\"@type\":\"SearchAction\",\"target\":{\"@type\":\"EntryPoint\",\"urlTemplate\":\"https:\\\/\\\/www.cope.es\\\/blogs\\\/a-tumba-abierta\\\/?s={search_term_string}\"},\"query-input\":{\"@type\":\"PropertyValueSpecification\",\"valueRequired\":true,\"valueName\":\"search_term_string\"}}],\"inLanguage\":\"es\"},{\"@type\":\"Person\",\"@id\":\"https:\\\/\\\/www.cope.es\\\/blogs\\\/a-tumba-abierta\\\/#\\\/schema\\\/person\\\/413f6566db421693223476f6b63a643b\",\"name\":\"Crist\u00f3bal Cabezas\",\"image\":{\"@type\":\"ImageObject\",\"inLanguage\":\"es\",\"@id\":\"https:\\\/\\\/secure.gravatar.com\\\/avatar\\\/361550a2a3cac91688caa1b00f2a1fa4e89a6c4361562ca29a361ce0041974c2?s=96&d=mm&r=g\",\"url\":\"https:\\\/\\\/secure.gravatar.com\\\/avatar\\\/361550a2a3cac91688caa1b00f2a1fa4e89a6c4361562ca29a361ce0041974c2?s=96&d=mm&r=g\",\"contentUrl\":\"https:\\\/\\\/secure.gravatar.com\\\/avatar\\\/361550a2a3cac91688caa1b00f2a1fa4e89a6c4361562ca29a361ce0041974c2?s=96&d=mm&r=g\",\"caption\":\"Crist\u00f3bal Cabezas\"},\"description\":\"Crist\u00f3bal Cabezas es Licenciado en Periodismo por la Universidad Complutense de Madrid y T\u00edtulo en T\u00e9cnico en Comunicaci\u00f3n Integral por la Universidad Francisco de Vitoria. Tras desempe\u00f1ar tareas informativas en diferentes medios, recal\u00f3 en la Cadena COPE en el a\u00f1o 2005. Desde entonces, ha trabajado en las emisoras de Madrid, Granada, Jaca (Huesca) y Toledo, en donde se incorpor\u00f3 en 2013 como Jefe de Informativos de la Cadena COPE en Castilla-La Mancha. Siempre tuvo claro que quer\u00eda ser periodista y, a esa afici\u00f3n, se uni\u00f3 la del ciclismo, deporte con el que ha disfrutado mucho, tanto a trav\u00e9s de los medios de comunicaci\u00f3n como asistiendo en directo a diferentes carreras ciclistas. El inter\u00e9s que siempre mostr\u00f3 con todo lo relacionado con Internet y las redes sociales, fue reconocido con el Premio \u201cD\u00eda de Internet\u201d en la categor\u00eda de \u201cMejor Periodista Digital\u201d por sus trabajos en la Cadena COPE. Precisamente, esa pasi\u00f3n por las nuevas tecnolog\u00edas, espera que sea el \u201cveh\u00edculo\u201d para poder contar \u201cA Tumba Abierta\u201d las mejores historias del deporte de las dos ruedas.\",\"sameAs\":[\"http:\\\/\\\/www.cope.es\",\"https:\\\/\\\/es-es.facebook.com\\\/cristobal.cabezasmartin\",\"https:\\\/\\\/x.com\\\/cristoblcabezas\"],\"url\":\"https:\\\/\\\/www.cope.es\\\/blogs\\\/a-tumba-abierta\\\/author\\\/ccabezas\\\/\"}]}<\/script>\n<!-- \/ Yoast SEO plugin. -->","yoast_head_json":{"title":"Van der Poel gana la Strade Bianche con un espectacular \"hachazo\"","description":"Mathieu Van der Poel (Alpecin-F\u00e9nix) conquist\u00f3 este s\u00e1bado la Strade Bianche, la cl\u00e1sica italiana que termina en las rampas adoquinadas de Siena.","robots":{"index":"index","follow":"follow","max-snippet":"max-snippet:-1","max-image-preview":"max-image-preview:large","max-video-preview":"max-video-preview:-1"},"canonical":"https:\/\/www.cope.es\/blogs\/a-tumba-abierta\/2021\/03\/06\/van-der-poel-gana-la-strade-bianche-con-un-espectacular-hachazo\/","og_locale":"es_ES","og_type":"article","og_title":"Van der Poel gana la Strade Bianche con un espectacular \"hachazo\"","og_description":"Mathieu Van der Poel (Alpecin-F\u00e9nix) conquist\u00f3 este s\u00e1bado la Strade Bianche, la cl\u00e1sica italiana que termina en las rampas adoquinadas de Siena.","og_url":"https:\/\/www.cope.es\/blogs\/a-tumba-abierta\/2021\/03\/06\/van-der-poel-gana-la-strade-bianche-con-un-espectacular-hachazo\/","og_site_name":"A Tumba Abierta","article_publisher":"https:\/\/www.facebook.com\/cope\/","article_author":"https:\/\/es-es.facebook.com\/cristobal.cabezasmartin","article_published_time":"2021-03-06T20:51:09+00:00","og_image":[{"width":2560,"height":1388,"url":"https:\/\/www.cope.es\/blogs\/a-tumba-abierta\/wp-content\/uploads\/sites\/23\/2021\/03\/DEF-scaled-e1615062743936.jpg","type":"image\/jpeg"}],"author":"Crist\u00f3bal Cabezas","twitter_card":"summary_large_image","twitter_creator":"@cristoblcabezas","twitter_site":"@cope_es","twitter_misc":{"Escrito por":"Crist\u00f3bal Cabezas","Tiempo de lectura":"1 minuto"},"schema":{"@context":"https:\/\/schema.org","@graph":[{"@type":"Article","@id":"https:\/\/www.cope.es\/blogs\/a-tumba-abierta\/2021\/03\/06\/van-der-poel-gana-la-strade-bianche-con-un-espectacular-hachazo\/#article","isPartOf":{"@id":"https:\/\/www.cope.es\/blogs\/a-tumba-abierta\/2021\/03\/06\/van-der-poel-gana-la-strade-bianche-con-un-espectacular-hachazo\/"},"author":{"name":"Crist\u00f3bal Cabezas","@id":"https:\/\/www.cope.es\/blogs\/a-tumba-abierta\/#\/schema\/person\/413f6566db421693223476f6b63a643b"},"headline":"Van der Poel gana la Strade Bianche con un espectacular &#8220;hachazo&#8221;","datePublished":"2021-03-06T20:51:09+00:00","mainEntityOfPage":{"@id":"https:\/\/www.cope.es\/blogs\/a-tumba-abierta\/2021\/03\/06\/van-der-poel-gana-la-strade-bianche-con-un-espectacular-hachazo\/"},"wordCount":308,"commentCount":0,"image":{"@id":"https:\/\/www.cope.es\/blogs\/a-tumba-abierta\/2021\/03\/06\/van-der-poel-gana-la-strade-bianche-con-un-espectacular-hachazo\/#primaryimage"},"thumbnailUrl":"https:\/\/www.cope.es\/blogs\/a-tumba-abierta\/wp-content\/uploads\/sites\/23\/2021\/03\/DEF-scaled-e1615062743936.jpg","keywords":["Ciclismo"],"articleSection":["Actualidad"],"inLanguage":"es","potentialAction":[{"@type":"CommentAction","name":"Comment","target":["https:\/\/www.cope.es\/blogs\/a-tumba-abierta\/2021\/03\/06\/van-der-poel-gana-la-strade-bianche-con-un-espectacular-hachazo\/#respond"]}]},{"@type":"WebPage","@id":"https:\/\/www.cope.es\/blogs\/a-tumba-abierta\/2021\/03\/06\/van-der-poel-gana-la-strade-bianche-con-un-espectacular-hachazo\/","url":"https:\/\/www.cope.es\/blogs\/a-tumba-abierta\/2021\/03\/06\/van-der-poel-gana-la-strade-bianche-con-un-espectacular-hachazo\/","name":"Van der Poel gana la Strade Bianche con un espectacular \"hachazo\"","isPartOf":{"@id":"https:\/\/www.cope.es\/blogs\/a-tumba-abierta\/#website"},"primaryImageOfPage":{"@id":"https:\/\/www.cope.es\/blogs\/a-tumba-abierta\/2021\/03\/06\/van-der-poel-gana-la-strade-bianche-con-un-espectacular-hachazo\/#primaryimage"},"image":{"@id":"https:\/\/www.cope.es\/blogs\/a-tumba-abierta\/2021\/03\/06\/van-der-poel-gana-la-strade-bianche-con-un-espectacular-hachazo\/#primaryimage"},"thumbnailUrl":"https:\/\/www.cope.es\/blogs\/a-tumba-abierta\/wp-content\/uploads\/sites\/23\/2021\/03\/DEF-scaled-e1615062743936.jpg","datePublished":"2021-03-06T20:51:09+00:00","author":{"@id":"https:\/\/www.cope.es\/blogs\/a-tumba-abierta\/#\/schema\/person\/413f6566db421693223476f6b63a643b"},"description":"Mathieu Van der Poel (Alpecin-F\u00e9nix) conquist\u00f3 este s\u00e1bado la Strade Bianche, la cl\u00e1sica italiana que termina en las rampas adoquinadas de Siena.","breadcrumb":{"@id":"https:\/\/www.cope.es\/blogs\/a-tumba-abierta\/2021\/03\/06\/van-der-poel-gana-la-strade-bianche-con-un-espectacular-hachazo\/#breadcrumb"},"inLanguage":"es","potentialAction":[{"@type":"ReadAction","target":["https:\/\/www.cope.es\/blogs\/a-tumba-abierta\/2021\/03\/06\/van-der-poel-gana-la-strade-bianche-con-un-espectacular-hachazo\/"]}]},{"@type":"ImageObject","inLanguage":"es","@id":"https:\/\/www.cope.es\/blogs\/a-tumba-abierta\/2021\/03\/06\/van-der-poel-gana-la-strade-bianche-con-un-espectacular-hachazo\/#primaryimage","url":"https:\/\/www.cope.es\/blogs\/a-tumba-abierta\/wp-content\/uploads\/sites\/23\/2021\/03\/DEF-scaled-e1615062743936.jpg","contentUrl":"https:\/\/www.cope.es\/blogs\/a-tumba-abierta\/wp-content\/uploads\/sites\/23\/2021\/03\/DEF-scaled-e1615062743936.jpg","width":2560,"height":1388,"caption":"El corredor neerland\u00e9s Mathieu Van der Poel (Alpecin-F\u00e9nix) conquist\u00f3 este s\u00e1bado la Strade Bianche, la cl\u00e1sica italiana que termina por las rampas adoquinadas de Siena, tras un ataque brutal que acab\u00f3 con el franc\u00e9s Julien Alaphilippe (Quick-Step) segundo, y el colombiano Egan Bernal, tercero."},{"@type":"BreadcrumbList","@id":"https:\/\/www.cope.es\/blogs\/a-tumba-abierta\/2021\/03\/06\/van-der-poel-gana-la-strade-bianche-con-un-espectacular-hachazo\/#breadcrumb","itemListElement":[{"@type":"ListItem","position":1,"name":"Portada","item":"https:\/\/www.cope.es\/blogs\/a-tumba-abierta\/"},{"@type":"ListItem","position":2,"name":"Van der Poel gana la Strade Bianche con un espectacular &#8220;hachazo&#8221;"}]},{"@type":"WebSite","@id":"https:\/\/www.cope.es\/blogs\/a-tumba-abierta\/#website","url":"https:\/\/www.cope.es\/blogs\/a-tumba-abierta\/","name":"A Tumba Abierta","description":"Blog de ciclismo en COPE","potentialAction":[{"@type":"SearchAction","target":{"@type":"EntryPoint","urlTemplate":"https:\/\/www.cope.es\/blogs\/a-tumba-abierta\/?s={search_term_string}"},"query-input":{"@type":"PropertyValueSpecification","valueRequired":true,"valueName":"search_term_string"}}],"inLanguage":"es"},{"@type":"Person","@id":"https:\/\/www.cope.es\/blogs\/a-tumba-abierta\/#\/schema\/person\/413f6566db421693223476f6b63a643b","name":"Crist\u00f3bal Cabezas","image":{"@type":"ImageObject","inLanguage":"es","@id":"https:\/\/secure.gravatar.com\/avatar\/361550a2a3cac91688caa1b00f2a1fa4e89a6c4361562ca29a361ce0041974c2?s=96&d=mm&r=g","url":"https:\/\/secure.gravatar.com\/avatar\/361550a2a3cac91688caa1b00f2a1fa4e89a6c4361562ca29a361ce0041974c2?s=96&d=mm&r=g","contentUrl":"https:\/\/secure.gravatar.com\/avatar\/361550a2a3cac91688caa1b00f2a1fa4e89a6c4361562ca29a361ce0041974c2?s=96&d=mm&r=g","caption":"Crist\u00f3bal Cabezas"},"description":"Crist\u00f3bal Cabezas es Licenciado en Periodismo por la Universidad Complutense de Madrid y T\u00edtulo en T\u00e9cnico en Comunicaci\u00f3n Integral por la Universidad Francisco de Vitoria. Tras desempe\u00f1ar tareas informativas en diferentes medios, recal\u00f3 en la Cadena COPE en el a\u00f1o 2005. Desde entonces, ha trabajado en las emisoras de Madrid, Granada, Jaca (Huesca) y Toledo, en donde se incorpor\u00f3 en 2013 como Jefe de Informativos de la Cadena COPE en Castilla-La Mancha. Siempre tuvo claro que quer\u00eda ser periodista y, a esa afici\u00f3n, se uni\u00f3 la del ciclismo, deporte con el que ha disfrutado mucho, tanto a trav\u00e9s de los medios de comunicaci\u00f3n como asistiendo en directo a diferentes carreras ciclistas. El inter\u00e9s que siempre mostr\u00f3 con todo lo relacionado con Internet y las redes sociales, fue reconocido con el Premio \u201cD\u00eda de Internet\u201d en la categor\u00eda de \u201cMejor Periodista Digital\u201d por sus trabajos en la Cadena COPE. Precisamente, esa pasi\u00f3n por las nuevas tecnolog\u00edas, espera que sea el \u201cveh\u00edculo\u201d para poder contar \u201cA Tumba Abierta\u201d las mejores historias del deporte de las dos ruedas.","sameAs":["http:\/\/www.cope.es","https:\/\/es-es.facebook.com\/cristobal.cabezasmartin","https:\/\/x.com\/cristoblcabezas"],"url":"https:\/\/www.cope.es\/blogs\/a-tumba-abierta\/author\/ccabezas\/"}]}},"amp_enabled":true,"_links":{"self":[{"href":"https:\/\/www.cope.es\/blogs\/a-tumba-abierta\/wp-json\/wp\/v2\/posts\/1193","targetHints":{"allow":["GET"]}}],"collection":[{"href":"https:\/\/www.cope.es\/blogs\/a-tumba-abierta\/wp-json\/wp\/v2\/posts"}],"about":[{"href":"https:\/\/www.cope.es\/blogs\/a-tumba-abierta\/wp-json\/wp\/v2\/types\/post"}],"author":[{"embeddable":true,"href":"https:\/\/www.cope.es\/blogs\/a-tumba-abierta\/wp-json\/wp\/v2\/users\/24"}],"replies":[{"embeddable":true,"href":"https:\/\/www.cope.es\/blogs\/a-tumba-abierta\/wp-json\/wp\/v2\/comments?post=1193"}],"version-history":[{"count":2,"href":"https:\/\/www.cope.es\/blogs\/a-tumba-abierta\/wp-json\/wp\/v2\/posts\/1193\/revisions"}],"predecessor-version":[{"id":1197,"href":"https:\/\/www.cope.es\/blogs\/a-tumba-abierta\/wp-json\/wp\/v2\/posts\/1193\/revisions\/1197"}],"wp:featuredmedia":[{"embeddable":true,"href":"https:\/\/www.cope.es\/blogs\/a-tumba-abierta\/wp-json\/wp\/v2\/media\/1194"}],"wp:attachment":[{"href":"https:\/\/www.cope.es\/blogs\/a-tumba-abierta\/wp-json\/wp\/v2\/media?parent=1193"}],"wp:term":[{"taxonomy":"category","embeddable":true,"href":"https:\/\/www.cope.es\/blogs\/a-tumba-abierta\/wp-json\/wp\/v2\/categories?post=1193"},{"taxonomy":"post_tag","embeddable":true,"href":"https:\/\/www.cope.es\/blogs\/a-tumba-abierta\/wp-json\/wp\/v2\/tags?post=1193"}],"curies":[{"name":"wp","href":"https:\/\/api.w.org\/{rel}","templated":true}]}}