{"id":1162,"date":"2021-02-28T00:05:59","date_gmt":"2021-02-27T23:05:59","guid":{"rendered":"http:\/\/www.cope.es\/blogs\/a-tumba-abierta\/?p=1162"},"modified":"2021-02-28T00:05:59","modified_gmt":"2021-02-27T23:05:59","slug":"tadej-pogacar-se-lleva-el-triunfo-final-en-el-uae-tour","status":"publish","type":"post","link":"https:\/\/www.cope.es\/blogs\/a-tumba-abierta\/2021\/02\/28\/tadej-pogacar-se-lleva-el-triunfo-final-en-el-uae-tour\/","title":{"rendered":"Tadej Pogacar se lleva el triunfo final en el UAE Tour"},"content":{"rendered":"<p><strong>Tadej Pogacar<\/strong> (UAE-Team Emirates) se ha proclamado vencedor del Tour de los Emiratos \u00c1rabes Unidos. El ciclista esloveno ha conseguido la victoria tras la disputa este s\u00e1bado de la s\u00e9ptima etapa, de 147 kil\u00f3metros de recorrido. El australiano <strong>Caleb Ewan<\/strong> (Lotto-Soudal) se ha adjudicado la \u00faltima jornada.<\/p>\n<p>Pogacar ha confirmado su liderato con 35 segundos de ventaja sobre <strong>Adam Yates<\/strong>, que ha sido protagonista este s\u00e1bado de una dura ca\u00edda a 40 kil\u00f3metros del final. Sin embargo, el brit\u00e1nico del Ineos ha podido conservar la segunda posici\u00f3n del podio. La tercera plaza ha correspondido al portugu\u00e9s <strong>Joao Almeida<\/strong> (Quick-Step).<\/p>\n<p>De esta forma, Pogacar estrena su palmar\u00e9s en la tercera edici\u00f3n del Tour de los Emiratos \u00c1rabes Unidos despu\u00e9s del segundo puesto de 2020. &#8220;Estoy muy contento y muy orgulloso del trabajo que hemos realizado durante toda la semana&#8221;, ha indicado el corredor esloveno de 22 a\u00f1os.<\/p>\n<p>La victoria de Tadej Pogacar en el UAE Tour es el principal asunto que hoy te contamos en\u00a0<a href=\"https:\/\/www.cope.es\/blogs\/a-tumba-abierta\/\" target=\"_blank\">\u201cA Tumba Abierta\u201d<\/a>, un blog dirigido por Crist\u00f3bal Cabezas en el que el ciclismo es siempre el gran protagonista.<\/p>\n","protected":false},"excerpt":{"rendered":"<p>Tadej Pogacar (UAE-Team Emirates) se ha proclamado vencedor del Tour de los Emiratos \u00c1rabes Unidos. El ciclista esloveno ha conseguido la victoria tras la disputa este s\u00e1bado de la s\u00e9ptima etapa, de 147 kil\u00f3metros de recorrido. El australiano Caleb Ewan (Lotto-Soudal) se ha adjudicado la \u00faltima jornada. Pogacar ha confirmado su liderato con 35 segundos [&hellip;]<\/p>\n","protected":false},"author":24,"featured_media":1168,"comment_status":"open","ping_status":"open","sticky":false,"template":"","format":"standard","meta":{"footnotes":""},"categories":[140],"tags":[11],"class_list":["post-1162","post","type-post","status-publish","format-standard","has-post-thumbnail","hentry","category-actualidad","tag-ciclismo"],"yoast_head":"<!-- This site is optimized with the Yoast SEO plugin v27.4 - https:\/\/yoast.com\/product\/yoast-seo-wordpress\/ -->\n<title>Tadej Pogacar se lleva el triunfo final en el UAE Tour<\/title>\n<meta name=\"description\" content=\"Tadej Pogacar se ha proclamado vencedor del Tour de los Emiratos \u00c1rabes Unidos, tras la disputa este s\u00e1bado de la s\u00e9ptima etapa.\" \/>\n<meta name=\"robots\" content=\"index, follow, max-snippet:-1, max-image-preview:large, max-video-preview:-1\" \/>\n<link rel=\"canonical\" href=\"https:\/\/www.cope.es\/blogs\/a-tumba-abierta\/2021\/02\/28\/tadej-pogacar-se-lleva-el-triunfo-final-en-el-uae-tour\/\" \/>\n<meta property=\"og:locale\" content=\"es_ES\" \/>\n<meta property=\"og:type\" content=\"article\" \/>\n<meta property=\"og:title\" content=\"Tadej Pogacar se lleva el triunfo final en el UAE Tour\" \/>\n<meta property=\"og:description\" content=\"Tadej Pogacar se ha proclamado vencedor del Tour de los Emiratos \u00c1rabes Unidos, tras la disputa este s\u00e1bado de la s\u00e9ptima etapa.\" \/>\n<meta property=\"og:url\" content=\"https:\/\/www.cope.es\/blogs\/a-tumba-abierta\/2021\/02\/28\/tadej-pogacar-se-lleva-el-triunfo-final-en-el-uae-tour\/\" \/>\n<meta property=\"og:site_name\" content=\"A Tumba Abierta\" \/>\n<meta property=\"article:publisher\" content=\"https:\/\/www.facebook.com\/cope\/\" \/>\n<meta property=\"article:author\" content=\"https:\/\/es-es.facebook.com\/cristobal.cabezasmartin\" \/>\n<meta property=\"article:published_time\" content=\"2021-02-27T23:05:59+00:00\" \/>\n<meta property=\"og:image\" content=\"https:\/\/www.cope.es\/blogs\/a-tumba-abierta\/wp-content\/uploads\/sites\/23\/2021\/02\/EuropaPress_3583218_27_february_2021_united_arab_emirates_abu_dhabi_slovenian_cyclist_tadej-scaled.jpg\" \/>\n\t<meta property=\"og:image:width\" content=\"2560\" \/>\n\t<meta property=\"og:image:height\" content=\"1707\" \/>\n\t<meta property=\"og:image:type\" content=\"image\/jpeg\" \/>\n<meta name=\"author\" content=\"Crist\u00f3bal Cabezas\" \/>\n<meta name=\"twitter:card\" content=\"summary_large_image\" \/>\n<meta name=\"twitter:creator\" content=\"@cristoblcabezas\" \/>\n<meta name=\"twitter:site\" content=\"@cope_es\" \/>\n<meta name=\"twitter:label1\" content=\"Escrito por\" \/>\n\t<meta name=\"twitter:data1\" content=\"Crist\u00f3bal Cabezas\" \/>\n\t<meta name=\"twitter:label2\" content=\"Tiempo de lectura\" \/>\n\t<meta name=\"twitter:data2\" content=\"1 minuto\" \/>\n<script type=\"application\/ld+json\" class=\"yoast-schema-graph\">{\"@context\":\"https:\\\/\\\/schema.org\",\"@graph\":[{\"@type\":\"Article\",\"@id\":\"https:\\\/\\\/www.cope.es\\\/blogs\\\/a-tumba-abierta\\\/2021\\\/02\\\/28\\\/tadej-pogacar-se-lleva-el-triunfo-final-en-el-uae-tour\\\/#article\",\"isPartOf\":{\"@id\":\"https:\\\/\\\/www.cope.es\\\/blogs\\\/a-tumba-abierta\\\/2021\\\/02\\\/28\\\/tadej-pogacar-se-lleva-el-triunfo-final-en-el-uae-tour\\\/\"},\"author\":{\"name\":\"Crist\u00f3bal Cabezas\",\"@id\":\"https:\\\/\\\/www.cope.es\\\/blogs\\\/a-tumba-abierta\\\/#\\\/schema\\\/person\\\/413f6566db421693223476f6b63a643b\"},\"headline\":\"Tadej Pogacar se lleva el triunfo final en el UAE Tour\",\"datePublished\":\"2021-02-27T23:05:59+00:00\",\"mainEntityOfPage\":{\"@id\":\"https:\\\/\\\/www.cope.es\\\/blogs\\\/a-tumba-abierta\\\/2021\\\/02\\\/28\\\/tadej-pogacar-se-lleva-el-triunfo-final-en-el-uae-tour\\\/\"},\"wordCount\":203,\"commentCount\":0,\"image\":{\"@id\":\"https:\\\/\\\/www.cope.es\\\/blogs\\\/a-tumba-abierta\\\/2021\\\/02\\\/28\\\/tadej-pogacar-se-lleva-el-triunfo-final-en-el-uae-tour\\\/#primaryimage\"},\"thumbnailUrl\":\"https:\\\/\\\/www.cope.es\\\/blogs\\\/a-tumba-abierta\\\/wp-content\\\/uploads\\\/sites\\\/23\\\/2021\\\/02\\\/EuropaPress_3583218_27_february_2021_united_arab_emirates_abu_dhabi_slovenian_cyclist_tadej-scaled.jpg\",\"keywords\":[\"Ciclismo\"],\"articleSection\":[\"Actualidad\"],\"inLanguage\":\"es\",\"potentialAction\":[{\"@type\":\"CommentAction\",\"name\":\"Comment\",\"target\":[\"https:\\\/\\\/www.cope.es\\\/blogs\\\/a-tumba-abierta\\\/2021\\\/02\\\/28\\\/tadej-pogacar-se-lleva-el-triunfo-final-en-el-uae-tour\\\/#respond\"]}]},{\"@type\":\"WebPage\",\"@id\":\"https:\\\/\\\/www.cope.es\\\/blogs\\\/a-tumba-abierta\\\/2021\\\/02\\\/28\\\/tadej-pogacar-se-lleva-el-triunfo-final-en-el-uae-tour\\\/\",\"url\":\"https:\\\/\\\/www.cope.es\\\/blogs\\\/a-tumba-abierta\\\/2021\\\/02\\\/28\\\/tadej-pogacar-se-lleva-el-triunfo-final-en-el-uae-tour\\\/\",\"name\":\"Tadej Pogacar se lleva el triunfo final en el UAE Tour\",\"isPartOf\":{\"@id\":\"https:\\\/\\\/www.cope.es\\\/blogs\\\/a-tumba-abierta\\\/#website\"},\"primaryImageOfPage\":{\"@id\":\"https:\\\/\\\/www.cope.es\\\/blogs\\\/a-tumba-abierta\\\/2021\\\/02\\\/28\\\/tadej-pogacar-se-lleva-el-triunfo-final-en-el-uae-tour\\\/#primaryimage\"},\"image\":{\"@id\":\"https:\\\/\\\/www.cope.es\\\/blogs\\\/a-tumba-abierta\\\/2021\\\/02\\\/28\\\/tadej-pogacar-se-lleva-el-triunfo-final-en-el-uae-tour\\\/#primaryimage\"},\"thumbnailUrl\":\"https:\\\/\\\/www.cope.es\\\/blogs\\\/a-tumba-abierta\\\/wp-content\\\/uploads\\\/sites\\\/23\\\/2021\\\/02\\\/EuropaPress_3583218_27_february_2021_united_arab_emirates_abu_dhabi_slovenian_cyclist_tadej-scaled.jpg\",\"datePublished\":\"2021-02-27T23:05:59+00:00\",\"author\":{\"@id\":\"https:\\\/\\\/www.cope.es\\\/blogs\\\/a-tumba-abierta\\\/#\\\/schema\\\/person\\\/413f6566db421693223476f6b63a643b\"},\"description\":\"Tadej Pogacar se ha proclamado vencedor del Tour de los Emiratos \u00c1rabes Unidos, tras la disputa este s\u00e1bado de la s\u00e9ptima etapa.\",\"breadcrumb\":{\"@id\":\"https:\\\/\\\/www.cope.es\\\/blogs\\\/a-tumba-abierta\\\/2021\\\/02\\\/28\\\/tadej-pogacar-se-lleva-el-triunfo-final-en-el-uae-tour\\\/#breadcrumb\"},\"inLanguage\":\"es\",\"potentialAction\":[{\"@type\":\"ReadAction\",\"target\":[\"https:\\\/\\\/www.cope.es\\\/blogs\\\/a-tumba-abierta\\\/2021\\\/02\\\/28\\\/tadej-pogacar-se-lleva-el-triunfo-final-en-el-uae-tour\\\/\"]}]},{\"@type\":\"ImageObject\",\"inLanguage\":\"es\",\"@id\":\"https:\\\/\\\/www.cope.es\\\/blogs\\\/a-tumba-abierta\\\/2021\\\/02\\\/28\\\/tadej-pogacar-se-lleva-el-triunfo-final-en-el-uae-tour\\\/#primaryimage\",\"url\":\"https:\\\/\\\/www.cope.es\\\/blogs\\\/a-tumba-abierta\\\/wp-content\\\/uploads\\\/sites\\\/23\\\/2021\\\/02\\\/EuropaPress_3583218_27_february_2021_united_arab_emirates_abu_dhabi_slovenian_cyclist_tadej-scaled.jpg\",\"contentUrl\":\"https:\\\/\\\/www.cope.es\\\/blogs\\\/a-tumba-abierta\\\/wp-content\\\/uploads\\\/sites\\\/23\\\/2021\\\/02\\\/EuropaPress_3583218_27_february_2021_united_arab_emirates_abu_dhabi_slovenian_cyclist_tadej-scaled.jpg\",\"width\":2560,\"height\":1707,\"caption\":\"27 February 2021, United Arab Emirates, Abu Dhabi: Slovenian cyclist Tadej Pogacar of UAE Team Emirates celebrates on the podium with teh trophy after winning the the 2021 UAE Tour cycling race. Photo: Ferrari Fabio\\\/LaPresse via ZUMA Press\\\/dpa Ferrari Fabio \\\/ LaPresse via ZUMA \\\/ DPA 27\\\/2\\\/2021 ONLY FOR USE IN SPAIN\"},{\"@type\":\"BreadcrumbList\",\"@id\":\"https:\\\/\\\/www.cope.es\\\/blogs\\\/a-tumba-abierta\\\/2021\\\/02\\\/28\\\/tadej-pogacar-se-lleva-el-triunfo-final-en-el-uae-tour\\\/#breadcrumb\",\"itemListElement\":[{\"@type\":\"ListItem\",\"position\":1,\"name\":\"Portada\",\"item\":\"https:\\\/\\\/www.cope.es\\\/blogs\\\/a-tumba-abierta\\\/\"},{\"@type\":\"ListItem\",\"position\":2,\"name\":\"Tadej Pogacar se lleva el triunfo final en el UAE Tour\"}]},{\"@type\":\"WebSite\",\"@id\":\"https:\\\/\\\/www.cope.es\\\/blogs\\\/a-tumba-abierta\\\/#website\",\"url\":\"https:\\\/\\\/www.cope.es\\\/blogs\\\/a-tumba-abierta\\\/\",\"name\":\"A Tumba Abierta\",\"description\":\"Blog de ciclismo en COPE\",\"potentialAction\":[{\"@type\":\"SearchAction\",\"target\":{\"@type\":\"EntryPoint\",\"urlTemplate\":\"https:\\\/\\\/www.cope.es\\\/blogs\\\/a-tumba-abierta\\\/?s={search_term_string}\"},\"query-input\":{\"@type\":\"PropertyValueSpecification\",\"valueRequired\":true,\"valueName\":\"search_term_string\"}}],\"inLanguage\":\"es\"},{\"@type\":\"Person\",\"@id\":\"https:\\\/\\\/www.cope.es\\\/blogs\\\/a-tumba-abierta\\\/#\\\/schema\\\/person\\\/413f6566db421693223476f6b63a643b\",\"name\":\"Crist\u00f3bal Cabezas\",\"image\":{\"@type\":\"ImageObject\",\"inLanguage\":\"es\",\"@id\":\"https:\\\/\\\/secure.gravatar.com\\\/avatar\\\/361550a2a3cac91688caa1b00f2a1fa4e89a6c4361562ca29a361ce0041974c2?s=96&d=mm&r=g\",\"url\":\"https:\\\/\\\/secure.gravatar.com\\\/avatar\\\/361550a2a3cac91688caa1b00f2a1fa4e89a6c4361562ca29a361ce0041974c2?s=96&d=mm&r=g\",\"contentUrl\":\"https:\\\/\\\/secure.gravatar.com\\\/avatar\\\/361550a2a3cac91688caa1b00f2a1fa4e89a6c4361562ca29a361ce0041974c2?s=96&d=mm&r=g\",\"caption\":\"Crist\u00f3bal Cabezas\"},\"description\":\"Crist\u00f3bal Cabezas es Licenciado en Periodismo por la Universidad Complutense de Madrid y T\u00edtulo en T\u00e9cnico en Comunicaci\u00f3n Integral por la Universidad Francisco de Vitoria. Tras desempe\u00f1ar tareas informativas en diferentes medios, recal\u00f3 en la Cadena COPE en el a\u00f1o 2005. Desde entonces, ha trabajado en las emisoras de Madrid, Granada, Jaca (Huesca) y Toledo, en donde se incorpor\u00f3 en 2013 como Jefe de Informativos de la Cadena COPE en Castilla-La Mancha. Siempre tuvo claro que quer\u00eda ser periodista y, a esa afici\u00f3n, se uni\u00f3 la del ciclismo, deporte con el que ha disfrutado mucho, tanto a trav\u00e9s de los medios de comunicaci\u00f3n como asistiendo en directo a diferentes carreras ciclistas. El inter\u00e9s que siempre mostr\u00f3 con todo lo relacionado con Internet y las redes sociales, fue reconocido con el Premio \u201cD\u00eda de Internet\u201d en la categor\u00eda de \u201cMejor Periodista Digital\u201d por sus trabajos en la Cadena COPE. Precisamente, esa pasi\u00f3n por las nuevas tecnolog\u00edas, espera que sea el \u201cveh\u00edculo\u201d para poder contar \u201cA Tumba Abierta\u201d las mejores historias del deporte de las dos ruedas.\",\"sameAs\":[\"http:\\\/\\\/www.cope.es\",\"https:\\\/\\\/es-es.facebook.com\\\/cristobal.cabezasmartin\",\"https:\\\/\\\/x.com\\\/cristoblcabezas\"],\"url\":\"https:\\\/\\\/www.cope.es\\\/blogs\\\/a-tumba-abierta\\\/author\\\/ccabezas\\\/\"}]}<\/script>\n<!-- \/ Yoast SEO plugin. -->","yoast_head_json":{"title":"Tadej Pogacar se lleva el triunfo final en el UAE Tour","description":"Tadej Pogacar se ha proclamado vencedor del Tour de los Emiratos \u00c1rabes Unidos, tras la disputa este s\u00e1bado de la s\u00e9ptima etapa.","robots":{"index":"index","follow":"follow","max-snippet":"max-snippet:-1","max-image-preview":"max-image-preview:large","max-video-preview":"max-video-preview:-1"},"canonical":"https:\/\/www.cope.es\/blogs\/a-tumba-abierta\/2021\/02\/28\/tadej-pogacar-se-lleva-el-triunfo-final-en-el-uae-tour\/","og_locale":"es_ES","og_type":"article","og_title":"Tadej Pogacar se lleva el triunfo final en el UAE Tour","og_description":"Tadej Pogacar se ha proclamado vencedor del Tour de los Emiratos \u00c1rabes Unidos, tras la disputa este s\u00e1bado de la s\u00e9ptima etapa.","og_url":"https:\/\/www.cope.es\/blogs\/a-tumba-abierta\/2021\/02\/28\/tadej-pogacar-se-lleva-el-triunfo-final-en-el-uae-tour\/","og_site_name":"A Tumba Abierta","article_publisher":"https:\/\/www.facebook.com\/cope\/","article_author":"https:\/\/es-es.facebook.com\/cristobal.cabezasmartin","article_published_time":"2021-02-27T23:05:59+00:00","og_image":[{"width":2560,"height":1707,"url":"https:\/\/www.cope.es\/blogs\/a-tumba-abierta\/wp-content\/uploads\/sites\/23\/2021\/02\/EuropaPress_3583218_27_february_2021_united_arab_emirates_abu_dhabi_slovenian_cyclist_tadej-scaled.jpg","type":"image\/jpeg"}],"author":"Crist\u00f3bal Cabezas","twitter_card":"summary_large_image","twitter_creator":"@cristoblcabezas","twitter_site":"@cope_es","twitter_misc":{"Escrito por":"Crist\u00f3bal Cabezas","Tiempo de lectura":"1 minuto"},"schema":{"@context":"https:\/\/schema.org","@graph":[{"@type":"Article","@id":"https:\/\/www.cope.es\/blogs\/a-tumba-abierta\/2021\/02\/28\/tadej-pogacar-se-lleva-el-triunfo-final-en-el-uae-tour\/#article","isPartOf":{"@id":"https:\/\/www.cope.es\/blogs\/a-tumba-abierta\/2021\/02\/28\/tadej-pogacar-se-lleva-el-triunfo-final-en-el-uae-tour\/"},"author":{"name":"Crist\u00f3bal Cabezas","@id":"https:\/\/www.cope.es\/blogs\/a-tumba-abierta\/#\/schema\/person\/413f6566db421693223476f6b63a643b"},"headline":"Tadej Pogacar se lleva el triunfo final en el UAE Tour","datePublished":"2021-02-27T23:05:59+00:00","mainEntityOfPage":{"@id":"https:\/\/www.cope.es\/blogs\/a-tumba-abierta\/2021\/02\/28\/tadej-pogacar-se-lleva-el-triunfo-final-en-el-uae-tour\/"},"wordCount":203,"commentCount":0,"image":{"@id":"https:\/\/www.cope.es\/blogs\/a-tumba-abierta\/2021\/02\/28\/tadej-pogacar-se-lleva-el-triunfo-final-en-el-uae-tour\/#primaryimage"},"thumbnailUrl":"https:\/\/www.cope.es\/blogs\/a-tumba-abierta\/wp-content\/uploads\/sites\/23\/2021\/02\/EuropaPress_3583218_27_february_2021_united_arab_emirates_abu_dhabi_slovenian_cyclist_tadej-scaled.jpg","keywords":["Ciclismo"],"articleSection":["Actualidad"],"inLanguage":"es","potentialAction":[{"@type":"CommentAction","name":"Comment","target":["https:\/\/www.cope.es\/blogs\/a-tumba-abierta\/2021\/02\/28\/tadej-pogacar-se-lleva-el-triunfo-final-en-el-uae-tour\/#respond"]}]},{"@type":"WebPage","@id":"https:\/\/www.cope.es\/blogs\/a-tumba-abierta\/2021\/02\/28\/tadej-pogacar-se-lleva-el-triunfo-final-en-el-uae-tour\/","url":"https:\/\/www.cope.es\/blogs\/a-tumba-abierta\/2021\/02\/28\/tadej-pogacar-se-lleva-el-triunfo-final-en-el-uae-tour\/","name":"Tadej Pogacar se lleva el triunfo final en el UAE Tour","isPartOf":{"@id":"https:\/\/www.cope.es\/blogs\/a-tumba-abierta\/#website"},"primaryImageOfPage":{"@id":"https:\/\/www.cope.es\/blogs\/a-tumba-abierta\/2021\/02\/28\/tadej-pogacar-se-lleva-el-triunfo-final-en-el-uae-tour\/#primaryimage"},"image":{"@id":"https:\/\/www.cope.es\/blogs\/a-tumba-abierta\/2021\/02\/28\/tadej-pogacar-se-lleva-el-triunfo-final-en-el-uae-tour\/#primaryimage"},"thumbnailUrl":"https:\/\/www.cope.es\/blogs\/a-tumba-abierta\/wp-content\/uploads\/sites\/23\/2021\/02\/EuropaPress_3583218_27_february_2021_united_arab_emirates_abu_dhabi_slovenian_cyclist_tadej-scaled.jpg","datePublished":"2021-02-27T23:05:59+00:00","author":{"@id":"https:\/\/www.cope.es\/blogs\/a-tumba-abierta\/#\/schema\/person\/413f6566db421693223476f6b63a643b"},"description":"Tadej Pogacar se ha proclamado vencedor del Tour de los Emiratos \u00c1rabes Unidos, tras la disputa este s\u00e1bado de la s\u00e9ptima etapa.","breadcrumb":{"@id":"https:\/\/www.cope.es\/blogs\/a-tumba-abierta\/2021\/02\/28\/tadej-pogacar-se-lleva-el-triunfo-final-en-el-uae-tour\/#breadcrumb"},"inLanguage":"es","potentialAction":[{"@type":"ReadAction","target":["https:\/\/www.cope.es\/blogs\/a-tumba-abierta\/2021\/02\/28\/tadej-pogacar-se-lleva-el-triunfo-final-en-el-uae-tour\/"]}]},{"@type":"ImageObject","inLanguage":"es","@id":"https:\/\/www.cope.es\/blogs\/a-tumba-abierta\/2021\/02\/28\/tadej-pogacar-se-lleva-el-triunfo-final-en-el-uae-tour\/#primaryimage","url":"https:\/\/www.cope.es\/blogs\/a-tumba-abierta\/wp-content\/uploads\/sites\/23\/2021\/02\/EuropaPress_3583218_27_february_2021_united_arab_emirates_abu_dhabi_slovenian_cyclist_tadej-scaled.jpg","contentUrl":"https:\/\/www.cope.es\/blogs\/a-tumba-abierta\/wp-content\/uploads\/sites\/23\/2021\/02\/EuropaPress_3583218_27_february_2021_united_arab_emirates_abu_dhabi_slovenian_cyclist_tadej-scaled.jpg","width":2560,"height":1707,"caption":"27 February 2021, United Arab Emirates, Abu Dhabi: Slovenian cyclist Tadej Pogacar of UAE Team Emirates celebrates on the podium with teh trophy after winning the the 2021 UAE Tour cycling race. Photo: Ferrari Fabio\/LaPresse via ZUMA Press\/dpa Ferrari Fabio \/ LaPresse via ZUMA \/ DPA 27\/2\/2021 ONLY FOR USE IN SPAIN"},{"@type":"BreadcrumbList","@id":"https:\/\/www.cope.es\/blogs\/a-tumba-abierta\/2021\/02\/28\/tadej-pogacar-se-lleva-el-triunfo-final-en-el-uae-tour\/#breadcrumb","itemListElement":[{"@type":"ListItem","position":1,"name":"Portada","item":"https:\/\/www.cope.es\/blogs\/a-tumba-abierta\/"},{"@type":"ListItem","position":2,"name":"Tadej Pogacar se lleva el triunfo final en el UAE Tour"}]},{"@type":"WebSite","@id":"https:\/\/www.cope.es\/blogs\/a-tumba-abierta\/#website","url":"https:\/\/www.cope.es\/blogs\/a-tumba-abierta\/","name":"A Tumba Abierta","description":"Blog de ciclismo en COPE","potentialAction":[{"@type":"SearchAction","target":{"@type":"EntryPoint","urlTemplate":"https:\/\/www.cope.es\/blogs\/a-tumba-abierta\/?s={search_term_string}"},"query-input":{"@type":"PropertyValueSpecification","valueRequired":true,"valueName":"search_term_string"}}],"inLanguage":"es"},{"@type":"Person","@id":"https:\/\/www.cope.es\/blogs\/a-tumba-abierta\/#\/schema\/person\/413f6566db421693223476f6b63a643b","name":"Crist\u00f3bal Cabezas","image":{"@type":"ImageObject","inLanguage":"es","@id":"https:\/\/secure.gravatar.com\/avatar\/361550a2a3cac91688caa1b00f2a1fa4e89a6c4361562ca29a361ce0041974c2?s=96&d=mm&r=g","url":"https:\/\/secure.gravatar.com\/avatar\/361550a2a3cac91688caa1b00f2a1fa4e89a6c4361562ca29a361ce0041974c2?s=96&d=mm&r=g","contentUrl":"https:\/\/secure.gravatar.com\/avatar\/361550a2a3cac91688caa1b00f2a1fa4e89a6c4361562ca29a361ce0041974c2?s=96&d=mm&r=g","caption":"Crist\u00f3bal Cabezas"},"description":"Crist\u00f3bal Cabezas es Licenciado en Periodismo por la Universidad Complutense de Madrid y T\u00edtulo en T\u00e9cnico en Comunicaci\u00f3n Integral por la Universidad Francisco de Vitoria. Tras desempe\u00f1ar tareas informativas en diferentes medios, recal\u00f3 en la Cadena COPE en el a\u00f1o 2005. Desde entonces, ha trabajado en las emisoras de Madrid, Granada, Jaca (Huesca) y Toledo, en donde se incorpor\u00f3 en 2013 como Jefe de Informativos de la Cadena COPE en Castilla-La Mancha. Siempre tuvo claro que quer\u00eda ser periodista y, a esa afici\u00f3n, se uni\u00f3 la del ciclismo, deporte con el que ha disfrutado mucho, tanto a trav\u00e9s de los medios de comunicaci\u00f3n como asistiendo en directo a diferentes carreras ciclistas. El inter\u00e9s que siempre mostr\u00f3 con todo lo relacionado con Internet y las redes sociales, fue reconocido con el Premio \u201cD\u00eda de Internet\u201d en la categor\u00eda de \u201cMejor Periodista Digital\u201d por sus trabajos en la Cadena COPE. Precisamente, esa pasi\u00f3n por las nuevas tecnolog\u00edas, espera que sea el \u201cveh\u00edculo\u201d para poder contar \u201cA Tumba Abierta\u201d las mejores historias del deporte de las dos ruedas.","sameAs":["http:\/\/www.cope.es","https:\/\/es-es.facebook.com\/cristobal.cabezasmartin","https:\/\/x.com\/cristoblcabezas"],"url":"https:\/\/www.cope.es\/blogs\/a-tumba-abierta\/author\/ccabezas\/"}]}},"amp_enabled":true,"_links":{"self":[{"href":"https:\/\/www.cope.es\/blogs\/a-tumba-abierta\/wp-json\/wp\/v2\/posts\/1162","targetHints":{"allow":["GET"]}}],"collection":[{"href":"https:\/\/www.cope.es\/blogs\/a-tumba-abierta\/wp-json\/wp\/v2\/posts"}],"about":[{"href":"https:\/\/www.cope.es\/blogs\/a-tumba-abierta\/wp-json\/wp\/v2\/types\/post"}],"author":[{"embeddable":true,"href":"https:\/\/www.cope.es\/blogs\/a-tumba-abierta\/wp-json\/wp\/v2\/users\/24"}],"replies":[{"embeddable":true,"href":"https:\/\/www.cope.es\/blogs\/a-tumba-abierta\/wp-json\/wp\/v2\/comments?post=1162"}],"version-history":[{"count":2,"href":"https:\/\/www.cope.es\/blogs\/a-tumba-abierta\/wp-json\/wp\/v2\/posts\/1162\/revisions"}],"predecessor-version":[{"id":1167,"href":"https:\/\/www.cope.es\/blogs\/a-tumba-abierta\/wp-json\/wp\/v2\/posts\/1162\/revisions\/1167"}],"wp:featuredmedia":[{"embeddable":true,"href":"https:\/\/www.cope.es\/blogs\/a-tumba-abierta\/wp-json\/wp\/v2\/media\/1168"}],"wp:attachment":[{"href":"https:\/\/www.cope.es\/blogs\/a-tumba-abierta\/wp-json\/wp\/v2\/media?parent=1162"}],"wp:term":[{"taxonomy":"category","embeddable":true,"href":"https:\/\/www.cope.es\/blogs\/a-tumba-abierta\/wp-json\/wp\/v2\/categories?post=1162"},{"taxonomy":"post_tag","embeddable":true,"href":"https:\/\/www.cope.es\/blogs\/a-tumba-abierta\/wp-json\/wp\/v2\/tags?post=1162"}],"curies":[{"name":"wp","href":"https:\/\/api.w.org\/{rel}","templated":true}]}}