{"id":1112,"date":"2021-02-17T22:22:58","date_gmt":"2021-02-17T21:22:58","guid":{"rendered":"http:\/\/www.cope.es\/blogs\/a-tumba-abierta\/?p=1112"},"modified":"2021-02-18T19:04:45","modified_gmt":"2021-02-18T18:04:45","slug":"el-euskaltel-euskadi-regresa-a-la-vuelta-a-espana","status":"publish","type":"post","link":"https:\/\/www.cope.es\/blogs\/a-tumba-abierta\/2021\/02\/17\/el-euskaltel-euskadi-regresa-a-la-vuelta-a-espana\/","title":{"rendered":"El Euskaltel-Euskadi regresa a la Vuelta a Espa\u00f1a"},"content":{"rendered":"<p>El Euskaltel-Euskadi ha mostrado su felicidad por haber recibido una de las invitaciones para correr la pr\u00f3xima edici\u00f3n de la <a href=\"https:\/\/www.cope.es\/blogs\/a-tumba-abierta\/2021\/02\/11\/la-vuelta-2021-se-decidira-en-asturias-y-con-una-crono-final-en-santiago\/\" target=\"_blank\">Vuelta Ciclista a Espa\u00f1a<\/a>, ocho a\u00f1os despu\u00e9s de participar por \u00faltima vez, y ha recalcado que es un premio &#8220;a la filosof\u00eda y el trabajo realizado por la Fundaci\u00f3n Euskadi&#8221;.<\/p>\n<p>&#8220;Estamos muy contentos por haber sido invitados a La Vuelta; es un reconocimiento a la filosof\u00eda y al trabajo realizado por la Fundaci\u00f3n Euskadi para llegar hasta aqu\u00ed y nuestro compromiso es honrar al m\u00e1ximo la carrera a trav\u00e9s del esfuerzo&#8221;, ha apuntado <strong>Jes\u00fas Ezkurdia<\/strong>, m\u00e1nager general.<\/p>\n<p>Ezkurdia ha dado las gracias a los colaboradores de este proyecto porque sin su &#8220;ayuda y compromiso ser\u00eda imposible dirigir este proyecto&#8221;. &#8220;Hab\u00e9is apostado por la Fundaci\u00f3n, por una manera de entender y vivir el ciclismo, por una filosof\u00eda de cantera, en definitiva, por un proyecto de pa\u00eds que va m\u00e1s all\u00e1 de los logros deportivos que con la ayuda de Orbea y Etxeondo sali\u00f3 adelante&#8221;, ha admitido.<\/p>\n<p>&#8220;Hoy es un d\u00eda feliz para toda la familia que conformamos el proyecto, y queremos compartir esta felicidad con nuestros socios, que son la raz\u00f3n de ser de este proyecto. Esperamos devolveros en la carretera la confianza depositada en nosotros&#8221;, a\u00f1adi\u00f3 el m\u00e1nager, que ofreci\u00f3 a sus aficionados el &#8220;compromiso incondicional de luchar en cada etapa&#8221; porque no entienden &#8220;el ciclismo de otra manera&#8221;.<\/p>\n<p>Por su parte, el director del equipo &#8216;naranja&#8217;, <strong>Jorge Azanza<\/strong>, curiosamente uno de los que estuvo en la \u00faltima participaci\u00f3n de la escuadra vasca en 2013, ha reconocido ser &#8220;un afortunado por participar en la \u00faltima como corredor y ahora, tras este par\u00e9ntesis, en la primera como director&#8221;.<\/p>\n<p>&#8220;Es un orgullo recibir la invitaci\u00f3n. Para todas las personas que formamos parte del proyecto, supone un reto participar en las mejores carreras y esperamos que la participaci\u00f3n en la Vuelta sea el comienzo de una nueva era&#8221;, ha asegurado.<\/p>\n<p>Sin embargo, no olvida que &#8220;participar en la Vuelta es una gran responsabilidad&#8221;. &#8220;Tenemos el compromiso de ser referentes para toda una generaci\u00f3n de j\u00f3venes ciclistas que sue\u00f1an con vestir de naranja cuando sean mayores y no les defraudaremos. Desde la Fundaci\u00f3n Euskadi seguiremos trabajando en la misma l\u00ednea para consolidar este hito y poder alcanzar la siguiente meta&#8221;, ha sentenciado Azanza.<\/p>\n<p>Recordemos que Burgos-BH, Caja Rural-Seguros RGA y el mencionado Euskaltel-Euskadi son los equipos espa\u00f1oles que han sido invitados a la pr\u00f3xima edici\u00f3n de la Vuelta Ciclista a Espa\u00f1a.<\/p>\n","protected":false},"excerpt":{"rendered":"<p>El Euskaltel-Euskadi ha mostrado su felicidad por haber recibido una de las invitaciones para correr la pr\u00f3xima edici\u00f3n de la Vuelta Ciclista a Espa\u00f1a, ocho a\u00f1os despu\u00e9s de participar por \u00faltima vez, y ha recalcado que es un premio &#8220;a la filosof\u00eda y el trabajo realizado por la Fundaci\u00f3n Euskadi&#8221;. &#8220;Estamos muy contentos por haber [&hellip;]<\/p>\n","protected":false},"author":24,"featured_media":1113,"comment_status":"open","ping_status":"open","sticky":false,"template":"","format":"standard","meta":{"footnotes":""},"categories":[38],"tags":[367,368,366],"class_list":["post-1112","post","type-post","status-publish","format-standard","has-post-thumbnail","hentry","category-vuelta-a-espana","tag-burgos-bh","tag-caja-rural-seguros-rga","tag-euskaltel-euskadi"],"yoast_head":"<!-- This site is optimized with the Yoast SEO plugin v27.4 - https:\/\/yoast.com\/product\/yoast-seo-wordpress\/ -->\n<title>El Euskaltel-Euskadi regresa a la Vuelta Ciclista a Espa\u00f1a<\/title>\n<meta name=\"description\" content=\"Jes\u00fas Ezkurdia, m\u00e1nager general del conjunto Euskaltel-Euskadi, ha recalcado que es un premio &quot;al trabajo realizado por la Fundaci\u00f3n Euskadi&quot;.\" \/>\n<meta name=\"robots\" content=\"index, follow, max-snippet:-1, max-image-preview:large, max-video-preview:-1\" \/>\n<link rel=\"canonical\" href=\"https:\/\/www.cope.es\/blogs\/a-tumba-abierta\/2021\/02\/17\/el-euskaltel-euskadi-regresa-a-la-vuelta-a-espana\/\" \/>\n<meta property=\"og:locale\" content=\"es_ES\" \/>\n<meta property=\"og:type\" content=\"article\" \/>\n<meta property=\"og:title\" content=\"El Euskaltel-Euskadi regresa a la Vuelta Ciclista a Espa\u00f1a\" \/>\n<meta property=\"og:description\" content=\"Jes\u00fas Ezkurdia, m\u00e1nager general del conjunto Euskaltel-Euskadi, ha recalcado que es un premio &quot;al trabajo realizado por la Fundaci\u00f3n Euskadi&quot;.\" \/>\n<meta property=\"og:url\" content=\"https:\/\/www.cope.es\/blogs\/a-tumba-abierta\/2021\/02\/17\/el-euskaltel-euskadi-regresa-a-la-vuelta-a-espana\/\" \/>\n<meta property=\"og:site_name\" content=\"A Tumba Abierta\" \/>\n<meta property=\"article:publisher\" content=\"https:\/\/www.facebook.com\/cope\/\" \/>\n<meta property=\"article:author\" content=\"https:\/\/es-es.facebook.com\/cristobal.cabezasmartin\" \/>\n<meta property=\"article:published_time\" content=\"2021-02-17T21:22:58+00:00\" \/>\n<meta property=\"article:modified_time\" content=\"2021-02-18T18:04:45+00:00\" \/>\n<meta property=\"og:image\" content=\"https:\/\/www.cope.es\/blogs\/a-tumba-abierta\/wp-content\/uploads\/sites\/23\/2021\/02\/EuropaPress_3566409_corredores_euskaltel-euskadi_antes_salida_clasica_almeria_2021.jpg\" \/>\n\t<meta property=\"og:image:width\" content=\"680\" \/>\n\t<meta property=\"og:image:height\" content=\"510\" \/>\n\t<meta property=\"og:image:type\" content=\"image\/jpeg\" \/>\n<meta name=\"author\" content=\"Crist\u00f3bal Cabezas\" \/>\n<meta name=\"twitter:card\" content=\"summary_large_image\" \/>\n<meta name=\"twitter:creator\" content=\"@cristoblcabezas\" \/>\n<meta name=\"twitter:site\" content=\"@cope_es\" \/>\n<meta name=\"twitter:label1\" content=\"Escrito por\" \/>\n\t<meta name=\"twitter:data1\" content=\"Crist\u00f3bal Cabezas\" \/>\n\t<meta name=\"twitter:label2\" content=\"Tiempo de lectura\" \/>\n\t<meta name=\"twitter:data2\" content=\"2 minutos\" \/>\n<script type=\"application\/ld+json\" class=\"yoast-schema-graph\">{\"@context\":\"https:\\\/\\\/schema.org\",\"@graph\":[{\"@type\":\"Article\",\"@id\":\"https:\\\/\\\/www.cope.es\\\/blogs\\\/a-tumba-abierta\\\/2021\\\/02\\\/17\\\/el-euskaltel-euskadi-regresa-a-la-vuelta-a-espana\\\/#article\",\"isPartOf\":{\"@id\":\"https:\\\/\\\/www.cope.es\\\/blogs\\\/a-tumba-abierta\\\/2021\\\/02\\\/17\\\/el-euskaltel-euskadi-regresa-a-la-vuelta-a-espana\\\/\"},\"author\":{\"name\":\"Crist\u00f3bal Cabezas\",\"@id\":\"https:\\\/\\\/www.cope.es\\\/blogs\\\/a-tumba-abierta\\\/#\\\/schema\\\/person\\\/413f6566db421693223476f6b63a643b\"},\"headline\":\"El Euskaltel-Euskadi regresa a la Vuelta a Espa\u00f1a\",\"datePublished\":\"2021-02-17T21:22:58+00:00\",\"dateModified\":\"2021-02-18T18:04:45+00:00\",\"mainEntityOfPage\":{\"@id\":\"https:\\\/\\\/www.cope.es\\\/blogs\\\/a-tumba-abierta\\\/2021\\\/02\\\/17\\\/el-euskaltel-euskadi-regresa-a-la-vuelta-a-espana\\\/\"},\"wordCount\":451,\"commentCount\":0,\"image\":{\"@id\":\"https:\\\/\\\/www.cope.es\\\/blogs\\\/a-tumba-abierta\\\/2021\\\/02\\\/17\\\/el-euskaltel-euskadi-regresa-a-la-vuelta-a-espana\\\/#primaryimage\"},\"thumbnailUrl\":\"https:\\\/\\\/www.cope.es\\\/blogs\\\/a-tumba-abierta\\\/wp-content\\\/uploads\\\/sites\\\/23\\\/2021\\\/02\\\/EuropaPress_3566409_corredores_euskaltel-euskadi_antes_salida_clasica_almeria_2021.jpg\",\"keywords\":[\"Burgos-BH\",\"Caja Rural-Seguros RGA\",\"Euskaltel-Euskadi\"],\"articleSection\":[\"Vuelta a Espa\u00f1a\"],\"inLanguage\":\"es\",\"potentialAction\":[{\"@type\":\"CommentAction\",\"name\":\"Comment\",\"target\":[\"https:\\\/\\\/www.cope.es\\\/blogs\\\/a-tumba-abierta\\\/2021\\\/02\\\/17\\\/el-euskaltel-euskadi-regresa-a-la-vuelta-a-espana\\\/#respond\"]}]},{\"@type\":\"WebPage\",\"@id\":\"https:\\\/\\\/www.cope.es\\\/blogs\\\/a-tumba-abierta\\\/2021\\\/02\\\/17\\\/el-euskaltel-euskadi-regresa-a-la-vuelta-a-espana\\\/\",\"url\":\"https:\\\/\\\/www.cope.es\\\/blogs\\\/a-tumba-abierta\\\/2021\\\/02\\\/17\\\/el-euskaltel-euskadi-regresa-a-la-vuelta-a-espana\\\/\",\"name\":\"El Euskaltel-Euskadi regresa a la Vuelta Ciclista a Espa\u00f1a\",\"isPartOf\":{\"@id\":\"https:\\\/\\\/www.cope.es\\\/blogs\\\/a-tumba-abierta\\\/#website\"},\"primaryImageOfPage\":{\"@id\":\"https:\\\/\\\/www.cope.es\\\/blogs\\\/a-tumba-abierta\\\/2021\\\/02\\\/17\\\/el-euskaltel-euskadi-regresa-a-la-vuelta-a-espana\\\/#primaryimage\"},\"image\":{\"@id\":\"https:\\\/\\\/www.cope.es\\\/blogs\\\/a-tumba-abierta\\\/2021\\\/02\\\/17\\\/el-euskaltel-euskadi-regresa-a-la-vuelta-a-espana\\\/#primaryimage\"},\"thumbnailUrl\":\"https:\\\/\\\/www.cope.es\\\/blogs\\\/a-tumba-abierta\\\/wp-content\\\/uploads\\\/sites\\\/23\\\/2021\\\/02\\\/EuropaPress_3566409_corredores_euskaltel-euskadi_antes_salida_clasica_almeria_2021.jpg\",\"datePublished\":\"2021-02-17T21:22:58+00:00\",\"dateModified\":\"2021-02-18T18:04:45+00:00\",\"author\":{\"@id\":\"https:\\\/\\\/www.cope.es\\\/blogs\\\/a-tumba-abierta\\\/#\\\/schema\\\/person\\\/413f6566db421693223476f6b63a643b\"},\"description\":\"Jes\u00fas Ezkurdia, m\u00e1nager general del conjunto Euskaltel-Euskadi, ha recalcado que es un premio \\\"al trabajo realizado por la Fundaci\u00f3n Euskadi\\\".\",\"breadcrumb\":{\"@id\":\"https:\\\/\\\/www.cope.es\\\/blogs\\\/a-tumba-abierta\\\/2021\\\/02\\\/17\\\/el-euskaltel-euskadi-regresa-a-la-vuelta-a-espana\\\/#breadcrumb\"},\"inLanguage\":\"es\",\"potentialAction\":[{\"@type\":\"ReadAction\",\"target\":[\"https:\\\/\\\/www.cope.es\\\/blogs\\\/a-tumba-abierta\\\/2021\\\/02\\\/17\\\/el-euskaltel-euskadi-regresa-a-la-vuelta-a-espana\\\/\"]}]},{\"@type\":\"ImageObject\",\"inLanguage\":\"es\",\"@id\":\"https:\\\/\\\/www.cope.es\\\/blogs\\\/a-tumba-abierta\\\/2021\\\/02\\\/17\\\/el-euskaltel-euskadi-regresa-a-la-vuelta-a-espana\\\/#primaryimage\",\"url\":\"https:\\\/\\\/www.cope.es\\\/blogs\\\/a-tumba-abierta\\\/wp-content\\\/uploads\\\/sites\\\/23\\\/2021\\\/02\\\/EuropaPress_3566409_corredores_euskaltel-euskadi_antes_salida_clasica_almeria_2021.jpg\",\"contentUrl\":\"https:\\\/\\\/www.cope.es\\\/blogs\\\/a-tumba-abierta\\\/wp-content\\\/uploads\\\/sites\\\/23\\\/2021\\\/02\\\/EuropaPress_3566409_corredores_euskaltel-euskadi_antes_salida_clasica_almeria_2021.jpg\",\"width\":680,\"height\":510,\"caption\":\"Los corredores del Euskaltel-Euskadi antes de la salida de la Cl\u00e1sica de Almer\u00eda 2021 CL\u00c1SICA DE ALMER\u00cdA 16\\\/2\\\/2021\"},{\"@type\":\"BreadcrumbList\",\"@id\":\"https:\\\/\\\/www.cope.es\\\/blogs\\\/a-tumba-abierta\\\/2021\\\/02\\\/17\\\/el-euskaltel-euskadi-regresa-a-la-vuelta-a-espana\\\/#breadcrumb\",\"itemListElement\":[{\"@type\":\"ListItem\",\"position\":1,\"name\":\"Portada\",\"item\":\"https:\\\/\\\/www.cope.es\\\/blogs\\\/a-tumba-abierta\\\/\"},{\"@type\":\"ListItem\",\"position\":2,\"name\":\"El Euskaltel-Euskadi regresa a la Vuelta a Espa\u00f1a\"}]},{\"@type\":\"WebSite\",\"@id\":\"https:\\\/\\\/www.cope.es\\\/blogs\\\/a-tumba-abierta\\\/#website\",\"url\":\"https:\\\/\\\/www.cope.es\\\/blogs\\\/a-tumba-abierta\\\/\",\"name\":\"A Tumba Abierta\",\"description\":\"Blog de ciclismo en COPE\",\"potentialAction\":[{\"@type\":\"SearchAction\",\"target\":{\"@type\":\"EntryPoint\",\"urlTemplate\":\"https:\\\/\\\/www.cope.es\\\/blogs\\\/a-tumba-abierta\\\/?s={search_term_string}\"},\"query-input\":{\"@type\":\"PropertyValueSpecification\",\"valueRequired\":true,\"valueName\":\"search_term_string\"}}],\"inLanguage\":\"es\"},{\"@type\":\"Person\",\"@id\":\"https:\\\/\\\/www.cope.es\\\/blogs\\\/a-tumba-abierta\\\/#\\\/schema\\\/person\\\/413f6566db421693223476f6b63a643b\",\"name\":\"Crist\u00f3bal Cabezas\",\"image\":{\"@type\":\"ImageObject\",\"inLanguage\":\"es\",\"@id\":\"https:\\\/\\\/secure.gravatar.com\\\/avatar\\\/361550a2a3cac91688caa1b00f2a1fa4e89a6c4361562ca29a361ce0041974c2?s=96&d=mm&r=g\",\"url\":\"https:\\\/\\\/secure.gravatar.com\\\/avatar\\\/361550a2a3cac91688caa1b00f2a1fa4e89a6c4361562ca29a361ce0041974c2?s=96&d=mm&r=g\",\"contentUrl\":\"https:\\\/\\\/secure.gravatar.com\\\/avatar\\\/361550a2a3cac91688caa1b00f2a1fa4e89a6c4361562ca29a361ce0041974c2?s=96&d=mm&r=g\",\"caption\":\"Crist\u00f3bal Cabezas\"},\"description\":\"Crist\u00f3bal Cabezas es Licenciado en Periodismo por la Universidad Complutense de Madrid y T\u00edtulo en T\u00e9cnico en Comunicaci\u00f3n Integral por la Universidad Francisco de Vitoria. Tras desempe\u00f1ar tareas informativas en diferentes medios, recal\u00f3 en la Cadena COPE en el a\u00f1o 2005. Desde entonces, ha trabajado en las emisoras de Madrid, Granada, Jaca (Huesca) y Toledo, en donde se incorpor\u00f3 en 2013 como Jefe de Informativos de la Cadena COPE en Castilla-La Mancha. Siempre tuvo claro que quer\u00eda ser periodista y, a esa afici\u00f3n, se uni\u00f3 la del ciclismo, deporte con el que ha disfrutado mucho, tanto a trav\u00e9s de los medios de comunicaci\u00f3n como asistiendo en directo a diferentes carreras ciclistas. El inter\u00e9s que siempre mostr\u00f3 con todo lo relacionado con Internet y las redes sociales, fue reconocido con el Premio \u201cD\u00eda de Internet\u201d en la categor\u00eda de \u201cMejor Periodista Digital\u201d por sus trabajos en la Cadena COPE. Precisamente, esa pasi\u00f3n por las nuevas tecnolog\u00edas, espera que sea el \u201cveh\u00edculo\u201d para poder contar \u201cA Tumba Abierta\u201d las mejores historias del deporte de las dos ruedas.\",\"sameAs\":[\"http:\\\/\\\/www.cope.es\",\"https:\\\/\\\/es-es.facebook.com\\\/cristobal.cabezasmartin\",\"https:\\\/\\\/x.com\\\/cristoblcabezas\"],\"url\":\"https:\\\/\\\/www.cope.es\\\/blogs\\\/a-tumba-abierta\\\/author\\\/ccabezas\\\/\"}]}<\/script>\n<!-- \/ Yoast SEO plugin. -->","yoast_head_json":{"title":"El Euskaltel-Euskadi regresa a la Vuelta Ciclista a Espa\u00f1a","description":"Jes\u00fas Ezkurdia, m\u00e1nager general del conjunto Euskaltel-Euskadi, ha recalcado que es un premio \"al trabajo realizado por la Fundaci\u00f3n Euskadi\".","robots":{"index":"index","follow":"follow","max-snippet":"max-snippet:-1","max-image-preview":"max-image-preview:large","max-video-preview":"max-video-preview:-1"},"canonical":"https:\/\/www.cope.es\/blogs\/a-tumba-abierta\/2021\/02\/17\/el-euskaltel-euskadi-regresa-a-la-vuelta-a-espana\/","og_locale":"es_ES","og_type":"article","og_title":"El Euskaltel-Euskadi regresa a la Vuelta Ciclista a Espa\u00f1a","og_description":"Jes\u00fas Ezkurdia, m\u00e1nager general del conjunto Euskaltel-Euskadi, ha recalcado que es un premio \"al trabajo realizado por la Fundaci\u00f3n Euskadi\".","og_url":"https:\/\/www.cope.es\/blogs\/a-tumba-abierta\/2021\/02\/17\/el-euskaltel-euskadi-regresa-a-la-vuelta-a-espana\/","og_site_name":"A Tumba Abierta","article_publisher":"https:\/\/www.facebook.com\/cope\/","article_author":"https:\/\/es-es.facebook.com\/cristobal.cabezasmartin","article_published_time":"2021-02-17T21:22:58+00:00","article_modified_time":"2021-02-18T18:04:45+00:00","og_image":[{"width":680,"height":510,"url":"https:\/\/www.cope.es\/blogs\/a-tumba-abierta\/wp-content\/uploads\/sites\/23\/2021\/02\/EuropaPress_3566409_corredores_euskaltel-euskadi_antes_salida_clasica_almeria_2021.jpg","type":"image\/jpeg"}],"author":"Crist\u00f3bal Cabezas","twitter_card":"summary_large_image","twitter_creator":"@cristoblcabezas","twitter_site":"@cope_es","twitter_misc":{"Escrito por":"Crist\u00f3bal Cabezas","Tiempo de lectura":"2 minutos"},"schema":{"@context":"https:\/\/schema.org","@graph":[{"@type":"Article","@id":"https:\/\/www.cope.es\/blogs\/a-tumba-abierta\/2021\/02\/17\/el-euskaltel-euskadi-regresa-a-la-vuelta-a-espana\/#article","isPartOf":{"@id":"https:\/\/www.cope.es\/blogs\/a-tumba-abierta\/2021\/02\/17\/el-euskaltel-euskadi-regresa-a-la-vuelta-a-espana\/"},"author":{"name":"Crist\u00f3bal Cabezas","@id":"https:\/\/www.cope.es\/blogs\/a-tumba-abierta\/#\/schema\/person\/413f6566db421693223476f6b63a643b"},"headline":"El Euskaltel-Euskadi regresa a la Vuelta a Espa\u00f1a","datePublished":"2021-02-17T21:22:58+00:00","dateModified":"2021-02-18T18:04:45+00:00","mainEntityOfPage":{"@id":"https:\/\/www.cope.es\/blogs\/a-tumba-abierta\/2021\/02\/17\/el-euskaltel-euskadi-regresa-a-la-vuelta-a-espana\/"},"wordCount":451,"commentCount":0,"image":{"@id":"https:\/\/www.cope.es\/blogs\/a-tumba-abierta\/2021\/02\/17\/el-euskaltel-euskadi-regresa-a-la-vuelta-a-espana\/#primaryimage"},"thumbnailUrl":"https:\/\/www.cope.es\/blogs\/a-tumba-abierta\/wp-content\/uploads\/sites\/23\/2021\/02\/EuropaPress_3566409_corredores_euskaltel-euskadi_antes_salida_clasica_almeria_2021.jpg","keywords":["Burgos-BH","Caja Rural-Seguros RGA","Euskaltel-Euskadi"],"articleSection":["Vuelta a Espa\u00f1a"],"inLanguage":"es","potentialAction":[{"@type":"CommentAction","name":"Comment","target":["https:\/\/www.cope.es\/blogs\/a-tumba-abierta\/2021\/02\/17\/el-euskaltel-euskadi-regresa-a-la-vuelta-a-espana\/#respond"]}]},{"@type":"WebPage","@id":"https:\/\/www.cope.es\/blogs\/a-tumba-abierta\/2021\/02\/17\/el-euskaltel-euskadi-regresa-a-la-vuelta-a-espana\/","url":"https:\/\/www.cope.es\/blogs\/a-tumba-abierta\/2021\/02\/17\/el-euskaltel-euskadi-regresa-a-la-vuelta-a-espana\/","name":"El Euskaltel-Euskadi regresa a la Vuelta Ciclista a Espa\u00f1a","isPartOf":{"@id":"https:\/\/www.cope.es\/blogs\/a-tumba-abierta\/#website"},"primaryImageOfPage":{"@id":"https:\/\/www.cope.es\/blogs\/a-tumba-abierta\/2021\/02\/17\/el-euskaltel-euskadi-regresa-a-la-vuelta-a-espana\/#primaryimage"},"image":{"@id":"https:\/\/www.cope.es\/blogs\/a-tumba-abierta\/2021\/02\/17\/el-euskaltel-euskadi-regresa-a-la-vuelta-a-espana\/#primaryimage"},"thumbnailUrl":"https:\/\/www.cope.es\/blogs\/a-tumba-abierta\/wp-content\/uploads\/sites\/23\/2021\/02\/EuropaPress_3566409_corredores_euskaltel-euskadi_antes_salida_clasica_almeria_2021.jpg","datePublished":"2021-02-17T21:22:58+00:00","dateModified":"2021-02-18T18:04:45+00:00","author":{"@id":"https:\/\/www.cope.es\/blogs\/a-tumba-abierta\/#\/schema\/person\/413f6566db421693223476f6b63a643b"},"description":"Jes\u00fas Ezkurdia, m\u00e1nager general del conjunto Euskaltel-Euskadi, ha recalcado que es un premio \"al trabajo realizado por la Fundaci\u00f3n Euskadi\".","breadcrumb":{"@id":"https:\/\/www.cope.es\/blogs\/a-tumba-abierta\/2021\/02\/17\/el-euskaltel-euskadi-regresa-a-la-vuelta-a-espana\/#breadcrumb"},"inLanguage":"es","potentialAction":[{"@type":"ReadAction","target":["https:\/\/www.cope.es\/blogs\/a-tumba-abierta\/2021\/02\/17\/el-euskaltel-euskadi-regresa-a-la-vuelta-a-espana\/"]}]},{"@type":"ImageObject","inLanguage":"es","@id":"https:\/\/www.cope.es\/blogs\/a-tumba-abierta\/2021\/02\/17\/el-euskaltel-euskadi-regresa-a-la-vuelta-a-espana\/#primaryimage","url":"https:\/\/www.cope.es\/blogs\/a-tumba-abierta\/wp-content\/uploads\/sites\/23\/2021\/02\/EuropaPress_3566409_corredores_euskaltel-euskadi_antes_salida_clasica_almeria_2021.jpg","contentUrl":"https:\/\/www.cope.es\/blogs\/a-tumba-abierta\/wp-content\/uploads\/sites\/23\/2021\/02\/EuropaPress_3566409_corredores_euskaltel-euskadi_antes_salida_clasica_almeria_2021.jpg","width":680,"height":510,"caption":"Los corredores del Euskaltel-Euskadi antes de la salida de la Cl\u00e1sica de Almer\u00eda 2021 CL\u00c1SICA DE ALMER\u00cdA 16\/2\/2021"},{"@type":"BreadcrumbList","@id":"https:\/\/www.cope.es\/blogs\/a-tumba-abierta\/2021\/02\/17\/el-euskaltel-euskadi-regresa-a-la-vuelta-a-espana\/#breadcrumb","itemListElement":[{"@type":"ListItem","position":1,"name":"Portada","item":"https:\/\/www.cope.es\/blogs\/a-tumba-abierta\/"},{"@type":"ListItem","position":2,"name":"El Euskaltel-Euskadi regresa a la Vuelta a Espa\u00f1a"}]},{"@type":"WebSite","@id":"https:\/\/www.cope.es\/blogs\/a-tumba-abierta\/#website","url":"https:\/\/www.cope.es\/blogs\/a-tumba-abierta\/","name":"A Tumba Abierta","description":"Blog de ciclismo en COPE","potentialAction":[{"@type":"SearchAction","target":{"@type":"EntryPoint","urlTemplate":"https:\/\/www.cope.es\/blogs\/a-tumba-abierta\/?s={search_term_string}"},"query-input":{"@type":"PropertyValueSpecification","valueRequired":true,"valueName":"search_term_string"}}],"inLanguage":"es"},{"@type":"Person","@id":"https:\/\/www.cope.es\/blogs\/a-tumba-abierta\/#\/schema\/person\/413f6566db421693223476f6b63a643b","name":"Crist\u00f3bal Cabezas","image":{"@type":"ImageObject","inLanguage":"es","@id":"https:\/\/secure.gravatar.com\/avatar\/361550a2a3cac91688caa1b00f2a1fa4e89a6c4361562ca29a361ce0041974c2?s=96&d=mm&r=g","url":"https:\/\/secure.gravatar.com\/avatar\/361550a2a3cac91688caa1b00f2a1fa4e89a6c4361562ca29a361ce0041974c2?s=96&d=mm&r=g","contentUrl":"https:\/\/secure.gravatar.com\/avatar\/361550a2a3cac91688caa1b00f2a1fa4e89a6c4361562ca29a361ce0041974c2?s=96&d=mm&r=g","caption":"Crist\u00f3bal Cabezas"},"description":"Crist\u00f3bal Cabezas es Licenciado en Periodismo por la Universidad Complutense de Madrid y T\u00edtulo en T\u00e9cnico en Comunicaci\u00f3n Integral por la Universidad Francisco de Vitoria. Tras desempe\u00f1ar tareas informativas en diferentes medios, recal\u00f3 en la Cadena COPE en el a\u00f1o 2005. Desde entonces, ha trabajado en las emisoras de Madrid, Granada, Jaca (Huesca) y Toledo, en donde se incorpor\u00f3 en 2013 como Jefe de Informativos de la Cadena COPE en Castilla-La Mancha. Siempre tuvo claro que quer\u00eda ser periodista y, a esa afici\u00f3n, se uni\u00f3 la del ciclismo, deporte con el que ha disfrutado mucho, tanto a trav\u00e9s de los medios de comunicaci\u00f3n como asistiendo en directo a diferentes carreras ciclistas. El inter\u00e9s que siempre mostr\u00f3 con todo lo relacionado con Internet y las redes sociales, fue reconocido con el Premio \u201cD\u00eda de Internet\u201d en la categor\u00eda de \u201cMejor Periodista Digital\u201d por sus trabajos en la Cadena COPE. Precisamente, esa pasi\u00f3n por las nuevas tecnolog\u00edas, espera que sea el \u201cveh\u00edculo\u201d para poder contar \u201cA Tumba Abierta\u201d las mejores historias del deporte de las dos ruedas.","sameAs":["http:\/\/www.cope.es","https:\/\/es-es.facebook.com\/cristobal.cabezasmartin","https:\/\/x.com\/cristoblcabezas"],"url":"https:\/\/www.cope.es\/blogs\/a-tumba-abierta\/author\/ccabezas\/"}]}},"amp_enabled":true,"_links":{"self":[{"href":"https:\/\/www.cope.es\/blogs\/a-tumba-abierta\/wp-json\/wp\/v2\/posts\/1112","targetHints":{"allow":["GET"]}}],"collection":[{"href":"https:\/\/www.cope.es\/blogs\/a-tumba-abierta\/wp-json\/wp\/v2\/posts"}],"about":[{"href":"https:\/\/www.cope.es\/blogs\/a-tumba-abierta\/wp-json\/wp\/v2\/types\/post"}],"author":[{"embeddable":true,"href":"https:\/\/www.cope.es\/blogs\/a-tumba-abierta\/wp-json\/wp\/v2\/users\/24"}],"replies":[{"embeddable":true,"href":"https:\/\/www.cope.es\/blogs\/a-tumba-abierta\/wp-json\/wp\/v2\/comments?post=1112"}],"version-history":[{"count":2,"href":"https:\/\/www.cope.es\/blogs\/a-tumba-abierta\/wp-json\/wp\/v2\/posts\/1112\/revisions"}],"predecessor-version":[{"id":1116,"href":"https:\/\/www.cope.es\/blogs\/a-tumba-abierta\/wp-json\/wp\/v2\/posts\/1112\/revisions\/1116"}],"wp:featuredmedia":[{"embeddable":true,"href":"https:\/\/www.cope.es\/blogs\/a-tumba-abierta\/wp-json\/wp\/v2\/media\/1113"}],"wp:attachment":[{"href":"https:\/\/www.cope.es\/blogs\/a-tumba-abierta\/wp-json\/wp\/v2\/media?parent=1112"}],"wp:term":[{"taxonomy":"category","embeddable":true,"href":"https:\/\/www.cope.es\/blogs\/a-tumba-abierta\/wp-json\/wp\/v2\/categories?post=1112"},{"taxonomy":"post_tag","embeddable":true,"href":"https:\/\/www.cope.es\/blogs\/a-tumba-abierta\/wp-json\/wp\/v2\/tags?post=1112"}],"curies":[{"name":"wp","href":"https:\/\/api.w.org\/{rel}","templated":true}]}}