{"id":11,"date":"2018-04-11T22:44:13","date_gmt":"2018-04-11T20:44:13","guid":{"rendered":"http:\/\/www.cope.es\/blogs\/a-tumba-abierta\/?p=11"},"modified":"2019-12-01T13:19:42","modified_gmt":"2019-12-01T12:19:42","slug":"un-bravo-escoces-reina-en-el-tour-de-francia","status":"publish","type":"post","link":"https:\/\/www.cope.es\/blogs\/a-tumba-abierta\/2018\/04\/11\/un-bravo-escoces-reina-en-el-tour-de-francia\/","title":{"rendered":"Un bravo escoc\u00e9s reina en el Tour de Francia"},"content":{"rendered":"<p>Para hablar de las dos ruedas hay que mirar tiempos pasados del Tour de Francia, momentos en los que el ciclismo enamor\u00f3 por su espectacularidad. Comenzamos nuestra serie de relatos con uno de bello recuerdo: 11 de julio de 1983. Etapa Pau \u2013 Bagn\u00e8res de Luchon. Etapa con <strong>Robert Millar<\/strong> como figura destacada.<\/p>\n<p>Jornada de puro espect\u00e1culo con ataques y escapados buscando la victoria. Es el caso de este d\u00eda en el que la etapa se sit\u00faa en las faldas del Peyresourde de esta forma: Millar y <strong>Patrocinio Jim\u00e9nez<\/strong> en cabeza de carrera y detr\u00e1s un peque\u00f1o grupo con <strong>Simon<\/strong>, <strong>Fignon<\/strong> y <a href=\"https:\/\/www.cope.es\/blogs\/a-tumba-abierta\/2018\/05\/04\/1989-la-vuelta-de-pedro-delgado\/\" target=\"_blank\"><strong>Delgado<\/strong><\/a>, entre otros. Nos queda el ascenso y el rapid\u00edsimo descenso hasta Bagn\u00e8res de Luchon.<\/p>\n<p>Por delante Millar y Jim\u00e9nez caminan con paso firme mientras que atr\u00e1s Fignon se descuelga. Simon y Delgado se marchan en solitario hasta que &#8220;Perico&#8221; ataca y se marcha en busca de los dos escapados. Queda poco para la cima y el descenso no ofrece muchas opciones por lo que el que corone tendr\u00e1 media etapa en el bolsillo. Una vez m\u00e1s, el ciclismo demostr\u00f3 que tan importante es tener fuerzas como ser inteligente. Es el caso del escoc\u00e9s que muy cerca de la cima ataca al colombiano. Lo &#8220;saca de rueda&#8221; con el objetivo de quitarse un enemigo para la parte final de esta etapa pirenaica del Tour de Francia.<\/p>\n<p>Cima del Col de Peyresourde: 1\u00ba Millar, 2\u00ba Jim\u00e9nez y 3\u00ba Delgado a 29\u2033. El segoviano se lanza &#8220;a tumba abierta&#8221;. Adelanta a Jim\u00e9nez, pone la bicicleta a 72 km\/h. y recorta 23 segundos a Millar en la meta. En un momento dado, Delgado adopta una posici\u00f3n espectacular, muy aerodin\u00e1mica, inclinado sobre el manillar sorprendiendo a los comentaristas franceses. El pa\u00eds galo comienza a descubrir al espa\u00f1ol que al d\u00eda siguiente era apodado \u201cEl Loco de los Pirineos\u201d.<\/p>\n<p>Sin embargo, como dec\u00edamos antes, el descenso no ayudaba para recortar distancias y Millar aguanta el empuje de &#8220;Perico&#8221;. Por seis segundos, el escoc\u00e9s se lleva una m\u00e1s que merecida etapa (6:23:27). Tercero llega Simon; Jim\u00e9nez, cuarto y Fignon, s\u00e9ptimo a 4\u201923\u201d.<\/p>\n<p>Simon era el nuevo l\u00edder en uno de los m\u00e1s bellos Tours que se recuerdan para el p\u00fablico espa\u00f1ol.<\/p>\n<p>La etapa Pau \u2013 Bagn\u00e8res de Luchon del Tour de Francia de 1983 es el principal asunto que hoy te contamos en\u00a0<a href=\"https:\/\/www.cope.es\/blogs\/a-tumba-abierta\/\" target=\"_blank\">\u201cA Tumba Abierta\u201d<\/a>, un blog dirigido por Crist\u00f3bal Cabezas en el que el ciclismo siempre es el gran protagonista. No te pierdas las mejores historias de uno de los deportes m\u00e1s bellos del mundo.<\/p>\n","protected":false},"excerpt":{"rendered":"<p>Para hablar de las dos ruedas hay que mirar tiempos pasados del Tour de Francia, momentos en los que el ciclismo enamor\u00f3 por su espectacularidad. Comenzamos nuestra serie de relatos con uno de bello recuerdo: 11 de julio de 1983. Etapa Pau \u2013 Bagn\u00e8res de Luchon. Etapa con Robert Millar como figura destacada. Jornada de [&hellip;]<\/p>\n","protected":false},"author":24,"featured_media":12,"comment_status":"open","ping_status":"open","sticky":false,"template":"","format":"standard","meta":{"footnotes":""},"categories":[3],"tags":[11,6,10,7,9,5,4,8,12],"class_list":["post-11","post","type-post","status-publish","format-standard","has-post-thumbnail","hentry","category-tour-de-francia","tag-ciclismo","tag-delgado","tag-el-loco-de-los-pirineos","tag-fignon","tag-jimenez","tag-millar","tag-pirineos","tag-simon","tag-tour-de-francia"],"yoast_head":"<!-- This site is optimized with the Yoast SEO plugin v27.4 - https:\/\/yoast.com\/product\/yoast-seo-wordpress\/ -->\n<title>Un bravo escoc\u00e9s reina en el Tour de Francia - A Tumba Abierta<\/title>\n<meta name=\"robots\" content=\"index, follow, max-snippet:-1, max-image-preview:large, max-video-preview:-1\" \/>\n<link rel=\"canonical\" href=\"https:\/\/www.cope.es\/blogs\/a-tumba-abierta\/2018\/04\/11\/un-bravo-escoces-reina-en-el-tour-de-francia\/\" \/>\n<meta property=\"og:locale\" content=\"es_ES\" \/>\n<meta property=\"og:type\" content=\"article\" \/>\n<meta property=\"og:title\" content=\"Un bravo escoc\u00e9s reina en el Tour de Francia - A Tumba Abierta\" \/>\n<meta property=\"og:description\" content=\"Para hablar de las dos ruedas hay que mirar tiempos pasados del Tour de Francia, momentos en los que el ciclismo enamor\u00f3 por su espectacularidad. Comenzamos nuestra serie de relatos con uno de bello recuerdo: 11 de julio de 1983. Etapa Pau \u2013 Bagn\u00e8res de Luchon. Etapa con Robert Millar como figura destacada. Jornada de [&hellip;]\" \/>\n<meta property=\"og:url\" content=\"https:\/\/www.cope.es\/blogs\/a-tumba-abierta\/2018\/04\/11\/un-bravo-escoces-reina-en-el-tour-de-francia\/\" \/>\n<meta property=\"og:site_name\" content=\"A Tumba Abierta\" \/>\n<meta property=\"article:publisher\" content=\"https:\/\/www.facebook.com\/cope\/\" \/>\n<meta property=\"article:author\" content=\"https:\/\/es-es.facebook.com\/cristobal.cabezasmartin\" \/>\n<meta property=\"article:published_time\" content=\"2018-04-11T20:44:13+00:00\" \/>\n<meta property=\"article:modified_time\" content=\"2019-12-01T12:19:42+00:00\" \/>\n<meta property=\"og:image\" content=\"https:\/\/www.cope.es\/blogs\/a-tumba-abierta\/wp-content\/uploads\/sites\/23\/2018\/04\/millarllegandoameta.jpg\" \/>\n\t<meta property=\"og:image:width\" content=\"620\" \/>\n\t<meta property=\"og:image:height\" content=\"413\" \/>\n\t<meta property=\"og:image:type\" content=\"image\/jpeg\" \/>\n<meta name=\"author\" content=\"Crist\u00f3bal Cabezas\" \/>\n<meta name=\"twitter:card\" content=\"summary_large_image\" \/>\n<meta name=\"twitter:creator\" content=\"@cristoblcabezas\" \/>\n<meta name=\"twitter:site\" content=\"@cope_es\" \/>\n<meta name=\"twitter:label1\" content=\"Escrito por\" \/>\n\t<meta name=\"twitter:data1\" content=\"Crist\u00f3bal Cabezas\" \/>\n\t<meta name=\"twitter:label2\" content=\"Tiempo de lectura\" \/>\n\t<meta name=\"twitter:data2\" content=\"2 minutos\" \/>\n<script type=\"application\/ld+json\" class=\"yoast-schema-graph\">{\"@context\":\"https:\\\/\\\/schema.org\",\"@graph\":[{\"@type\":\"Article\",\"@id\":\"https:\\\/\\\/www.cope.es\\\/blogs\\\/a-tumba-abierta\\\/2018\\\/04\\\/11\\\/un-bravo-escoces-reina-en-el-tour-de-francia\\\/#article\",\"isPartOf\":{\"@id\":\"https:\\\/\\\/www.cope.es\\\/blogs\\\/a-tumba-abierta\\\/2018\\\/04\\\/11\\\/un-bravo-escoces-reina-en-el-tour-de-francia\\\/\"},\"author\":{\"name\":\"Crist\u00f3bal Cabezas\",\"@id\":\"https:\\\/\\\/www.cope.es\\\/blogs\\\/a-tumba-abierta\\\/#\\\/schema\\\/person\\\/413f6566db421693223476f6b63a643b\"},\"headline\":\"Un bravo escoc\u00e9s reina en el Tour de Francia\",\"datePublished\":\"2018-04-11T20:44:13+00:00\",\"dateModified\":\"2019-12-01T12:19:42+00:00\",\"mainEntityOfPage\":{\"@id\":\"https:\\\/\\\/www.cope.es\\\/blogs\\\/a-tumba-abierta\\\/2018\\\/04\\\/11\\\/un-bravo-escoces-reina-en-el-tour-de-francia\\\/\"},\"wordCount\":453,\"commentCount\":2,\"image\":{\"@id\":\"https:\\\/\\\/www.cope.es\\\/blogs\\\/a-tumba-abierta\\\/2018\\\/04\\\/11\\\/un-bravo-escoces-reina-en-el-tour-de-francia\\\/#primaryimage\"},\"thumbnailUrl\":\"https:\\\/\\\/www.cope.es\\\/blogs\\\/a-tumba-abierta\\\/wp-content\\\/uploads\\\/sites\\\/23\\\/2018\\\/04\\\/millarllegandoameta.jpg\",\"keywords\":[\"Ciclismo\",\"Delgado\",\"El Loco de los Pirineos\",\"Fignon\",\"Jim\u00e9nez\",\"Millar\",\"Pirineos\",\"Simon\",\"Tour de Francia\"],\"articleSection\":[\"Tour de Francia\"],\"inLanguage\":\"es\",\"potentialAction\":[{\"@type\":\"CommentAction\",\"name\":\"Comment\",\"target\":[\"https:\\\/\\\/www.cope.es\\\/blogs\\\/a-tumba-abierta\\\/2018\\\/04\\\/11\\\/un-bravo-escoces-reina-en-el-tour-de-francia\\\/#respond\"]}]},{\"@type\":\"WebPage\",\"@id\":\"https:\\\/\\\/www.cope.es\\\/blogs\\\/a-tumba-abierta\\\/2018\\\/04\\\/11\\\/un-bravo-escoces-reina-en-el-tour-de-francia\\\/\",\"url\":\"https:\\\/\\\/www.cope.es\\\/blogs\\\/a-tumba-abierta\\\/2018\\\/04\\\/11\\\/un-bravo-escoces-reina-en-el-tour-de-francia\\\/\",\"name\":\"Un bravo escoc\u00e9s reina en el Tour de Francia - A Tumba Abierta\",\"isPartOf\":{\"@id\":\"https:\\\/\\\/www.cope.es\\\/blogs\\\/a-tumba-abierta\\\/#website\"},\"primaryImageOfPage\":{\"@id\":\"https:\\\/\\\/www.cope.es\\\/blogs\\\/a-tumba-abierta\\\/2018\\\/04\\\/11\\\/un-bravo-escoces-reina-en-el-tour-de-francia\\\/#primaryimage\"},\"image\":{\"@id\":\"https:\\\/\\\/www.cope.es\\\/blogs\\\/a-tumba-abierta\\\/2018\\\/04\\\/11\\\/un-bravo-escoces-reina-en-el-tour-de-francia\\\/#primaryimage\"},\"thumbnailUrl\":\"https:\\\/\\\/www.cope.es\\\/blogs\\\/a-tumba-abierta\\\/wp-content\\\/uploads\\\/sites\\\/23\\\/2018\\\/04\\\/millarllegandoameta.jpg\",\"datePublished\":\"2018-04-11T20:44:13+00:00\",\"dateModified\":\"2019-12-01T12:19:42+00:00\",\"author\":{\"@id\":\"https:\\\/\\\/www.cope.es\\\/blogs\\\/a-tumba-abierta\\\/#\\\/schema\\\/person\\\/413f6566db421693223476f6b63a643b\"},\"breadcrumb\":{\"@id\":\"https:\\\/\\\/www.cope.es\\\/blogs\\\/a-tumba-abierta\\\/2018\\\/04\\\/11\\\/un-bravo-escoces-reina-en-el-tour-de-francia\\\/#breadcrumb\"},\"inLanguage\":\"es\",\"potentialAction\":[{\"@type\":\"ReadAction\",\"target\":[\"https:\\\/\\\/www.cope.es\\\/blogs\\\/a-tumba-abierta\\\/2018\\\/04\\\/11\\\/un-bravo-escoces-reina-en-el-tour-de-francia\\\/\"]}]},{\"@type\":\"ImageObject\",\"inLanguage\":\"es\",\"@id\":\"https:\\\/\\\/www.cope.es\\\/blogs\\\/a-tumba-abierta\\\/2018\\\/04\\\/11\\\/un-bravo-escoces-reina-en-el-tour-de-francia\\\/#primaryimage\",\"url\":\"https:\\\/\\\/www.cope.es\\\/blogs\\\/a-tumba-abierta\\\/wp-content\\\/uploads\\\/sites\\\/23\\\/2018\\\/04\\\/millarllegandoameta.jpg\",\"contentUrl\":\"https:\\\/\\\/www.cope.es\\\/blogs\\\/a-tumba-abierta\\\/wp-content\\\/uploads\\\/sites\\\/23\\\/2018\\\/04\\\/millarllegandoameta.jpg\",\"width\":620,\"height\":413,\"caption\":\"Etapa pirenaica del Tour de Francia de 1983.\"},{\"@type\":\"BreadcrumbList\",\"@id\":\"https:\\\/\\\/www.cope.es\\\/blogs\\\/a-tumba-abierta\\\/2018\\\/04\\\/11\\\/un-bravo-escoces-reina-en-el-tour-de-francia\\\/#breadcrumb\",\"itemListElement\":[{\"@type\":\"ListItem\",\"position\":1,\"name\":\"Portada\",\"item\":\"https:\\\/\\\/www.cope.es\\\/blogs\\\/a-tumba-abierta\\\/\"},{\"@type\":\"ListItem\",\"position\":2,\"name\":\"Un bravo escoc\u00e9s reina en el Tour de Francia\"}]},{\"@type\":\"WebSite\",\"@id\":\"https:\\\/\\\/www.cope.es\\\/blogs\\\/a-tumba-abierta\\\/#website\",\"url\":\"https:\\\/\\\/www.cope.es\\\/blogs\\\/a-tumba-abierta\\\/\",\"name\":\"A Tumba Abierta\",\"description\":\"Blog de ciclismo en COPE\",\"potentialAction\":[{\"@type\":\"SearchAction\",\"target\":{\"@type\":\"EntryPoint\",\"urlTemplate\":\"https:\\\/\\\/www.cope.es\\\/blogs\\\/a-tumba-abierta\\\/?s={search_term_string}\"},\"query-input\":{\"@type\":\"PropertyValueSpecification\",\"valueRequired\":true,\"valueName\":\"search_term_string\"}}],\"inLanguage\":\"es\"},{\"@type\":\"Person\",\"@id\":\"https:\\\/\\\/www.cope.es\\\/blogs\\\/a-tumba-abierta\\\/#\\\/schema\\\/person\\\/413f6566db421693223476f6b63a643b\",\"name\":\"Crist\u00f3bal Cabezas\",\"image\":{\"@type\":\"ImageObject\",\"inLanguage\":\"es\",\"@id\":\"https:\\\/\\\/secure.gravatar.com\\\/avatar\\\/361550a2a3cac91688caa1b00f2a1fa4e89a6c4361562ca29a361ce0041974c2?s=96&d=mm&r=g\",\"url\":\"https:\\\/\\\/secure.gravatar.com\\\/avatar\\\/361550a2a3cac91688caa1b00f2a1fa4e89a6c4361562ca29a361ce0041974c2?s=96&d=mm&r=g\",\"contentUrl\":\"https:\\\/\\\/secure.gravatar.com\\\/avatar\\\/361550a2a3cac91688caa1b00f2a1fa4e89a6c4361562ca29a361ce0041974c2?s=96&d=mm&r=g\",\"caption\":\"Crist\u00f3bal Cabezas\"},\"description\":\"Crist\u00f3bal Cabezas es Licenciado en Periodismo por la Universidad Complutense de Madrid y T\u00edtulo en T\u00e9cnico en Comunicaci\u00f3n Integral por la Universidad Francisco de Vitoria. Tras desempe\u00f1ar tareas informativas en diferentes medios, recal\u00f3 en la Cadena COPE en el a\u00f1o 2005. Desde entonces, ha trabajado en las emisoras de Madrid, Granada, Jaca (Huesca) y Toledo, en donde se incorpor\u00f3 en 2013 como Jefe de Informativos de la Cadena COPE en Castilla-La Mancha. Siempre tuvo claro que quer\u00eda ser periodista y, a esa afici\u00f3n, se uni\u00f3 la del ciclismo, deporte con el que ha disfrutado mucho, tanto a trav\u00e9s de los medios de comunicaci\u00f3n como asistiendo en directo a diferentes carreras ciclistas. El inter\u00e9s que siempre mostr\u00f3 con todo lo relacionado con Internet y las redes sociales, fue reconocido con el Premio \u201cD\u00eda de Internet\u201d en la categor\u00eda de \u201cMejor Periodista Digital\u201d por sus trabajos en la Cadena COPE. Precisamente, esa pasi\u00f3n por las nuevas tecnolog\u00edas, espera que sea el \u201cveh\u00edculo\u201d para poder contar \u201cA Tumba Abierta\u201d las mejores historias del deporte de las dos ruedas.\",\"sameAs\":[\"http:\\\/\\\/www.cope.es\",\"https:\\\/\\\/es-es.facebook.com\\\/cristobal.cabezasmartin\",\"https:\\\/\\\/x.com\\\/cristoblcabezas\"],\"url\":\"https:\\\/\\\/www.cope.es\\\/blogs\\\/a-tumba-abierta\\\/author\\\/ccabezas\\\/\"}]}<\/script>\n<!-- \/ Yoast SEO plugin. -->","yoast_head_json":{"title":"Un bravo escoc\u00e9s reina en el Tour de Francia - A Tumba Abierta","robots":{"index":"index","follow":"follow","max-snippet":"max-snippet:-1","max-image-preview":"max-image-preview:large","max-video-preview":"max-video-preview:-1"},"canonical":"https:\/\/www.cope.es\/blogs\/a-tumba-abierta\/2018\/04\/11\/un-bravo-escoces-reina-en-el-tour-de-francia\/","og_locale":"es_ES","og_type":"article","og_title":"Un bravo escoc\u00e9s reina en el Tour de Francia - A Tumba Abierta","og_description":"Para hablar de las dos ruedas hay que mirar tiempos pasados del Tour de Francia, momentos en los que el ciclismo enamor\u00f3 por su espectacularidad. Comenzamos nuestra serie de relatos con uno de bello recuerdo: 11 de julio de 1983. Etapa Pau \u2013 Bagn\u00e8res de Luchon. Etapa con Robert Millar como figura destacada. Jornada de [&hellip;]","og_url":"https:\/\/www.cope.es\/blogs\/a-tumba-abierta\/2018\/04\/11\/un-bravo-escoces-reina-en-el-tour-de-francia\/","og_site_name":"A Tumba Abierta","article_publisher":"https:\/\/www.facebook.com\/cope\/","article_author":"https:\/\/es-es.facebook.com\/cristobal.cabezasmartin","article_published_time":"2018-04-11T20:44:13+00:00","article_modified_time":"2019-12-01T12:19:42+00:00","og_image":[{"width":620,"height":413,"url":"https:\/\/www.cope.es\/blogs\/a-tumba-abierta\/wp-content\/uploads\/sites\/23\/2018\/04\/millarllegandoameta.jpg","type":"image\/jpeg"}],"author":"Crist\u00f3bal Cabezas","twitter_card":"summary_large_image","twitter_creator":"@cristoblcabezas","twitter_site":"@cope_es","twitter_misc":{"Escrito por":"Crist\u00f3bal Cabezas","Tiempo de lectura":"2 minutos"},"schema":{"@context":"https:\/\/schema.org","@graph":[{"@type":"Article","@id":"https:\/\/www.cope.es\/blogs\/a-tumba-abierta\/2018\/04\/11\/un-bravo-escoces-reina-en-el-tour-de-francia\/#article","isPartOf":{"@id":"https:\/\/www.cope.es\/blogs\/a-tumba-abierta\/2018\/04\/11\/un-bravo-escoces-reina-en-el-tour-de-francia\/"},"author":{"name":"Crist\u00f3bal Cabezas","@id":"https:\/\/www.cope.es\/blogs\/a-tumba-abierta\/#\/schema\/person\/413f6566db421693223476f6b63a643b"},"headline":"Un bravo escoc\u00e9s reina en el Tour de Francia","datePublished":"2018-04-11T20:44:13+00:00","dateModified":"2019-12-01T12:19:42+00:00","mainEntityOfPage":{"@id":"https:\/\/www.cope.es\/blogs\/a-tumba-abierta\/2018\/04\/11\/un-bravo-escoces-reina-en-el-tour-de-francia\/"},"wordCount":453,"commentCount":2,"image":{"@id":"https:\/\/www.cope.es\/blogs\/a-tumba-abierta\/2018\/04\/11\/un-bravo-escoces-reina-en-el-tour-de-francia\/#primaryimage"},"thumbnailUrl":"https:\/\/www.cope.es\/blogs\/a-tumba-abierta\/wp-content\/uploads\/sites\/23\/2018\/04\/millarllegandoameta.jpg","keywords":["Ciclismo","Delgado","El Loco de los Pirineos","Fignon","Jim\u00e9nez","Millar","Pirineos","Simon","Tour de Francia"],"articleSection":["Tour de Francia"],"inLanguage":"es","potentialAction":[{"@type":"CommentAction","name":"Comment","target":["https:\/\/www.cope.es\/blogs\/a-tumba-abierta\/2018\/04\/11\/un-bravo-escoces-reina-en-el-tour-de-francia\/#respond"]}]},{"@type":"WebPage","@id":"https:\/\/www.cope.es\/blogs\/a-tumba-abierta\/2018\/04\/11\/un-bravo-escoces-reina-en-el-tour-de-francia\/","url":"https:\/\/www.cope.es\/blogs\/a-tumba-abierta\/2018\/04\/11\/un-bravo-escoces-reina-en-el-tour-de-francia\/","name":"Un bravo escoc\u00e9s reina en el Tour de Francia - A Tumba Abierta","isPartOf":{"@id":"https:\/\/www.cope.es\/blogs\/a-tumba-abierta\/#website"},"primaryImageOfPage":{"@id":"https:\/\/www.cope.es\/blogs\/a-tumba-abierta\/2018\/04\/11\/un-bravo-escoces-reina-en-el-tour-de-francia\/#primaryimage"},"image":{"@id":"https:\/\/www.cope.es\/blogs\/a-tumba-abierta\/2018\/04\/11\/un-bravo-escoces-reina-en-el-tour-de-francia\/#primaryimage"},"thumbnailUrl":"https:\/\/www.cope.es\/blogs\/a-tumba-abierta\/wp-content\/uploads\/sites\/23\/2018\/04\/millarllegandoameta.jpg","datePublished":"2018-04-11T20:44:13+00:00","dateModified":"2019-12-01T12:19:42+00:00","author":{"@id":"https:\/\/www.cope.es\/blogs\/a-tumba-abierta\/#\/schema\/person\/413f6566db421693223476f6b63a643b"},"breadcrumb":{"@id":"https:\/\/www.cope.es\/blogs\/a-tumba-abierta\/2018\/04\/11\/un-bravo-escoces-reina-en-el-tour-de-francia\/#breadcrumb"},"inLanguage":"es","potentialAction":[{"@type":"ReadAction","target":["https:\/\/www.cope.es\/blogs\/a-tumba-abierta\/2018\/04\/11\/un-bravo-escoces-reina-en-el-tour-de-francia\/"]}]},{"@type":"ImageObject","inLanguage":"es","@id":"https:\/\/www.cope.es\/blogs\/a-tumba-abierta\/2018\/04\/11\/un-bravo-escoces-reina-en-el-tour-de-francia\/#primaryimage","url":"https:\/\/www.cope.es\/blogs\/a-tumba-abierta\/wp-content\/uploads\/sites\/23\/2018\/04\/millarllegandoameta.jpg","contentUrl":"https:\/\/www.cope.es\/blogs\/a-tumba-abierta\/wp-content\/uploads\/sites\/23\/2018\/04\/millarllegandoameta.jpg","width":620,"height":413,"caption":"Etapa pirenaica del Tour de Francia de 1983."},{"@type":"BreadcrumbList","@id":"https:\/\/www.cope.es\/blogs\/a-tumba-abierta\/2018\/04\/11\/un-bravo-escoces-reina-en-el-tour-de-francia\/#breadcrumb","itemListElement":[{"@type":"ListItem","position":1,"name":"Portada","item":"https:\/\/www.cope.es\/blogs\/a-tumba-abierta\/"},{"@type":"ListItem","position":2,"name":"Un bravo escoc\u00e9s reina en el Tour de Francia"}]},{"@type":"WebSite","@id":"https:\/\/www.cope.es\/blogs\/a-tumba-abierta\/#website","url":"https:\/\/www.cope.es\/blogs\/a-tumba-abierta\/","name":"A Tumba Abierta","description":"Blog de ciclismo en COPE","potentialAction":[{"@type":"SearchAction","target":{"@type":"EntryPoint","urlTemplate":"https:\/\/www.cope.es\/blogs\/a-tumba-abierta\/?s={search_term_string}"},"query-input":{"@type":"PropertyValueSpecification","valueRequired":true,"valueName":"search_term_string"}}],"inLanguage":"es"},{"@type":"Person","@id":"https:\/\/www.cope.es\/blogs\/a-tumba-abierta\/#\/schema\/person\/413f6566db421693223476f6b63a643b","name":"Crist\u00f3bal Cabezas","image":{"@type":"ImageObject","inLanguage":"es","@id":"https:\/\/secure.gravatar.com\/avatar\/361550a2a3cac91688caa1b00f2a1fa4e89a6c4361562ca29a361ce0041974c2?s=96&d=mm&r=g","url":"https:\/\/secure.gravatar.com\/avatar\/361550a2a3cac91688caa1b00f2a1fa4e89a6c4361562ca29a361ce0041974c2?s=96&d=mm&r=g","contentUrl":"https:\/\/secure.gravatar.com\/avatar\/361550a2a3cac91688caa1b00f2a1fa4e89a6c4361562ca29a361ce0041974c2?s=96&d=mm&r=g","caption":"Crist\u00f3bal Cabezas"},"description":"Crist\u00f3bal Cabezas es Licenciado en Periodismo por la Universidad Complutense de Madrid y T\u00edtulo en T\u00e9cnico en Comunicaci\u00f3n Integral por la Universidad Francisco de Vitoria. Tras desempe\u00f1ar tareas informativas en diferentes medios, recal\u00f3 en la Cadena COPE en el a\u00f1o 2005. Desde entonces, ha trabajado en las emisoras de Madrid, Granada, Jaca (Huesca) y Toledo, en donde se incorpor\u00f3 en 2013 como Jefe de Informativos de la Cadena COPE en Castilla-La Mancha. Siempre tuvo claro que quer\u00eda ser periodista y, a esa afici\u00f3n, se uni\u00f3 la del ciclismo, deporte con el que ha disfrutado mucho, tanto a trav\u00e9s de los medios de comunicaci\u00f3n como asistiendo en directo a diferentes carreras ciclistas. El inter\u00e9s que siempre mostr\u00f3 con todo lo relacionado con Internet y las redes sociales, fue reconocido con el Premio \u201cD\u00eda de Internet\u201d en la categor\u00eda de \u201cMejor Periodista Digital\u201d por sus trabajos en la Cadena COPE. Precisamente, esa pasi\u00f3n por las nuevas tecnolog\u00edas, espera que sea el \u201cveh\u00edculo\u201d para poder contar \u201cA Tumba Abierta\u201d las mejores historias del deporte de las dos ruedas.","sameAs":["http:\/\/www.cope.es","https:\/\/es-es.facebook.com\/cristobal.cabezasmartin","https:\/\/x.com\/cristoblcabezas"],"url":"https:\/\/www.cope.es\/blogs\/a-tumba-abierta\/author\/ccabezas\/"}]}},"amp_enabled":true,"_links":{"self":[{"href":"https:\/\/www.cope.es\/blogs\/a-tumba-abierta\/wp-json\/wp\/v2\/posts\/11","targetHints":{"allow":["GET"]}}],"collection":[{"href":"https:\/\/www.cope.es\/blogs\/a-tumba-abierta\/wp-json\/wp\/v2\/posts"}],"about":[{"href":"https:\/\/www.cope.es\/blogs\/a-tumba-abierta\/wp-json\/wp\/v2\/types\/post"}],"author":[{"embeddable":true,"href":"https:\/\/www.cope.es\/blogs\/a-tumba-abierta\/wp-json\/wp\/v2\/users\/24"}],"replies":[{"embeddable":true,"href":"https:\/\/www.cope.es\/blogs\/a-tumba-abierta\/wp-json\/wp\/v2\/comments?post=11"}],"version-history":[{"count":2,"href":"https:\/\/www.cope.es\/blogs\/a-tumba-abierta\/wp-json\/wp\/v2\/posts\/11\/revisions"}],"predecessor-version":[{"id":706,"href":"https:\/\/www.cope.es\/blogs\/a-tumba-abierta\/wp-json\/wp\/v2\/posts\/11\/revisions\/706"}],"wp:featuredmedia":[{"embeddable":true,"href":"https:\/\/www.cope.es\/blogs\/a-tumba-abierta\/wp-json\/wp\/v2\/media\/12"}],"wp:attachment":[{"href":"https:\/\/www.cope.es\/blogs\/a-tumba-abierta\/wp-json\/wp\/v2\/media?parent=11"}],"wp:term":[{"taxonomy":"category","embeddable":true,"href":"https:\/\/www.cope.es\/blogs\/a-tumba-abierta\/wp-json\/wp\/v2\/categories?post=11"},{"taxonomy":"post_tag","embeddable":true,"href":"https:\/\/www.cope.es\/blogs\/a-tumba-abierta\/wp-json\/wp\/v2\/tags?post=11"}],"curies":[{"name":"wp","href":"https:\/\/api.w.org\/{rel}","templated":true}]}}