{"id":88,"date":"2018-09-26T08:16:33","date_gmt":"2018-09-26T06:16:33","guid":{"rendered":"http:\/\/www.cope.es\/blogs\/a-ras-de-albero\/?p=88"},"modified":"2018-09-26T08:16:33","modified_gmt":"2018-09-26T06:16:33","slug":"pablo-iglesias-y-su-obsesion-antitaurina","status":"publish","type":"post","link":"https:\/\/www.cope.es\/blogs\/a-ras-de-albero\/2018\/09\/26\/pablo-iglesias-y-su-obsesion-antitaurina\/","title":{"rendered":"Pablo Iglesias y su obsesi\u00f3n antitaurina"},"content":{"rendered":"<p><span style=\"font-family: Arial, sans-serif\"><span style=\"font-size: large\">Ya hac\u00eda tiempo que ning\u00fan pol\u00edtico no lanzaba ning\u00fan dardo contra los toros. M\u00e1s all\u00e1 del ruido medi\u00e1tico del sensacionalismo cutre de las ma\u00f1ana televisivas con el Toro de la Vega de Tordesillas a mediados de septiembre, todo parec\u00eda tranquilo\u2026<\/span><\/span><\/p>\n<p><span style=\"font-family: Arial, sans-serif\"><span style=\"font-size: large\">Pero mira tu por donde, y aprovechando uno de esos programas matinales que se revisten de seriedad impostada a primera hora de la ma\u00f1ana antes de lanzarse a las v\u00edsceras m\u00e1s banales, apareci\u00f3 Pablo Iglesias para avanzarnos que no estar\u00eda de m\u00e1s la realizaci\u00f3n de un refer\u00e9ndum a lo largo de nuestra geograf\u00eda para intentar con ello la prohibici\u00f3n de la Tauromaquia. <\/span><\/span><\/p>\n<p><span style=\"font-family: Arial, sans-serif\"><span style=\"font-size: large\">Dec\u00eda que no se puede prohibir por decreto. Y de ah\u00ed la maravillosa idea del refer\u00e9ndum. El l\u00edder de Podemos, se ve que influenciado por la &#8220;masiva&#8221; (y lo digo entrecomillado, enti\u00e9ndase la iron\u00eda) de la manifestaci\u00f3n del PACMA recientemente en la Puerta del Sol de Madrid con apenas unos cientos de personas asistiendo a ella, ha querido hacer un gui\u00f1o a ese electorado radical animalista.<\/span><\/span><\/p>\n<p><span style=\"font-family: Arial, sans-serif\"><span style=\"font-size: large\">Y ah\u00ed sale la vena comunista del personaje. Llen\u00e1ndosele la boca de libertad y democracia para ocultar sus perversas ansias prohibicionistas con todo aquello que se escapa a sus canon de sociedad ideal.<\/span><\/span><\/p>\n<p><span style=\"font-family: Arial, sans-serif\"><span style=\"font-size: large\">A estos podemitas les falta mundo. No entienden que la vida va m\u00e1s all\u00e1 del caf\u00e9 cool urbanita donde navegan con sus ipads de \u00faltima generaci\u00f3n. No. No han pisado los miles y miles de pueblos donde el toro y la tauromaquia forma parte intr\u00ednseca de su vida cultural y l\u00fadica. No entienden, o no quieren entender, la econom\u00eda que genera la fiesta de los toros. Incluso tambi\u00e9n en las grande urbes con tradici\u00f3n taurina.<\/span><\/span><\/p>\n<p><span style=\"font-family: Arial, sans-serif\"><span style=\"font-size: large\">Y lo m\u00e1s importante y como recordaba la Fundaci\u00f3n del Toro de Lidia a trav\u00e9s de la carta abierta firmada por Victorino Mart\u00edn. Contra la cultura no se puede votar. A ver si lo entienden. La democracia y la libertad de aplica aceptando la realidad que hay a tu alrededor. <\/span><\/span><\/p>\n<p><span style=\"font-family: Arial, sans-serif\"><span style=\"font-size: large\">Pero es su forma de actuar de toda la vida. La izquierda radical solo tiene como pretensi\u00f3n la confrontaci\u00f3n social, el tensionar a la sociedad con debates espurios. Pero nos tendr\u00e1n enfrente con la raz\u00f3n y la palabra. La libertad se ejerce solo as\u00ed. <\/span><\/span><\/p>\n","protected":false},"excerpt":{"rendered":"<p>Ya hac\u00eda tiempo que ning\u00fan pol\u00edtico no lanzaba ning\u00fan dardo contra los toros. M\u00e1s all\u00e1 del ruido medi\u00e1tico del sensacionalismo cutre de las ma\u00f1ana televisivas con el Toro de la Vega de Tordesillas a mediados de septiembre, todo parec\u00eda tranquilo\u2026 Pero mira tu por donde, y aprovechando uno de esos programas matinales que se revisten [&hellip;]<\/p>\n","protected":false},"author":11,"featured_media":89,"comment_status":"open","ping_status":"open","sticky":false,"template":"","format":"standard","meta":{"footnotes":""},"categories":[3],"tags":[38,39,6],"class_list":["post-88","post","type-post","status-publish","format-standard","has-post-thumbnail","hentry","category-toros","tag-pablo-iglesias","tag-referendum","tag-toros"],"yoast_head":"<!-- This site is optimized with the Yoast SEO plugin v27.4 - https:\/\/yoast.com\/product\/yoast-seo-wordpress\/ -->\n<title>Pablo Iglesias y su obsesi\u00f3n antitaurina - A ras de albero<\/title>\n<meta name=\"robots\" content=\"index, follow, max-snippet:-1, max-image-preview:large, max-video-preview:-1\" \/>\n<link rel=\"canonical\" href=\"https:\/\/www.cope.es\/blogs\/a-ras-de-albero\/2018\/09\/26\/pablo-iglesias-y-su-obsesion-antitaurina\/\" \/>\n<meta property=\"og:locale\" content=\"es_ES\" \/>\n<meta property=\"og:type\" content=\"article\" \/>\n<meta property=\"og:title\" content=\"Pablo Iglesias y su obsesi\u00f3n antitaurina - A ras de albero\" \/>\n<meta property=\"og:description\" content=\"Ya hac\u00eda tiempo que ning\u00fan pol\u00edtico no lanzaba ning\u00fan dardo contra los toros. M\u00e1s all\u00e1 del ruido medi\u00e1tico del sensacionalismo cutre de las ma\u00f1ana televisivas con el Toro de la Vega de Tordesillas a mediados de septiembre, todo parec\u00eda tranquilo\u2026 Pero mira tu por donde, y aprovechando uno de esos programas matinales que se revisten [&hellip;]\" \/>\n<meta property=\"og:url\" content=\"https:\/\/www.cope.es\/blogs\/a-ras-de-albero\/2018\/09\/26\/pablo-iglesias-y-su-obsesion-antitaurina\/\" \/>\n<meta property=\"og:site_name\" content=\"A ras de albero\" \/>\n<meta property=\"article:publisher\" content=\"https:\/\/www.facebook.com\/cope\/\" \/>\n<meta property=\"article:author\" content=\"https:\/\/www.facebook.com\/sixtonaranjo\" \/>\n<meta property=\"article:published_time\" content=\"2018-09-26T06:16:33+00:00\" \/>\n<meta property=\"og:image\" content=\"https:\/\/www.cope.es\/blogs\/a-ras-de-albero\/wp-content\/uploads\/sites\/11\/2018\/09\/Pablo_Iglesias_Ahora_Madrid_2015_-_05.jpg\" \/>\n\t<meta property=\"og:image:width\" content=\"1500\" \/>\n\t<meta property=\"og:image:height\" content=\"994\" \/>\n\t<meta property=\"og:image:type\" content=\"image\/jpeg\" \/>\n<meta name=\"author\" content=\"Sixto Naranjo\" \/>\n<meta name=\"twitter:card\" content=\"summary_large_image\" \/>\n<meta name=\"twitter:creator\" content=\"@sixtonaranjo\" \/>\n<meta name=\"twitter:site\" content=\"@cope_es\" \/>\n<meta name=\"twitter:label1\" content=\"Escrito por\" \/>\n\t<meta name=\"twitter:data1\" content=\"Sixto Naranjo\" \/>\n\t<meta name=\"twitter:label2\" content=\"Tiempo de lectura\" \/>\n\t<meta name=\"twitter:data2\" content=\"2 minutos\" \/>\n<script type=\"application\/ld+json\" class=\"yoast-schema-graph\">{\"@context\":\"https:\\\/\\\/schema.org\",\"@graph\":[{\"@type\":\"Article\",\"@id\":\"https:\\\/\\\/www.cope.es\\\/blogs\\\/a-ras-de-albero\\\/2018\\\/09\\\/26\\\/pablo-iglesias-y-su-obsesion-antitaurina\\\/#article\",\"isPartOf\":{\"@id\":\"https:\\\/\\\/www.cope.es\\\/blogs\\\/a-ras-de-albero\\\/2018\\\/09\\\/26\\\/pablo-iglesias-y-su-obsesion-antitaurina\\\/\"},\"author\":{\"name\":\"Sixto Naranjo\",\"@id\":\"https:\\\/\\\/www.cope.es\\\/blogs\\\/a-ras-de-albero\\\/#\\\/schema\\\/person\\\/0c23060a463b6aa424cc28d0b070aefc\"},\"headline\":\"Pablo Iglesias y su obsesi\u00f3n antitaurina\",\"datePublished\":\"2018-09-26T06:16:33+00:00\",\"mainEntityOfPage\":{\"@id\":\"https:\\\/\\\/www.cope.es\\\/blogs\\\/a-ras-de-albero\\\/2018\\\/09\\\/26\\\/pablo-iglesias-y-su-obsesion-antitaurina\\\/\"},\"wordCount\":417,\"commentCount\":0,\"image\":{\"@id\":\"https:\\\/\\\/www.cope.es\\\/blogs\\\/a-ras-de-albero\\\/2018\\\/09\\\/26\\\/pablo-iglesias-y-su-obsesion-antitaurina\\\/#primaryimage\"},\"thumbnailUrl\":\"https:\\\/\\\/www.cope.es\\\/blogs\\\/a-ras-de-albero\\\/wp-content\\\/uploads\\\/sites\\\/11\\\/2018\\\/09\\\/Pablo_Iglesias_Ahora_Madrid_2015_-_05.jpg\",\"keywords\":[\"pablo iglesias\",\"refer\u00e9ndum\",\"toros\"],\"articleSection\":[\"TOROS\"],\"inLanguage\":\"es\",\"potentialAction\":[{\"@type\":\"CommentAction\",\"name\":\"Comment\",\"target\":[\"https:\\\/\\\/www.cope.es\\\/blogs\\\/a-ras-de-albero\\\/2018\\\/09\\\/26\\\/pablo-iglesias-y-su-obsesion-antitaurina\\\/#respond\"]}]},{\"@type\":\"WebPage\",\"@id\":\"https:\\\/\\\/www.cope.es\\\/blogs\\\/a-ras-de-albero\\\/2018\\\/09\\\/26\\\/pablo-iglesias-y-su-obsesion-antitaurina\\\/\",\"url\":\"https:\\\/\\\/www.cope.es\\\/blogs\\\/a-ras-de-albero\\\/2018\\\/09\\\/26\\\/pablo-iglesias-y-su-obsesion-antitaurina\\\/\",\"name\":\"Pablo Iglesias y su obsesi\u00f3n antitaurina - A ras de albero\",\"isPartOf\":{\"@id\":\"https:\\\/\\\/www.cope.es\\\/blogs\\\/a-ras-de-albero\\\/#website\"},\"primaryImageOfPage\":{\"@id\":\"https:\\\/\\\/www.cope.es\\\/blogs\\\/a-ras-de-albero\\\/2018\\\/09\\\/26\\\/pablo-iglesias-y-su-obsesion-antitaurina\\\/#primaryimage\"},\"image\":{\"@id\":\"https:\\\/\\\/www.cope.es\\\/blogs\\\/a-ras-de-albero\\\/2018\\\/09\\\/26\\\/pablo-iglesias-y-su-obsesion-antitaurina\\\/#primaryimage\"},\"thumbnailUrl\":\"https:\\\/\\\/www.cope.es\\\/blogs\\\/a-ras-de-albero\\\/wp-content\\\/uploads\\\/sites\\\/11\\\/2018\\\/09\\\/Pablo_Iglesias_Ahora_Madrid_2015_-_05.jpg\",\"datePublished\":\"2018-09-26T06:16:33+00:00\",\"author\":{\"@id\":\"https:\\\/\\\/www.cope.es\\\/blogs\\\/a-ras-de-albero\\\/#\\\/schema\\\/person\\\/0c23060a463b6aa424cc28d0b070aefc\"},\"breadcrumb\":{\"@id\":\"https:\\\/\\\/www.cope.es\\\/blogs\\\/a-ras-de-albero\\\/2018\\\/09\\\/26\\\/pablo-iglesias-y-su-obsesion-antitaurina\\\/#breadcrumb\"},\"inLanguage\":\"es\",\"potentialAction\":[{\"@type\":\"ReadAction\",\"target\":[\"https:\\\/\\\/www.cope.es\\\/blogs\\\/a-ras-de-albero\\\/2018\\\/09\\\/26\\\/pablo-iglesias-y-su-obsesion-antitaurina\\\/\"]}]},{\"@type\":\"ImageObject\",\"inLanguage\":\"es\",\"@id\":\"https:\\\/\\\/www.cope.es\\\/blogs\\\/a-ras-de-albero\\\/2018\\\/09\\\/26\\\/pablo-iglesias-y-su-obsesion-antitaurina\\\/#primaryimage\",\"url\":\"https:\\\/\\\/www.cope.es\\\/blogs\\\/a-ras-de-albero\\\/wp-content\\\/uploads\\\/sites\\\/11\\\/2018\\\/09\\\/Pablo_Iglesias_Ahora_Madrid_2015_-_05.jpg\",\"contentUrl\":\"https:\\\/\\\/www.cope.es\\\/blogs\\\/a-ras-de-albero\\\/wp-content\\\/uploads\\\/sites\\\/11\\\/2018\\\/09\\\/Pablo_Iglesias_Ahora_Madrid_2015_-_05.jpg\",\"width\":1500,\"height\":994},{\"@type\":\"BreadcrumbList\",\"@id\":\"https:\\\/\\\/www.cope.es\\\/blogs\\\/a-ras-de-albero\\\/2018\\\/09\\\/26\\\/pablo-iglesias-y-su-obsesion-antitaurina\\\/#breadcrumb\",\"itemListElement\":[{\"@type\":\"ListItem\",\"position\":1,\"name\":\"Portada\",\"item\":\"https:\\\/\\\/www.cope.es\\\/blogs\\\/a-ras-de-albero\\\/\"},{\"@type\":\"ListItem\",\"position\":2,\"name\":\"Pablo Iglesias y su obsesi\u00f3n antitaurina\"}]},{\"@type\":\"WebSite\",\"@id\":\"https:\\\/\\\/www.cope.es\\\/blogs\\\/a-ras-de-albero\\\/#website\",\"url\":\"https:\\\/\\\/www.cope.es\\\/blogs\\\/a-ras-de-albero\\\/\",\"name\":\"A ras de albero\",\"description\":\"A ras de albero, Blog de toros de COPE\",\"potentialAction\":[{\"@type\":\"SearchAction\",\"target\":{\"@type\":\"EntryPoint\",\"urlTemplate\":\"https:\\\/\\\/www.cope.es\\\/blogs\\\/a-ras-de-albero\\\/?s={search_term_string}\"},\"query-input\":{\"@type\":\"PropertyValueSpecification\",\"valueRequired\":true,\"valueName\":\"search_term_string\"}}],\"inLanguage\":\"es\"},{\"@type\":\"Person\",\"@id\":\"https:\\\/\\\/www.cope.es\\\/blogs\\\/a-ras-de-albero\\\/#\\\/schema\\\/person\\\/0c23060a463b6aa424cc28d0b070aefc\",\"name\":\"Sixto Naranjo\",\"image\":{\"@type\":\"ImageObject\",\"inLanguage\":\"es\",\"@id\":\"https:\\\/\\\/secure.gravatar.com\\\/avatar\\\/9fd9a3a0723ecceae31a1d8a95ff587d6131237803295f22487f3ae5a4683f4b?s=96&d=mm&r=g\",\"url\":\"https:\\\/\\\/secure.gravatar.com\\\/avatar\\\/9fd9a3a0723ecceae31a1d8a95ff587d6131237803295f22487f3ae5a4683f4b?s=96&d=mm&r=g\",\"contentUrl\":\"https:\\\/\\\/secure.gravatar.com\\\/avatar\\\/9fd9a3a0723ecceae31a1d8a95ff587d6131237803295f22487f3ae5a4683f4b?s=96&d=mm&r=g\",\"caption\":\"Sixto Naranjo\"},\"description\":\"Aqu\u00ed venimos a hablar de toros. S\u00ed, de toros. Sin complejos ante los ataques que sufre la Tauromaquia pero con esp\u00edritu cr\u00edtico con el sector y ensalzando los valores que encarna este espect\u00e1culo \u00fanico. La Fiesta de los Toros, tan amada por unos y vilipendiada por otros, no deja de ser parte de nuestra cultura y fuente de inspiraci\u00f3n de actualidad, pol\u00e9mica y pasi\u00f3n. Porque los toros, sin son algo, son pasi\u00f3n. En 'A ras de albero' dar\u00e9 una visi\u00f3n m\u00e1s particular de la Fiesta y ser\u00e1 un ap\u00e9ndice de la secci\u00f3n taurina de COPE.es y del programa El Albero. Soy periodista, en la actualidad en el equipo de Herrera en COPE junto al maestro Carlos Herrera, director de El Albero y responsable las retransmisiones taurinas de Telemadrid. Y aqu\u00ed seguimos, dando guerra con los toros...\",\"sameAs\":[\"https:\\\/\\\/www.cope.es\\\/actualidad\\\/toros\",\"https:\\\/\\\/www.facebook.com\\\/sixtonaranjo\",\"https:\\\/\\\/www.instagram.com\\\/sixtonaranjo\",\"https:\\\/\\\/x.com\\\/sixtonaranjo\"],\"url\":\"https:\\\/\\\/www.cope.es\\\/blogs\\\/a-ras-de-albero\\\/author\\\/snaranjo\\\/\"}]}<\/script>\n<!-- \/ Yoast SEO plugin. -->","yoast_head_json":{"title":"Pablo Iglesias y su obsesi\u00f3n antitaurina - A ras de albero","robots":{"index":"index","follow":"follow","max-snippet":"max-snippet:-1","max-image-preview":"max-image-preview:large","max-video-preview":"max-video-preview:-1"},"canonical":"https:\/\/www.cope.es\/blogs\/a-ras-de-albero\/2018\/09\/26\/pablo-iglesias-y-su-obsesion-antitaurina\/","og_locale":"es_ES","og_type":"article","og_title":"Pablo Iglesias y su obsesi\u00f3n antitaurina - A ras de albero","og_description":"Ya hac\u00eda tiempo que ning\u00fan pol\u00edtico no lanzaba ning\u00fan dardo contra los toros. M\u00e1s all\u00e1 del ruido medi\u00e1tico del sensacionalismo cutre de las ma\u00f1ana televisivas con el Toro de la Vega de Tordesillas a mediados de septiembre, todo parec\u00eda tranquilo\u2026 Pero mira tu por donde, y aprovechando uno de esos programas matinales que se revisten [&hellip;]","og_url":"https:\/\/www.cope.es\/blogs\/a-ras-de-albero\/2018\/09\/26\/pablo-iglesias-y-su-obsesion-antitaurina\/","og_site_name":"A ras de albero","article_publisher":"https:\/\/www.facebook.com\/cope\/","article_author":"https:\/\/www.facebook.com\/sixtonaranjo","article_published_time":"2018-09-26T06:16:33+00:00","og_image":[{"width":1500,"height":994,"url":"https:\/\/www.cope.es\/blogs\/a-ras-de-albero\/wp-content\/uploads\/sites\/11\/2018\/09\/Pablo_Iglesias_Ahora_Madrid_2015_-_05.jpg","type":"image\/jpeg"}],"author":"Sixto Naranjo","twitter_card":"summary_large_image","twitter_creator":"@sixtonaranjo","twitter_site":"@cope_es","twitter_misc":{"Escrito por":"Sixto Naranjo","Tiempo de lectura":"2 minutos"},"schema":{"@context":"https:\/\/schema.org","@graph":[{"@type":"Article","@id":"https:\/\/www.cope.es\/blogs\/a-ras-de-albero\/2018\/09\/26\/pablo-iglesias-y-su-obsesion-antitaurina\/#article","isPartOf":{"@id":"https:\/\/www.cope.es\/blogs\/a-ras-de-albero\/2018\/09\/26\/pablo-iglesias-y-su-obsesion-antitaurina\/"},"author":{"name":"Sixto Naranjo","@id":"https:\/\/www.cope.es\/blogs\/a-ras-de-albero\/#\/schema\/person\/0c23060a463b6aa424cc28d0b070aefc"},"headline":"Pablo Iglesias y su obsesi\u00f3n antitaurina","datePublished":"2018-09-26T06:16:33+00:00","mainEntityOfPage":{"@id":"https:\/\/www.cope.es\/blogs\/a-ras-de-albero\/2018\/09\/26\/pablo-iglesias-y-su-obsesion-antitaurina\/"},"wordCount":417,"commentCount":0,"image":{"@id":"https:\/\/www.cope.es\/blogs\/a-ras-de-albero\/2018\/09\/26\/pablo-iglesias-y-su-obsesion-antitaurina\/#primaryimage"},"thumbnailUrl":"https:\/\/www.cope.es\/blogs\/a-ras-de-albero\/wp-content\/uploads\/sites\/11\/2018\/09\/Pablo_Iglesias_Ahora_Madrid_2015_-_05.jpg","keywords":["pablo iglesias","refer\u00e9ndum","toros"],"articleSection":["TOROS"],"inLanguage":"es","potentialAction":[{"@type":"CommentAction","name":"Comment","target":["https:\/\/www.cope.es\/blogs\/a-ras-de-albero\/2018\/09\/26\/pablo-iglesias-y-su-obsesion-antitaurina\/#respond"]}]},{"@type":"WebPage","@id":"https:\/\/www.cope.es\/blogs\/a-ras-de-albero\/2018\/09\/26\/pablo-iglesias-y-su-obsesion-antitaurina\/","url":"https:\/\/www.cope.es\/blogs\/a-ras-de-albero\/2018\/09\/26\/pablo-iglesias-y-su-obsesion-antitaurina\/","name":"Pablo Iglesias y su obsesi\u00f3n antitaurina - A ras de albero","isPartOf":{"@id":"https:\/\/www.cope.es\/blogs\/a-ras-de-albero\/#website"},"primaryImageOfPage":{"@id":"https:\/\/www.cope.es\/blogs\/a-ras-de-albero\/2018\/09\/26\/pablo-iglesias-y-su-obsesion-antitaurina\/#primaryimage"},"image":{"@id":"https:\/\/www.cope.es\/blogs\/a-ras-de-albero\/2018\/09\/26\/pablo-iglesias-y-su-obsesion-antitaurina\/#primaryimage"},"thumbnailUrl":"https:\/\/www.cope.es\/blogs\/a-ras-de-albero\/wp-content\/uploads\/sites\/11\/2018\/09\/Pablo_Iglesias_Ahora_Madrid_2015_-_05.jpg","datePublished":"2018-09-26T06:16:33+00:00","author":{"@id":"https:\/\/www.cope.es\/blogs\/a-ras-de-albero\/#\/schema\/person\/0c23060a463b6aa424cc28d0b070aefc"},"breadcrumb":{"@id":"https:\/\/www.cope.es\/blogs\/a-ras-de-albero\/2018\/09\/26\/pablo-iglesias-y-su-obsesion-antitaurina\/#breadcrumb"},"inLanguage":"es","potentialAction":[{"@type":"ReadAction","target":["https:\/\/www.cope.es\/blogs\/a-ras-de-albero\/2018\/09\/26\/pablo-iglesias-y-su-obsesion-antitaurina\/"]}]},{"@type":"ImageObject","inLanguage":"es","@id":"https:\/\/www.cope.es\/blogs\/a-ras-de-albero\/2018\/09\/26\/pablo-iglesias-y-su-obsesion-antitaurina\/#primaryimage","url":"https:\/\/www.cope.es\/blogs\/a-ras-de-albero\/wp-content\/uploads\/sites\/11\/2018\/09\/Pablo_Iglesias_Ahora_Madrid_2015_-_05.jpg","contentUrl":"https:\/\/www.cope.es\/blogs\/a-ras-de-albero\/wp-content\/uploads\/sites\/11\/2018\/09\/Pablo_Iglesias_Ahora_Madrid_2015_-_05.jpg","width":1500,"height":994},{"@type":"BreadcrumbList","@id":"https:\/\/www.cope.es\/blogs\/a-ras-de-albero\/2018\/09\/26\/pablo-iglesias-y-su-obsesion-antitaurina\/#breadcrumb","itemListElement":[{"@type":"ListItem","position":1,"name":"Portada","item":"https:\/\/www.cope.es\/blogs\/a-ras-de-albero\/"},{"@type":"ListItem","position":2,"name":"Pablo Iglesias y su obsesi\u00f3n antitaurina"}]},{"@type":"WebSite","@id":"https:\/\/www.cope.es\/blogs\/a-ras-de-albero\/#website","url":"https:\/\/www.cope.es\/blogs\/a-ras-de-albero\/","name":"A ras de albero","description":"A ras de albero, Blog de toros de COPE","potentialAction":[{"@type":"SearchAction","target":{"@type":"EntryPoint","urlTemplate":"https:\/\/www.cope.es\/blogs\/a-ras-de-albero\/?s={search_term_string}"},"query-input":{"@type":"PropertyValueSpecification","valueRequired":true,"valueName":"search_term_string"}}],"inLanguage":"es"},{"@type":"Person","@id":"https:\/\/www.cope.es\/blogs\/a-ras-de-albero\/#\/schema\/person\/0c23060a463b6aa424cc28d0b070aefc","name":"Sixto Naranjo","image":{"@type":"ImageObject","inLanguage":"es","@id":"https:\/\/secure.gravatar.com\/avatar\/9fd9a3a0723ecceae31a1d8a95ff587d6131237803295f22487f3ae5a4683f4b?s=96&d=mm&r=g","url":"https:\/\/secure.gravatar.com\/avatar\/9fd9a3a0723ecceae31a1d8a95ff587d6131237803295f22487f3ae5a4683f4b?s=96&d=mm&r=g","contentUrl":"https:\/\/secure.gravatar.com\/avatar\/9fd9a3a0723ecceae31a1d8a95ff587d6131237803295f22487f3ae5a4683f4b?s=96&d=mm&r=g","caption":"Sixto Naranjo"},"description":"Aqu\u00ed venimos a hablar de toros. S\u00ed, de toros. Sin complejos ante los ataques que sufre la Tauromaquia pero con esp\u00edritu cr\u00edtico con el sector y ensalzando los valores que encarna este espect\u00e1culo \u00fanico. La Fiesta de los Toros, tan amada por unos y vilipendiada por otros, no deja de ser parte de nuestra cultura y fuente de inspiraci\u00f3n de actualidad, pol\u00e9mica y pasi\u00f3n. Porque los toros, sin son algo, son pasi\u00f3n. En 'A ras de albero' dar\u00e9 una visi\u00f3n m\u00e1s particular de la Fiesta y ser\u00e1 un ap\u00e9ndice de la secci\u00f3n taurina de COPE.es y del programa El Albero. Soy periodista, en la actualidad en el equipo de Herrera en COPE junto al maestro Carlos Herrera, director de El Albero y responsable las retransmisiones taurinas de Telemadrid. Y aqu\u00ed seguimos, dando guerra con los toros...","sameAs":["https:\/\/www.cope.es\/actualidad\/toros","https:\/\/www.facebook.com\/sixtonaranjo","https:\/\/www.instagram.com\/sixtonaranjo","https:\/\/x.com\/sixtonaranjo"],"url":"https:\/\/www.cope.es\/blogs\/a-ras-de-albero\/author\/snaranjo\/"}]}},"amp_enabled":true,"_links":{"self":[{"href":"https:\/\/www.cope.es\/blogs\/a-ras-de-albero\/wp-json\/wp\/v2\/posts\/88","targetHints":{"allow":["GET"]}}],"collection":[{"href":"https:\/\/www.cope.es\/blogs\/a-ras-de-albero\/wp-json\/wp\/v2\/posts"}],"about":[{"href":"https:\/\/www.cope.es\/blogs\/a-ras-de-albero\/wp-json\/wp\/v2\/types\/post"}],"author":[{"embeddable":true,"href":"https:\/\/www.cope.es\/blogs\/a-ras-de-albero\/wp-json\/wp\/v2\/users\/11"}],"replies":[{"embeddable":true,"href":"https:\/\/www.cope.es\/blogs\/a-ras-de-albero\/wp-json\/wp\/v2\/comments?post=88"}],"version-history":[{"count":1,"href":"https:\/\/www.cope.es\/blogs\/a-ras-de-albero\/wp-json\/wp\/v2\/posts\/88\/revisions"}],"predecessor-version":[{"id":90,"href":"https:\/\/www.cope.es\/blogs\/a-ras-de-albero\/wp-json\/wp\/v2\/posts\/88\/revisions\/90"}],"wp:featuredmedia":[{"embeddable":true,"href":"https:\/\/www.cope.es\/blogs\/a-ras-de-albero\/wp-json\/wp\/v2\/media\/89"}],"wp:attachment":[{"href":"https:\/\/www.cope.es\/blogs\/a-ras-de-albero\/wp-json\/wp\/v2\/media?parent=88"}],"wp:term":[{"taxonomy":"category","embeddable":true,"href":"https:\/\/www.cope.es\/blogs\/a-ras-de-albero\/wp-json\/wp\/v2\/categories?post=88"},{"taxonomy":"post_tag","embeddable":true,"href":"https:\/\/www.cope.es\/blogs\/a-ras-de-albero\/wp-json\/wp\/v2\/tags?post=88"}],"curies":[{"name":"wp","href":"https:\/\/api.w.org\/{rel}","templated":true}]}}