{"id":169,"date":"2021-11-05T07:21:56","date_gmt":"2021-11-05T06:21:56","guid":{"rendered":"http:\/\/www.cope.es\/blogs\/a-ras-de-albero\/?p=169"},"modified":"2021-11-05T07:21:56","modified_gmt":"2021-11-05T06:21:56","slug":"el-sentimiento-se-impone-a-la-tecnica-un-cambio-en-el-paradigma-taurino","status":"publish","type":"post","link":"https:\/\/www.cope.es\/blogs\/a-ras-de-albero\/2021\/11\/05\/el-sentimiento-se-impone-a-la-tecnica-un-cambio-en-el-paradigma-taurino\/","title":{"rendered":"El sentimiento se impone a la t\u00e9cnica&#8230; \u00bfun cambio en el paradigma taurino?"},"content":{"rendered":"<p><span style=\"font-family: Arial, sans-serif\"><span style=\"font-size: large\">El toreo es un arte vivo. Una disciplina en constante evoluci\u00f3n. Como tambi\u00e9n lo son los gustos de la afici\u00f3n que puebla las plazas de toros.<\/span><\/span><\/p>\n<p><span style=\"font-family: Arial, sans-serif\"><span style=\"font-size: large\">As\u00ed ha sido durante siglos y ahora, aunque quiz\u00e1 la perspectiva del tiempo nos impide darnos mucha cuenta, tambi\u00e9n estamos inmersos en esa evoluci\u00f3n del toreo y de los gustos.<\/span><\/span><\/p>\n<p><span style=\"font-family: Arial, sans-serif\"><span style=\"font-size: large\">La afici\u00f3n se dividi\u00f3 con Joselito y Belmonte, los arquitectos del toreo moderno. Ambos sentaron las bases y las v\u00edas por las que iba a transitar el toreo hasta nuestros d\u00edas.<\/span><\/span><\/p>\n<p><span style=\"font-family: Arial, sans-serif\"><span style=\"font-size: large\">Despu\u00e9s de la Guerra Civil, Manolete fue el gran unificador del toreo. Su hieratismo, su verticalidad, supusieron un impacto en los espectadores que le siguieron con religiosa pasi\u00f3n hasta su muerte en Linares. <\/span><\/span><\/p>\n<p><span style=\"font-family: Arial, sans-serif\"><span style=\"font-size: large\">Despu\u00e9s, con Espa\u00f1a en plena expansi\u00f3n econ\u00f3mica y social, Manuel Ben\u00edtez El Cordob\u00e9s arroll\u00f3 con su estilo hererodoxo no exento de una t\u00e9cnica bien camuflada. El toreo romp\u00eda fronteras y al calor de la grand\u00edsima figura de El Pelos, se llenaban las plazas y la tauromaquia se elevaba como el gran espect\u00e1culo de masas de nuestro pa\u00eds.<\/span><\/span><\/p>\n<p><span style=\"font-family: Arial, sans-serif\"><span style=\"font-size: large\">El contrapeso lo ofrecieron otros toreros, m\u00e1s ortodoxos, m\u00e1s cl\u00e1sicos, esa pureza en las formas que representaron los Viti, Bienvenida, Ord\u00f3\u00f1ez, Camino\u2026 <\/span><\/span><\/p>\n<p><span style=\"font-family: Arial, sans-serif\"><span style=\"font-size: large\">Luis Miguel y su autoproclamado n\u00famero 1 fue el paradigma de torero t\u00e9cnico y poderoso, m\u00e1s gallista, una l\u00ednea que despu\u00e9s seguir\u00edan otros n\u00fameros 1 del escalaf\u00f3n, como Ojeda, Espartaco, Jesul\u00edn\u2026<\/span><\/span><\/p>\n<p><span style=\"font-family: Arial, sans-serif\"><span style=\"font-size: large\">Y enfrente, la caricia del arte y el duende que representaban Curro Romero y Rafael de Paula. La evoluci\u00f3n del \u2018belmontismo\u2019\u2026<\/span><\/span><\/p>\n<p><span style=\"font-family: Arial, sans-serif\"><span style=\"font-size: large\">En estas \u00faltim\u00e1s d\u00e9cadas, con un Jos\u00e9 Tom\u00e1s como representante del toreo m\u00e1s puro y completo, quiz\u00e1 ha predominado un toreo demasiado perfecto en lo t\u00e9cnico, pero ayuno de alma y sentimiento. El poder\u00edo de los Ponce, Juli, Perera, Castella, Roca Rey ha sido incontestable, ha contado con el favor del p\u00fablico, y ah\u00ed est\u00e1n sus triunfos.<\/span><\/span><\/p>\n<p><span style=\"font-family: Arial, sans-serif\"><span style=\"font-size: large\">Pero, en estos dos \u00faltimos a\u00f1os, estoy notando un viraje en esos gustos. Con un Morante como torero top, los aficionados y sus preferencias se han decantado por un concepto m\u00e1s fr\u00e1gil, a una vuelta al gusto por las formas m\u00e1s puras y naturales. Los Urdiales, Aguado, Ortega, De Justo, Gines son ahora los nombres del momento\u2026 <\/span><\/span><\/p>\n<p><span style=\"font-family: Arial, sans-serif\"><span style=\"font-size: large\">El toreo sigue vivo, \u00bfhacia donde va? Eso solo el futuro, y la lidia de un toro por parte de un torero lo deparar\u00e1\u2026 Ilusionante, \u00bfverdad?<\/span><\/span><\/p>\n","protected":false},"excerpt":{"rendered":"<p>El toreo es un arte vivo. Una disciplina en constante evoluci\u00f3n. Como tambi\u00e9n lo son los gustos de la afici\u00f3n que puebla las plazas de toros. As\u00ed ha sido durante siglos y ahora, aunque quiz\u00e1 la perspectiva del tiempo nos impide darnos mucha cuenta, tambi\u00e9n estamos inmersos en esa evoluci\u00f3n del toreo y de los [&hellip;]<\/p>\n","protected":false},"author":11,"featured_media":170,"comment_status":"open","ping_status":"open","sticky":false,"template":"","format":"standard","meta":{"footnotes":""},"categories":[3],"tags":[],"class_list":["post-169","post","type-post","status-publish","format-standard","has-post-thumbnail","hentry","category-toros"],"yoast_head":"<!-- This site is optimized with the Yoast SEO plugin v27.4 - https:\/\/yoast.com\/product\/yoast-seo-wordpress\/ -->\n<title>El sentimiento se impone a la t\u00e9cnica... \u00bfun cambio en el paradigma taurino? - A ras de albero<\/title>\n<meta name=\"robots\" content=\"index, follow, max-snippet:-1, max-image-preview:large, max-video-preview:-1\" \/>\n<link rel=\"canonical\" href=\"https:\/\/www.cope.es\/blogs\/a-ras-de-albero\/2021\/11\/05\/el-sentimiento-se-impone-a-la-tecnica-un-cambio-en-el-paradigma-taurino\/\" \/>\n<meta property=\"og:locale\" content=\"es_ES\" \/>\n<meta property=\"og:type\" content=\"article\" \/>\n<meta property=\"og:title\" content=\"El sentimiento se impone a la t\u00e9cnica... \u00bfun cambio en el paradigma taurino? - A ras de albero\" \/>\n<meta property=\"og:description\" content=\"El toreo es un arte vivo. Una disciplina en constante evoluci\u00f3n. Como tambi\u00e9n lo son los gustos de la afici\u00f3n que puebla las plazas de toros. As\u00ed ha sido durante siglos y ahora, aunque quiz\u00e1 la perspectiva del tiempo nos impide darnos mucha cuenta, tambi\u00e9n estamos inmersos en esa evoluci\u00f3n del toreo y de los [&hellip;]\" \/>\n<meta property=\"og:url\" content=\"https:\/\/www.cope.es\/blogs\/a-ras-de-albero\/2021\/11\/05\/el-sentimiento-se-impone-a-la-tecnica-un-cambio-en-el-paradigma-taurino\/\" \/>\n<meta property=\"og:site_name\" content=\"A ras de albero\" \/>\n<meta property=\"article:publisher\" content=\"https:\/\/www.facebook.com\/cope\/\" \/>\n<meta property=\"article:author\" content=\"https:\/\/www.facebook.com\/sixtonaranjo\" \/>\n<meta property=\"article:published_time\" content=\"2021-11-05T06:21:56+00:00\" \/>\n<meta property=\"og:image\" content=\"https:\/\/www.cope.es\/blogs\/a-ras-de-albero\/wp-content\/uploads\/sites\/11\/2021\/11\/8013768775001-scaled.jpg\" \/>\n\t<meta property=\"og:image:width\" content=\"2560\" \/>\n\t<meta property=\"og:image:height\" content=\"1975\" \/>\n\t<meta property=\"og:image:type\" content=\"image\/jpeg\" \/>\n<meta name=\"author\" content=\"Sixto Naranjo\" \/>\n<meta name=\"twitter:card\" content=\"summary_large_image\" \/>\n<meta name=\"twitter:creator\" content=\"@sixtonaranjo\" \/>\n<meta name=\"twitter:site\" content=\"@cope_es\" \/>\n<meta name=\"twitter:label1\" content=\"Escrito por\" \/>\n\t<meta name=\"twitter:data1\" content=\"Sixto Naranjo\" \/>\n\t<meta name=\"twitter:label2\" content=\"Tiempo de lectura\" \/>\n\t<meta name=\"twitter:data2\" content=\"2 minutos\" \/>\n<script type=\"application\/ld+json\" class=\"yoast-schema-graph\">{\"@context\":\"https:\\\/\\\/schema.org\",\"@graph\":[{\"@type\":\"Article\",\"@id\":\"https:\\\/\\\/www.cope.es\\\/blogs\\\/a-ras-de-albero\\\/2021\\\/11\\\/05\\\/el-sentimiento-se-impone-a-la-tecnica-un-cambio-en-el-paradigma-taurino\\\/#article\",\"isPartOf\":{\"@id\":\"https:\\\/\\\/www.cope.es\\\/blogs\\\/a-ras-de-albero\\\/2021\\\/11\\\/05\\\/el-sentimiento-se-impone-a-la-tecnica-un-cambio-en-el-paradigma-taurino\\\/\"},\"author\":{\"name\":\"Sixto Naranjo\",\"@id\":\"https:\\\/\\\/www.cope.es\\\/blogs\\\/a-ras-de-albero\\\/#\\\/schema\\\/person\\\/0c23060a463b6aa424cc28d0b070aefc\"},\"headline\":\"El sentimiento se impone a la t\u00e9cnica&#8230; \u00bfun cambio en el paradigma taurino?\",\"datePublished\":\"2021-11-05T06:21:56+00:00\",\"mainEntityOfPage\":{\"@id\":\"https:\\\/\\\/www.cope.es\\\/blogs\\\/a-ras-de-albero\\\/2021\\\/11\\\/05\\\/el-sentimiento-se-impone-a-la-tecnica-un-cambio-en-el-paradigma-taurino\\\/\"},\"wordCount\":450,\"commentCount\":0,\"image\":{\"@id\":\"https:\\\/\\\/www.cope.es\\\/blogs\\\/a-ras-de-albero\\\/2021\\\/11\\\/05\\\/el-sentimiento-se-impone-a-la-tecnica-un-cambio-en-el-paradigma-taurino\\\/#primaryimage\"},\"thumbnailUrl\":\"https:\\\/\\\/www.cope.es\\\/blogs\\\/a-ras-de-albero\\\/wp-content\\\/uploads\\\/sites\\\/11\\\/2021\\\/11\\\/8013768775001-scaled.jpg\",\"articleSection\":[\"TOROS\"],\"inLanguage\":\"es\",\"potentialAction\":[{\"@type\":\"CommentAction\",\"name\":\"Comment\",\"target\":[\"https:\\\/\\\/www.cope.es\\\/blogs\\\/a-ras-de-albero\\\/2021\\\/11\\\/05\\\/el-sentimiento-se-impone-a-la-tecnica-un-cambio-en-el-paradigma-taurino\\\/#respond\"]}]},{\"@type\":\"WebPage\",\"@id\":\"https:\\\/\\\/www.cope.es\\\/blogs\\\/a-ras-de-albero\\\/2021\\\/11\\\/05\\\/el-sentimiento-se-impone-a-la-tecnica-un-cambio-en-el-paradigma-taurino\\\/\",\"url\":\"https:\\\/\\\/www.cope.es\\\/blogs\\\/a-ras-de-albero\\\/2021\\\/11\\\/05\\\/el-sentimiento-se-impone-a-la-tecnica-un-cambio-en-el-paradigma-taurino\\\/\",\"name\":\"El sentimiento se impone a la t\u00e9cnica... \u00bfun cambio en el paradigma taurino? - A ras de albero\",\"isPartOf\":{\"@id\":\"https:\\\/\\\/www.cope.es\\\/blogs\\\/a-ras-de-albero\\\/#website\"},\"primaryImageOfPage\":{\"@id\":\"https:\\\/\\\/www.cope.es\\\/blogs\\\/a-ras-de-albero\\\/2021\\\/11\\\/05\\\/el-sentimiento-se-impone-a-la-tecnica-un-cambio-en-el-paradigma-taurino\\\/#primaryimage\"},\"image\":{\"@id\":\"https:\\\/\\\/www.cope.es\\\/blogs\\\/a-ras-de-albero\\\/2021\\\/11\\\/05\\\/el-sentimiento-se-impone-a-la-tecnica-un-cambio-en-el-paradigma-taurino\\\/#primaryimage\"},\"thumbnailUrl\":\"https:\\\/\\\/www.cope.es\\\/blogs\\\/a-ras-de-albero\\\/wp-content\\\/uploads\\\/sites\\\/11\\\/2021\\\/11\\\/8013768775001-scaled.jpg\",\"datePublished\":\"2021-11-05T06:21:56+00:00\",\"author\":{\"@id\":\"https:\\\/\\\/www.cope.es\\\/blogs\\\/a-ras-de-albero\\\/#\\\/schema\\\/person\\\/0c23060a463b6aa424cc28d0b070aefc\"},\"breadcrumb\":{\"@id\":\"https:\\\/\\\/www.cope.es\\\/blogs\\\/a-ras-de-albero\\\/2021\\\/11\\\/05\\\/el-sentimiento-se-impone-a-la-tecnica-un-cambio-en-el-paradigma-taurino\\\/#breadcrumb\"},\"inLanguage\":\"es\",\"potentialAction\":[{\"@type\":\"ReadAction\",\"target\":[\"https:\\\/\\\/www.cope.es\\\/blogs\\\/a-ras-de-albero\\\/2021\\\/11\\\/05\\\/el-sentimiento-se-impone-a-la-tecnica-un-cambio-en-el-paradigma-taurino\\\/\"]}]},{\"@type\":\"ImageObject\",\"inLanguage\":\"es\",\"@id\":\"https:\\\/\\\/www.cope.es\\\/blogs\\\/a-ras-de-albero\\\/2021\\\/11\\\/05\\\/el-sentimiento-se-impone-a-la-tecnica-un-cambio-en-el-paradigma-taurino\\\/#primaryimage\",\"url\":\"https:\\\/\\\/www.cope.es\\\/blogs\\\/a-ras-de-albero\\\/wp-content\\\/uploads\\\/sites\\\/11\\\/2021\\\/11\\\/8013768775001-scaled.jpg\",\"contentUrl\":\"https:\\\/\\\/www.cope.es\\\/blogs\\\/a-ras-de-albero\\\/wp-content\\\/uploads\\\/sites\\\/11\\\/2021\\\/11\\\/8013768775001-scaled.jpg\",\"width\":2560,\"height\":1975,\"caption\":\"SEVILLA. 24\\\/09\\\/2021. - El diestro Morante de la Puebla en su faena al tercero de su lote durante la corrida celebrada hoy viernes en la plaza de toros de La Maestranza, en Sevilla. EFE\\\/ Ra\u00fal Caro.\"},{\"@type\":\"BreadcrumbList\",\"@id\":\"https:\\\/\\\/www.cope.es\\\/blogs\\\/a-ras-de-albero\\\/2021\\\/11\\\/05\\\/el-sentimiento-se-impone-a-la-tecnica-un-cambio-en-el-paradigma-taurino\\\/#breadcrumb\",\"itemListElement\":[{\"@type\":\"ListItem\",\"position\":1,\"name\":\"Portada\",\"item\":\"https:\\\/\\\/www.cope.es\\\/blogs\\\/a-ras-de-albero\\\/\"},{\"@type\":\"ListItem\",\"position\":2,\"name\":\"El sentimiento se impone a la t\u00e9cnica&#8230; \u00bfun cambio en el paradigma taurino?\"}]},{\"@type\":\"WebSite\",\"@id\":\"https:\\\/\\\/www.cope.es\\\/blogs\\\/a-ras-de-albero\\\/#website\",\"url\":\"https:\\\/\\\/www.cope.es\\\/blogs\\\/a-ras-de-albero\\\/\",\"name\":\"A ras de albero\",\"description\":\"A ras de albero, Blog de toros de COPE\",\"potentialAction\":[{\"@type\":\"SearchAction\",\"target\":{\"@type\":\"EntryPoint\",\"urlTemplate\":\"https:\\\/\\\/www.cope.es\\\/blogs\\\/a-ras-de-albero\\\/?s={search_term_string}\"},\"query-input\":{\"@type\":\"PropertyValueSpecification\",\"valueRequired\":true,\"valueName\":\"search_term_string\"}}],\"inLanguage\":\"es\"},{\"@type\":\"Person\",\"@id\":\"https:\\\/\\\/www.cope.es\\\/blogs\\\/a-ras-de-albero\\\/#\\\/schema\\\/person\\\/0c23060a463b6aa424cc28d0b070aefc\",\"name\":\"Sixto Naranjo\",\"image\":{\"@type\":\"ImageObject\",\"inLanguage\":\"es\",\"@id\":\"https:\\\/\\\/secure.gravatar.com\\\/avatar\\\/9fd9a3a0723ecceae31a1d8a95ff587d6131237803295f22487f3ae5a4683f4b?s=96&d=mm&r=g\",\"url\":\"https:\\\/\\\/secure.gravatar.com\\\/avatar\\\/9fd9a3a0723ecceae31a1d8a95ff587d6131237803295f22487f3ae5a4683f4b?s=96&d=mm&r=g\",\"contentUrl\":\"https:\\\/\\\/secure.gravatar.com\\\/avatar\\\/9fd9a3a0723ecceae31a1d8a95ff587d6131237803295f22487f3ae5a4683f4b?s=96&d=mm&r=g\",\"caption\":\"Sixto Naranjo\"},\"description\":\"Aqu\u00ed venimos a hablar de toros. S\u00ed, de toros. Sin complejos ante los ataques que sufre la Tauromaquia pero con esp\u00edritu cr\u00edtico con el sector y ensalzando los valores que encarna este espect\u00e1culo \u00fanico. La Fiesta de los Toros, tan amada por unos y vilipendiada por otros, no deja de ser parte de nuestra cultura y fuente de inspiraci\u00f3n de actualidad, pol\u00e9mica y pasi\u00f3n. Porque los toros, sin son algo, son pasi\u00f3n. En 'A ras de albero' dar\u00e9 una visi\u00f3n m\u00e1s particular de la Fiesta y ser\u00e1 un ap\u00e9ndice de la secci\u00f3n taurina de COPE.es y del programa El Albero. Soy periodista, en la actualidad en el equipo de Herrera en COPE junto al maestro Carlos Herrera, director de El Albero y responsable las retransmisiones taurinas de Telemadrid. Y aqu\u00ed seguimos, dando guerra con los toros...\",\"sameAs\":[\"https:\\\/\\\/www.cope.es\\\/actualidad\\\/toros\",\"https:\\\/\\\/www.facebook.com\\\/sixtonaranjo\",\"https:\\\/\\\/www.instagram.com\\\/sixtonaranjo\",\"https:\\\/\\\/x.com\\\/sixtonaranjo\"],\"url\":\"https:\\\/\\\/www.cope.es\\\/blogs\\\/a-ras-de-albero\\\/author\\\/snaranjo\\\/\"}]}<\/script>\n<!-- \/ Yoast SEO plugin. -->","yoast_head_json":{"title":"El sentimiento se impone a la t\u00e9cnica... \u00bfun cambio en el paradigma taurino? - A ras de albero","robots":{"index":"index","follow":"follow","max-snippet":"max-snippet:-1","max-image-preview":"max-image-preview:large","max-video-preview":"max-video-preview:-1"},"canonical":"https:\/\/www.cope.es\/blogs\/a-ras-de-albero\/2021\/11\/05\/el-sentimiento-se-impone-a-la-tecnica-un-cambio-en-el-paradigma-taurino\/","og_locale":"es_ES","og_type":"article","og_title":"El sentimiento se impone a la t\u00e9cnica... \u00bfun cambio en el paradigma taurino? - A ras de albero","og_description":"El toreo es un arte vivo. Una disciplina en constante evoluci\u00f3n. Como tambi\u00e9n lo son los gustos de la afici\u00f3n que puebla las plazas de toros. As\u00ed ha sido durante siglos y ahora, aunque quiz\u00e1 la perspectiva del tiempo nos impide darnos mucha cuenta, tambi\u00e9n estamos inmersos en esa evoluci\u00f3n del toreo y de los [&hellip;]","og_url":"https:\/\/www.cope.es\/blogs\/a-ras-de-albero\/2021\/11\/05\/el-sentimiento-se-impone-a-la-tecnica-un-cambio-en-el-paradigma-taurino\/","og_site_name":"A ras de albero","article_publisher":"https:\/\/www.facebook.com\/cope\/","article_author":"https:\/\/www.facebook.com\/sixtonaranjo","article_published_time":"2021-11-05T06:21:56+00:00","og_image":[{"width":2560,"height":1975,"url":"https:\/\/www.cope.es\/blogs\/a-ras-de-albero\/wp-content\/uploads\/sites\/11\/2021\/11\/8013768775001-scaled.jpg","type":"image\/jpeg"}],"author":"Sixto Naranjo","twitter_card":"summary_large_image","twitter_creator":"@sixtonaranjo","twitter_site":"@cope_es","twitter_misc":{"Escrito por":"Sixto Naranjo","Tiempo de lectura":"2 minutos"},"schema":{"@context":"https:\/\/schema.org","@graph":[{"@type":"Article","@id":"https:\/\/www.cope.es\/blogs\/a-ras-de-albero\/2021\/11\/05\/el-sentimiento-se-impone-a-la-tecnica-un-cambio-en-el-paradigma-taurino\/#article","isPartOf":{"@id":"https:\/\/www.cope.es\/blogs\/a-ras-de-albero\/2021\/11\/05\/el-sentimiento-se-impone-a-la-tecnica-un-cambio-en-el-paradigma-taurino\/"},"author":{"name":"Sixto Naranjo","@id":"https:\/\/www.cope.es\/blogs\/a-ras-de-albero\/#\/schema\/person\/0c23060a463b6aa424cc28d0b070aefc"},"headline":"El sentimiento se impone a la t\u00e9cnica&#8230; \u00bfun cambio en el paradigma taurino?","datePublished":"2021-11-05T06:21:56+00:00","mainEntityOfPage":{"@id":"https:\/\/www.cope.es\/blogs\/a-ras-de-albero\/2021\/11\/05\/el-sentimiento-se-impone-a-la-tecnica-un-cambio-en-el-paradigma-taurino\/"},"wordCount":450,"commentCount":0,"image":{"@id":"https:\/\/www.cope.es\/blogs\/a-ras-de-albero\/2021\/11\/05\/el-sentimiento-se-impone-a-la-tecnica-un-cambio-en-el-paradigma-taurino\/#primaryimage"},"thumbnailUrl":"https:\/\/www.cope.es\/blogs\/a-ras-de-albero\/wp-content\/uploads\/sites\/11\/2021\/11\/8013768775001-scaled.jpg","articleSection":["TOROS"],"inLanguage":"es","potentialAction":[{"@type":"CommentAction","name":"Comment","target":["https:\/\/www.cope.es\/blogs\/a-ras-de-albero\/2021\/11\/05\/el-sentimiento-se-impone-a-la-tecnica-un-cambio-en-el-paradigma-taurino\/#respond"]}]},{"@type":"WebPage","@id":"https:\/\/www.cope.es\/blogs\/a-ras-de-albero\/2021\/11\/05\/el-sentimiento-se-impone-a-la-tecnica-un-cambio-en-el-paradigma-taurino\/","url":"https:\/\/www.cope.es\/blogs\/a-ras-de-albero\/2021\/11\/05\/el-sentimiento-se-impone-a-la-tecnica-un-cambio-en-el-paradigma-taurino\/","name":"El sentimiento se impone a la t\u00e9cnica... \u00bfun cambio en el paradigma taurino? - A ras de albero","isPartOf":{"@id":"https:\/\/www.cope.es\/blogs\/a-ras-de-albero\/#website"},"primaryImageOfPage":{"@id":"https:\/\/www.cope.es\/blogs\/a-ras-de-albero\/2021\/11\/05\/el-sentimiento-se-impone-a-la-tecnica-un-cambio-en-el-paradigma-taurino\/#primaryimage"},"image":{"@id":"https:\/\/www.cope.es\/blogs\/a-ras-de-albero\/2021\/11\/05\/el-sentimiento-se-impone-a-la-tecnica-un-cambio-en-el-paradigma-taurino\/#primaryimage"},"thumbnailUrl":"https:\/\/www.cope.es\/blogs\/a-ras-de-albero\/wp-content\/uploads\/sites\/11\/2021\/11\/8013768775001-scaled.jpg","datePublished":"2021-11-05T06:21:56+00:00","author":{"@id":"https:\/\/www.cope.es\/blogs\/a-ras-de-albero\/#\/schema\/person\/0c23060a463b6aa424cc28d0b070aefc"},"breadcrumb":{"@id":"https:\/\/www.cope.es\/blogs\/a-ras-de-albero\/2021\/11\/05\/el-sentimiento-se-impone-a-la-tecnica-un-cambio-en-el-paradigma-taurino\/#breadcrumb"},"inLanguage":"es","potentialAction":[{"@type":"ReadAction","target":["https:\/\/www.cope.es\/blogs\/a-ras-de-albero\/2021\/11\/05\/el-sentimiento-se-impone-a-la-tecnica-un-cambio-en-el-paradigma-taurino\/"]}]},{"@type":"ImageObject","inLanguage":"es","@id":"https:\/\/www.cope.es\/blogs\/a-ras-de-albero\/2021\/11\/05\/el-sentimiento-se-impone-a-la-tecnica-un-cambio-en-el-paradigma-taurino\/#primaryimage","url":"https:\/\/www.cope.es\/blogs\/a-ras-de-albero\/wp-content\/uploads\/sites\/11\/2021\/11\/8013768775001-scaled.jpg","contentUrl":"https:\/\/www.cope.es\/blogs\/a-ras-de-albero\/wp-content\/uploads\/sites\/11\/2021\/11\/8013768775001-scaled.jpg","width":2560,"height":1975,"caption":"SEVILLA. 24\/09\/2021. - El diestro Morante de la Puebla en su faena al tercero de su lote durante la corrida celebrada hoy viernes en la plaza de toros de La Maestranza, en Sevilla. EFE\/ Ra\u00fal Caro."},{"@type":"BreadcrumbList","@id":"https:\/\/www.cope.es\/blogs\/a-ras-de-albero\/2021\/11\/05\/el-sentimiento-se-impone-a-la-tecnica-un-cambio-en-el-paradigma-taurino\/#breadcrumb","itemListElement":[{"@type":"ListItem","position":1,"name":"Portada","item":"https:\/\/www.cope.es\/blogs\/a-ras-de-albero\/"},{"@type":"ListItem","position":2,"name":"El sentimiento se impone a la t\u00e9cnica&#8230; \u00bfun cambio en el paradigma taurino?"}]},{"@type":"WebSite","@id":"https:\/\/www.cope.es\/blogs\/a-ras-de-albero\/#website","url":"https:\/\/www.cope.es\/blogs\/a-ras-de-albero\/","name":"A ras de albero","description":"A ras de albero, Blog de toros de COPE","potentialAction":[{"@type":"SearchAction","target":{"@type":"EntryPoint","urlTemplate":"https:\/\/www.cope.es\/blogs\/a-ras-de-albero\/?s={search_term_string}"},"query-input":{"@type":"PropertyValueSpecification","valueRequired":true,"valueName":"search_term_string"}}],"inLanguage":"es"},{"@type":"Person","@id":"https:\/\/www.cope.es\/blogs\/a-ras-de-albero\/#\/schema\/person\/0c23060a463b6aa424cc28d0b070aefc","name":"Sixto Naranjo","image":{"@type":"ImageObject","inLanguage":"es","@id":"https:\/\/secure.gravatar.com\/avatar\/9fd9a3a0723ecceae31a1d8a95ff587d6131237803295f22487f3ae5a4683f4b?s=96&d=mm&r=g","url":"https:\/\/secure.gravatar.com\/avatar\/9fd9a3a0723ecceae31a1d8a95ff587d6131237803295f22487f3ae5a4683f4b?s=96&d=mm&r=g","contentUrl":"https:\/\/secure.gravatar.com\/avatar\/9fd9a3a0723ecceae31a1d8a95ff587d6131237803295f22487f3ae5a4683f4b?s=96&d=mm&r=g","caption":"Sixto Naranjo"},"description":"Aqu\u00ed venimos a hablar de toros. S\u00ed, de toros. Sin complejos ante los ataques que sufre la Tauromaquia pero con esp\u00edritu cr\u00edtico con el sector y ensalzando los valores que encarna este espect\u00e1culo \u00fanico. La Fiesta de los Toros, tan amada por unos y vilipendiada por otros, no deja de ser parte de nuestra cultura y fuente de inspiraci\u00f3n de actualidad, pol\u00e9mica y pasi\u00f3n. Porque los toros, sin son algo, son pasi\u00f3n. En 'A ras de albero' dar\u00e9 una visi\u00f3n m\u00e1s particular de la Fiesta y ser\u00e1 un ap\u00e9ndice de la secci\u00f3n taurina de COPE.es y del programa El Albero. Soy periodista, en la actualidad en el equipo de Herrera en COPE junto al maestro Carlos Herrera, director de El Albero y responsable las retransmisiones taurinas de Telemadrid. Y aqu\u00ed seguimos, dando guerra con los toros...","sameAs":["https:\/\/www.cope.es\/actualidad\/toros","https:\/\/www.facebook.com\/sixtonaranjo","https:\/\/www.instagram.com\/sixtonaranjo","https:\/\/x.com\/sixtonaranjo"],"url":"https:\/\/www.cope.es\/blogs\/a-ras-de-albero\/author\/snaranjo\/"}]}},"amp_enabled":true,"_links":{"self":[{"href":"https:\/\/www.cope.es\/blogs\/a-ras-de-albero\/wp-json\/wp\/v2\/posts\/169","targetHints":{"allow":["GET"]}}],"collection":[{"href":"https:\/\/www.cope.es\/blogs\/a-ras-de-albero\/wp-json\/wp\/v2\/posts"}],"about":[{"href":"https:\/\/www.cope.es\/blogs\/a-ras-de-albero\/wp-json\/wp\/v2\/types\/post"}],"author":[{"embeddable":true,"href":"https:\/\/www.cope.es\/blogs\/a-ras-de-albero\/wp-json\/wp\/v2\/users\/11"}],"replies":[{"embeddable":true,"href":"https:\/\/www.cope.es\/blogs\/a-ras-de-albero\/wp-json\/wp\/v2\/comments?post=169"}],"version-history":[{"count":1,"href":"https:\/\/www.cope.es\/blogs\/a-ras-de-albero\/wp-json\/wp\/v2\/posts\/169\/revisions"}],"predecessor-version":[{"id":171,"href":"https:\/\/www.cope.es\/blogs\/a-ras-de-albero\/wp-json\/wp\/v2\/posts\/169\/revisions\/171"}],"wp:featuredmedia":[{"embeddable":true,"href":"https:\/\/www.cope.es\/blogs\/a-ras-de-albero\/wp-json\/wp\/v2\/media\/170"}],"wp:attachment":[{"href":"https:\/\/www.cope.es\/blogs\/a-ras-de-albero\/wp-json\/wp\/v2\/media?parent=169"}],"wp:term":[{"taxonomy":"category","embeddable":true,"href":"https:\/\/www.cope.es\/blogs\/a-ras-de-albero\/wp-json\/wp\/v2\/categories?post=169"},{"taxonomy":"post_tag","embeddable":true,"href":"https:\/\/www.cope.es\/blogs\/a-ras-de-albero\/wp-json\/wp\/v2\/tags?post=169"}],"curies":[{"name":"wp","href":"https:\/\/api.w.org\/{rel}","templated":true}]}}