{"id":165,"date":"2021-10-21T11:16:01","date_gmt":"2021-10-21T09:16:01","guid":{"rendered":"http:\/\/www.cope.es\/blogs\/a-ras-de-albero\/?p=165"},"modified":"2021-10-21T11:16:01","modified_gmt":"2021-10-21T09:16:01","slug":"la-fundacion-toro-de-lidia-demuestra-que-con-ideas-y-compromiso-hay-futuro","status":"publish","type":"post","link":"https:\/\/www.cope.es\/blogs\/a-ras-de-albero\/2021\/10\/21\/la-fundacion-toro-de-lidia-demuestra-que-con-ideas-y-compromiso-hay-futuro\/","title":{"rendered":"La Fundaci\u00f3n Toro de Lidia demuestra que con ideas y compromiso, hay futuro"},"content":{"rendered":"<p><span style=\"font-family: Arial, sans-serif\"><span style=\"font-size: large\">La temporada taurina 2021 est\u00e1 a un paso de ser ya historia. Historia con may\u00fascula y tambi\u00e9n con min\u00fascula. Una temporada at\u00edpica. Ni tan nefasta como la pasada ni tan buena como al anterior a la pandemia.<\/span><\/span><\/p>\n<p><span style=\"font-family: Arial, sans-serif\"><span style=\"font-size: large\">Dos a\u00f1os de econom\u00eda de guerra en un sector que ha dejado pasar, y van ya muchas, una nueva oportunidad para haber sentado unas bases para apuntalar el andamiaje econ\u00f3mico de este espect\u00e1culo.<\/span><\/span><\/p>\n<p><span style=\"font-family: Arial, sans-serif\"><span style=\"font-size: large\">Pero no, aqu\u00ed nadie se ha movido para nada. Los toreros, las figuras, siguen viviendo ensimismados en su supuesto tir\u00f3n que ni es tir\u00f3n ni es supuesto, porque no llevan a nadie a las plazas&#8230; Los &#8216;no hay billetes&#8217; sobre los aforos permitidos han sido m\u00e1s bien escasos. Y una gran figura como Ponce, se ha ido de esto sin que nadie se acuerde ya de \u00e9l ni se le haya despedido como hubiese merecido. As\u00ed est\u00e1 el tinglado este.<\/span><\/span><\/p>\n<p><span style=\"font-family: Arial, sans-serif\"><span style=\"font-size: large\">Por no hablar de los mayores pecadores. Los empresarios. Os acord\u00e1is de las luchas por algunas plazas como Valencia, por la que nadie dec\u00eda que iba a pujar y finalmente fueron hasta cuatro empresas minti\u00e9ndose entre ellos. Una imagen lamentable que habla de miserias de este sector&#8230;<\/span><\/span><\/p>\n<p><span style=\"font-family: Arial, sans-serif\"><span style=\"font-size: large\">Luego eso s\u00ed, critican lo que ha hecho la Fundaci\u00f3n Toro de Lidia en estos dos a\u00f1os. Que se pod\u00edan haber hecho mejor las cosas? Indudablemente&#8230; Pero los distintos circuitos de corridas de toros, novilladas con y sin picadores y la lucha para reivindicar el estatus de la Fiesta con las distintas administraciones es un trabajo digno de alabar. <\/span><\/span><\/p>\n<p><span style=\"font-family: Arial, sans-serif\"><span style=\"font-size: large\">La Fundaci\u00f3n ha sacado los colores al haber podido demostrar que con ideas y buscando un compromiso, hay futuro. <\/span><\/span><\/p>\n<p><span style=\"font-family: Arial, sans-serif\"><span style=\"font-size: large\">Queda mucho por hacer. Queda mucho por pulir. Queda mucho por apostar&#8230; pero el futuro pasa por trabajar mucho y entorpecer menos.<\/span><\/span><\/p>\n","protected":false},"excerpt":{"rendered":"<p>La temporada taurina 2021 est\u00e1 a un paso de ser ya historia. Historia con may\u00fascula y tambi\u00e9n con min\u00fascula. Una temporada at\u00edpica. Ni tan nefasta como la pasada ni tan buena como al anterior a la pandemia. Dos a\u00f1os de econom\u00eda de guerra en un sector que ha dejado pasar, y van ya muchas, una [&hellip;]<\/p>\n","protected":false},"author":11,"featured_media":166,"comment_status":"open","ping_status":"open","sticky":false,"template":"","format":"standard","meta":{"footnotes":""},"categories":[3],"tags":[57,6],"class_list":["post-165","post","type-post","status-publish","format-standard","has-post-thumbnail","hentry","category-toros","tag-fundacion-toro-de-lidia","tag-toros"],"yoast_head":"<!-- This site is optimized with the Yoast SEO plugin v27.4 - https:\/\/yoast.com\/product\/yoast-seo-wordpress\/ -->\n<title>La Fundaci\u00f3n Toro de Lidia demuestra que con ideas y compromiso, hay futuro - A ras de albero<\/title>\n<meta name=\"robots\" content=\"index, follow, max-snippet:-1, max-image-preview:large, max-video-preview:-1\" \/>\n<link rel=\"canonical\" href=\"https:\/\/www.cope.es\/blogs\/a-ras-de-albero\/2021\/10\/21\/la-fundacion-toro-de-lidia-demuestra-que-con-ideas-y-compromiso-hay-futuro\/\" \/>\n<meta property=\"og:locale\" content=\"es_ES\" \/>\n<meta property=\"og:type\" content=\"article\" \/>\n<meta property=\"og:title\" content=\"La Fundaci\u00f3n Toro de Lidia demuestra que con ideas y compromiso, hay futuro - A ras de albero\" \/>\n<meta property=\"og:description\" content=\"La temporada taurina 2021 est\u00e1 a un paso de ser ya historia. Historia con may\u00fascula y tambi\u00e9n con min\u00fascula. Una temporada at\u00edpica. Ni tan nefasta como la pasada ni tan buena como al anterior a la pandemia. Dos a\u00f1os de econom\u00eda de guerra en un sector que ha dejado pasar, y van ya muchas, una [&hellip;]\" \/>\n<meta property=\"og:url\" content=\"https:\/\/www.cope.es\/blogs\/a-ras-de-albero\/2021\/10\/21\/la-fundacion-toro-de-lidia-demuestra-que-con-ideas-y-compromiso-hay-futuro\/\" \/>\n<meta property=\"og:site_name\" content=\"A ras de albero\" \/>\n<meta property=\"article:publisher\" content=\"https:\/\/www.facebook.com\/cope\/\" \/>\n<meta property=\"article:author\" content=\"https:\/\/www.facebook.com\/sixtonaranjo\" \/>\n<meta property=\"article:published_time\" content=\"2021-10-21T09:16:01+00:00\" \/>\n<meta property=\"og:image\" content=\"https:\/\/www.cope.es\/blogs\/a-ras-de-albero\/wp-content\/uploads\/sites\/11\/2021\/10\/WhatsApp-Image-2021-10-20-at-17.11.42.jpg\" \/>\n\t<meta property=\"og:image:width\" content=\"2048\" \/>\n\t<meta property=\"og:image:height\" content=\"1158\" \/>\n\t<meta property=\"og:image:type\" content=\"image\/jpeg\" \/>\n<meta name=\"author\" content=\"Sixto Naranjo\" \/>\n<meta name=\"twitter:card\" content=\"summary_large_image\" \/>\n<meta name=\"twitter:creator\" content=\"@sixtonaranjo\" \/>\n<meta name=\"twitter:site\" content=\"@cope_es\" \/>\n<meta name=\"twitter:label1\" content=\"Escrito por\" \/>\n\t<meta name=\"twitter:data1\" content=\"Sixto Naranjo\" \/>\n\t<meta name=\"twitter:label2\" content=\"Tiempo de lectura\" \/>\n\t<meta name=\"twitter:data2\" content=\"2 minutos\" \/>\n<script type=\"application\/ld+json\" class=\"yoast-schema-graph\">{\"@context\":\"https:\\\/\\\/schema.org\",\"@graph\":[{\"@type\":\"Article\",\"@id\":\"https:\\\/\\\/www.cope.es\\\/blogs\\\/a-ras-de-albero\\\/2021\\\/10\\\/21\\\/la-fundacion-toro-de-lidia-demuestra-que-con-ideas-y-compromiso-hay-futuro\\\/#article\",\"isPartOf\":{\"@id\":\"https:\\\/\\\/www.cope.es\\\/blogs\\\/a-ras-de-albero\\\/2021\\\/10\\\/21\\\/la-fundacion-toro-de-lidia-demuestra-que-con-ideas-y-compromiso-hay-futuro\\\/\"},\"author\":{\"name\":\"Sixto Naranjo\",\"@id\":\"https:\\\/\\\/www.cope.es\\\/blogs\\\/a-ras-de-albero\\\/#\\\/schema\\\/person\\\/0c23060a463b6aa424cc28d0b070aefc\"},\"headline\":\"La Fundaci\u00f3n Toro de Lidia demuestra que con ideas y compromiso, hay futuro\",\"datePublished\":\"2021-10-21T09:16:01+00:00\",\"mainEntityOfPage\":{\"@id\":\"https:\\\/\\\/www.cope.es\\\/blogs\\\/a-ras-de-albero\\\/2021\\\/10\\\/21\\\/la-fundacion-toro-de-lidia-demuestra-que-con-ideas-y-compromiso-hay-futuro\\\/\"},\"wordCount\":328,\"commentCount\":0,\"image\":{\"@id\":\"https:\\\/\\\/www.cope.es\\\/blogs\\\/a-ras-de-albero\\\/2021\\\/10\\\/21\\\/la-fundacion-toro-de-lidia-demuestra-que-con-ideas-y-compromiso-hay-futuro\\\/#primaryimage\"},\"thumbnailUrl\":\"https:\\\/\\\/www.cope.es\\\/blogs\\\/a-ras-de-albero\\\/wp-content\\\/uploads\\\/sites\\\/11\\\/2021\\\/10\\\/WhatsApp-Image-2021-10-20-at-17.11.42.jpg\",\"keywords\":[\"Fundaci\u00f3n Toro de Lidia\",\"toros\"],\"articleSection\":[\"TOROS\"],\"inLanguage\":\"es\",\"potentialAction\":[{\"@type\":\"CommentAction\",\"name\":\"Comment\",\"target\":[\"https:\\\/\\\/www.cope.es\\\/blogs\\\/a-ras-de-albero\\\/2021\\\/10\\\/21\\\/la-fundacion-toro-de-lidia-demuestra-que-con-ideas-y-compromiso-hay-futuro\\\/#respond\"]}]},{\"@type\":\"WebPage\",\"@id\":\"https:\\\/\\\/www.cope.es\\\/blogs\\\/a-ras-de-albero\\\/2021\\\/10\\\/21\\\/la-fundacion-toro-de-lidia-demuestra-que-con-ideas-y-compromiso-hay-futuro\\\/\",\"url\":\"https:\\\/\\\/www.cope.es\\\/blogs\\\/a-ras-de-albero\\\/2021\\\/10\\\/21\\\/la-fundacion-toro-de-lidia-demuestra-que-con-ideas-y-compromiso-hay-futuro\\\/\",\"name\":\"La Fundaci\u00f3n Toro de Lidia demuestra que con ideas y compromiso, hay futuro - A ras de albero\",\"isPartOf\":{\"@id\":\"https:\\\/\\\/www.cope.es\\\/blogs\\\/a-ras-de-albero\\\/#website\"},\"primaryImageOfPage\":{\"@id\":\"https:\\\/\\\/www.cope.es\\\/blogs\\\/a-ras-de-albero\\\/2021\\\/10\\\/21\\\/la-fundacion-toro-de-lidia-demuestra-que-con-ideas-y-compromiso-hay-futuro\\\/#primaryimage\"},\"image\":{\"@id\":\"https:\\\/\\\/www.cope.es\\\/blogs\\\/a-ras-de-albero\\\/2021\\\/10\\\/21\\\/la-fundacion-toro-de-lidia-demuestra-que-con-ideas-y-compromiso-hay-futuro\\\/#primaryimage\"},\"thumbnailUrl\":\"https:\\\/\\\/www.cope.es\\\/blogs\\\/a-ras-de-albero\\\/wp-content\\\/uploads\\\/sites\\\/11\\\/2021\\\/10\\\/WhatsApp-Image-2021-10-20-at-17.11.42.jpg\",\"datePublished\":\"2021-10-21T09:16:01+00:00\",\"author\":{\"@id\":\"https:\\\/\\\/www.cope.es\\\/blogs\\\/a-ras-de-albero\\\/#\\\/schema\\\/person\\\/0c23060a463b6aa424cc28d0b070aefc\"},\"breadcrumb\":{\"@id\":\"https:\\\/\\\/www.cope.es\\\/blogs\\\/a-ras-de-albero\\\/2021\\\/10\\\/21\\\/la-fundacion-toro-de-lidia-demuestra-que-con-ideas-y-compromiso-hay-futuro\\\/#breadcrumb\"},\"inLanguage\":\"es\",\"potentialAction\":[{\"@type\":\"ReadAction\",\"target\":[\"https:\\\/\\\/www.cope.es\\\/blogs\\\/a-ras-de-albero\\\/2021\\\/10\\\/21\\\/la-fundacion-toro-de-lidia-demuestra-que-con-ideas-y-compromiso-hay-futuro\\\/\"]}]},{\"@type\":\"ImageObject\",\"inLanguage\":\"es\",\"@id\":\"https:\\\/\\\/www.cope.es\\\/blogs\\\/a-ras-de-albero\\\/2021\\\/10\\\/21\\\/la-fundacion-toro-de-lidia-demuestra-que-con-ideas-y-compromiso-hay-futuro\\\/#primaryimage\",\"url\":\"https:\\\/\\\/www.cope.es\\\/blogs\\\/a-ras-de-albero\\\/wp-content\\\/uploads\\\/sites\\\/11\\\/2021\\\/10\\\/WhatsApp-Image-2021-10-20-at-17.11.42.jpg\",\"contentUrl\":\"https:\\\/\\\/www.cope.es\\\/blogs\\\/a-ras-de-albero\\\/wp-content\\\/uploads\\\/sites\\\/11\\\/2021\\\/10\\\/WhatsApp-Image-2021-10-20-at-17.11.42.jpg\",\"width\":2048,\"height\":1158,\"caption\":\"Borja Cardel\u00fas durante su visita a El Albero de COPE.es\"},{\"@type\":\"BreadcrumbList\",\"@id\":\"https:\\\/\\\/www.cope.es\\\/blogs\\\/a-ras-de-albero\\\/2021\\\/10\\\/21\\\/la-fundacion-toro-de-lidia-demuestra-que-con-ideas-y-compromiso-hay-futuro\\\/#breadcrumb\",\"itemListElement\":[{\"@type\":\"ListItem\",\"position\":1,\"name\":\"Portada\",\"item\":\"https:\\\/\\\/www.cope.es\\\/blogs\\\/a-ras-de-albero\\\/\"},{\"@type\":\"ListItem\",\"position\":2,\"name\":\"La Fundaci\u00f3n Toro de Lidia demuestra que con ideas y compromiso, hay futuro\"}]},{\"@type\":\"WebSite\",\"@id\":\"https:\\\/\\\/www.cope.es\\\/blogs\\\/a-ras-de-albero\\\/#website\",\"url\":\"https:\\\/\\\/www.cope.es\\\/blogs\\\/a-ras-de-albero\\\/\",\"name\":\"A ras de albero\",\"description\":\"A ras de albero, Blog de toros de COPE\",\"potentialAction\":[{\"@type\":\"SearchAction\",\"target\":{\"@type\":\"EntryPoint\",\"urlTemplate\":\"https:\\\/\\\/www.cope.es\\\/blogs\\\/a-ras-de-albero\\\/?s={search_term_string}\"},\"query-input\":{\"@type\":\"PropertyValueSpecification\",\"valueRequired\":true,\"valueName\":\"search_term_string\"}}],\"inLanguage\":\"es\"},{\"@type\":\"Person\",\"@id\":\"https:\\\/\\\/www.cope.es\\\/blogs\\\/a-ras-de-albero\\\/#\\\/schema\\\/person\\\/0c23060a463b6aa424cc28d0b070aefc\",\"name\":\"Sixto Naranjo\",\"image\":{\"@type\":\"ImageObject\",\"inLanguage\":\"es\",\"@id\":\"https:\\\/\\\/secure.gravatar.com\\\/avatar\\\/9fd9a3a0723ecceae31a1d8a95ff587d6131237803295f22487f3ae5a4683f4b?s=96&d=mm&r=g\",\"url\":\"https:\\\/\\\/secure.gravatar.com\\\/avatar\\\/9fd9a3a0723ecceae31a1d8a95ff587d6131237803295f22487f3ae5a4683f4b?s=96&d=mm&r=g\",\"contentUrl\":\"https:\\\/\\\/secure.gravatar.com\\\/avatar\\\/9fd9a3a0723ecceae31a1d8a95ff587d6131237803295f22487f3ae5a4683f4b?s=96&d=mm&r=g\",\"caption\":\"Sixto Naranjo\"},\"description\":\"Aqu\u00ed venimos a hablar de toros. S\u00ed, de toros. Sin complejos ante los ataques que sufre la Tauromaquia pero con esp\u00edritu cr\u00edtico con el sector y ensalzando los valores que encarna este espect\u00e1culo \u00fanico. La Fiesta de los Toros, tan amada por unos y vilipendiada por otros, no deja de ser parte de nuestra cultura y fuente de inspiraci\u00f3n de actualidad, pol\u00e9mica y pasi\u00f3n. Porque los toros, sin son algo, son pasi\u00f3n. En 'A ras de albero' dar\u00e9 una visi\u00f3n m\u00e1s particular de la Fiesta y ser\u00e1 un ap\u00e9ndice de la secci\u00f3n taurina de COPE.es y del programa El Albero. Soy periodista, en la actualidad en el equipo de Herrera en COPE junto al maestro Carlos Herrera, director de El Albero y responsable las retransmisiones taurinas de Telemadrid. Y aqu\u00ed seguimos, dando guerra con los toros...\",\"sameAs\":[\"https:\\\/\\\/www.cope.es\\\/actualidad\\\/toros\",\"https:\\\/\\\/www.facebook.com\\\/sixtonaranjo\",\"https:\\\/\\\/www.instagram.com\\\/sixtonaranjo\",\"https:\\\/\\\/x.com\\\/sixtonaranjo\"],\"url\":\"https:\\\/\\\/www.cope.es\\\/blogs\\\/a-ras-de-albero\\\/author\\\/snaranjo\\\/\"}]}<\/script>\n<!-- \/ Yoast SEO plugin. -->","yoast_head_json":{"title":"La Fundaci\u00f3n Toro de Lidia demuestra que con ideas y compromiso, hay futuro - A ras de albero","robots":{"index":"index","follow":"follow","max-snippet":"max-snippet:-1","max-image-preview":"max-image-preview:large","max-video-preview":"max-video-preview:-1"},"canonical":"https:\/\/www.cope.es\/blogs\/a-ras-de-albero\/2021\/10\/21\/la-fundacion-toro-de-lidia-demuestra-que-con-ideas-y-compromiso-hay-futuro\/","og_locale":"es_ES","og_type":"article","og_title":"La Fundaci\u00f3n Toro de Lidia demuestra que con ideas y compromiso, hay futuro - A ras de albero","og_description":"La temporada taurina 2021 est\u00e1 a un paso de ser ya historia. Historia con may\u00fascula y tambi\u00e9n con min\u00fascula. Una temporada at\u00edpica. Ni tan nefasta como la pasada ni tan buena como al anterior a la pandemia. Dos a\u00f1os de econom\u00eda de guerra en un sector que ha dejado pasar, y van ya muchas, una [&hellip;]","og_url":"https:\/\/www.cope.es\/blogs\/a-ras-de-albero\/2021\/10\/21\/la-fundacion-toro-de-lidia-demuestra-que-con-ideas-y-compromiso-hay-futuro\/","og_site_name":"A ras de albero","article_publisher":"https:\/\/www.facebook.com\/cope\/","article_author":"https:\/\/www.facebook.com\/sixtonaranjo","article_published_time":"2021-10-21T09:16:01+00:00","og_image":[{"width":2048,"height":1158,"url":"https:\/\/www.cope.es\/blogs\/a-ras-de-albero\/wp-content\/uploads\/sites\/11\/2021\/10\/WhatsApp-Image-2021-10-20-at-17.11.42.jpg","type":"image\/jpeg"}],"author":"Sixto Naranjo","twitter_card":"summary_large_image","twitter_creator":"@sixtonaranjo","twitter_site":"@cope_es","twitter_misc":{"Escrito por":"Sixto Naranjo","Tiempo de lectura":"2 minutos"},"schema":{"@context":"https:\/\/schema.org","@graph":[{"@type":"Article","@id":"https:\/\/www.cope.es\/blogs\/a-ras-de-albero\/2021\/10\/21\/la-fundacion-toro-de-lidia-demuestra-que-con-ideas-y-compromiso-hay-futuro\/#article","isPartOf":{"@id":"https:\/\/www.cope.es\/blogs\/a-ras-de-albero\/2021\/10\/21\/la-fundacion-toro-de-lidia-demuestra-que-con-ideas-y-compromiso-hay-futuro\/"},"author":{"name":"Sixto Naranjo","@id":"https:\/\/www.cope.es\/blogs\/a-ras-de-albero\/#\/schema\/person\/0c23060a463b6aa424cc28d0b070aefc"},"headline":"La Fundaci\u00f3n Toro de Lidia demuestra que con ideas y compromiso, hay futuro","datePublished":"2021-10-21T09:16:01+00:00","mainEntityOfPage":{"@id":"https:\/\/www.cope.es\/blogs\/a-ras-de-albero\/2021\/10\/21\/la-fundacion-toro-de-lidia-demuestra-que-con-ideas-y-compromiso-hay-futuro\/"},"wordCount":328,"commentCount":0,"image":{"@id":"https:\/\/www.cope.es\/blogs\/a-ras-de-albero\/2021\/10\/21\/la-fundacion-toro-de-lidia-demuestra-que-con-ideas-y-compromiso-hay-futuro\/#primaryimage"},"thumbnailUrl":"https:\/\/www.cope.es\/blogs\/a-ras-de-albero\/wp-content\/uploads\/sites\/11\/2021\/10\/WhatsApp-Image-2021-10-20-at-17.11.42.jpg","keywords":["Fundaci\u00f3n Toro de Lidia","toros"],"articleSection":["TOROS"],"inLanguage":"es","potentialAction":[{"@type":"CommentAction","name":"Comment","target":["https:\/\/www.cope.es\/blogs\/a-ras-de-albero\/2021\/10\/21\/la-fundacion-toro-de-lidia-demuestra-que-con-ideas-y-compromiso-hay-futuro\/#respond"]}]},{"@type":"WebPage","@id":"https:\/\/www.cope.es\/blogs\/a-ras-de-albero\/2021\/10\/21\/la-fundacion-toro-de-lidia-demuestra-que-con-ideas-y-compromiso-hay-futuro\/","url":"https:\/\/www.cope.es\/blogs\/a-ras-de-albero\/2021\/10\/21\/la-fundacion-toro-de-lidia-demuestra-que-con-ideas-y-compromiso-hay-futuro\/","name":"La Fundaci\u00f3n Toro de Lidia demuestra que con ideas y compromiso, hay futuro - A ras de albero","isPartOf":{"@id":"https:\/\/www.cope.es\/blogs\/a-ras-de-albero\/#website"},"primaryImageOfPage":{"@id":"https:\/\/www.cope.es\/blogs\/a-ras-de-albero\/2021\/10\/21\/la-fundacion-toro-de-lidia-demuestra-que-con-ideas-y-compromiso-hay-futuro\/#primaryimage"},"image":{"@id":"https:\/\/www.cope.es\/blogs\/a-ras-de-albero\/2021\/10\/21\/la-fundacion-toro-de-lidia-demuestra-que-con-ideas-y-compromiso-hay-futuro\/#primaryimage"},"thumbnailUrl":"https:\/\/www.cope.es\/blogs\/a-ras-de-albero\/wp-content\/uploads\/sites\/11\/2021\/10\/WhatsApp-Image-2021-10-20-at-17.11.42.jpg","datePublished":"2021-10-21T09:16:01+00:00","author":{"@id":"https:\/\/www.cope.es\/blogs\/a-ras-de-albero\/#\/schema\/person\/0c23060a463b6aa424cc28d0b070aefc"},"breadcrumb":{"@id":"https:\/\/www.cope.es\/blogs\/a-ras-de-albero\/2021\/10\/21\/la-fundacion-toro-de-lidia-demuestra-que-con-ideas-y-compromiso-hay-futuro\/#breadcrumb"},"inLanguage":"es","potentialAction":[{"@type":"ReadAction","target":["https:\/\/www.cope.es\/blogs\/a-ras-de-albero\/2021\/10\/21\/la-fundacion-toro-de-lidia-demuestra-que-con-ideas-y-compromiso-hay-futuro\/"]}]},{"@type":"ImageObject","inLanguage":"es","@id":"https:\/\/www.cope.es\/blogs\/a-ras-de-albero\/2021\/10\/21\/la-fundacion-toro-de-lidia-demuestra-que-con-ideas-y-compromiso-hay-futuro\/#primaryimage","url":"https:\/\/www.cope.es\/blogs\/a-ras-de-albero\/wp-content\/uploads\/sites\/11\/2021\/10\/WhatsApp-Image-2021-10-20-at-17.11.42.jpg","contentUrl":"https:\/\/www.cope.es\/blogs\/a-ras-de-albero\/wp-content\/uploads\/sites\/11\/2021\/10\/WhatsApp-Image-2021-10-20-at-17.11.42.jpg","width":2048,"height":1158,"caption":"Borja Cardel\u00fas durante su visita a El Albero de COPE.es"},{"@type":"BreadcrumbList","@id":"https:\/\/www.cope.es\/blogs\/a-ras-de-albero\/2021\/10\/21\/la-fundacion-toro-de-lidia-demuestra-que-con-ideas-y-compromiso-hay-futuro\/#breadcrumb","itemListElement":[{"@type":"ListItem","position":1,"name":"Portada","item":"https:\/\/www.cope.es\/blogs\/a-ras-de-albero\/"},{"@type":"ListItem","position":2,"name":"La Fundaci\u00f3n Toro de Lidia demuestra que con ideas y compromiso, hay futuro"}]},{"@type":"WebSite","@id":"https:\/\/www.cope.es\/blogs\/a-ras-de-albero\/#website","url":"https:\/\/www.cope.es\/blogs\/a-ras-de-albero\/","name":"A ras de albero","description":"A ras de albero, Blog de toros de COPE","potentialAction":[{"@type":"SearchAction","target":{"@type":"EntryPoint","urlTemplate":"https:\/\/www.cope.es\/blogs\/a-ras-de-albero\/?s={search_term_string}"},"query-input":{"@type":"PropertyValueSpecification","valueRequired":true,"valueName":"search_term_string"}}],"inLanguage":"es"},{"@type":"Person","@id":"https:\/\/www.cope.es\/blogs\/a-ras-de-albero\/#\/schema\/person\/0c23060a463b6aa424cc28d0b070aefc","name":"Sixto Naranjo","image":{"@type":"ImageObject","inLanguage":"es","@id":"https:\/\/secure.gravatar.com\/avatar\/9fd9a3a0723ecceae31a1d8a95ff587d6131237803295f22487f3ae5a4683f4b?s=96&d=mm&r=g","url":"https:\/\/secure.gravatar.com\/avatar\/9fd9a3a0723ecceae31a1d8a95ff587d6131237803295f22487f3ae5a4683f4b?s=96&d=mm&r=g","contentUrl":"https:\/\/secure.gravatar.com\/avatar\/9fd9a3a0723ecceae31a1d8a95ff587d6131237803295f22487f3ae5a4683f4b?s=96&d=mm&r=g","caption":"Sixto Naranjo"},"description":"Aqu\u00ed venimos a hablar de toros. S\u00ed, de toros. Sin complejos ante los ataques que sufre la Tauromaquia pero con esp\u00edritu cr\u00edtico con el sector y ensalzando los valores que encarna este espect\u00e1culo \u00fanico. La Fiesta de los Toros, tan amada por unos y vilipendiada por otros, no deja de ser parte de nuestra cultura y fuente de inspiraci\u00f3n de actualidad, pol\u00e9mica y pasi\u00f3n. Porque los toros, sin son algo, son pasi\u00f3n. En 'A ras de albero' dar\u00e9 una visi\u00f3n m\u00e1s particular de la Fiesta y ser\u00e1 un ap\u00e9ndice de la secci\u00f3n taurina de COPE.es y del programa El Albero. Soy periodista, en la actualidad en el equipo de Herrera en COPE junto al maestro Carlos Herrera, director de El Albero y responsable las retransmisiones taurinas de Telemadrid. Y aqu\u00ed seguimos, dando guerra con los toros...","sameAs":["https:\/\/www.cope.es\/actualidad\/toros","https:\/\/www.facebook.com\/sixtonaranjo","https:\/\/www.instagram.com\/sixtonaranjo","https:\/\/x.com\/sixtonaranjo"],"url":"https:\/\/www.cope.es\/blogs\/a-ras-de-albero\/author\/snaranjo\/"}]}},"amp_enabled":true,"_links":{"self":[{"href":"https:\/\/www.cope.es\/blogs\/a-ras-de-albero\/wp-json\/wp\/v2\/posts\/165","targetHints":{"allow":["GET"]}}],"collection":[{"href":"https:\/\/www.cope.es\/blogs\/a-ras-de-albero\/wp-json\/wp\/v2\/posts"}],"about":[{"href":"https:\/\/www.cope.es\/blogs\/a-ras-de-albero\/wp-json\/wp\/v2\/types\/post"}],"author":[{"embeddable":true,"href":"https:\/\/www.cope.es\/blogs\/a-ras-de-albero\/wp-json\/wp\/v2\/users\/11"}],"replies":[{"embeddable":true,"href":"https:\/\/www.cope.es\/blogs\/a-ras-de-albero\/wp-json\/wp\/v2\/comments?post=165"}],"version-history":[{"count":1,"href":"https:\/\/www.cope.es\/blogs\/a-ras-de-albero\/wp-json\/wp\/v2\/posts\/165\/revisions"}],"predecessor-version":[{"id":167,"href":"https:\/\/www.cope.es\/blogs\/a-ras-de-albero\/wp-json\/wp\/v2\/posts\/165\/revisions\/167"}],"wp:featuredmedia":[{"embeddable":true,"href":"https:\/\/www.cope.es\/blogs\/a-ras-de-albero\/wp-json\/wp\/v2\/media\/166"}],"wp:attachment":[{"href":"https:\/\/www.cope.es\/blogs\/a-ras-de-albero\/wp-json\/wp\/v2\/media?parent=165"}],"wp:term":[{"taxonomy":"category","embeddable":true,"href":"https:\/\/www.cope.es\/blogs\/a-ras-de-albero\/wp-json\/wp\/v2\/categories?post=165"},{"taxonomy":"post_tag","embeddable":true,"href":"https:\/\/www.cope.es\/blogs\/a-ras-de-albero\/wp-json\/wp\/v2\/tags?post=165"}],"curies":[{"name":"wp","href":"https:\/\/api.w.org\/{rel}","templated":true}]}}